{"id":207403,"date":"2019-07-08T08:54:15","date_gmt":"2019-07-08T11:54:15","guid":{"rendered":"https:\/\/franciscanos.org.br\/noticias\/?p=207403"},"modified":"2020-08-24T14:33:08","modified_gmt":"2020-08-24T17:33:08","slug":"papa-os-migrantes-sao-o-simbolo-de-todos-os-descartados-da-sociedade-globalizada","status":"publish","type":"post","link":"https:\/\/franciscanos.org.br\/noticias\/papa-os-migrantes-sao-o-simbolo-de-todos-os-descartados-da-sociedade-globalizada.html","title":{"rendered":"Papa: Os migrantes s\u00e3o o s\u00edmbolo de todos os descartados da sociedade globalizada"},"content":{"rendered":"<div id=\"attachment_207404\" style=\"width: 900px\" class=\"wp-caption alignnone\"><img aria-describedby=\"caption-attachment-207404\" loading=\"lazy\" class=\"wp-image-207404 size-full\" src=\"https:\/\/franciscanos.org.br\/noticias\/wp-content\/uploads\/2019\/07\/papa_080719_1.jpg\" alt=\"\" width=\"890\" height=\"593\" srcset=\"https:\/\/franciscanos.org.br\/noticias\/wp-content\/uploads\/2019\/07\/papa_080719_1.jpg 890w, https:\/\/franciscanos.org.br\/noticias\/wp-content\/uploads\/2019\/07\/papa_080719_1-450x300.jpg 450w, https:\/\/franciscanos.org.br\/noticias\/wp-content\/uploads\/2019\/07\/papa_080719_1-768x512.jpg 768w, https:\/\/franciscanos.org.br\/noticias\/wp-content\/uploads\/2019\/07\/papa_080719_1-150x100.jpg 150w\" sizes=\"(max-width: 890px) 100vw, 890px\" \/><p id=\"caption-attachment-207404\" class=\"wp-caption-text\"><em>\u00a0Imagem: Vatican Media<\/em><\/p><\/div>\n<p><strong>Cidade do Vaticano<\/strong> &#8211; \u201cOs migrantes s\u00e3o hoje o s\u00edmbolo de todos os descartados da sociedade globalizada\u201d. Palavras do Papa Francisco ao presidir na manh\u00e3 desta segunda-feira (08\/07), na Bas\u00edlica Vaticana, \u00e0 celebra\u00e7\u00e3o eucar\u00edstica para recordar os seis anos de sua visita a Lampedusa.<\/p>\n<p>A ilha ao sul da It\u00e1lia foi a meta, exatamente em 8 de julho de 2013, da primeira viagem do Pont\u00edfice. Naquele ano, os desembarques de migrantes eram quase di\u00e1rios. Meses depois, em 3 de outubro, ocorreria a maior trag\u00e9dia registrada nas imedia\u00e7\u00f5es: num naufr\u00e1gio de uma embarca\u00e7\u00e3o l\u00edbica, perderam a vida 368 pessoas.<\/p>\n<p><img loading=\"lazy\" class=\"alignnone size-full wp-image-207406\" src=\"https:\/\/franciscanos.org.br\/noticias\/wp-content\/uploads\/2019\/07\/papa_080719_3.jpg\" alt=\"\" width=\"890\" height=\"501\" srcset=\"https:\/\/franciscanos.org.br\/noticias\/wp-content\/uploads\/2019\/07\/papa_080719_3.jpg 890w, https:\/\/franciscanos.org.br\/noticias\/wp-content\/uploads\/2019\/07\/papa_080719_3-450x253.jpg 450w, https:\/\/franciscanos.org.br\/noticias\/wp-content\/uploads\/2019\/07\/papa_080719_3-768x432.jpg 768w, https:\/\/franciscanos.org.br\/noticias\/wp-content\/uploads\/2019\/07\/papa_080719_3-150x84.jpg 150w\" sizes=\"(max-width: 890px) 100vw, 890px\" \/><\/p>\n<p><strong>&#8220;Penso nos \u00faltimos&#8221;<\/strong><br \/>\n\u201cN\u00e3o se trata apenas de migrantes, mas de pessoas humanas\u201d, refor\u00e7ou hoje o Papa em sua homilia na missa celebrada para um restrito grupo de pessoas, cerca de 250, convidadas pelo Dicast\u00e9rio para o Desenvolvimento Humano Integral. A iniciativa do Papa \u00e9 sem precedentes no Vaticano. Como se sabe, o Papa reservou o direito de presidir diretamente esta se\u00e7\u00e3o da C\u00faria Romana (outro evento sem precedentes). Mas a coisa extraordin\u00e1ria que deve ser imediatamente ressaltada \u00e9 que a Missa presidida por Francisco aconteu em S\u00e3o Pedro, no Altar da C\u00e1tedra, o Altar central da Bas\u00edlica constru\u00edda sobre a Tumba daquele que foi escolhido pelo pr\u00f3prio Cristo como \u201cpedra\u201d sobre a qual edificar a sua igreja.<\/p>\n<p>Neste sexto anivers\u00e1rio da visita a Lampedusa, disse Francisco, \u201cpenso nos \u2018\u00faltimos\u2019 que diariamente clamam ao Senhor, pedindo para ser libertados dos males que os afligem\u201d.<\/p>\n<p><img loading=\"lazy\" class=\"alignnone size-full wp-image-207407\" src=\"https:\/\/franciscanos.org.br\/noticias\/wp-content\/uploads\/2019\/07\/papa_080719.jpg\" alt=\"\" width=\"890\" height=\"501\" srcset=\"https:\/\/franciscanos.org.br\/noticias\/wp-content\/uploads\/2019\/07\/papa_080719.jpg 890w, https:\/\/franciscanos.org.br\/noticias\/wp-content\/uploads\/2019\/07\/papa_080719-450x253.jpg 450w, https:\/\/franciscanos.org.br\/noticias\/wp-content\/uploads\/2019\/07\/papa_080719-768x432.jpg 768w, https:\/\/franciscanos.org.br\/noticias\/wp-content\/uploads\/2019\/07\/papa_080719-150x84.jpg 150w\" sizes=\"(max-width: 890px) 100vw, 890px\" \/><\/p>\n<p>\u201cS\u00e3o os \u00faltimos enganados e abandonados a morrer no deserto; s\u00e3o os \u00faltimos torturados, abusados e violentados nos campos de deten\u00e7\u00e3o; s\u00e3o os \u00faltimos que desafiam as ondas de um mar impiedoso; s\u00e3o os \u00faltimos deixados em acampamentos de acolhimento\u201d.<\/p>\n<p>Estes s\u00e3o apenas alguns dos \u00faltimos que Jesus nos pede para amar e levantar. Infelizmente, prosseguiu o Papa, as periferias existenciais das cidades est\u00e3o densamente povoadas de pessoas que foram descartadas, marginalizadas, oprimidas, discriminadas, abusadas, exploradas, abandonadas, de pessoas pobres e sofredoras.<\/p>\n<p><strong>Pessoas, n\u00e3o apenas migrantes<\/strong><br \/>\nNo esp\u00edrito das Bem-aventuran\u00e7as, portanto, somos chamados a acudir misericordiosamente \u00e0s suas afli\u00e7\u00f5es; saciar a sua fome e sede de justi\u00e7a; fazer-lhes sentir a sol\u00edcita paternidade de Deus.<\/p>\n<p>\u201cS\u00e3o pessoas; n\u00e3o se trata apenas de quest\u00f5es sociais ou migrat\u00f3rias! \u2018N\u00e3o se trata apenas de migrantes!\u2019\u201d, repetiu Francisco, que \u00e9 o tema do 105\u00ba Dia Mundial do Migrante e do Refugiado (DMMR), que ser\u00e1 celebrado em 29 de setembro pr\u00f3ximo. \u201cOs migrantes s\u00e3o, antes de mais nada, pessoas humanas e que, hoje, s\u00e3o o s\u00edmbolo de todos os descartados da sociedade globalizada.\u201d<\/p>\n<p><img loading=\"lazy\" class=\"alignnone size-full wp-image-207408\" src=\"https:\/\/franciscanos.org.br\/noticias\/wp-content\/uploads\/2019\/07\/papa_080719_2.jpg\" alt=\"\" width=\"890\" height=\"593\" srcset=\"https:\/\/franciscanos.org.br\/noticias\/wp-content\/uploads\/2019\/07\/papa_080719_2.jpg 890w, https:\/\/franciscanos.org.br\/noticias\/wp-content\/uploads\/2019\/07\/papa_080719_2-450x300.jpg 450w, https:\/\/franciscanos.org.br\/noticias\/wp-content\/uploads\/2019\/07\/papa_080719_2-768x512.jpg 768w, https:\/\/franciscanos.org.br\/noticias\/wp-content\/uploads\/2019\/07\/papa_080719_2-150x100.jpg 150w\" sizes=\"(max-width: 890px) 100vw, 890px\" \/><\/p>\n<p>Neste contexto, o Papa prop\u00f4s a imagem da escada de Jacob, proposta na primeira leitura da liturgia de hoje.<\/p>\n<p>Em Jesus Cristo, explicou, est\u00e1 assegurada e \u00e9 acess\u00edvel a todos a liga\u00e7\u00e3o entre a terra e o C\u00e9u. Mas subir os degraus desta escada requer empenho, esfor\u00e7o e gra\u00e7a. Os mais fr\u00e1geis e vulner\u00e1veis devem ser ajudados.<\/p>\n<p>\u201cApraz-me pensar que poder\u00edamos ser, n\u00f3s, aqueles anjos que sobem e descem, pegando ao colo os pequenos, os coxos, os doentes, os exclu\u00eddos: os \u00faltimos, que caso contr\u00e1rio ficariam para tr\u00e1s e veriam apenas as mis\u00e9rias da terra, sem vislumbrar j\u00e1 desde agora algum clar\u00e3o do C\u00e9u.\u201d<\/p>\n<p>Trata-se de uma grande responsabilidade, da qual ningu\u00e9m se pode eximir, advertiu o Pont\u00edfice.<\/p>\n<p>O Papa concluiu sua homilia agradecendo aos migrantes que, mesmo rec\u00e9m-chegados \u00e0 It\u00e1lia, j\u00e1 ajudam os \u201cirm\u00e3os e irm\u00e3s\u201d que chegaram depois. \u201cQuero agradecer-lhes por este estupendo sinal de humanidade, gratid\u00e3o e solidariedade.\u201d<\/p>\n<hr \/>\n<p>&nbsp;<\/p>\n<p><strong>SEIS ANOS DA VIAGEM A LAMPEDUSA<\/strong><\/p>\n<p>O Papa Francisco escolheu Lampedusa para a primeira viagem apost\u00f3lica do seu Pontificado e a primeira\u00a0 de um Papa \u00e0 ilha italiana do Mediterr\u00e2neo, ponto de passagem para milhares de imigrantes que tentam chegar \u00e0 Europa.<\/p>\n<p>O Sumo Pont\u00edfice quis manter a sobriedade dos atos para \u201cchorar os mortos\u201d dos naufr\u00e1gios de embarca\u00e7\u00f5es que transportam imigrantes do M\u00e9dio Oriente e Norte de \u00c1frica \u2013 os mortos que ningu\u00e9m chora, disse. E para tal, fez-se acompanhar apenas dos seus secret\u00e1rios particulares, dos seus guarda-costas e do porta-voz do Vaticano Federico Lombardi,\u00a0 e sem respons\u00e1veis pol\u00edticos num barco que percorreu parte da costa at\u00e9 \u00e0 Porta da Europa, monumento erguido em mem\u00f3ria de todas as v\u00edtimas de naufr\u00e1gios.<\/p>\n<p>O Papa lan\u00e7ou ao mar uma coroa de cris\u00e2ntemos (brancos e amarelos, cores do Vaticano) antes de se recolher em sil\u00eancio. Depois, saudou a multid\u00e3o que o esperava no cais enquanto os navios ao largo da ilha faziam ressoar as suas sirenes em sinal de luto pelos mortos.<\/p>\n<p>Apelou a um despertar das consci\u00eancias para contrariar a \u201cindiferen\u00e7a\u201d relativamente aos imigrantes. &#8220;Perdemos o sentido da responsabilidade fraterna e esquecemo-nos de como chorar os mortos no mar\u201d, lamentou. \u201cNingu\u00e9m chora estes mortos&#8221;, criticando &#8220;os traficantes&#8221; que &#8220;exploram a pobreza dos outros.&#8221;<\/p>\n<hr \/>\n<p><em>Fonte: Vatican News<\/em><\/p>\n","protected":false},"excerpt":{"rendered":"<p>Seis anos da primeira viagem do Papa Francisco a Lampedusa<\/p>\n","protected":false},"author":3,"featured_media":207405,"comment_status":"open","ping_status":"open","sticky":false,"template":"","format":"standard","meta":[],"categories":[1428],"tags":[1495,824,55],"acf":[],"yoast_head":"<!-- This site is optimized with the Yoast SEO plugin v19.2 - https:\/\/yoast.com\/wordpress\/plugins\/seo\/ -->\n<title>Papa: Os migrantes s\u00e3o o s\u00edmbolo de todos os descartados da sociedade globalizada - Not\u00edcias - Franciscanos<\/title>\n<meta name=\"robots\" content=\"index, follow, max-snippet:-1, max-image-preview:large, max-video-preview:-1\" \/>\n<link rel=\"canonical\" href=\"https:\/\/franciscanos.org.br\/noticias\/papa-os-migrantes-sao-o-simbolo-de-todos-os-descartados-da-sociedade-globalizada.html\" \/>\n<meta property=\"og:locale\" content=\"pt_BR\" \/>\n<meta property=\"og:type\" content=\"article\" \/>\n<meta property=\"og:title\" content=\"Papa: Os migrantes s\u00e3o o s\u00edmbolo de todos os descartados da sociedade globalizada - Not\u00edcias - Franciscanos\" \/>\n<meta property=\"og:description\" content=\"Seis anos da primeira viagem do Papa Francisco a Lampedusa\" \/>\n<meta property=\"og:url\" content=\"https:\/\/franciscanos.org.br\/noticias\/papa-os-migrantes-sao-o-simbolo-de-todos-os-descartados-da-sociedade-globalizada.html\" \/>\n<meta property=\"og:site_name\" content=\"Not\u00edcias - Franciscanos\" \/>\n<meta property=\"article:published_time\" content=\"2019-07-08T11:54:15+00:00\" \/>\n<meta property=\"article:modified_time\" content=\"2020-08-24T17:33:08+00:00\" \/>\n<meta property=\"og:image\" content=\"https:\/\/franciscanos.org.br\/noticias\/wp-content\/uploads\/2019\/07\/papa_080719_d.jpg\" \/>\n\t<meta property=\"og:image:width\" content=\"273\" \/>\n\t<meta property=\"og:image:height\" content=\"181\" \/>\n\t<meta property=\"og:image:type\" content=\"image\/jpeg\" \/>\n<meta name=\"author\" content=\"moacir\" \/>\n<meta name=\"twitter:card\" content=\"summary_large_image\" \/>\n<meta name=\"twitter:label1\" content=\"Escrito por\" \/>\n\t<meta name=\"twitter:data1\" content=\"moacir\" \/>\n\t<meta name=\"twitter:label2\" content=\"Est. tempo de leitura\" \/>\n\t<meta name=\"twitter:data2\" content=\"4 minutos\" \/>\n<script type=\"application\/ld+json\" class=\"yoast-schema-graph\">{\"@context\":\"https:\/\/schema.org\",\"@graph\":[{\"@type\":\"WebSite\",\"@id\":\"https:\/\/franciscanos.org.br\/noticias\/#website\",\"url\":\"https:\/\/franciscanos.org.br\/noticias\/\",\"name\":\"Not\u00edcias - Franciscanos\",\"description\":\"Prov\u00edncia Franciscana da Imaculada Concei\u00e7\u00e3o do Brasil - Ordem dos Frades Menores - OFM\",\"potentialAction\":[{\"@type\":\"SearchAction\",\"target\":{\"@type\":\"EntryPoint\",\"urlTemplate\":\"https:\/\/franciscanos.org.br\/noticias\/?s={search_term_string}\"},\"query-input\":\"required name=search_term_string\"}],\"inLanguage\":\"pt-BR\"},{\"@type\":\"ImageObject\",\"inLanguage\":\"pt-BR\",\"@id\":\"https:\/\/franciscanos.org.br\/noticias\/papa-os-migrantes-sao-o-simbolo-de-todos-os-descartados-da-sociedade-globalizada.html#primaryimage\",\"url\":\"https:\/\/franciscanos.org.br\/noticias\/wp-content\/uploads\/2019\/07\/papa_080719_d.jpg\",\"contentUrl\":\"https:\/\/franciscanos.org.br\/noticias\/wp-content\/uploads\/2019\/07\/papa_080719_d.jpg\",\"width\":273,\"height\":181},{\"@type\":\"WebPage\",\"@id\":\"https:\/\/franciscanos.org.br\/noticias\/papa-os-migrantes-sao-o-simbolo-de-todos-os-descartados-da-sociedade-globalizada.html#webpage\",\"url\":\"https:\/\/franciscanos.org.br\/noticias\/papa-os-migrantes-sao-o-simbolo-de-todos-os-descartados-da-sociedade-globalizada.html\",\"name\":\"Papa: Os migrantes s\u00e3o o s\u00edmbolo de todos os descartados da sociedade globalizada - Not\u00edcias - Franciscanos\",\"isPartOf\":{\"@id\":\"https:\/\/franciscanos.org.br\/noticias\/#website\"},\"primaryImageOfPage\":{\"@id\":\"https:\/\/franciscanos.org.br\/noticias\/papa-os-migrantes-sao-o-simbolo-de-todos-os-descartados-da-sociedade-globalizada.html#primaryimage\"},\"datePublished\":\"2019-07-08T11:54:15+00:00\",\"dateModified\":\"2020-08-24T17:33:08+00:00\",\"author\":{\"@id\":\"https:\/\/franciscanos.org.br\/noticias\/#\/schema\/person\/b5c8cba458c330ccff548b056e95a5d4\"},\"breadcrumb\":{\"@id\":\"https:\/\/franciscanos.org.br\/noticias\/papa-os-migrantes-sao-o-simbolo-de-todos-os-descartados-da-sociedade-globalizada.html#breadcrumb\"},\"inLanguage\":\"pt-BR\",\"potentialAction\":[{\"@type\":\"ReadAction\",\"target\":[\"https:\/\/franciscanos.org.br\/noticias\/papa-os-migrantes-sao-o-simbolo-de-todos-os-descartados-da-sociedade-globalizada.html\"]}]},{\"@type\":\"BreadcrumbList\",\"@id\":\"https:\/\/franciscanos.org.br\/noticias\/papa-os-migrantes-sao-o-simbolo-de-todos-os-descartados-da-sociedade-globalizada.html#breadcrumb\",\"itemListElement\":[{\"@type\":\"ListItem\",\"position\":1,\"name\":\"Home\",\"item\":\"https:\/\/franciscanos.org.br\/noticias\"},{\"@type\":\"ListItem\",\"position\":2,\"name\":\"Papa: Os migrantes s\u00e3o o s\u00edmbolo de todos os descartados da sociedade globalizada\"}]},{\"@type\":\"Person\",\"@id\":\"https:\/\/franciscanos.org.br\/noticias\/#\/schema\/person\/b5c8cba458c330ccff548b056e95a5d4\",\"name\":\"moacir\",\"image\":{\"@type\":\"ImageObject\",\"inLanguage\":\"pt-BR\",\"@id\":\"https:\/\/franciscanos.org.br\/noticias\/#\/schema\/person\/image\/\",\"url\":\"https:\/\/secure.gravatar.com\/avatar\/d08aa2ce4c8dd416d4479aa8536fcf64?s=96&d=mm&r=g\",\"contentUrl\":\"https:\/\/secure.gravatar.com\/avatar\/d08aa2ce4c8dd416d4479aa8536fcf64?s=96&d=mm&r=g\",\"caption\":\"moacir\"},\"url\":\"https:\/\/franciscanos.org.br\/noticias\/author\/moacir\"}]}<\/script>\n<!-- \/ Yoast SEO plugin. -->","yoast_head_json":{"title":"Papa: Os migrantes s\u00e3o o s\u00edmbolo de todos os descartados da sociedade globalizada - Not\u00edcias - Franciscanos","robots":{"index":"index","follow":"follow","max-snippet":"max-snippet:-1","max-image-preview":"max-image-preview:large","max-video-preview":"max-video-preview:-1"},"canonical":"https:\/\/franciscanos.org.br\/noticias\/papa-os-migrantes-sao-o-simbolo-de-todos-os-descartados-da-sociedade-globalizada.html","og_locale":"pt_BR","og_type":"article","og_title":"Papa: Os migrantes s\u00e3o o s\u00edmbolo de todos os descartados da sociedade globalizada - Not\u00edcias - Franciscanos","og_description":"Seis anos da primeira viagem do Papa Francisco a Lampedusa","og_url":"https:\/\/franciscanos.org.br\/noticias\/papa-os-migrantes-sao-o-simbolo-de-todos-os-descartados-da-sociedade-globalizada.html","og_site_name":"Not\u00edcias - Franciscanos","article_published_time":"2019-07-08T11:54:15+00:00","article_modified_time":"2020-08-24T17:33:08+00:00","og_image":[{"width":273,"height":181,"url":"https:\/\/franciscanos.org.br\/noticias\/wp-content\/uploads\/2019\/07\/papa_080719_d.jpg","type":"image\/jpeg"}],"author":"moacir","twitter_card":"summary_large_image","twitter_misc":{"Escrito por":"moacir","Est. tempo de leitura":"4 minutos"},"schema":{"@context":"https:\/\/schema.org","@graph":[{"@type":"WebSite","@id":"https:\/\/franciscanos.org.br\/noticias\/#website","url":"https:\/\/franciscanos.org.br\/noticias\/","name":"Not\u00edcias - Franciscanos","description":"Prov\u00edncia Franciscana da Imaculada Concei\u00e7\u00e3o do Brasil - Ordem dos Frades Menores - OFM","potentialAction":[{"@type":"SearchAction","target":{"@type":"EntryPoint","urlTemplate":"https:\/\/franciscanos.org.br\/noticias\/?s={search_term_string}"},"query-input":"required name=search_term_string"}],"inLanguage":"pt-BR"},{"@type":"ImageObject","inLanguage":"pt-BR","@id":"https:\/\/franciscanos.org.br\/noticias\/papa-os-migrantes-sao-o-simbolo-de-todos-os-descartados-da-sociedade-globalizada.html#primaryimage","url":"https:\/\/franciscanos.org.br\/noticias\/wp-content\/uploads\/2019\/07\/papa_080719_d.jpg","contentUrl":"https:\/\/franciscanos.org.br\/noticias\/wp-content\/uploads\/2019\/07\/papa_080719_d.jpg","width":273,"height":181},{"@type":"WebPage","@id":"https:\/\/franciscanos.org.br\/noticias\/papa-os-migrantes-sao-o-simbolo-de-todos-os-descartados-da-sociedade-globalizada.html#webpage","url":"https:\/\/franciscanos.org.br\/noticias\/papa-os-migrantes-sao-o-simbolo-de-todos-os-descartados-da-sociedade-globalizada.html","name":"Papa: Os migrantes s\u00e3o o s\u00edmbolo de todos os descartados da sociedade globalizada - Not\u00edcias - Franciscanos","isPartOf":{"@id":"https:\/\/franciscanos.org.br\/noticias\/#website"},"primaryImageOfPage":{"@id":"https:\/\/franciscanos.org.br\/noticias\/papa-os-migrantes-sao-o-simbolo-de-todos-os-descartados-da-sociedade-globalizada.html#primaryimage"},"datePublished":"2019-07-08T11:54:15+00:00","dateModified":"2020-08-24T17:33:08+00:00","author":{"@id":"https:\/\/franciscanos.org.br\/noticias\/#\/schema\/person\/b5c8cba458c330ccff548b056e95a5d4"},"breadcrumb":{"@id":"https:\/\/franciscanos.org.br\/noticias\/papa-os-migrantes-sao-o-simbolo-de-todos-os-descartados-da-sociedade-globalizada.html#breadcrumb"},"inLanguage":"pt-BR","potentialAction":[{"@type":"ReadAction","target":["https:\/\/franciscanos.org.br\/noticias\/papa-os-migrantes-sao-o-simbolo-de-todos-os-descartados-da-sociedade-globalizada.html"]}]},{"@type":"BreadcrumbList","@id":"https:\/\/franciscanos.org.br\/noticias\/papa-os-migrantes-sao-o-simbolo-de-todos-os-descartados-da-sociedade-globalizada.html#breadcrumb","itemListElement":[{"@type":"ListItem","position":1,"name":"Home","item":"https:\/\/franciscanos.org.br\/noticias"},{"@type":"ListItem","position":2,"name":"Papa: Os migrantes s\u00e3o o s\u00edmbolo de todos os descartados da sociedade globalizada"}]},{"@type":"Person","@id":"https:\/\/franciscanos.org.br\/noticias\/#\/schema\/person\/b5c8cba458c330ccff548b056e95a5d4","name":"moacir","image":{"@type":"ImageObject","inLanguage":"pt-BR","@id":"https:\/\/franciscanos.org.br\/noticias\/#\/schema\/person\/image\/","url":"https:\/\/secure.gravatar.com\/avatar\/d08aa2ce4c8dd416d4479aa8536fcf64?s=96&d=mm&r=g","contentUrl":"https:\/\/secure.gravatar.com\/avatar\/d08aa2ce4c8dd416d4479aa8536fcf64?s=96&d=mm&r=g","caption":"moacir"},"url":"https:\/\/franciscanos.org.br\/noticias\/author\/moacir"}]}},"_links":{"self":[{"href":"https:\/\/franciscanos.org.br\/noticias\/wp-json\/wp\/v2\/posts\/207403"}],"collection":[{"href":"https:\/\/franciscanos.org.br\/noticias\/wp-json\/wp\/v2\/posts"}],"about":[{"href":"https:\/\/franciscanos.org.br\/noticias\/wp-json\/wp\/v2\/types\/post"}],"author":[{"embeddable":true,"href":"https:\/\/franciscanos.org.br\/noticias\/wp-json\/wp\/v2\/users\/3"}],"replies":[{"embeddable":true,"href":"https:\/\/franciscanos.org.br\/noticias\/wp-json\/wp\/v2\/comments?post=207403"}],"version-history":[{"count":6,"href":"https:\/\/franciscanos.org.br\/noticias\/wp-json\/wp\/v2\/posts\/207403\/revisions"}],"predecessor-version":[{"id":227978,"href":"https:\/\/franciscanos.org.br\/noticias\/wp-json\/wp\/v2\/posts\/207403\/revisions\/227978"}],"wp:featuredmedia":[{"embeddable":true,"href":"https:\/\/franciscanos.org.br\/noticias\/wp-json\/wp\/v2\/media\/207405"}],"wp:attachment":[{"href":"https:\/\/franciscanos.org.br\/noticias\/wp-json\/wp\/v2\/media?parent=207403"}],"wp:term":[{"taxonomy":"category","embeddable":true,"href":"https:\/\/franciscanos.org.br\/noticias\/wp-json\/wp\/v2\/categories?post=207403"},{"taxonomy":"post_tag","embeddable":true,"href":"https:\/\/franciscanos.org.br\/noticias\/wp-json\/wp\/v2\/tags?post=207403"}],"curies":[{"name":"wp","href":"https:\/\/api.w.org\/{rel}","templated":true}]}}