{"id":207384,"date":"2019-07-05T19:37:36","date_gmt":"2019-07-05T22:37:36","guid":{"rendered":"https:\/\/franciscanos.org.br\/noticias\/?p=207384"},"modified":"2019-07-05T19:40:07","modified_gmt":"2019-07-05T22:40:07","slug":"se-a-amazonia-perecer-todos-nos-vamos-perecer","status":"publish","type":"post","link":"https:\/\/franciscanos.org.br\/noticias\/se-a-amazonia-perecer-todos-nos-vamos-perecer.html","title":{"rendered":"F\u00f3rum Franciscano: &#8220;Se a Amaz\u00f4nia perecer, todos n\u00f3s vamos perecer&#8221;"},"content":{"rendered":"<p><img loading=\"lazy\" class=\"alignnone size-full wp-image-207385\" src=\"https:\/\/franciscanos.org.br\/noticias\/wp-content\/uploads\/2019\/07\/atilio_0507.jpg\" alt=\"\" width=\"890\" height=\"592\" srcset=\"https:\/\/franciscanos.org.br\/noticias\/wp-content\/uploads\/2019\/07\/atilio_0507.jpg 890w, https:\/\/franciscanos.org.br\/noticias\/wp-content\/uploads\/2019\/07\/atilio_0507-450x299.jpg 450w, https:\/\/franciscanos.org.br\/noticias\/wp-content\/uploads\/2019\/07\/atilio_0507-768x511.jpg 768w, https:\/\/franciscanos.org.br\/noticias\/wp-content\/uploads\/2019\/07\/atilio_0507-150x100.jpg 150w\" sizes=\"(max-width: 890px) 100vw, 890px\" \/><\/p>\n<p><strong>Manaus (AM)<\/strong> &#8211; &#8220;Se a Amaz\u00f4nia perecer, todos n\u00f3s vamos perecer porque o Planeta n\u00e3o vai resistir&#8221;. A frase de Frei At\u00edlio Dalla Costa Battistuz, frade franciscano mission\u00e1rio na Amaz\u00f4nia h\u00e1 mais de sete anos, foi um dos muitos alertas dados durante o F\u00f3rum Franciscano Para o S\u00ednodo Pan-Amaz\u00f4nico, no Centro Arquidiocesano S\u00e3o Jos\u00e9, em Manaus (AM), desde o dia 4 de julho. O encontro, promovido pela Confer\u00eancia da Fam\u00edlia Franciscana do Brasil (CFFB), teve a colabora\u00e7\u00e3o do bispo arquidiocesano de Manaus, Dom S\u00e9rgio Castriani; de Moema Miranda, da Ordem Franciscana Secular (OFS); Frei Luiz Carlos Susin (OFMCap); Frei Flor\u00eancio Vaz (OFM); e dos assessores da Rede Eclesial Pan-Amaz\u00f4nica (REPAM). Da Cust\u00f3dia Franciscana S\u00e3o Benedito da Amaz\u00f4nia, participam 12 frades.<\/p>\n<p>Frei At\u00edlio Battistuz, mission\u00e1rio na Prelazia de Maraj\u00f3 e frade desta Prov\u00edncia da Imaculada, tamb\u00e9m destacou que est\u00e1 na hora de se conhecer a Amaz\u00f4nia &#8220;com o cora\u00e7\u00e3o&#8221; e n\u00e3o se contentar somente com o que se aprende nos livros, filmes, na TV, jornais e revistas.<\/p>\n<p><img loading=\"lazy\" class=\"alignnone size-full wp-image-207386\" src=\"https:\/\/franciscanos.org.br\/noticias\/wp-content\/uploads\/2019\/07\/atilio_0507_1.jpg\" alt=\"\" width=\"890\" height=\"668\" srcset=\"https:\/\/franciscanos.org.br\/noticias\/wp-content\/uploads\/2019\/07\/atilio_0507_1.jpg 890w, https:\/\/franciscanos.org.br\/noticias\/wp-content\/uploads\/2019\/07\/atilio_0507_1-450x338.jpg 450w, https:\/\/franciscanos.org.br\/noticias\/wp-content\/uploads\/2019\/07\/atilio_0507_1-768x576.jpg 768w, https:\/\/franciscanos.org.br\/noticias\/wp-content\/uploads\/2019\/07\/atilio_0507_1-150x113.jpg 150w, https:\/\/franciscanos.org.br\/noticias\/wp-content\/uploads\/2019\/07\/atilio_0507_1-600x450.jpg 600w\" sizes=\"(max-width: 890px) 100vw, 890px\" \/><\/p>\n<p>No mapa, mostrou todo o espa\u00e7o que ocupa a Amaz\u00f4nia na Am\u00e9rica do Sul, um ecossistema fundamental para o planeta e para o clima e est\u00e1 sob grave amea\u00e7a, segundo o frade. &#8220;N\u00e3o somos os \u00fanicos na Amaz\u00f4nia, mas ela engloba os pa\u00edses da Bol\u00edvia, Col\u00f4mbia, Equador, Guiana, Guiana Francesa, Peru, Suriname e Venezuela, num total de 40% da Am\u00e9rica do Sul&#8221;, explicou o frade, que depois de ser mission\u00e1rio no projeto da Ordem dos Frades Menores por 6 seis, aceitou o convite de Dom Evaristo Spengler para ser mission\u00e1rio na Prelazia de Maraj\u00f3.<\/p>\n<p>Para Frei At\u00edlio, este grande santu\u00e1rio da natureza corre o risco de acabar. &#8220;\u00c9 a \u00faltima grande floresta tropical que ainda existe. A Amaz\u00f4nia representa 34% de todas as florestas nativas que ainda existem&#8221;, explicou, lembrando grande diversidade de povos na Amaz\u00f4nia. &#8220;S\u00e3o mais 300 povos ind\u00edgenas na Amaz\u00f4nia, com culturas diferentes e que resistem \u00e0s explora\u00e7\u00f5es e sofrimentos causados a eles&#8221;.<\/p>\n<p>Nos \u00faltimos anos, o desmatamento e a destrui\u00e7\u00e3o da floresta continuam acontecendo de forma criminosa. Uma \u00e1rea correspondente a dois campos de futebol da floresta amaz\u00f4nica brasileira \u00e9 desmatada a cada minuto. &#8220;\u00c9 a \u00faltima grande floresta tropical que ainda existe. A Amaz\u00f4nia representa 34% de todas as florestas nativas que ainda existem no mundo&#8221;, explicou.<\/p>\n<p><img loading=\"lazy\" class=\"alignnone size-full wp-image-207387\" src=\"https:\/\/franciscanos.org.br\/noticias\/wp-content\/uploads\/2019\/07\/atilio_0507_2.jpg\" alt=\"\" width=\"890\" height=\"593\" srcset=\"https:\/\/franciscanos.org.br\/noticias\/wp-content\/uploads\/2019\/07\/atilio_0507_2.jpg 890w, https:\/\/franciscanos.org.br\/noticias\/wp-content\/uploads\/2019\/07\/atilio_0507_2-450x300.jpg 450w, https:\/\/franciscanos.org.br\/noticias\/wp-content\/uploads\/2019\/07\/atilio_0507_2-768x512.jpg 768w, https:\/\/franciscanos.org.br\/noticias\/wp-content\/uploads\/2019\/07\/atilio_0507_2-150x100.jpg 150w\" sizes=\"(max-width: 890px) 100vw, 890px\" \/><\/p>\n<p>Frei At\u00edlio tamb\u00e9m recordou que o planeta Terra est\u00e1 enfrentando um problema muito s\u00e9rio com rela\u00e7\u00e3o ao meio ambiente, o chamado aquecimento global e estudos recentes mostram que \u00e9 necess\u00e1ria uma mudan\u00e7a de postura se quisermos viver ainda. &#8220;Se a Amaz\u00f4nia perecer, todos n\u00f3s vamos perecer porque o Planeta n\u00e3o vai resistir&#8221;. O frade lembrou a teoria Gaia, tamb\u00e9m conhecida como Hip\u00f3tese de Gaia, que \u00e9 uma tese que afirma que o planeta Terra \u00e9 um ser vivo. Segundo o criador desta hip\u00f3tese, James Lovelock, a Terra estaria reagindo \u00e0s a\u00e7\u00f5es negativas que vem sofrendo pelo homem. &#8220;Gaia \u00e9 um conceito muito pr\u00f3ximo da nossa experi\u00eancia franciscana, muito pr\u00f3ximo dos povos ind\u00edgenas e de Deus&#8221;. Segundo o frade, a ci\u00eancia est\u00e1 confirmando hoje o que Francisco de Assis intuiu h\u00e1 800 anos.<\/p>\n<p>ABERTURA<br \/>\n\u201cComo filhos e filhas de Francisco de Assis, n\u00e3o podemos ficar alheios \u00e0s contradi\u00e7\u00f5es sociais da realidade contempor\u00e2nea, com as quais somos chamados a nos confrontarmos, em especial quando devemos colaborar na preserva\u00e7\u00e3o de toda a biodiversidade e no respeito aos povos origin\u00e1rios que vivem na Amaz\u00f4nia\u201d, expressou o presidente da CFFB, Frei \u00c9derson Queiroz (OFMCap).<\/p>\n<p>O evento teve in\u00edcio no dia 4 com a apresenta\u00e7\u00e3o e boas-vindas do presidente da CFFB, Frei \u00c9derson Queiroz (OFMCap). Logo ap\u00f3s, o Arcebispo de Manaus, Dom S\u00e9rgio Castriani, fez a apresenta\u00e7\u00e3o do S\u00ednodo Pan-Amaz\u00f4nico, de como \u00e9 ser igreja na Amaz\u00f4nia e do que o Papa Francisco espera da igreja na Amaz\u00f4nia.<\/p>\n<p><img loading=\"lazy\" class=\"alignnone size-full wp-image-207388\" src=\"https:\/\/franciscanos.org.br\/noticias\/wp-content\/uploads\/2019\/07\/atilio_0507_3.jpg\" alt=\"\" width=\"890\" height=\"668\" srcset=\"https:\/\/franciscanos.org.br\/noticias\/wp-content\/uploads\/2019\/07\/atilio_0507_3.jpg 890w, https:\/\/franciscanos.org.br\/noticias\/wp-content\/uploads\/2019\/07\/atilio_0507_3-450x338.jpg 450w, https:\/\/franciscanos.org.br\/noticias\/wp-content\/uploads\/2019\/07\/atilio_0507_3-768x576.jpg 768w, https:\/\/franciscanos.org.br\/noticias\/wp-content\/uploads\/2019\/07\/atilio_0507_3-150x113.jpg 150w, https:\/\/franciscanos.org.br\/noticias\/wp-content\/uploads\/2019\/07\/atilio_0507_3-600x450.jpg 600w\" sizes=\"(max-width: 890px) 100vw, 890px\" \/><\/p>\n<p>\u00c0 tarde, Frei Luiz Carlos Susin (OFMCap) abordou temas como mudan\u00e7a de h\u00e1bitos, convers\u00e3o pastoral, ecol\u00f3gica e eclesial na Amaz\u00f4nia. Frei Flor\u00eancio Vaz falou sobre a Ecologia Integral Franciscana, e Frei Jo\u00e3o Messias, OFM, testemunhou sua viv\u00eancia com os Munduruku, experi\u00eancia mission\u00e1ria na Prelazia de Itaituba com mais de 58 comunidades ind\u00edgenas que vivem numa rela\u00e7\u00e3o de perten\u00e7a com a Floresta e est\u00e3o amea\u00e7ados pela extra\u00e7\u00e3o de min\u00e9rios e outros impactos socioambientais.<\/p>\n<p>Ir. Clarice Barri, Ir. Catequista Franciscana, abordou a mobilidade humana em Assis, \u00e1rea de Fronteira entre Brasil, Bol\u00edvia e Peru.<\/p>\n<p>\u201cPerspectivas e desafios para a Confer\u00eancia da Fam\u00edlia Franciscana do Brasil\u201d foi o tema central do F\u00f3rum, que promoveu debates, estudos e confer\u00eancias.<\/p>\n<hr \/>\n<p><em>Fonte: Site da CFFB<\/em><\/p>\n","protected":false},"excerpt":{"rendered":"<p>F\u00f3rum Franciscano Para o S\u00ednodo Pan-Amaz\u00f4nico<\/p>\n","protected":false},"author":3,"featured_media":207389,"comment_status":"open","ping_status":"open","sticky":false,"template":"","format":"standard","meta":[],"categories":[1],"tags":[1496],"acf":[],"yoast_head":"<!-- This site is optimized with the Yoast SEO plugin v19.2 - https:\/\/yoast.com\/wordpress\/plugins\/seo\/ -->\n<title>F\u00f3rum Franciscano: &quot;Se a Amaz\u00f4nia perecer, todos n\u00f3s vamos perecer&quot; - Not\u00edcias - Franciscanos<\/title>\n<meta name=\"robots\" content=\"index, follow, max-snippet:-1, max-image-preview:large, max-video-preview:-1\" \/>\n<link rel=\"canonical\" href=\"https:\/\/franciscanos.org.br\/noticias\/se-a-amazonia-perecer-todos-nos-vamos-perecer.html\" \/>\n<meta property=\"og:locale\" content=\"pt_BR\" \/>\n<meta property=\"og:type\" content=\"article\" \/>\n<meta property=\"og:title\" content=\"F\u00f3rum Franciscano: &quot;Se a Amaz\u00f4nia perecer, todos n\u00f3s vamos perecer&quot; - Not\u00edcias - Franciscanos\" \/>\n<meta property=\"og:description\" content=\"F\u00f3rum Franciscano Para o S\u00ednodo Pan-Amaz\u00f4nico\" \/>\n<meta property=\"og:url\" content=\"https:\/\/franciscanos.org.br\/noticias\/se-a-amazonia-perecer-todos-nos-vamos-perecer.html\" \/>\n<meta property=\"og:site_name\" content=\"Not\u00edcias - Franciscanos\" \/>\n<meta property=\"article:published_time\" content=\"2019-07-05T22:37:36+00:00\" \/>\n<meta property=\"article:modified_time\" content=\"2019-07-05T22:40:07+00:00\" \/>\n<meta property=\"og:image\" content=\"https:\/\/franciscanos.org.br\/noticias\/wp-content\/uploads\/2019\/07\/atilio_0507d.jpg\" \/>\n\t<meta property=\"og:image:width\" content=\"273\" \/>\n\t<meta property=\"og:image:height\" content=\"181\" \/>\n\t<meta property=\"og:image:type\" content=\"image\/jpeg\" \/>\n<meta name=\"author\" content=\"moacir\" \/>\n<meta name=\"twitter:card\" content=\"summary_large_image\" \/>\n<meta name=\"twitter:label1\" content=\"Escrito por\" \/>\n\t<meta name=\"twitter:data1\" content=\"moacir\" \/>\n\t<meta name=\"twitter:label2\" content=\"Est. tempo de leitura\" \/>\n\t<meta name=\"twitter:data2\" content=\"4 minutos\" \/>\n<script type=\"application\/ld+json\" class=\"yoast-schema-graph\">{\"@context\":\"https:\/\/schema.org\",\"@graph\":[{\"@type\":\"WebSite\",\"@id\":\"https:\/\/franciscanos.org.br\/noticias\/#website\",\"url\":\"https:\/\/franciscanos.org.br\/noticias\/\",\"name\":\"Not\u00edcias - Franciscanos\",\"description\":\"Prov\u00edncia Franciscana da Imaculada Concei\u00e7\u00e3o do Brasil - Ordem dos Frades Menores - OFM\",\"potentialAction\":[{\"@type\":\"SearchAction\",\"target\":{\"@type\":\"EntryPoint\",\"urlTemplate\":\"https:\/\/franciscanos.org.br\/noticias\/?s={search_term_string}\"},\"query-input\":\"required name=search_term_string\"}],\"inLanguage\":\"pt-BR\"},{\"@type\":\"ImageObject\",\"inLanguage\":\"pt-BR\",\"@id\":\"https:\/\/franciscanos.org.br\/noticias\/se-a-amazonia-perecer-todos-nos-vamos-perecer.html#primaryimage\",\"url\":\"https:\/\/franciscanos.org.br\/noticias\/wp-content\/uploads\/2019\/07\/atilio_0507d.jpg\",\"contentUrl\":\"https:\/\/franciscanos.org.br\/noticias\/wp-content\/uploads\/2019\/07\/atilio_0507d.jpg\",\"width\":273,\"height\":181},{\"@type\":\"WebPage\",\"@id\":\"https:\/\/franciscanos.org.br\/noticias\/se-a-amazonia-perecer-todos-nos-vamos-perecer.html#webpage\",\"url\":\"https:\/\/franciscanos.org.br\/noticias\/se-a-amazonia-perecer-todos-nos-vamos-perecer.html\",\"name\":\"F\u00f3rum Franciscano: \\\"Se a Amaz\u00f4nia perecer, todos n\u00f3s vamos perecer\\\" - Not\u00edcias - Franciscanos\",\"isPartOf\":{\"@id\":\"https:\/\/franciscanos.org.br\/noticias\/#website\"},\"primaryImageOfPage\":{\"@id\":\"https:\/\/franciscanos.org.br\/noticias\/se-a-amazonia-perecer-todos-nos-vamos-perecer.html#primaryimage\"},\"datePublished\":\"2019-07-05T22:37:36+00:00\",\"dateModified\":\"2019-07-05T22:40:07+00:00\",\"author\":{\"@id\":\"https:\/\/franciscanos.org.br\/noticias\/#\/schema\/person\/b5c8cba458c330ccff548b056e95a5d4\"},\"breadcrumb\":{\"@id\":\"https:\/\/franciscanos.org.br\/noticias\/se-a-amazonia-perecer-todos-nos-vamos-perecer.html#breadcrumb\"},\"inLanguage\":\"pt-BR\",\"potentialAction\":[{\"@type\":\"ReadAction\",\"target\":[\"https:\/\/franciscanos.org.br\/noticias\/se-a-amazonia-perecer-todos-nos-vamos-perecer.html\"]}]},{\"@type\":\"BreadcrumbList\",\"@id\":\"https:\/\/franciscanos.org.br\/noticias\/se-a-amazonia-perecer-todos-nos-vamos-perecer.html#breadcrumb\",\"itemListElement\":[{\"@type\":\"ListItem\",\"position\":1,\"name\":\"Home\",\"item\":\"https:\/\/franciscanos.org.br\/noticias\"},{\"@type\":\"ListItem\",\"position\":2,\"name\":\"F\u00f3rum Franciscano: &#8220;Se a Amaz\u00f4nia perecer, todos n\u00f3s vamos perecer&#8221;\"}]},{\"@type\":\"Person\",\"@id\":\"https:\/\/franciscanos.org.br\/noticias\/#\/schema\/person\/b5c8cba458c330ccff548b056e95a5d4\",\"name\":\"moacir\",\"image\":{\"@type\":\"ImageObject\",\"inLanguage\":\"pt-BR\",\"@id\":\"https:\/\/franciscanos.org.br\/noticias\/#\/schema\/person\/image\/\",\"url\":\"https:\/\/secure.gravatar.com\/avatar\/d08aa2ce4c8dd416d4479aa8536fcf64?s=96&d=mm&r=g\",\"contentUrl\":\"https:\/\/secure.gravatar.com\/avatar\/d08aa2ce4c8dd416d4479aa8536fcf64?s=96&d=mm&r=g\",\"caption\":\"moacir\"},\"url\":\"https:\/\/franciscanos.org.br\/noticias\/author\/moacir\"}]}<\/script>\n<!-- \/ Yoast SEO plugin. -->","yoast_head_json":{"title":"F\u00f3rum Franciscano: \"Se a Amaz\u00f4nia perecer, todos n\u00f3s vamos perecer\" - Not\u00edcias - Franciscanos","robots":{"index":"index","follow":"follow","max-snippet":"max-snippet:-1","max-image-preview":"max-image-preview:large","max-video-preview":"max-video-preview:-1"},"canonical":"https:\/\/franciscanos.org.br\/noticias\/se-a-amazonia-perecer-todos-nos-vamos-perecer.html","og_locale":"pt_BR","og_type":"article","og_title":"F\u00f3rum Franciscano: \"Se a Amaz\u00f4nia perecer, todos n\u00f3s vamos perecer\" - Not\u00edcias - Franciscanos","og_description":"F\u00f3rum Franciscano Para o S\u00ednodo Pan-Amaz\u00f4nico","og_url":"https:\/\/franciscanos.org.br\/noticias\/se-a-amazonia-perecer-todos-nos-vamos-perecer.html","og_site_name":"Not\u00edcias - Franciscanos","article_published_time":"2019-07-05T22:37:36+00:00","article_modified_time":"2019-07-05T22:40:07+00:00","og_image":[{"width":273,"height":181,"url":"https:\/\/franciscanos.org.br\/noticias\/wp-content\/uploads\/2019\/07\/atilio_0507d.jpg","type":"image\/jpeg"}],"author":"moacir","twitter_card":"summary_large_image","twitter_misc":{"Escrito por":"moacir","Est. tempo de leitura":"4 minutos"},"schema":{"@context":"https:\/\/schema.org","@graph":[{"@type":"WebSite","@id":"https:\/\/franciscanos.org.br\/noticias\/#website","url":"https:\/\/franciscanos.org.br\/noticias\/","name":"Not\u00edcias - Franciscanos","description":"Prov\u00edncia Franciscana da Imaculada Concei\u00e7\u00e3o do Brasil - Ordem dos Frades Menores - OFM","potentialAction":[{"@type":"SearchAction","target":{"@type":"EntryPoint","urlTemplate":"https:\/\/franciscanos.org.br\/noticias\/?s={search_term_string}"},"query-input":"required name=search_term_string"}],"inLanguage":"pt-BR"},{"@type":"ImageObject","inLanguage":"pt-BR","@id":"https:\/\/franciscanos.org.br\/noticias\/se-a-amazonia-perecer-todos-nos-vamos-perecer.html#primaryimage","url":"https:\/\/franciscanos.org.br\/noticias\/wp-content\/uploads\/2019\/07\/atilio_0507d.jpg","contentUrl":"https:\/\/franciscanos.org.br\/noticias\/wp-content\/uploads\/2019\/07\/atilio_0507d.jpg","width":273,"height":181},{"@type":"WebPage","@id":"https:\/\/franciscanos.org.br\/noticias\/se-a-amazonia-perecer-todos-nos-vamos-perecer.html#webpage","url":"https:\/\/franciscanos.org.br\/noticias\/se-a-amazonia-perecer-todos-nos-vamos-perecer.html","name":"F\u00f3rum Franciscano: \"Se a Amaz\u00f4nia perecer, todos n\u00f3s vamos perecer\" - Not\u00edcias - Franciscanos","isPartOf":{"@id":"https:\/\/franciscanos.org.br\/noticias\/#website"},"primaryImageOfPage":{"@id":"https:\/\/franciscanos.org.br\/noticias\/se-a-amazonia-perecer-todos-nos-vamos-perecer.html#primaryimage"},"datePublished":"2019-07-05T22:37:36+00:00","dateModified":"2019-07-05T22:40:07+00:00","author":{"@id":"https:\/\/franciscanos.org.br\/noticias\/#\/schema\/person\/b5c8cba458c330ccff548b056e95a5d4"},"breadcrumb":{"@id":"https:\/\/franciscanos.org.br\/noticias\/se-a-amazonia-perecer-todos-nos-vamos-perecer.html#breadcrumb"},"inLanguage":"pt-BR","potentialAction":[{"@type":"ReadAction","target":["https:\/\/franciscanos.org.br\/noticias\/se-a-amazonia-perecer-todos-nos-vamos-perecer.html"]}]},{"@type":"BreadcrumbList","@id":"https:\/\/franciscanos.org.br\/noticias\/se-a-amazonia-perecer-todos-nos-vamos-perecer.html#breadcrumb","itemListElement":[{"@type":"ListItem","position":1,"name":"Home","item":"https:\/\/franciscanos.org.br\/noticias"},{"@type":"ListItem","position":2,"name":"F\u00f3rum Franciscano: &#8220;Se a Amaz\u00f4nia perecer, todos n\u00f3s vamos perecer&#8221;"}]},{"@type":"Person","@id":"https:\/\/franciscanos.org.br\/noticias\/#\/schema\/person\/b5c8cba458c330ccff548b056e95a5d4","name":"moacir","image":{"@type":"ImageObject","inLanguage":"pt-BR","@id":"https:\/\/franciscanos.org.br\/noticias\/#\/schema\/person\/image\/","url":"https:\/\/secure.gravatar.com\/avatar\/d08aa2ce4c8dd416d4479aa8536fcf64?s=96&d=mm&r=g","contentUrl":"https:\/\/secure.gravatar.com\/avatar\/d08aa2ce4c8dd416d4479aa8536fcf64?s=96&d=mm&r=g","caption":"moacir"},"url":"https:\/\/franciscanos.org.br\/noticias\/author\/moacir"}]}},"_links":{"self":[{"href":"https:\/\/franciscanos.org.br\/noticias\/wp-json\/wp\/v2\/posts\/207384"}],"collection":[{"href":"https:\/\/franciscanos.org.br\/noticias\/wp-json\/wp\/v2\/posts"}],"about":[{"href":"https:\/\/franciscanos.org.br\/noticias\/wp-json\/wp\/v2\/types\/post"}],"author":[{"embeddable":true,"href":"https:\/\/franciscanos.org.br\/noticias\/wp-json\/wp\/v2\/users\/3"}],"replies":[{"embeddable":true,"href":"https:\/\/franciscanos.org.br\/noticias\/wp-json\/wp\/v2\/comments?post=207384"}],"version-history":[{"count":0,"href":"https:\/\/franciscanos.org.br\/noticias\/wp-json\/wp\/v2\/posts\/207384\/revisions"}],"wp:featuredmedia":[{"embeddable":true,"href":"https:\/\/franciscanos.org.br\/noticias\/wp-json\/wp\/v2\/media\/207389"}],"wp:attachment":[{"href":"https:\/\/franciscanos.org.br\/noticias\/wp-json\/wp\/v2\/media?parent=207384"}],"wp:term":[{"taxonomy":"category","embeddable":true,"href":"https:\/\/franciscanos.org.br\/noticias\/wp-json\/wp\/v2\/categories?post=207384"},{"taxonomy":"post_tag","embeddable":true,"href":"https:\/\/franciscanos.org.br\/noticias\/wp-json\/wp\/v2\/tags?post=207384"}],"curies":[{"name":"wp","href":"https:\/\/api.w.org\/{rel}","templated":true}]}}