{"id":207377,"date":"2019-07-05T15:03:51","date_gmt":"2019-07-05T18:03:51","guid":{"rendered":"https:\/\/franciscanos.org.br\/noticias\/?p=207377"},"modified":"2019-07-05T15:08:16","modified_gmt":"2019-07-05T18:08:16","slug":"sem-precedentes-o-papa-celebrara-uma-missa-em-sao-pedro-para-migrantes-e-socorristas","status":"publish","type":"post","link":"https:\/\/franciscanos.org.br\/noticias\/sem-precedentes-o-papa-celebrara-uma-missa-em-sao-pedro-para-migrantes-e-socorristas.html","title":{"rendered":"Sem precedentes. Papa celebra Missa em S\u00e3o Pedro para migrantes e socorristas."},"content":{"rendered":"<p><img loading=\"lazy\" class=\"wp-image-207378 size-full aligncenter\" src=\"https:\/\/franciscanos.org.br\/noticias\/wp-content\/uploads\/2019\/07\/pedro_0507.jpg\" alt=\"\" width=\"840\" height=\"555\" srcset=\"https:\/\/franciscanos.org.br\/noticias\/wp-content\/uploads\/2019\/07\/pedro_0507.jpg 840w, https:\/\/franciscanos.org.br\/noticias\/wp-content\/uploads\/2019\/07\/pedro_0507-450x297.jpg 450w, https:\/\/franciscanos.org.br\/noticias\/wp-content\/uploads\/2019\/07\/pedro_0507-768x507.jpg 768w, https:\/\/franciscanos.org.br\/noticias\/wp-content\/uploads\/2019\/07\/pedro_0507-150x99.jpg 150w\" sizes=\"(max-width: 840px) 100vw, 840px\" \/><\/p>\n<p>Na manh\u00e3 da pr\u00f3xima segunda-feira, 8 de julho, no sexto anivers\u00e1rio de sua visita a Lampedusa (um dos primeiros gestos marcantes do Pontificado), Francisco celebrar\u00e1 uma Missa para os Migrantes que morreram nos \u00faltimos anos, para refugiados e para todos aqueles que est\u00e3o engajados em salvar suas vidas. A iniciativa do Papa \u00e9 sem precedentes no Vaticano. Ao todo, 250 pessoas convidadas pela se\u00e7\u00e3o Migrantes e Refugiados do Dicast\u00e9rio para o Servi\u00e7o do Desenvolvimento humano integral, ao qual o Pont\u00edfice confiou a organiza\u00e7\u00e3o do evento. Como se sabe, o Papa reservou o direito de presidir diretamente esta se\u00e7\u00e3o da C\u00faria Romana (outro evento sem precedentes).<\/p>\n<p>Pela l\u00f3gica, entre os convidados \u00e0 Missa do Papa tamb\u00e9m poderia estar a capit\u00e3 Carola Rackete, do <em>SeaWatch3<\/em>, que foi solta da pris\u00e3o pela magistrada de Agrigento, Alessandra Vella. Carola est\u00e1 livre ap\u00f3s quatro dias em pris\u00e3o domiciliar. A ju\u00edza de instru\u00e7\u00e3o foi muito al\u00e9m do pedido dos promotores, n\u00e3o validando a pris\u00e3o da comandante, excluindo o crime de resist\u00eancia e viol\u00eancia a um navio de guerra e considerando que o crime de resist\u00eancia a um oficial p\u00fablico foi justificado por uma &#8220;discriminante&#8221; ligada ao fato de ter agido &#8220;para cumprir um dever&#8221;, o de salvar vidas humanas no mar.<\/p>\n<p>Mas a coisa extraordin\u00e1ria que deve ser imediatamente ressaltada \u00e9 que a Missa presidida por Francisco acontecer\u00e1 em S\u00e3o Pedro, no Altar da C\u00e1tedra, o Altar central da Bas\u00edlica constru\u00edda sobre a Tumba daquele que foi escolhido pelo pr\u00f3prio Cristo como &#8220;pedra&#8221; sobre a qual edificar a sua igreja.<\/p>\n<p>O Altar, conhecido em todo o mundo, dominado pelo grandioso baldaquino barroco de bronze de Bernini (uma das obras-primas da arte mundial), \u00e9 um monumento encomendado por Urbano VIII na abside da bas\u00edlica vaticana, para mostrar \u201curbi et orbi\u201d (&#8220;Para a cidade de Roma e para o mundo&#8221;) qual \u00e9 o poder pastoral e magistral de Pedro e dos seus sucessores. Para honrar a autoridade que Cristo conferiu a Pedro, \u00e9 chamado justamente de Altar da C\u00e1tedra ou Cadeira. E \u00e9 nesse Altar que os Papas presidem os momentos lit\u00fargicos mais importantes da vida da Igreja, como os da v\u00e9spera de Natal e da P\u00e1scoa.<\/p>\n<p>Celebrar ali a missa para os migrantes tem quase o significado de dizer que, nas circunst\u00e2ncias hist\u00f3ricas atuais, a causa dos migrantes deve ser considerada dentro do per\u00edmetro da defini\u00e7\u00e3o de ser cat\u00f3lico, por avalia\u00e7\u00e3o e decis\u00e3o do pr\u00f3prio Papa.<\/p>\n<p>A Igreja, exceto por algumas exce\u00e7\u00f5es espor\u00e1dicas, &#8220;bate&#8221; em un\u00edssono sobre esse ponto. N\u00e3o s\u00f3 em termos gerais e abstratos, mas tamb\u00e9m em casos espec\u00edficos. Como o do <em>SeaWatch3.<\/em> Tanto que no s\u00e1bado \u00e0 noite o cardeal Pietro Parolin declarou: &#8220;Acredito que a vida humana deve ser preservada de todas as maneiras. Esta deve ser a estrela guia que nos orienta, todo o resto \u00e9 secund\u00e1rio\u201d.<\/p>\n<p>\u00c9 f\u00e1cil imaginar que poderia estar presente \u00e0 missa tamb\u00e9m o m\u00e9dico de Lampedusa, Pietro Bartolo, eleito para o novo Parlamento Europeu como independente na lista do Partido Democr\u00e1tico com muitas prefer\u00eancias, sob a bandeira da &#8220;Democracia Solid\u00e1ria&#8221;, uma forma\u00e7\u00e3o c\u00edvica que remete \u00e0 experi\u00eancia da Comunidade de Santo Eg\u00eddio.<\/p>\n<p>Bartolo em 2017 declarou: &#8220;Em mais de 25 anos de atividade de campo em Lampedusa visitei mais de 300 mil migrantes e infelizmente cheguei ao recorde mundial de um m\u00e9dico na inspe\u00e7\u00f5es de cad\u00e1veres, alguns realmente arrasadores como no caso dos corpos sem vida de mulheres gr\u00e1vidas e crian\u00e7as&#8221;.<\/p>\n<p>Naturalmente Francisco n\u00e3o pensa apenas na It\u00e1lia e no Mediterr\u00e2neo.\u00a0Data de poucos dias a foto dram\u00e1tica do pai e do filho afogados no Rio Grande, na fronteira entre o M\u00e9xico e os Estados Unidos, uma foto que horrorizou o mundo inteiro e entristeceu profundamente o Papa.<\/p>\n<p>&#8220;O Santo Padre&#8221; &#8211; explicou Gisotti &#8211; deseja que o dia 8 de julho seja &#8220;um momento de m\u00e1ximo recolhimento&#8221;. Imprensa e meios de comunica\u00e7\u00e3o n\u00e3o ser\u00e3o permitidos na Bas\u00edlica. Mas haver\u00e1 um <em>streaming<\/em> ao vivo do portal do Vaticano <em>&#8220;Vatican Media&#8221;<\/em>. O mundo inteiro e todos os poderosos do mundo (de Trump a Salvini) poder\u00e3o ver com seus pr\u00f3prios olhos.<\/p>\n<hr \/>\n<p><em>A reportagem \u00e9 de Maria Antonietta Calabr\u00f2, publicada por Huffington Post, 01-07-2019. A tradu\u00e7\u00e3o \u00e9 de Luisa Rabolini (http:\/\/www.ihu.unisinos.br).<\/em><\/p>\n","protected":false},"excerpt":{"rendered":"<p>Missa para os Migrantes<\/p>\n","protected":false},"author":3,"featured_media":207379,"comment_status":"open","ping_status":"open","sticky":false,"template":"","format":"standard","meta":[],"categories":[1428],"tags":[1495,1494],"acf":[],"yoast_head":"<!-- This site is optimized with the Yoast SEO plugin v19.2 - https:\/\/yoast.com\/wordpress\/plugins\/seo\/ -->\n<title>Sem precedentes. Papa celebra Missa em S\u00e3o Pedro para migrantes e socorristas. - Not\u00edcias - Franciscanos<\/title>\n<meta name=\"robots\" content=\"index, follow, max-snippet:-1, max-image-preview:large, max-video-preview:-1\" \/>\n<link rel=\"canonical\" href=\"https:\/\/franciscanos.org.br\/noticias\/sem-precedentes-o-papa-celebrara-uma-missa-em-sao-pedro-para-migrantes-e-socorristas.html\" \/>\n<meta property=\"og:locale\" content=\"pt_BR\" \/>\n<meta property=\"og:type\" content=\"article\" \/>\n<meta property=\"og:title\" content=\"Sem precedentes. Papa celebra Missa em S\u00e3o Pedro para migrantes e socorristas. - Not\u00edcias - Franciscanos\" \/>\n<meta property=\"og:description\" content=\"Missa para os Migrantes\" \/>\n<meta property=\"og:url\" content=\"https:\/\/franciscanos.org.br\/noticias\/sem-precedentes-o-papa-celebrara-uma-missa-em-sao-pedro-para-migrantes-e-socorristas.html\" \/>\n<meta property=\"og:site_name\" content=\"Not\u00edcias - Franciscanos\" \/>\n<meta property=\"article:published_time\" content=\"2019-07-05T18:03:51+00:00\" \/>\n<meta property=\"article:modified_time\" content=\"2019-07-05T18:08:16+00:00\" \/>\n<meta property=\"og:image\" content=\"https:\/\/franciscanos.org.br\/noticias\/wp-content\/uploads\/2019\/07\/pedro_0507d.jpg\" \/>\n\t<meta property=\"og:image:width\" content=\"273\" \/>\n\t<meta property=\"og:image:height\" content=\"181\" \/>\n\t<meta property=\"og:image:type\" content=\"image\/jpeg\" \/>\n<meta name=\"author\" content=\"moacir\" \/>\n<meta name=\"twitter:card\" content=\"summary_large_image\" \/>\n<meta name=\"twitter:label1\" content=\"Escrito por\" \/>\n\t<meta name=\"twitter:data1\" content=\"moacir\" \/>\n\t<meta name=\"twitter:label2\" content=\"Est. tempo de leitura\" \/>\n\t<meta name=\"twitter:data2\" content=\"4 minutos\" \/>\n<script type=\"application\/ld+json\" class=\"yoast-schema-graph\">{\"@context\":\"https:\/\/schema.org\",\"@graph\":[{\"@type\":\"WebSite\",\"@id\":\"https:\/\/franciscanos.org.br\/noticias\/#website\",\"url\":\"https:\/\/franciscanos.org.br\/noticias\/\",\"name\":\"Not\u00edcias - Franciscanos\",\"description\":\"Prov\u00edncia Franciscana da Imaculada Concei\u00e7\u00e3o do Brasil - Ordem dos Frades Menores - OFM\",\"potentialAction\":[{\"@type\":\"SearchAction\",\"target\":{\"@type\":\"EntryPoint\",\"urlTemplate\":\"https:\/\/franciscanos.org.br\/noticias\/?s={search_term_string}\"},\"query-input\":\"required name=search_term_string\"}],\"inLanguage\":\"pt-BR\"},{\"@type\":\"ImageObject\",\"inLanguage\":\"pt-BR\",\"@id\":\"https:\/\/franciscanos.org.br\/noticias\/sem-precedentes-o-papa-celebrara-uma-missa-em-sao-pedro-para-migrantes-e-socorristas.html#primaryimage\",\"url\":\"https:\/\/franciscanos.org.br\/noticias\/wp-content\/uploads\/2019\/07\/pedro_0507d.jpg\",\"contentUrl\":\"https:\/\/franciscanos.org.br\/noticias\/wp-content\/uploads\/2019\/07\/pedro_0507d.jpg\",\"width\":273,\"height\":181},{\"@type\":\"WebPage\",\"@id\":\"https:\/\/franciscanos.org.br\/noticias\/sem-precedentes-o-papa-celebrara-uma-missa-em-sao-pedro-para-migrantes-e-socorristas.html#webpage\",\"url\":\"https:\/\/franciscanos.org.br\/noticias\/sem-precedentes-o-papa-celebrara-uma-missa-em-sao-pedro-para-migrantes-e-socorristas.html\",\"name\":\"Sem precedentes. Papa celebra Missa em S\u00e3o Pedro para migrantes e socorristas. - Not\u00edcias - Franciscanos\",\"isPartOf\":{\"@id\":\"https:\/\/franciscanos.org.br\/noticias\/#website\"},\"primaryImageOfPage\":{\"@id\":\"https:\/\/franciscanos.org.br\/noticias\/sem-precedentes-o-papa-celebrara-uma-missa-em-sao-pedro-para-migrantes-e-socorristas.html#primaryimage\"},\"datePublished\":\"2019-07-05T18:03:51+00:00\",\"dateModified\":\"2019-07-05T18:08:16+00:00\",\"author\":{\"@id\":\"https:\/\/franciscanos.org.br\/noticias\/#\/schema\/person\/b5c8cba458c330ccff548b056e95a5d4\"},\"breadcrumb\":{\"@id\":\"https:\/\/franciscanos.org.br\/noticias\/sem-precedentes-o-papa-celebrara-uma-missa-em-sao-pedro-para-migrantes-e-socorristas.html#breadcrumb\"},\"inLanguage\":\"pt-BR\",\"potentialAction\":[{\"@type\":\"ReadAction\",\"target\":[\"https:\/\/franciscanos.org.br\/noticias\/sem-precedentes-o-papa-celebrara-uma-missa-em-sao-pedro-para-migrantes-e-socorristas.html\"]}]},{\"@type\":\"BreadcrumbList\",\"@id\":\"https:\/\/franciscanos.org.br\/noticias\/sem-precedentes-o-papa-celebrara-uma-missa-em-sao-pedro-para-migrantes-e-socorristas.html#breadcrumb\",\"itemListElement\":[{\"@type\":\"ListItem\",\"position\":1,\"name\":\"Home\",\"item\":\"https:\/\/franciscanos.org.br\/noticias\"},{\"@type\":\"ListItem\",\"position\":2,\"name\":\"Sem precedentes. Papa celebra Missa em S\u00e3o Pedro para migrantes e socorristas.\"}]},{\"@type\":\"Person\",\"@id\":\"https:\/\/franciscanos.org.br\/noticias\/#\/schema\/person\/b5c8cba458c330ccff548b056e95a5d4\",\"name\":\"moacir\",\"image\":{\"@type\":\"ImageObject\",\"inLanguage\":\"pt-BR\",\"@id\":\"https:\/\/franciscanos.org.br\/noticias\/#\/schema\/person\/image\/\",\"url\":\"https:\/\/secure.gravatar.com\/avatar\/d08aa2ce4c8dd416d4479aa8536fcf64?s=96&d=mm&r=g\",\"contentUrl\":\"https:\/\/secure.gravatar.com\/avatar\/d08aa2ce4c8dd416d4479aa8536fcf64?s=96&d=mm&r=g\",\"caption\":\"moacir\"},\"url\":\"https:\/\/franciscanos.org.br\/noticias\/author\/moacir\"}]}<\/script>\n<!-- \/ Yoast SEO plugin. -->","yoast_head_json":{"title":"Sem precedentes. Papa celebra Missa em S\u00e3o Pedro para migrantes e socorristas. - Not\u00edcias - Franciscanos","robots":{"index":"index","follow":"follow","max-snippet":"max-snippet:-1","max-image-preview":"max-image-preview:large","max-video-preview":"max-video-preview:-1"},"canonical":"https:\/\/franciscanos.org.br\/noticias\/sem-precedentes-o-papa-celebrara-uma-missa-em-sao-pedro-para-migrantes-e-socorristas.html","og_locale":"pt_BR","og_type":"article","og_title":"Sem precedentes. Papa celebra Missa em S\u00e3o Pedro para migrantes e socorristas. - Not\u00edcias - Franciscanos","og_description":"Missa para os Migrantes","og_url":"https:\/\/franciscanos.org.br\/noticias\/sem-precedentes-o-papa-celebrara-uma-missa-em-sao-pedro-para-migrantes-e-socorristas.html","og_site_name":"Not\u00edcias - Franciscanos","article_published_time":"2019-07-05T18:03:51+00:00","article_modified_time":"2019-07-05T18:08:16+00:00","og_image":[{"width":273,"height":181,"url":"https:\/\/franciscanos.org.br\/noticias\/wp-content\/uploads\/2019\/07\/pedro_0507d.jpg","type":"image\/jpeg"}],"author":"moacir","twitter_card":"summary_large_image","twitter_misc":{"Escrito por":"moacir","Est. tempo de leitura":"4 minutos"},"schema":{"@context":"https:\/\/schema.org","@graph":[{"@type":"WebSite","@id":"https:\/\/franciscanos.org.br\/noticias\/#website","url":"https:\/\/franciscanos.org.br\/noticias\/","name":"Not\u00edcias - Franciscanos","description":"Prov\u00edncia Franciscana da Imaculada Concei\u00e7\u00e3o do Brasil - Ordem dos Frades Menores - OFM","potentialAction":[{"@type":"SearchAction","target":{"@type":"EntryPoint","urlTemplate":"https:\/\/franciscanos.org.br\/noticias\/?s={search_term_string}"},"query-input":"required name=search_term_string"}],"inLanguage":"pt-BR"},{"@type":"ImageObject","inLanguage":"pt-BR","@id":"https:\/\/franciscanos.org.br\/noticias\/sem-precedentes-o-papa-celebrara-uma-missa-em-sao-pedro-para-migrantes-e-socorristas.html#primaryimage","url":"https:\/\/franciscanos.org.br\/noticias\/wp-content\/uploads\/2019\/07\/pedro_0507d.jpg","contentUrl":"https:\/\/franciscanos.org.br\/noticias\/wp-content\/uploads\/2019\/07\/pedro_0507d.jpg","width":273,"height":181},{"@type":"WebPage","@id":"https:\/\/franciscanos.org.br\/noticias\/sem-precedentes-o-papa-celebrara-uma-missa-em-sao-pedro-para-migrantes-e-socorristas.html#webpage","url":"https:\/\/franciscanos.org.br\/noticias\/sem-precedentes-o-papa-celebrara-uma-missa-em-sao-pedro-para-migrantes-e-socorristas.html","name":"Sem precedentes. Papa celebra Missa em S\u00e3o Pedro para migrantes e socorristas. - Not\u00edcias - Franciscanos","isPartOf":{"@id":"https:\/\/franciscanos.org.br\/noticias\/#website"},"primaryImageOfPage":{"@id":"https:\/\/franciscanos.org.br\/noticias\/sem-precedentes-o-papa-celebrara-uma-missa-em-sao-pedro-para-migrantes-e-socorristas.html#primaryimage"},"datePublished":"2019-07-05T18:03:51+00:00","dateModified":"2019-07-05T18:08:16+00:00","author":{"@id":"https:\/\/franciscanos.org.br\/noticias\/#\/schema\/person\/b5c8cba458c330ccff548b056e95a5d4"},"breadcrumb":{"@id":"https:\/\/franciscanos.org.br\/noticias\/sem-precedentes-o-papa-celebrara-uma-missa-em-sao-pedro-para-migrantes-e-socorristas.html#breadcrumb"},"inLanguage":"pt-BR","potentialAction":[{"@type":"ReadAction","target":["https:\/\/franciscanos.org.br\/noticias\/sem-precedentes-o-papa-celebrara-uma-missa-em-sao-pedro-para-migrantes-e-socorristas.html"]}]},{"@type":"BreadcrumbList","@id":"https:\/\/franciscanos.org.br\/noticias\/sem-precedentes-o-papa-celebrara-uma-missa-em-sao-pedro-para-migrantes-e-socorristas.html#breadcrumb","itemListElement":[{"@type":"ListItem","position":1,"name":"Home","item":"https:\/\/franciscanos.org.br\/noticias"},{"@type":"ListItem","position":2,"name":"Sem precedentes. Papa celebra Missa em S\u00e3o Pedro para migrantes e socorristas."}]},{"@type":"Person","@id":"https:\/\/franciscanos.org.br\/noticias\/#\/schema\/person\/b5c8cba458c330ccff548b056e95a5d4","name":"moacir","image":{"@type":"ImageObject","inLanguage":"pt-BR","@id":"https:\/\/franciscanos.org.br\/noticias\/#\/schema\/person\/image\/","url":"https:\/\/secure.gravatar.com\/avatar\/d08aa2ce4c8dd416d4479aa8536fcf64?s=96&d=mm&r=g","contentUrl":"https:\/\/secure.gravatar.com\/avatar\/d08aa2ce4c8dd416d4479aa8536fcf64?s=96&d=mm&r=g","caption":"moacir"},"url":"https:\/\/franciscanos.org.br\/noticias\/author\/moacir"}]}},"_links":{"self":[{"href":"https:\/\/franciscanos.org.br\/noticias\/wp-json\/wp\/v2\/posts\/207377"}],"collection":[{"href":"https:\/\/franciscanos.org.br\/noticias\/wp-json\/wp\/v2\/posts"}],"about":[{"href":"https:\/\/franciscanos.org.br\/noticias\/wp-json\/wp\/v2\/types\/post"}],"author":[{"embeddable":true,"href":"https:\/\/franciscanos.org.br\/noticias\/wp-json\/wp\/v2\/users\/3"}],"replies":[{"embeddable":true,"href":"https:\/\/franciscanos.org.br\/noticias\/wp-json\/wp\/v2\/comments?post=207377"}],"version-history":[{"count":0,"href":"https:\/\/franciscanos.org.br\/noticias\/wp-json\/wp\/v2\/posts\/207377\/revisions"}],"wp:featuredmedia":[{"embeddable":true,"href":"https:\/\/franciscanos.org.br\/noticias\/wp-json\/wp\/v2\/media\/207379"}],"wp:attachment":[{"href":"https:\/\/franciscanos.org.br\/noticias\/wp-json\/wp\/v2\/media?parent=207377"}],"wp:term":[{"taxonomy":"category","embeddable":true,"href":"https:\/\/franciscanos.org.br\/noticias\/wp-json\/wp\/v2\/categories?post=207377"},{"taxonomy":"post_tag","embeddable":true,"href":"https:\/\/franciscanos.org.br\/noticias\/wp-json\/wp\/v2\/tags?post=207377"}],"curies":[{"name":"wp","href":"https:\/\/api.w.org\/{rel}","templated":true}]}}