{"id":207369,"date":"2019-07-05T12:41:34","date_gmt":"2019-07-05T15:41:34","guid":{"rendered":"https:\/\/franciscanos.org.br\/noticias\/?p=207369"},"modified":"2019-07-05T12:41:34","modified_gmt":"2019-07-05T15:41:34","slug":"paroquias-e-santuarios-querem-mais-comunicacao","status":"publish","type":"post","link":"https:\/\/franciscanos.org.br\/noticias\/paroquias-e-santuarios-querem-mais-comunicacao.html","title":{"rendered":"Par\u00f3quias e Santu\u00e1rios querem mais comunica\u00e7\u00e3o!"},"content":{"rendered":"<p><img loading=\"lazy\" class=\"alignnone size-full wp-image-207370\" src=\"https:\/\/franciscanos.org.br\/noticias\/wp-content\/uploads\/2019\/07\/curitiba_0507.jpg\" alt=\"\" width=\"980\" height=\"865\" srcset=\"https:\/\/franciscanos.org.br\/noticias\/wp-content\/uploads\/2019\/07\/curitiba_0507.jpg 980w, https:\/\/franciscanos.org.br\/noticias\/wp-content\/uploads\/2019\/07\/curitiba_0507-450x397.jpg 450w, https:\/\/franciscanos.org.br\/noticias\/wp-content\/uploads\/2019\/07\/curitiba_0507-768x678.jpg 768w, https:\/\/franciscanos.org.br\/noticias\/wp-content\/uploads\/2019\/07\/curitiba_0507-150x132.jpg 150w\" sizes=\"(max-width: 980px) 100vw, 980px\" \/><\/p>\n<p>Uma p\u00e1gina da Frente de Evangeliza\u00e7\u00e3o das Par\u00f3quias, Santu\u00e1rios e Centros de Acolhimento. Esta iniciativa foi pensada e aprovada na \u00faltima reuni\u00e3o dos frades da Frente em Rondinha, PR, nos dias 22 e 23 de maio. A constata\u00e7\u00e3o \u00e9 que nossa Frente, apesar de ser a que conta com mais frades em suas fileiras, pouco se comunica e acaba um tanto invis\u00edvel.<\/p>\n<p>Uma p\u00e1gina para qu\u00ea? Para:<\/p>\n<ul>\n<li>noticiar um pouco do que acontece em nossas par\u00f3quias, santu\u00e1rios e centros de acolhimento;<\/li>\n<li>partilhar nossas alegrias e desafios;<\/li>\n<li>chamar a aten\u00e7\u00e3o para eventos, textos etc que s\u00e3o particularmente relevantes para nosso campo espec\u00edfico de evangeliza\u00e7\u00e3o;<\/li>\n<li>oferecer reflex\u00f5es que possam iluminar nossa vida e a\u00e7\u00e3o;<\/li>\n<li>dar um pouco mais de visibilidade \u00e0 nossa Frente e cultivar o senso de perten\u00e7a a este corpo e<\/li>\n<li>interagir com as outras Frentes.<\/li>\n<\/ul>\n<p>Isto tudo visando, claro, os frades, mas tamb\u00e9m as pessoas envolvidas com nossas a\u00e7\u00f5es evangelizadoras. \u00c9 sonhar grande demais?<\/p>\n<p>No que se refere \u00e0 informa\u00e7\u00e3o e forma\u00e7\u00e3o, n\u00e3o queremos substituir as muitas \u201cp\u00e1ginas\u201d que cada um pode acessar. As pitadas que publicaremos em nossa p\u00e1gina ser\u00e3o justamente um incentivo para n\u00e3o nos acomodarmos na mesmice e nas limita\u00e7\u00f5es do que sempre fazemos.<\/p>\n<p>Vai funcionar? Certamente muitos dir\u00e3o com ceticismo: \u201cIsso n\u00e3o vai longe\u201d. Pode ser, depende de n\u00f3s. Outras Frentes j\u00e1 contam com profissionais contratados para registrar e publicar as coisas. N\u00e3o \u00e9 o nosso caso. N\u00f3s mesmos teremos que meter a m\u00e3o e come\u00e7ar a fazer aquilo que em nossa Frente pouco temos feito: partilhar, dialogar. Frei Andr\u00e9 Becker, Frei Nelson Hillesheim e eu, equipe indicada para animar a Frente, vamos cutucar pedindo colabora\u00e7\u00e3o.<\/p>\n<p>A colabora\u00e7\u00e3o de sua Fraternidade seja enviada para o endere\u00e7o eletr\u00f4nico <a href=\"mailto:comunicao@franciscanos.org.br\">comunicao@franciscanos.org.br<\/a><\/p>\n<p>Lembro que comunica\u00e7\u00e3o vem do latim <em>cum <\/em>m\u00fanus, com a mesma miss\u00e3o. O que nos une \u00e9 a miss\u00e3o evangelizadora. M\u00e3os \u00e0 obra! Fa\u00e7amos valer a pena.<\/p>\n<p>O Senhor lhes d\u00ea a paz!<\/p>\n<p><strong>Frei Ant\u00f4nio Michels<\/strong>,<\/p>\n<p>P\u00e1roco de Mangueirinha, PR, animador da Frente das Par\u00f3quias, Santu\u00e1rios e Centros de Acolhimento.<\/p>\n","protected":false},"excerpt":{"rendered":"<p>Frente de Evangeliza\u00e7\u00e3o das Par\u00f3quias, Santu\u00e1rios e Centros de Acolhimento<\/p>\n","protected":false},"author":3,"featured_media":207371,"comment_status":"open","ping_status":"open","sticky":false,"template":"","format":"standard","meta":[],"categories":[1488],"tags":[1145],"acf":[],"yoast_head":"<!-- This site is optimized with the Yoast SEO plugin v19.2 - https:\/\/yoast.com\/wordpress\/plugins\/seo\/ -->\n<title>Par\u00f3quias e Santu\u00e1rios querem mais comunica\u00e7\u00e3o! - Not\u00edcias - Franciscanos<\/title>\n<meta name=\"robots\" content=\"index, follow, max-snippet:-1, max-image-preview:large, max-video-preview:-1\" \/>\n<link rel=\"canonical\" href=\"https:\/\/franciscanos.org.br\/noticias\/paroquias-e-santuarios-querem-mais-comunicacao.html\" \/>\n<meta property=\"og:locale\" content=\"pt_BR\" \/>\n<meta property=\"og:type\" content=\"article\" \/>\n<meta property=\"og:title\" content=\"Par\u00f3quias e Santu\u00e1rios querem mais comunica\u00e7\u00e3o! - Not\u00edcias - Franciscanos\" \/>\n<meta property=\"og:description\" content=\"Frente de Evangeliza\u00e7\u00e3o das Par\u00f3quias, Santu\u00e1rios e Centros de Acolhimento\" \/>\n<meta property=\"og:url\" content=\"https:\/\/franciscanos.org.br\/noticias\/paroquias-e-santuarios-querem-mais-comunicacao.html\" \/>\n<meta property=\"og:site_name\" content=\"Not\u00edcias - Franciscanos\" \/>\n<meta property=\"article:published_time\" content=\"2019-07-05T15:41:34+00:00\" \/>\n<meta property=\"og:image\" content=\"https:\/\/franciscanos.org.br\/noticias\/wp-content\/uploads\/2019\/07\/curitiba_0507d.jpg\" \/>\n\t<meta property=\"og:image:width\" content=\"273\" \/>\n\t<meta property=\"og:image:height\" content=\"181\" \/>\n\t<meta property=\"og:image:type\" content=\"image\/jpeg\" \/>\n<meta name=\"author\" content=\"moacir\" \/>\n<meta name=\"twitter:card\" content=\"summary_large_image\" \/>\n<meta name=\"twitter:label1\" content=\"Escrito por\" \/>\n\t<meta name=\"twitter:data1\" content=\"moacir\" \/>\n\t<meta name=\"twitter:label2\" content=\"Est. tempo de leitura\" \/>\n\t<meta name=\"twitter:data2\" content=\"2 minutos\" \/>\n<script type=\"application\/ld+json\" class=\"yoast-schema-graph\">{\"@context\":\"https:\/\/schema.org\",\"@graph\":[{\"@type\":\"WebSite\",\"@id\":\"https:\/\/franciscanos.org.br\/noticias\/#website\",\"url\":\"https:\/\/franciscanos.org.br\/noticias\/\",\"name\":\"Not\u00edcias - Franciscanos\",\"description\":\"Prov\u00edncia Franciscana da Imaculada Concei\u00e7\u00e3o do Brasil - Ordem dos Frades Menores - OFM\",\"potentialAction\":[{\"@type\":\"SearchAction\",\"target\":{\"@type\":\"EntryPoint\",\"urlTemplate\":\"https:\/\/franciscanos.org.br\/noticias\/?s={search_term_string}\"},\"query-input\":\"required name=search_term_string\"}],\"inLanguage\":\"pt-BR\"},{\"@type\":\"ImageObject\",\"inLanguage\":\"pt-BR\",\"@id\":\"https:\/\/franciscanos.org.br\/noticias\/paroquias-e-santuarios-querem-mais-comunicacao.html#primaryimage\",\"url\":\"https:\/\/franciscanos.org.br\/noticias\/wp-content\/uploads\/2019\/07\/curitiba_0507d.jpg\",\"contentUrl\":\"https:\/\/franciscanos.org.br\/noticias\/wp-content\/uploads\/2019\/07\/curitiba_0507d.jpg\",\"width\":273,\"height\":181},{\"@type\":\"WebPage\",\"@id\":\"https:\/\/franciscanos.org.br\/noticias\/paroquias-e-santuarios-querem-mais-comunicacao.html#webpage\",\"url\":\"https:\/\/franciscanos.org.br\/noticias\/paroquias-e-santuarios-querem-mais-comunicacao.html\",\"name\":\"Par\u00f3quias e Santu\u00e1rios querem mais comunica\u00e7\u00e3o! - Not\u00edcias - Franciscanos\",\"isPartOf\":{\"@id\":\"https:\/\/franciscanos.org.br\/noticias\/#website\"},\"primaryImageOfPage\":{\"@id\":\"https:\/\/franciscanos.org.br\/noticias\/paroquias-e-santuarios-querem-mais-comunicacao.html#primaryimage\"},\"datePublished\":\"2019-07-05T15:41:34+00:00\",\"dateModified\":\"2019-07-05T15:41:34+00:00\",\"author\":{\"@id\":\"https:\/\/franciscanos.org.br\/noticias\/#\/schema\/person\/b5c8cba458c330ccff548b056e95a5d4\"},\"breadcrumb\":{\"@id\":\"https:\/\/franciscanos.org.br\/noticias\/paroquias-e-santuarios-querem-mais-comunicacao.html#breadcrumb\"},\"inLanguage\":\"pt-BR\",\"potentialAction\":[{\"@type\":\"ReadAction\",\"target\":[\"https:\/\/franciscanos.org.br\/noticias\/paroquias-e-santuarios-querem-mais-comunicacao.html\"]}]},{\"@type\":\"BreadcrumbList\",\"@id\":\"https:\/\/franciscanos.org.br\/noticias\/paroquias-e-santuarios-querem-mais-comunicacao.html#breadcrumb\",\"itemListElement\":[{\"@type\":\"ListItem\",\"position\":1,\"name\":\"Home\",\"item\":\"https:\/\/franciscanos.org.br\/noticias\"},{\"@type\":\"ListItem\",\"position\":2,\"name\":\"Par\u00f3quias e Santu\u00e1rios querem mais comunica\u00e7\u00e3o!\"}]},{\"@type\":\"Person\",\"@id\":\"https:\/\/franciscanos.org.br\/noticias\/#\/schema\/person\/b5c8cba458c330ccff548b056e95a5d4\",\"name\":\"moacir\",\"image\":{\"@type\":\"ImageObject\",\"inLanguage\":\"pt-BR\",\"@id\":\"https:\/\/franciscanos.org.br\/noticias\/#\/schema\/person\/image\/\",\"url\":\"https:\/\/secure.gravatar.com\/avatar\/d08aa2ce4c8dd416d4479aa8536fcf64?s=96&d=mm&r=g\",\"contentUrl\":\"https:\/\/secure.gravatar.com\/avatar\/d08aa2ce4c8dd416d4479aa8536fcf64?s=96&d=mm&r=g\",\"caption\":\"moacir\"},\"url\":\"https:\/\/franciscanos.org.br\/noticias\/author\/moacir\"}]}<\/script>\n<!-- \/ Yoast SEO plugin. -->","yoast_head_json":{"title":"Par\u00f3quias e Santu\u00e1rios querem mais comunica\u00e7\u00e3o! - Not\u00edcias - Franciscanos","robots":{"index":"index","follow":"follow","max-snippet":"max-snippet:-1","max-image-preview":"max-image-preview:large","max-video-preview":"max-video-preview:-1"},"canonical":"https:\/\/franciscanos.org.br\/noticias\/paroquias-e-santuarios-querem-mais-comunicacao.html","og_locale":"pt_BR","og_type":"article","og_title":"Par\u00f3quias e Santu\u00e1rios querem mais comunica\u00e7\u00e3o! - Not\u00edcias - Franciscanos","og_description":"Frente de Evangeliza\u00e7\u00e3o das Par\u00f3quias, Santu\u00e1rios e Centros de Acolhimento","og_url":"https:\/\/franciscanos.org.br\/noticias\/paroquias-e-santuarios-querem-mais-comunicacao.html","og_site_name":"Not\u00edcias - Franciscanos","article_published_time":"2019-07-05T15:41:34+00:00","og_image":[{"width":273,"height":181,"url":"https:\/\/franciscanos.org.br\/noticias\/wp-content\/uploads\/2019\/07\/curitiba_0507d.jpg","type":"image\/jpeg"}],"author":"moacir","twitter_card":"summary_large_image","twitter_misc":{"Escrito por":"moacir","Est. tempo de leitura":"2 minutos"},"schema":{"@context":"https:\/\/schema.org","@graph":[{"@type":"WebSite","@id":"https:\/\/franciscanos.org.br\/noticias\/#website","url":"https:\/\/franciscanos.org.br\/noticias\/","name":"Not\u00edcias - Franciscanos","description":"Prov\u00edncia Franciscana da Imaculada Concei\u00e7\u00e3o do Brasil - Ordem dos Frades Menores - OFM","potentialAction":[{"@type":"SearchAction","target":{"@type":"EntryPoint","urlTemplate":"https:\/\/franciscanos.org.br\/noticias\/?s={search_term_string}"},"query-input":"required name=search_term_string"}],"inLanguage":"pt-BR"},{"@type":"ImageObject","inLanguage":"pt-BR","@id":"https:\/\/franciscanos.org.br\/noticias\/paroquias-e-santuarios-querem-mais-comunicacao.html#primaryimage","url":"https:\/\/franciscanos.org.br\/noticias\/wp-content\/uploads\/2019\/07\/curitiba_0507d.jpg","contentUrl":"https:\/\/franciscanos.org.br\/noticias\/wp-content\/uploads\/2019\/07\/curitiba_0507d.jpg","width":273,"height":181},{"@type":"WebPage","@id":"https:\/\/franciscanos.org.br\/noticias\/paroquias-e-santuarios-querem-mais-comunicacao.html#webpage","url":"https:\/\/franciscanos.org.br\/noticias\/paroquias-e-santuarios-querem-mais-comunicacao.html","name":"Par\u00f3quias e Santu\u00e1rios querem mais comunica\u00e7\u00e3o! - Not\u00edcias - Franciscanos","isPartOf":{"@id":"https:\/\/franciscanos.org.br\/noticias\/#website"},"primaryImageOfPage":{"@id":"https:\/\/franciscanos.org.br\/noticias\/paroquias-e-santuarios-querem-mais-comunicacao.html#primaryimage"},"datePublished":"2019-07-05T15:41:34+00:00","dateModified":"2019-07-05T15:41:34+00:00","author":{"@id":"https:\/\/franciscanos.org.br\/noticias\/#\/schema\/person\/b5c8cba458c330ccff548b056e95a5d4"},"breadcrumb":{"@id":"https:\/\/franciscanos.org.br\/noticias\/paroquias-e-santuarios-querem-mais-comunicacao.html#breadcrumb"},"inLanguage":"pt-BR","potentialAction":[{"@type":"ReadAction","target":["https:\/\/franciscanos.org.br\/noticias\/paroquias-e-santuarios-querem-mais-comunicacao.html"]}]},{"@type":"BreadcrumbList","@id":"https:\/\/franciscanos.org.br\/noticias\/paroquias-e-santuarios-querem-mais-comunicacao.html#breadcrumb","itemListElement":[{"@type":"ListItem","position":1,"name":"Home","item":"https:\/\/franciscanos.org.br\/noticias"},{"@type":"ListItem","position":2,"name":"Par\u00f3quias e Santu\u00e1rios querem mais comunica\u00e7\u00e3o!"}]},{"@type":"Person","@id":"https:\/\/franciscanos.org.br\/noticias\/#\/schema\/person\/b5c8cba458c330ccff548b056e95a5d4","name":"moacir","image":{"@type":"ImageObject","inLanguage":"pt-BR","@id":"https:\/\/franciscanos.org.br\/noticias\/#\/schema\/person\/image\/","url":"https:\/\/secure.gravatar.com\/avatar\/d08aa2ce4c8dd416d4479aa8536fcf64?s=96&d=mm&r=g","contentUrl":"https:\/\/secure.gravatar.com\/avatar\/d08aa2ce4c8dd416d4479aa8536fcf64?s=96&d=mm&r=g","caption":"moacir"},"url":"https:\/\/franciscanos.org.br\/noticias\/author\/moacir"}]}},"_links":{"self":[{"href":"https:\/\/franciscanos.org.br\/noticias\/wp-json\/wp\/v2\/posts\/207369"}],"collection":[{"href":"https:\/\/franciscanos.org.br\/noticias\/wp-json\/wp\/v2\/posts"}],"about":[{"href":"https:\/\/franciscanos.org.br\/noticias\/wp-json\/wp\/v2\/types\/post"}],"author":[{"embeddable":true,"href":"https:\/\/franciscanos.org.br\/noticias\/wp-json\/wp\/v2\/users\/3"}],"replies":[{"embeddable":true,"href":"https:\/\/franciscanos.org.br\/noticias\/wp-json\/wp\/v2\/comments?post=207369"}],"version-history":[{"count":0,"href":"https:\/\/franciscanos.org.br\/noticias\/wp-json\/wp\/v2\/posts\/207369\/revisions"}],"wp:featuredmedia":[{"embeddable":true,"href":"https:\/\/franciscanos.org.br\/noticias\/wp-json\/wp\/v2\/media\/207371"}],"wp:attachment":[{"href":"https:\/\/franciscanos.org.br\/noticias\/wp-json\/wp\/v2\/media?parent=207369"}],"wp:term":[{"taxonomy":"category","embeddable":true,"href":"https:\/\/franciscanos.org.br\/noticias\/wp-json\/wp\/v2\/categories?post=207369"},{"taxonomy":"post_tag","embeddable":true,"href":"https:\/\/franciscanos.org.br\/noticias\/wp-json\/wp\/v2\/tags?post=207369"}],"curies":[{"name":"wp","href":"https:\/\/api.w.org\/{rel}","templated":true}]}}