{"id":20711,"date":"2012-07-30T07:00:06","date_gmt":"2012-07-30T10:00:06","guid":{"rendered":"http:\/\/new.franciscanos.org.br\/?p=20711"},"modified":"2019-10-30T11:16:03","modified_gmt":"2019-10-30T14:16:03","slug":"3o-encontro-nacional-da-pascom-algumas-provocacoes","status":"publish","type":"post","link":"https:\/\/franciscanos.org.br\/noticias\/3o-encontro-nacional-da-pascom-algumas-provocacoes.html","title":{"rendered":"3\u00ba Encontro Nacional da Pascom: algumas provoca\u00e7\u00f5es"},"content":{"rendered":"<p><strong><img loading=\"lazy\" class=\"alignright size-full wp-image-20712\" title=\"2804_230712\" src=\"http:\/\/franciscanos.org.br\/wp-content\/uploads\/2012\/07\/2804_230712.jpg\" alt=\"\" width=\"450\" height=\"300\" \/><\/strong><\/p>\n<p><img loading=\"lazy\" src=\"https:\/\/franciscanos.org.br\/noticias\/wp-content\/uploads\/2012\/07\/2804_230712-1xx.jpg\" alt=\"\" width=\"820\" height=\"547\" \/><\/p>\n<p>&nbsp;<\/p>\n<p><strong>Por Frei Gustavo Wayand Medella<\/strong><\/p>\n<p>O 3\u00ba Encontro Nacional da Pastoral da Comunica\u00e7\u00e3o (Pascom) reuniu, entre os dias 19 e 22 de julho, quase seiscentas pessoas de todas as regi\u00f5es do pa\u00eds em Aparecida, SP. Agentes de pastoral, profissionais, professores, ministros ordenados, todos se debru\u00e7aram sobre a tem\u00e1tica da comunica\u00e7\u00e3o e de que forma ela perpassa a vida e a miss\u00e3o da Igreja. Da Prov\u00edncia da Imaculada, estiveram presentes Frei Alexandre Rohling, Frei Alvaci Mendes da Luz, ambos do Pr\u00f3-Voca\u00e7\u00f5es e Miss\u00f5es Franciscanas, Frei Lindolfo Jasper, da Funda\u00e7\u00e3o Frei Rog\u00e9rio, de Curitibanos, e Frei Gustavo Medella, do Semin\u00e1rio S\u00e3o Francisco e da Pascom da Diocese de Rio do Sul.<\/p>\n<p>O encontro foi marcado por momentos de ora\u00e7\u00e3o, palestras, discuss\u00f5es, troca de ideias e experi\u00eancias, interc\u00e2mbio e anima\u00e7\u00e3o m\u00fatua. Muitos desafios tamb\u00e9m foram levantados. O texto que segue n\u00e3o se pretende um relato nem uma reportagem do acontecido. A inten\u00e7\u00e3o \u00e9 oferecer algumas provoca\u00e7\u00f5es que tamb\u00e9m podem ser pertinentes \u00e0 vida e \u00e0 miss\u00e3o dos frades da Prov\u00edncia no ambiente onde vivem e trabalham.<\/p>\n<p>\u2022 A coer\u00eancia entre o que se comunica e o que se vive \u00e9 elemento fundamental da Comunica\u00e7\u00e3o Crist\u00e3. Este elemento foi recorrente entre os conferencistas. Tal considera\u00e7\u00e3o esteve presente nas coloca\u00e7\u00f5es do professor e jornalista Carlos Alberto di Franco, na Confer\u00eancia de Abertura, na mensagem do Presidente do Pontif\u00edcio Conselho para as Comunica\u00e7\u00f5es Sociais, Dom Cl\u00e1udio Maria Celli, que falou ao vivo do Vaticano atrav\u00e9s de videoconfer\u00eancia e tamb\u00e9m na coloca\u00e7\u00e3o de Padre Manoel Filho, da Arquidiocese de Salvador. Professor Carlos Alberto di Franco lembrou que a transmiss\u00e3o de uma mensagem sem ambiguidade \u00e9 fonte de credibilidade para uma organiza\u00e7\u00e3o; Dom Celli enfatizou que a contradi\u00e7\u00e3o entre mensagem e vida pr\u00e1tica pode levar o crist\u00e3o a ser um falso profeta e Padre Manoel lembrou que todo o servi\u00e7o de comunica\u00e7\u00e3o deve ser exercido a partir da m\u00edstica martirial, perpassando a dimens\u00e3o do fazer e, muito mais, do ser.<\/p>\n<p>\u2022 As novas tecnologias e todas as facilidades que elas apresentam (encurtamento de dist\u00e2ncias, grande fluxo de circula\u00e7\u00e3o de informa\u00e7\u00f5es, aumento das possibilidades de intera\u00e7\u00e3o) t\u00eam provocado significativas mudan\u00e7as no seio da sociedade. A lida com o mundo da tecnologia e com o modelo humano gestado nesta cultura n\u00e3o \u00e9 mais uma quest\u00e3o de escolha, mas se trata de um fato, de algo que mexe profundamente na estrutura da humanidade e, consequentemente, na vida da Igreja. O di\u00e1logo neste campo torna-se fundamental.<\/p>\n<p>\u2022 Os comunicadores crist\u00e3os podem, e devem, lan\u00e7ar m\u00e3o de todos os recursos t\u00e9cnicos dispon\u00edveis. No entanto, tudo isto deve estar a servi\u00e7o da comunica\u00e7\u00e3o do Evangelho, da comunica\u00e7\u00e3o de Cristo. \u00c9 necess\u00e1rio aten\u00e7\u00e3o para n\u00e3o se cair no comodismo da superficialidade da comunica\u00e7\u00e3o de uma mensagem que seja agrad\u00e1vel \u00e0s massas, por\u00e9m pouco conforme aos valores pr\u00f3prios do Evangelho.<\/p>\n<p>\u2022 Profissionalismo \u00e9 fundamental. Para al\u00e9m da boa vontade e das melhores inten\u00e7\u00f5es, um bom servi\u00e7o de comunica\u00e7\u00e3o passa pela devida qualifica\u00e7\u00e3o dos agentes, pelo aprofundamento e estudo dos fen\u00f4menos comunicacionais e pelo investimento em forma\u00e7\u00e3o neste campo.<\/p>\n<p>\u2022 O trabalho em rede deve ser priorizado. Muitas iniciativas s\u00e3o realizadas pela Igreja na \u00e1rea de Comunica\u00e7\u00e3o. No entanto, a falta de interc\u00e2mbio e sintonia pode gerar desgaste e excesso de trabalho desnecess\u00e1rio. A Igreja est\u00e1 dando passos no sentido de unificar seus esfor\u00e7os nesta \u00e1rea. Merece destaque o trabalho de implanta\u00e7\u00e3o da Rede de Inform\u00e1tica da Igreja no Brasil (RIIBRA).<\/p>\n<p>\u2022 A comunica\u00e7\u00e3o se faz presente em toda a miss\u00e3o da Igreja. Trata-se de um elemento transversal que perpassa toda a dimens\u00e3o teol\u00f3gica, pastoral, sacramental. Desta forma, a Pastoral da Comunica\u00e7\u00e3o n\u00e3o deve ser compreendida de forma compartimentada ou instrumentalizada, apenas como um servi\u00e7o espec\u00edfico que se ocupa na produ\u00e7\u00e3o de material audiovisual, na transmiss\u00e3o de informa\u00e7\u00f5es e not\u00edcias para imprensa, na divulga\u00e7\u00e3o de eventos da comunidade. Mas uma vez se volta na necessidade de supera\u00e7\u00e3o da l\u00f3gica dicot\u00f4mica que prega o div\u00f3rcio entre o ser e o fazer.<\/p>\n<p>\u2022 O semin\u00e1rios por \u00e1rea de interesse (r\u00e1dio, internet, capta\u00e7\u00e3o de recursos etc.) tamb\u00e9m se apresentaram como importante f\u00f3rum de m\u00fatua anima\u00e7\u00e3o e aprendizado. Experi\u00eancias realizadas em diferentes dioceses deram ideia do mosaico composto pelas a\u00e7\u00f5es comunicacionais na Igreja.<\/p>\n<p>Quem tiver interesse em se aprofundar nos temas e nas not\u00edcias do 3\u00ba Encontro Nacional da Pascom pode encontrar material no site da CNBB (cnbb.org.br).<\/p>\n","protected":false},"excerpt":{"rendered":"<p>Pascom<\/p>\n","protected":false},"author":1,"featured_media":212986,"comment_status":"closed","ping_status":"closed","sticky":false,"template":"","format":"standard","meta":[],"categories":[1],"tags":[647],"acf":[],"yoast_head":"<!-- This site is optimized with the Yoast SEO plugin v19.2 - https:\/\/yoast.com\/wordpress\/plugins\/seo\/ -->\n<title>3\u00ba Encontro Nacional da Pascom: algumas provoca\u00e7\u00f5es - Not\u00edcias - Franciscanos<\/title>\n<meta name=\"robots\" content=\"index, follow, max-snippet:-1, max-image-preview:large, max-video-preview:-1\" \/>\n<link rel=\"canonical\" href=\"https:\/\/franciscanos.org.br\/noticias\/3o-encontro-nacional-da-pascom-algumas-provocacoes.html\" \/>\n<meta property=\"og:locale\" content=\"pt_BR\" \/>\n<meta property=\"og:type\" content=\"article\" \/>\n<meta property=\"og:title\" content=\"3\u00ba Encontro Nacional da Pascom: algumas provoca\u00e7\u00f5es - Not\u00edcias - Franciscanos\" \/>\n<meta property=\"og:description\" content=\"Pascom\" \/>\n<meta property=\"og:url\" content=\"https:\/\/franciscanos.org.br\/noticias\/3o-encontro-nacional-da-pascom-algumas-provocacoes.html\" \/>\n<meta property=\"og:site_name\" content=\"Not\u00edcias - Franciscanos\" \/>\n<meta property=\"article:published_time\" content=\"2012-07-30T10:00:06+00:00\" \/>\n<meta property=\"article:modified_time\" content=\"2019-10-30T14:16:03+00:00\" \/>\n<meta property=\"og:image\" content=\"https:\/\/franciscanos.org.br\/noticias\/wp-content\/uploads\/2012\/07\/2804_230712-1-1.jpg\" \/>\n\t<meta property=\"og:image:width\" content=\"273\" \/>\n\t<meta property=\"og:image:height\" content=\"181\" \/>\n\t<meta property=\"og:image:type\" content=\"image\/jpeg\" \/>\n<meta name=\"author\" content=\"admin\" \/>\n<meta name=\"twitter:card\" content=\"summary_large_image\" \/>\n<meta name=\"twitter:label1\" content=\"Escrito por\" \/>\n\t<meta name=\"twitter:data1\" content=\"admin\" \/>\n\t<meta name=\"twitter:label2\" content=\"Est. tempo de leitura\" \/>\n\t<meta name=\"twitter:data2\" content=\"4 minutos\" \/>\n<script type=\"application\/ld+json\" class=\"yoast-schema-graph\">{\"@context\":\"https:\/\/schema.org\",\"@graph\":[{\"@type\":\"WebSite\",\"@id\":\"https:\/\/franciscanos.org.br\/noticias\/#website\",\"url\":\"https:\/\/franciscanos.org.br\/noticias\/\",\"name\":\"Not\u00edcias - Franciscanos\",\"description\":\"Prov\u00edncia Franciscana da Imaculada Concei\u00e7\u00e3o do Brasil - Ordem dos Frades Menores - OFM\",\"potentialAction\":[{\"@type\":\"SearchAction\",\"target\":{\"@type\":\"EntryPoint\",\"urlTemplate\":\"https:\/\/franciscanos.org.br\/noticias\/?s={search_term_string}\"},\"query-input\":\"required name=search_term_string\"}],\"inLanguage\":\"pt-BR\"},{\"@type\":\"ImageObject\",\"inLanguage\":\"pt-BR\",\"@id\":\"https:\/\/franciscanos.org.br\/noticias\/3o-encontro-nacional-da-pascom-algumas-provocacoes.html#primaryimage\",\"url\":\"https:\/\/franciscanos.org.br\/noticias\/wp-content\/uploads\/2012\/07\/2804_230712-1-1.jpg\",\"contentUrl\":\"https:\/\/franciscanos.org.br\/noticias\/wp-content\/uploads\/2012\/07\/2804_230712-1-1.jpg\",\"width\":273,\"height\":181},{\"@type\":\"WebPage\",\"@id\":\"https:\/\/franciscanos.org.br\/noticias\/3o-encontro-nacional-da-pascom-algumas-provocacoes.html#webpage\",\"url\":\"https:\/\/franciscanos.org.br\/noticias\/3o-encontro-nacional-da-pascom-algumas-provocacoes.html\",\"name\":\"3\u00ba Encontro Nacional da Pascom: algumas provoca\u00e7\u00f5es - Not\u00edcias - Franciscanos\",\"isPartOf\":{\"@id\":\"https:\/\/franciscanos.org.br\/noticias\/#website\"},\"primaryImageOfPage\":{\"@id\":\"https:\/\/franciscanos.org.br\/noticias\/3o-encontro-nacional-da-pascom-algumas-provocacoes.html#primaryimage\"},\"datePublished\":\"2012-07-30T10:00:06+00:00\",\"dateModified\":\"2019-10-30T14:16:03+00:00\",\"author\":{\"@id\":\"https:\/\/franciscanos.org.br\/noticias\/#\/schema\/person\/b38fbf43118f02820bd932f2e4b14ad3\"},\"breadcrumb\":{\"@id\":\"https:\/\/franciscanos.org.br\/noticias\/3o-encontro-nacional-da-pascom-algumas-provocacoes.html#breadcrumb\"},\"inLanguage\":\"pt-BR\",\"potentialAction\":[{\"@type\":\"ReadAction\",\"target\":[\"https:\/\/franciscanos.org.br\/noticias\/3o-encontro-nacional-da-pascom-algumas-provocacoes.html\"]}]},{\"@type\":\"BreadcrumbList\",\"@id\":\"https:\/\/franciscanos.org.br\/noticias\/3o-encontro-nacional-da-pascom-algumas-provocacoes.html#breadcrumb\",\"itemListElement\":[{\"@type\":\"ListItem\",\"position\":1,\"name\":\"Home\",\"item\":\"https:\/\/franciscanos.org.br\/noticias\"},{\"@type\":\"ListItem\",\"position\":2,\"name\":\"3\u00ba Encontro Nacional da Pascom: algumas provoca\u00e7\u00f5es\"}]},{\"@type\":\"Person\",\"@id\":\"https:\/\/franciscanos.org.br\/noticias\/#\/schema\/person\/b38fbf43118f02820bd932f2e4b14ad3\",\"name\":\"admin\",\"image\":{\"@type\":\"ImageObject\",\"inLanguage\":\"pt-BR\",\"@id\":\"https:\/\/franciscanos.org.br\/noticias\/#\/schema\/person\/image\/\",\"url\":\"https:\/\/secure.gravatar.com\/avatar\/e8495742d34d0ba6448ea1c628263b3e?s=96&d=mm&r=g\",\"contentUrl\":\"https:\/\/secure.gravatar.com\/avatar\/e8495742d34d0ba6448ea1c628263b3e?s=96&d=mm&r=g\",\"caption\":\"admin\"},\"url\":\"https:\/\/franciscanos.org.br\/noticias\/author\/admin\"}]}<\/script>\n<!-- \/ Yoast SEO plugin. -->","yoast_head_json":{"title":"3\u00ba Encontro Nacional da Pascom: algumas provoca\u00e7\u00f5es - Not\u00edcias - Franciscanos","robots":{"index":"index","follow":"follow","max-snippet":"max-snippet:-1","max-image-preview":"max-image-preview:large","max-video-preview":"max-video-preview:-1"},"canonical":"https:\/\/franciscanos.org.br\/noticias\/3o-encontro-nacional-da-pascom-algumas-provocacoes.html","og_locale":"pt_BR","og_type":"article","og_title":"3\u00ba Encontro Nacional da Pascom: algumas provoca\u00e7\u00f5es - Not\u00edcias - Franciscanos","og_description":"Pascom","og_url":"https:\/\/franciscanos.org.br\/noticias\/3o-encontro-nacional-da-pascom-algumas-provocacoes.html","og_site_name":"Not\u00edcias - Franciscanos","article_published_time":"2012-07-30T10:00:06+00:00","article_modified_time":"2019-10-30T14:16:03+00:00","og_image":[{"width":273,"height":181,"url":"https:\/\/franciscanos.org.br\/noticias\/wp-content\/uploads\/2012\/07\/2804_230712-1-1.jpg","type":"image\/jpeg"}],"author":"admin","twitter_card":"summary_large_image","twitter_misc":{"Escrito por":"admin","Est. tempo de leitura":"4 minutos"},"schema":{"@context":"https:\/\/schema.org","@graph":[{"@type":"WebSite","@id":"https:\/\/franciscanos.org.br\/noticias\/#website","url":"https:\/\/franciscanos.org.br\/noticias\/","name":"Not\u00edcias - Franciscanos","description":"Prov\u00edncia Franciscana da Imaculada Concei\u00e7\u00e3o do Brasil - Ordem dos Frades Menores - OFM","potentialAction":[{"@type":"SearchAction","target":{"@type":"EntryPoint","urlTemplate":"https:\/\/franciscanos.org.br\/noticias\/?s={search_term_string}"},"query-input":"required name=search_term_string"}],"inLanguage":"pt-BR"},{"@type":"ImageObject","inLanguage":"pt-BR","@id":"https:\/\/franciscanos.org.br\/noticias\/3o-encontro-nacional-da-pascom-algumas-provocacoes.html#primaryimage","url":"https:\/\/franciscanos.org.br\/noticias\/wp-content\/uploads\/2012\/07\/2804_230712-1-1.jpg","contentUrl":"https:\/\/franciscanos.org.br\/noticias\/wp-content\/uploads\/2012\/07\/2804_230712-1-1.jpg","width":273,"height":181},{"@type":"WebPage","@id":"https:\/\/franciscanos.org.br\/noticias\/3o-encontro-nacional-da-pascom-algumas-provocacoes.html#webpage","url":"https:\/\/franciscanos.org.br\/noticias\/3o-encontro-nacional-da-pascom-algumas-provocacoes.html","name":"3\u00ba Encontro Nacional da Pascom: algumas provoca\u00e7\u00f5es - Not\u00edcias - Franciscanos","isPartOf":{"@id":"https:\/\/franciscanos.org.br\/noticias\/#website"},"primaryImageOfPage":{"@id":"https:\/\/franciscanos.org.br\/noticias\/3o-encontro-nacional-da-pascom-algumas-provocacoes.html#primaryimage"},"datePublished":"2012-07-30T10:00:06+00:00","dateModified":"2019-10-30T14:16:03+00:00","author":{"@id":"https:\/\/franciscanos.org.br\/noticias\/#\/schema\/person\/b38fbf43118f02820bd932f2e4b14ad3"},"breadcrumb":{"@id":"https:\/\/franciscanos.org.br\/noticias\/3o-encontro-nacional-da-pascom-algumas-provocacoes.html#breadcrumb"},"inLanguage":"pt-BR","potentialAction":[{"@type":"ReadAction","target":["https:\/\/franciscanos.org.br\/noticias\/3o-encontro-nacional-da-pascom-algumas-provocacoes.html"]}]},{"@type":"BreadcrumbList","@id":"https:\/\/franciscanos.org.br\/noticias\/3o-encontro-nacional-da-pascom-algumas-provocacoes.html#breadcrumb","itemListElement":[{"@type":"ListItem","position":1,"name":"Home","item":"https:\/\/franciscanos.org.br\/noticias"},{"@type":"ListItem","position":2,"name":"3\u00ba Encontro Nacional da Pascom: algumas provoca\u00e7\u00f5es"}]},{"@type":"Person","@id":"https:\/\/franciscanos.org.br\/noticias\/#\/schema\/person\/b38fbf43118f02820bd932f2e4b14ad3","name":"admin","image":{"@type":"ImageObject","inLanguage":"pt-BR","@id":"https:\/\/franciscanos.org.br\/noticias\/#\/schema\/person\/image\/","url":"https:\/\/secure.gravatar.com\/avatar\/e8495742d34d0ba6448ea1c628263b3e?s=96&d=mm&r=g","contentUrl":"https:\/\/secure.gravatar.com\/avatar\/e8495742d34d0ba6448ea1c628263b3e?s=96&d=mm&r=g","caption":"admin"},"url":"https:\/\/franciscanos.org.br\/noticias\/author\/admin"}]}},"_links":{"self":[{"href":"https:\/\/franciscanos.org.br\/noticias\/wp-json\/wp\/v2\/posts\/20711"}],"collection":[{"href":"https:\/\/franciscanos.org.br\/noticias\/wp-json\/wp\/v2\/posts"}],"about":[{"href":"https:\/\/franciscanos.org.br\/noticias\/wp-json\/wp\/v2\/types\/post"}],"author":[{"embeddable":true,"href":"https:\/\/franciscanos.org.br\/noticias\/wp-json\/wp\/v2\/users\/1"}],"replies":[{"embeddable":true,"href":"https:\/\/franciscanos.org.br\/noticias\/wp-json\/wp\/v2\/comments?post=20711"}],"version-history":[{"count":0,"href":"https:\/\/franciscanos.org.br\/noticias\/wp-json\/wp\/v2\/posts\/20711\/revisions"}],"wp:featuredmedia":[{"embeddable":true,"href":"https:\/\/franciscanos.org.br\/noticias\/wp-json\/wp\/v2\/media\/212986"}],"wp:attachment":[{"href":"https:\/\/franciscanos.org.br\/noticias\/wp-json\/wp\/v2\/media?parent=20711"}],"wp:term":[{"taxonomy":"category","embeddable":true,"href":"https:\/\/franciscanos.org.br\/noticias\/wp-json\/wp\/v2\/categories?post=20711"},{"taxonomy":"post_tag","embeddable":true,"href":"https:\/\/franciscanos.org.br\/noticias\/wp-json\/wp\/v2\/tags?post=20711"}],"curies":[{"name":"wp","href":"https:\/\/api.w.org\/{rel}","templated":true}]}}