{"id":207008,"date":"2019-07-01T10:04:10","date_gmt":"2019-07-01T13:04:10","guid":{"rendered":"https:\/\/franciscanos.org.br\/noticias\/?p=207008"},"modified":"2019-07-01T10:04:10","modified_gmt":"2019-07-01T13:04:10","slug":"irma-dulce-sera-canonizada-no-dia-13-de-outubro","status":"publish","type":"post","link":"https:\/\/franciscanos.org.br\/noticias\/irma-dulce-sera-canonizada-no-dia-13-de-outubro.html","title":{"rendered":"Irm\u00e3 Dulce ser\u00e1 canonizada no dia 13 de outubro"},"content":{"rendered":"<p><img loading=\"lazy\" class=\"alignnone size-full wp-image-207009\" src=\"https:\/\/franciscanos.org.br\/noticias\/wp-content\/uploads\/2019\/07\/dulce__010719.jpg\" alt=\"\" width=\"890\" height=\"593\" srcset=\"https:\/\/franciscanos.org.br\/noticias\/wp-content\/uploads\/2019\/07\/dulce__010719.jpg 890w, https:\/\/franciscanos.org.br\/noticias\/wp-content\/uploads\/2019\/07\/dulce__010719-450x300.jpg 450w, https:\/\/franciscanos.org.br\/noticias\/wp-content\/uploads\/2019\/07\/dulce__010719-768x512.jpg 768w, https:\/\/franciscanos.org.br\/noticias\/wp-content\/uploads\/2019\/07\/dulce__010719-150x100.jpg 150w\" sizes=\"(max-width: 890px) 100vw, 890px\" \/><\/p>\n<p>Durante o Consist\u00f3rio Ordin\u00e1rio P\u00fablico realizado na manh\u00e3 desta segnda-feira, o Santo Padre anunciou que os beatos ser\u00e3o canonizados, no Vaticano, durante o S\u00ednodo para a Amaz\u00f4nia.<br \/>\nO Papa Francisco presidiu, nesta segunda-feira (1\u00ba\/07), na Sala Clementina, no Vaticano, o Consist\u00f3rio Ordin\u00e1rio P\u00fablico para a Canoniza\u00e7\u00e3o de cinco Beatos, dentre os quais Irm\u00e3 Dulce Lopes Pontes.<\/p>\n<p>Durante o Consist\u00f3rio, o Santo Padre anunciou a data de canoniza\u00e7\u00e3o dos cinco beatos. Ser\u00e1 no domingo, 13 de outubro pr\u00f3ximo. Al\u00e9m de Irm\u00e3 Dulce, ser\u00e3o canonizados os seguintes beatos: John Henry Newman, cardeal, fundador do Orat\u00f3rio de S\u00e3o Filipe N\u00e9ri na Inglaterra; Giuseppina Vannini (no s\u00e9culo Giuditta Adelaide Agata), fundadora das Filhas de S\u00e3o Camilo; Maria Teresa Chiramel Mankidiyan, fundadora da Congrega\u00e7\u00e3o das Irm\u00e3s da Sagrada Fam\u00edlia e Margherita Bays, Virgem, da Ordem Terceira de S\u00e3o Francisco de Assis.<\/p>\n<h3>Irm\u00e3 Dulce Lopes<\/h3>\n<p>Maria Rita de Sousa Brito Lopes Pontes nasceu em 26 de maio de 1914 em Salvador, Bahia. Aos seis anos perdeu sua m\u00e3e, sendo educada por suas tias. Aos 13 anos, uma delas a levou para conhecer as \u00e1reas mais pobres da cidade, fato que despertou nela uma grande sensibilidade. Aos 18 anos ingressou na Congrega\u00e7\u00e3o das Irm\u00e3s Mission\u00e1rias da Imaculada Concei\u00e7\u00e3o da M\u00e3e de Deus, onde come\u00e7ou a ser chamada Dulce.<\/p>\n<p>Uma das inspira\u00e7\u00f5es para o discernimento de sua voca\u00e7\u00e3o foi a vida de Santa Teresinha do Menino Jesus. &#8220;A exemplo de Santa Teresina, penso que todos os pequenos atos de amor, por menores que sejam, agradam ao Menino Jesus&#8221;, dizia. Assim, seus pequenos atos de amor foram traduzidos em grandes obras sociais. Irm\u00e3 Dulce fundou a uni\u00e3o dos trabalhadores de S\u00e3o Francisco, um movimento crist\u00e3o de trabalhadores na Bahia. Iniciou depois a acolher pessoas doentes em casas abandonadas em uma ilha em Salvador da Bahia. Mais tarde, foram despejados e a religiosa transferiu a estrutura de acolhida para um antigo mercado de peixe, mas foi obrigada a abandonar o local. Assim, o \u00fanico lugar onde ele poderia acomodar mais de 70 pessoas que precisavam de assist\u00eancia m\u00e9dica era o galinheiro do convento onde vivia, que rapidamente transformou-se em um hospital improvisado.<\/p>\n<p>Assim come\u00e7ou a hist\u00f3ria de outra de suas funda\u00e7\u00f5es: o hospital Santo Ant\u00f4nio, inaugurado oficialmente em maio de 1959, com 150 leitos. Atualmente, recebe 3.000 pacientes por dia. Hoje suas funda\u00e7\u00f5es s\u00e3o conhecidas como as Obras Sociais de Irm\u00e3 Dulce, Osid<\/p>\n<p>Nos \u00faltimos 30 anos de vida, a sa\u00fade da irm\u00e3 Dulce estava muito debilitada. Ele tinha apenas 30% da capacidade respirat\u00f3ria. Em 1990 come\u00e7ou a piorar e por 16 meses permaneceu hospitalizada, oportunidade em que recebeu a visita do Papa Jo\u00e3o Paulo II, com quem havia tido uma audi\u00eancia privada dez anos antes.<\/p>\n<p>Ela foi transferida para o Convento de Santo Ant\u00f4nio, onde veio a falecer em 13 de mar\u00e7o de 1992. Milhares de pessoas em condi\u00e7\u00f5es de extrema pobreza reuniram-se para dar a ela o \u00faltimo adeus.<\/p>\n<p>Seu corpo foi transferido para a Igreja da Imaculada Concei\u00e7\u00e3o da M\u00e3e de Deus, onde se descobriu que ele havia permanecido incorrupto. O milagre que permitiu sua beatifica\u00e7\u00e3o ocorreu em 2001. Este fato foi a confirma\u00e7\u00e3o de uma vida virtuosa, centrada na ora\u00e7\u00e3o e na caridade, a partir das menores coisas. &#8220;O amor supera todos os obst\u00e1culos, todos os sacrif\u00edcios&#8221;, disse a irm\u00e3 Dulce.<\/p>\n<h3>Cardeal John Newman<\/h3>\n<p>Nascido em Londres em 1801, ainda jovem foi ordenado di\u00e1cono da Igreja Anglicana. Ap\u00f3s um intenso percurso de reflex\u00e3o e ora\u00e7\u00e3o, compreende que a Igreja de Roma \u00e9 a verdadeira cust\u00f3dia dos ensinamentos de Jesus Cristo e se converte \u00e0 f\u00e9 cat\u00f3lica. Em 1847 foi ordenado sacerdote e institui o Orat\u00f3rio de S\u00e3o Filipe N\u00e9ri na Inglaterra. Criado cardeal pelo Papa Le\u00e3o XIII em 1879, faleceu em Bimingham em 11 de agosto de 1890.<\/p>\n<p>O cardeal Newman foi beatificado por Bento XVI em 19 de setembro de 2010 em Cofton Park di Rednal, em Birminghan, Inglaterra. Em suas palavras na homilia de beatifica\u00e7\u00e3o recordou o seu lema que era Cor ad cor loquitur, \u201cO Cora\u00e7\u00e3o fala ao cora\u00e7\u00e3o\u201d e um pequeno trecho de seus escritos:<\/p>\n<p>\u201cO h\u00e1bito da ora\u00e7\u00e3o, que \u00e9 a pr\u00e1tica de se dirigir a Deus e ao mundo invis\u00edvel em cada \u00e9poca, em todos os lugares, em qualquer emerg\u00eancia, a ora\u00e7\u00e3o, digo, possui aquilo que pode ser chamado um efeito natural no espiritualizar e elevar a alma. Um homem j\u00e1 n\u00e3o \u00e9 o que era antes; gradualmente&#8230; interiorizou um novo sistema de ideias e tornou-se impregnado de princ\u00edpios l\u00edmpidos (Parochial and plain sermons, IV, 230-231).\u201d<\/p>\n<p>O Papa Bento XVI recordou tamb\u00e9m que \u201co ensinamento do Beato John Henry sobre a ora\u00e7\u00e3o explica como o fiel crist\u00e3o se colocou de modo definitivo ao servi\u00e7o do \u00fanico verdadeiro Mestre, e s\u00f3 Ele tem o direito \u00e0 nossa devo\u00e7\u00e3o incondicionada (cf. Mt 23, 10). Newman ajuda-nos a compreender o que isto significa na nossa vida quotidiana: diz-nos que o nosso Mestre divino atribuiu uma tarefa espec\u00edfica a cada um de n\u00f3s, um \u00abservi\u00e7o bem definido\u00bb, confiado unicamente a cada indiv\u00edduo:<\/p>\n<p>\u201cEu tenho a minha miss\u00e3o \u2014 escrevia \u2014 sou um elo numa corrente, um v\u00ednculo de liga\u00e7\u00e3o entre as pessoas. Ele n\u00e3o me criou para nada. Praticarei o bem, realizarei a sua obra; serei um anjo de paz, um pregador de verdade precisamente no meu lugar&#8230; se o fizer obedecerei aos seus mandamentos e servi-lo-ei na minha voca\u00e7\u00e3o (Meditations and devotions, 301-2).\u201d<\/p>\n<p>Sobre a import\u00e2ncia de um laicato preparado para os dias de hoje, recorda-nos o cardeal Newman:<\/p>\n<p>\u201cQuero um laicato n\u00e3o arrogante nem pol\u00eamico, mas homens que conhe\u00e7am a pr\u00f3pria religi\u00e3o, que entrem nela, que saibam bem onde se erigem, que saibam o que cr\u00eaem e n\u00e3o cr\u00eaem, que conhe\u00e7am de tal modo o pr\u00f3prio credo que dele prestem contas, que conhe\u00e7am bem a pr\u00f3pria hist\u00f3ria para a poder defender (The Present Position of Catholics in England, IX, 390).\u201d<\/p>\n<h3>Mariam Thresia Chiramel Mankidiyan<\/h3>\n<p>A Beata Mariam Thresia Mankidijan foi a segunda religiosa indiana elevada \u00e0s honras dos altares pelo Papa Jo\u00e3o Paulo II, em 9 de abril de 2000, depois da Beata Alfonsa da Imaculada Concei\u00e7\u00e3o.<\/p>\n<p>Nascida em Putenchira (Estado de Kerala, \u00cdndia) em 26 de abril de 1876, em uma nobre fam\u00edlia decadente, recebeu a educa\u00e7\u00e3o crist\u00e3 de sua m\u00e3e, que veio a falecer quando tinha 12 anos. Desde tenra idade passou a se dedicar aos cuidados dos doentes e moribundos, consagrando sua vida ao Senhor.<\/p>\n<p>N\u00e3o conseguindo se tornar freira ou eremita, junto com tr\u00eas amigas colocou-se a servi\u00e7o da igreja paroquial, visitando e confortando os mais necessitados, os \u00f3rf\u00e3os e os doentes graves, incluindo aqueles com var\u00edola e hansen\u00edase.<\/p>\n<p>Ela n\u00e3o foi imediatamente compreendida pelas autoridades eclesi\u00e1sticas, nem pelos habitantes de seu povoado que n\u00e3o aprovavam suas atividades, visto que contrariavam o costume de que as meninas n\u00e3o deveriam sair sozinhas.<\/p>\n<p>Ele foi gratificada por experi\u00eancias m\u00edsticas, vis\u00f5es e fen\u00f4menos extraordin\u00e1rios, tendo a experi\u00eancia das dores da crucifica\u00e7\u00e3o e dos estigmas. Especialmente nos primeiros tempos, tudo isto suscitou mal-entendidos, desconfian\u00e7as e esc\u00e1rnios.<\/p>\n<h3>Beata Maria Teresa Chiramel Mankidiyan<\/h3>\n<p>Seu diretor espiritual, Pe. Giuseppe Vithayathil, aconselhou-a muito na funda\u00e7\u00e3o de uma fam\u00edlia religiosa, e depois de uma tentativa de vida comunit\u00e1ria entre as Carmelitas Descal\u00e7as, ela teve a autoriza\u00e7\u00e3o do bispo para fundar a Congrega\u00e7\u00e3o das Irm\u00e3s da Sagrada Fam\u00edlia.<\/p>\n<p>Os principais objetivos eram a educa\u00e7\u00e3o crist\u00e3 da juventude feminina, a assist\u00eancia aos doentes, especialmente os mais graves e moribundos, a ajuda aos mais necessitados, al\u00e9m, naturalmente, da ora\u00e7\u00e3o e da medita\u00e7\u00e3o.<\/p>\n<p>Ele esteve \u00e0 frente da nova Congrega\u00e7\u00e3o por doze anos, formando com grande cuidado as novi\u00e7as, fundando tr\u00eas novos conventos, duas escolas, dois col\u00e9gios internos, uma casa de estudos e um orfanato, em poucos e dif\u00edceis anos, enquanto o mundo era assolado pela Primeira Guerra Mundial.<\/p>\n<p>Ap\u00f3s uma ferida gangrenosa, veio a falecer aos 50 anos em Kuzhikkattusseny, em 8 de junho de 1926. Sua Obra se espalhou para muitas partes do mundo e no ano de 2000, contava com 1592 freiras e 119 novi\u00e7as.<\/p>\n<h3>Margherita Bays, da Ordem Terceira de S\u00e3o Francisco de Assis<\/h3>\n<p>Nascida em 8 de setembro de 1815 em La Pierraz, pequena cidade de Siviriez, perto de Friburgo, a leiga Margherita Bays viveu como costureira, dona de casa e catequista. Foi incans\u00e1vel apoiadora da imprensa cat\u00f3lica durante o Kulturkampf. Mas o evento que a transformou radicalmente foi o dom dos estigmas.<\/p>\n<p>Ela tamb\u00e9m recebeu uma cura considerada milagrosa de um c\u00e2ncer no intestino, precisamente em 8 de dezembro de 1854, quando Pio IX proclamava o dogma da Imaculada. Faleceu em Siviriez em 27 de junho de 1879, sendo beatificada em 1995 juntamente com duas religiosas su\u00ed\u00e7as: Maria Teresa Scherer e Maria Bernarda Butler. Seu corpo jaz na igreja de Siviriez.<\/p>\n<h3>Madre Giuseppina Vannini<\/h3>\n<p>Giuseppina Vannini nasceu, em Roma, em 7 de julho de 1859, filha de Angelo e Annunziata Papi. Foi batizada com o nome de Giuditta. Quando tinha 4 anos, o seu pai faleceu e tr\u00eas anos depois sua m\u00e3e. Ela, a irm\u00e3 e o irm\u00e3o s\u00e3o separados: Augusto foi morar com um tio materno, Giulia foi confiada \u00e0s Irm\u00e3s de S\u00e3o Jos\u00e9 e Giuditta, de 7 anos, foi acolhida no Conservat\u00f3rio Torlonia, em Roma, lugar onde as Filhas da Caridade a educam na f\u00e9 crist\u00e3 e a preparam para a vida.<\/p>\n<p>Obteve o diploma de professora e aos 21 anos pediu para entrar no noviciado das Filhas da Caridade, em Siena. Pouco tempo depois, retornou a Roma por motivos de sa\u00fade e para um breve per\u00edodo de experi\u00eancia. No final, foi dispensada do Instituto porque considerada n\u00e3o id\u00f4nea. Sentiu profundamente o chamado \u00e0 vida religiosa. Sofria e rezava, procurando o caminho de sua voca\u00e7\u00e3o.<\/p>\n<p>Giuditta tem 32 anos, quando encontrou o pregador camiliano pe. Luigi Tezza para pedir um conselho. O padre, que poucos meses antes teve a incumb\u00eancia como Procurador geral de restabelecer as Terci\u00e1rias Camilianas, pensou em confiar a ela a realiza\u00e7\u00e3o desse projeto. Giuditta aceita e pe. Tezza logo descobre nela o temperamento de fundadora, segura de si, mulher de ora\u00e7\u00e3o e sacrif\u00edcio. Com outras duas jovens, preparadas pelo sacerdote, forma a primeira comunidade. Em 2 de fevereiro de 1892, anivers\u00e1rio da convers\u00e3o de S\u00e3o Camilo, na sala do santu\u00e1rio onde o Santo morreu, atrav\u00e9s da imposi\u00e7\u00e3o do escapul\u00e1rio com a cruz vermelha, nasceu a nova fam\u00edlia camiliana. Giuditta leva o nome de Irm\u00e3 Giuseppina e foi nomeada superiora. A finalidade do novo instituto \u00e9 a assist\u00eancia aos doentes, mesmo em casa.<\/p>\n<p>As filhas de S\u00e3o Camilo crescem em n\u00famero, mas \u00e9 necess\u00e1rio obter a aprova\u00e7\u00e3o definitiva da autoridade eclesi\u00e1stica. Infelizmente, o Papa Le\u00e3o XIII decidiu n\u00e3o permitir funda\u00e7\u00f5es de novas comunidades em Roma, e o grupo de religiosas foi obrigado a deixar Roma. Mas, por causa da admira\u00e7\u00e3o da atividade assistencial das irm\u00e3s, tamb\u00e9m por parte da imprensa, e por causa do apoio do Cardeal vig\u00e1rio, obt\u00e9m-se a cria\u00e7\u00e3o na \u201cPia Associa\u00e7\u00e3o\u201d, dependente do cardeal e assim a obra pode continuar. Confiando na ajuda do Senhor, madre Giuseppina conseguiu difundir o Instituto em v\u00e1rias partes da It\u00e1lia e na Argentina. Apesar de uma sa\u00fade fr\u00e1gil, a madre n\u00e3o se poupa, visita as casas todos os anos e trabalha para as filhas. Em 21 de junho de 1909, conseguiu obter o decreto de cria\u00e7\u00e3o do instituto como Congrega\u00e7\u00e3o religiosa sob o t\u00edtulo de \u201cFilhas de S\u00e3o Camilo\u201d. Em 1910, depois da \u00faltima visita a todas as casas na It\u00e1lia e na Fran\u00e7a, foi acometida por uma grave doen\u00e7a card\u00edaca e, em 23 de fevereiro de 1911, entrega serenamente a alma a Deus. Deixou um instituto com dezesseis casas religiosas na Europa e Am\u00e9rica e com 156 religiosas professas. Em 16 de outubro de 1994, Jo\u00e3o Paulo II a proclamou beata.<\/p>\n","protected":false},"excerpt":{"rendered":"<p>Consist\u00f3rio Ordin\u00e1rio P\u00fablico realizado nesta segunda (1\/7) no Vaticano.<\/p>\n","protected":false},"author":3,"featured_media":207010,"comment_status":"open","ping_status":"open","sticky":false,"template":"","format":"standard","meta":[],"categories":[1428],"tags":[1452,55],"acf":[],"yoast_head":"<!-- This site is optimized with the Yoast SEO plugin v19.2 - https:\/\/yoast.com\/wordpress\/plugins\/seo\/ -->\n<title>Irm\u00e3 Dulce ser\u00e1 canonizada no dia 13 de outubro - Not\u00edcias - Franciscanos<\/title>\n<meta name=\"robots\" content=\"index, follow, max-snippet:-1, max-image-preview:large, max-video-preview:-1\" \/>\n<link rel=\"canonical\" href=\"https:\/\/franciscanos.org.br\/noticias\/irma-dulce-sera-canonizada-no-dia-13-de-outubro.html\" \/>\n<meta property=\"og:locale\" content=\"pt_BR\" \/>\n<meta property=\"og:type\" content=\"article\" \/>\n<meta property=\"og:title\" content=\"Irm\u00e3 Dulce ser\u00e1 canonizada no dia 13 de outubro - Not\u00edcias - Franciscanos\" \/>\n<meta property=\"og:description\" content=\"Consist\u00f3rio Ordin\u00e1rio P\u00fablico realizado nesta segunda (1\/7) no Vaticano.\" \/>\n<meta property=\"og:url\" content=\"https:\/\/franciscanos.org.br\/noticias\/irma-dulce-sera-canonizada-no-dia-13-de-outubro.html\" \/>\n<meta property=\"og:site_name\" content=\"Not\u00edcias - Franciscanos\" \/>\n<meta property=\"article:published_time\" content=\"2019-07-01T13:04:10+00:00\" \/>\n<meta property=\"og:image\" content=\"https:\/\/franciscanos.org.br\/noticias\/wp-content\/uploads\/2019\/07\/dulce__010719d.jpg\" \/>\n\t<meta property=\"og:image:width\" content=\"273\" \/>\n\t<meta property=\"og:image:height\" content=\"181\" \/>\n\t<meta property=\"og:image:type\" content=\"image\/jpeg\" \/>\n<meta name=\"author\" content=\"moacir\" \/>\n<meta name=\"twitter:card\" content=\"summary_large_image\" \/>\n<meta name=\"twitter:label1\" content=\"Escrito por\" \/>\n\t<meta name=\"twitter:data1\" content=\"moacir\" \/>\n\t<meta name=\"twitter:label2\" content=\"Est. tempo de leitura\" \/>\n\t<meta name=\"twitter:data2\" content=\"10 minutos\" \/>\n<script type=\"application\/ld+json\" class=\"yoast-schema-graph\">{\"@context\":\"https:\/\/schema.org\",\"@graph\":[{\"@type\":\"WebSite\",\"@id\":\"https:\/\/franciscanos.org.br\/noticias\/#website\",\"url\":\"https:\/\/franciscanos.org.br\/noticias\/\",\"name\":\"Not\u00edcias - Franciscanos\",\"description\":\"Prov\u00edncia Franciscana da Imaculada Concei\u00e7\u00e3o do Brasil - Ordem dos Frades Menores - OFM\",\"potentialAction\":[{\"@type\":\"SearchAction\",\"target\":{\"@type\":\"EntryPoint\",\"urlTemplate\":\"https:\/\/franciscanos.org.br\/noticias\/?s={search_term_string}\"},\"query-input\":\"required name=search_term_string\"}],\"inLanguage\":\"pt-BR\"},{\"@type\":\"ImageObject\",\"inLanguage\":\"pt-BR\",\"@id\":\"https:\/\/franciscanos.org.br\/noticias\/irma-dulce-sera-canonizada-no-dia-13-de-outubro.html#primaryimage\",\"url\":\"https:\/\/franciscanos.org.br\/noticias\/wp-content\/uploads\/2019\/07\/dulce__010719d.jpg\",\"contentUrl\":\"https:\/\/franciscanos.org.br\/noticias\/wp-content\/uploads\/2019\/07\/dulce__010719d.jpg\",\"width\":273,\"height\":181},{\"@type\":\"WebPage\",\"@id\":\"https:\/\/franciscanos.org.br\/noticias\/irma-dulce-sera-canonizada-no-dia-13-de-outubro.html#webpage\",\"url\":\"https:\/\/franciscanos.org.br\/noticias\/irma-dulce-sera-canonizada-no-dia-13-de-outubro.html\",\"name\":\"Irm\u00e3 Dulce ser\u00e1 canonizada no dia 13 de outubro - Not\u00edcias - Franciscanos\",\"isPartOf\":{\"@id\":\"https:\/\/franciscanos.org.br\/noticias\/#website\"},\"primaryImageOfPage\":{\"@id\":\"https:\/\/franciscanos.org.br\/noticias\/irma-dulce-sera-canonizada-no-dia-13-de-outubro.html#primaryimage\"},\"datePublished\":\"2019-07-01T13:04:10+00:00\",\"dateModified\":\"2019-07-01T13:04:10+00:00\",\"author\":{\"@id\":\"https:\/\/franciscanos.org.br\/noticias\/#\/schema\/person\/b5c8cba458c330ccff548b056e95a5d4\"},\"breadcrumb\":{\"@id\":\"https:\/\/franciscanos.org.br\/noticias\/irma-dulce-sera-canonizada-no-dia-13-de-outubro.html#breadcrumb\"},\"inLanguage\":\"pt-BR\",\"potentialAction\":[{\"@type\":\"ReadAction\",\"target\":[\"https:\/\/franciscanos.org.br\/noticias\/irma-dulce-sera-canonizada-no-dia-13-de-outubro.html\"]}]},{\"@type\":\"BreadcrumbList\",\"@id\":\"https:\/\/franciscanos.org.br\/noticias\/irma-dulce-sera-canonizada-no-dia-13-de-outubro.html#breadcrumb\",\"itemListElement\":[{\"@type\":\"ListItem\",\"position\":1,\"name\":\"Home\",\"item\":\"https:\/\/franciscanos.org.br\/noticias\"},{\"@type\":\"ListItem\",\"position\":2,\"name\":\"Irm\u00e3 Dulce ser\u00e1 canonizada no dia 13 de outubro\"}]},{\"@type\":\"Person\",\"@id\":\"https:\/\/franciscanos.org.br\/noticias\/#\/schema\/person\/b5c8cba458c330ccff548b056e95a5d4\",\"name\":\"moacir\",\"image\":{\"@type\":\"ImageObject\",\"inLanguage\":\"pt-BR\",\"@id\":\"https:\/\/franciscanos.org.br\/noticias\/#\/schema\/person\/image\/\",\"url\":\"https:\/\/secure.gravatar.com\/avatar\/d08aa2ce4c8dd416d4479aa8536fcf64?s=96&d=mm&r=g\",\"contentUrl\":\"https:\/\/secure.gravatar.com\/avatar\/d08aa2ce4c8dd416d4479aa8536fcf64?s=96&d=mm&r=g\",\"caption\":\"moacir\"},\"url\":\"https:\/\/franciscanos.org.br\/noticias\/author\/moacir\"}]}<\/script>\n<!-- \/ Yoast SEO plugin. -->","yoast_head_json":{"title":"Irm\u00e3 Dulce ser\u00e1 canonizada no dia 13 de outubro - Not\u00edcias - Franciscanos","robots":{"index":"index","follow":"follow","max-snippet":"max-snippet:-1","max-image-preview":"max-image-preview:large","max-video-preview":"max-video-preview:-1"},"canonical":"https:\/\/franciscanos.org.br\/noticias\/irma-dulce-sera-canonizada-no-dia-13-de-outubro.html","og_locale":"pt_BR","og_type":"article","og_title":"Irm\u00e3 Dulce ser\u00e1 canonizada no dia 13 de outubro - Not\u00edcias - Franciscanos","og_description":"Consist\u00f3rio Ordin\u00e1rio P\u00fablico realizado nesta segunda (1\/7) no Vaticano.","og_url":"https:\/\/franciscanos.org.br\/noticias\/irma-dulce-sera-canonizada-no-dia-13-de-outubro.html","og_site_name":"Not\u00edcias - Franciscanos","article_published_time":"2019-07-01T13:04:10+00:00","og_image":[{"width":273,"height":181,"url":"https:\/\/franciscanos.org.br\/noticias\/wp-content\/uploads\/2019\/07\/dulce__010719d.jpg","type":"image\/jpeg"}],"author":"moacir","twitter_card":"summary_large_image","twitter_misc":{"Escrito por":"moacir","Est. tempo de leitura":"10 minutos"},"schema":{"@context":"https:\/\/schema.org","@graph":[{"@type":"WebSite","@id":"https:\/\/franciscanos.org.br\/noticias\/#website","url":"https:\/\/franciscanos.org.br\/noticias\/","name":"Not\u00edcias - Franciscanos","description":"Prov\u00edncia Franciscana da Imaculada Concei\u00e7\u00e3o do Brasil - Ordem dos Frades Menores - OFM","potentialAction":[{"@type":"SearchAction","target":{"@type":"EntryPoint","urlTemplate":"https:\/\/franciscanos.org.br\/noticias\/?s={search_term_string}"},"query-input":"required name=search_term_string"}],"inLanguage":"pt-BR"},{"@type":"ImageObject","inLanguage":"pt-BR","@id":"https:\/\/franciscanos.org.br\/noticias\/irma-dulce-sera-canonizada-no-dia-13-de-outubro.html#primaryimage","url":"https:\/\/franciscanos.org.br\/noticias\/wp-content\/uploads\/2019\/07\/dulce__010719d.jpg","contentUrl":"https:\/\/franciscanos.org.br\/noticias\/wp-content\/uploads\/2019\/07\/dulce__010719d.jpg","width":273,"height":181},{"@type":"WebPage","@id":"https:\/\/franciscanos.org.br\/noticias\/irma-dulce-sera-canonizada-no-dia-13-de-outubro.html#webpage","url":"https:\/\/franciscanos.org.br\/noticias\/irma-dulce-sera-canonizada-no-dia-13-de-outubro.html","name":"Irm\u00e3 Dulce ser\u00e1 canonizada no dia 13 de outubro - Not\u00edcias - Franciscanos","isPartOf":{"@id":"https:\/\/franciscanos.org.br\/noticias\/#website"},"primaryImageOfPage":{"@id":"https:\/\/franciscanos.org.br\/noticias\/irma-dulce-sera-canonizada-no-dia-13-de-outubro.html#primaryimage"},"datePublished":"2019-07-01T13:04:10+00:00","dateModified":"2019-07-01T13:04:10+00:00","author":{"@id":"https:\/\/franciscanos.org.br\/noticias\/#\/schema\/person\/b5c8cba458c330ccff548b056e95a5d4"},"breadcrumb":{"@id":"https:\/\/franciscanos.org.br\/noticias\/irma-dulce-sera-canonizada-no-dia-13-de-outubro.html#breadcrumb"},"inLanguage":"pt-BR","potentialAction":[{"@type":"ReadAction","target":["https:\/\/franciscanos.org.br\/noticias\/irma-dulce-sera-canonizada-no-dia-13-de-outubro.html"]}]},{"@type":"BreadcrumbList","@id":"https:\/\/franciscanos.org.br\/noticias\/irma-dulce-sera-canonizada-no-dia-13-de-outubro.html#breadcrumb","itemListElement":[{"@type":"ListItem","position":1,"name":"Home","item":"https:\/\/franciscanos.org.br\/noticias"},{"@type":"ListItem","position":2,"name":"Irm\u00e3 Dulce ser\u00e1 canonizada no dia 13 de outubro"}]},{"@type":"Person","@id":"https:\/\/franciscanos.org.br\/noticias\/#\/schema\/person\/b5c8cba458c330ccff548b056e95a5d4","name":"moacir","image":{"@type":"ImageObject","inLanguage":"pt-BR","@id":"https:\/\/franciscanos.org.br\/noticias\/#\/schema\/person\/image\/","url":"https:\/\/secure.gravatar.com\/avatar\/d08aa2ce4c8dd416d4479aa8536fcf64?s=96&d=mm&r=g","contentUrl":"https:\/\/secure.gravatar.com\/avatar\/d08aa2ce4c8dd416d4479aa8536fcf64?s=96&d=mm&r=g","caption":"moacir"},"url":"https:\/\/franciscanos.org.br\/noticias\/author\/moacir"}]}},"_links":{"self":[{"href":"https:\/\/franciscanos.org.br\/noticias\/wp-json\/wp\/v2\/posts\/207008"}],"collection":[{"href":"https:\/\/franciscanos.org.br\/noticias\/wp-json\/wp\/v2\/posts"}],"about":[{"href":"https:\/\/franciscanos.org.br\/noticias\/wp-json\/wp\/v2\/types\/post"}],"author":[{"embeddable":true,"href":"https:\/\/franciscanos.org.br\/noticias\/wp-json\/wp\/v2\/users\/3"}],"replies":[{"embeddable":true,"href":"https:\/\/franciscanos.org.br\/noticias\/wp-json\/wp\/v2\/comments?post=207008"}],"version-history":[{"count":0,"href":"https:\/\/franciscanos.org.br\/noticias\/wp-json\/wp\/v2\/posts\/207008\/revisions"}],"wp:featuredmedia":[{"embeddable":true,"href":"https:\/\/franciscanos.org.br\/noticias\/wp-json\/wp\/v2\/media\/207010"}],"wp:attachment":[{"href":"https:\/\/franciscanos.org.br\/noticias\/wp-json\/wp\/v2\/media?parent=207008"}],"wp:term":[{"taxonomy":"category","embeddable":true,"href":"https:\/\/franciscanos.org.br\/noticias\/wp-json\/wp\/v2\/categories?post=207008"},{"taxonomy":"post_tag","embeddable":true,"href":"https:\/\/franciscanos.org.br\/noticias\/wp-json\/wp\/v2\/tags?post=207008"}],"curies":[{"name":"wp","href":"https:\/\/api.w.org\/{rel}","templated":true}]}}