{"id":206999,"date":"2019-06-30T07:14:30","date_gmt":"2019-06-30T10:14:30","guid":{"rendered":"https:\/\/franciscanos.org.br\/noticias\/?p=206999"},"modified":"2019-07-02T14:46:42","modified_gmt":"2019-07-02T17:46:42","slug":"encontro-vocacional-reune-28-jovens-em-ituporanga","status":"publish","type":"post","link":"https:\/\/franciscanos.org.br\/noticias\/encontro-vocacional-reune-28-jovens-em-ituporanga.html","title":{"rendered":"Encontro vocacional re\u00fane 28 jovens em Ituporanga"},"content":{"rendered":"<p><img loading=\"lazy\" class=\"alignnone size-full wp-image-207000\" src=\"https:\/\/franciscanos.org.br\/noticias\/wp-content\/uploads\/2019\/06\/sav_300619.jpg\" alt=\"\" width=\"890\" height=\"668\" srcset=\"https:\/\/franciscanos.org.br\/noticias\/wp-content\/uploads\/2019\/06\/sav_300619.jpg 890w, https:\/\/franciscanos.org.br\/noticias\/wp-content\/uploads\/2019\/06\/sav_300619-450x338.jpg 450w, https:\/\/franciscanos.org.br\/noticias\/wp-content\/uploads\/2019\/06\/sav_300619-768x576.jpg 768w, https:\/\/franciscanos.org.br\/noticias\/wp-content\/uploads\/2019\/06\/sav_300619-150x113.jpg 150w\" sizes=\"(max-width: 890px) 100vw, 890px\" \/><\/p>\n<p><strong>Ituporanga (SC)<\/strong> &#8211; Nos dias 28 a 30 de junho, reuniram-se em Ituporanga-SC 28 jovens vocacionados \u00e0 Vida Religiosa Franciscana. Provenientes das mais diversas localidades do Sul da Prov\u00edncia, desde Maring\u00e1-PR at\u00e9 S\u00e3o Joaquim-SC, estes jovens experimentaram a rotina de um semin\u00e1rio franciscano participando da vida de ora\u00e7\u00e3o, estudos, trabalhos e conviv\u00eancia fraterna com os frades e com os seminaristas do Semin\u00e1rio S\u00e3o Francisco.<\/p>\n<p>Os primeiros vocacionados chegaram j\u00e1 na manh\u00e3 da sexta-feira, 28, e logo foram se ambientando na casa, conhecendo os espa\u00e7os enquanto os seminaristas ainda tinham aula no col\u00e9gio Galileu. Foram todos bem acolhidos pelos promotores vocacionais e pelo guardi\u00e3o da casa, Frei Valdir Laurentino, que com grande dilig\u00eancia deu as devidas orienta\u00e7\u00f5es pr\u00e1ticas sobre a casa. Tamb\u00e9m ele, Frei Valdir, presidiu a Missa da Solenidade do Sagrado Cora\u00e7\u00e3o de Jesus na sexta-feira, mostrando que por mais que n\u00e3o tenhamos palavras para mensurar o amor de Deus, devemos falar dele.<\/p>\n<p><img loading=\"lazy\" class=\"alignnone wp-image-207001 size-full\" src=\"https:\/\/franciscanos.org.br\/noticias\/wp-content\/uploads\/2019\/06\/sav_300619_4.jpg\" alt=\"\" width=\"890\" height=\"493\" srcset=\"https:\/\/franciscanos.org.br\/noticias\/wp-content\/uploads\/2019\/06\/sav_300619_4.jpg 890w, https:\/\/franciscanos.org.br\/noticias\/wp-content\/uploads\/2019\/06\/sav_300619_4-450x249.jpg 450w, https:\/\/franciscanos.org.br\/noticias\/wp-content\/uploads\/2019\/06\/sav_300619_4-768x425.jpg 768w, https:\/\/franciscanos.org.br\/noticias\/wp-content\/uploads\/2019\/06\/sav_300619_4-150x83.jpg 150w\" sizes=\"(max-width: 890px) 100vw, 890px\" \/><\/p>\n<p>Na noite da sexta, quando j\u00e1 estavam os 28 vocacionados reunidos no semin\u00e1rio, os 16 seminaristas se uniram ao grande grupo e se apresentaram falando de suas origens e do tempo que j\u00e1 est\u00e3o na caminhada. Uma caracter\u00edstica deste grupos de vocacionados \u00e9 a amplitude de idade entre eles, que variou entre 13 e 31 anos; majoritariamente candidatos ao Semin\u00e1rio Menor.<\/p>\n<p>O dia do s\u00e1bado foi direcionado para uma imers\u00e3o mais intensa na rotina do semin\u00e1rio. Todos participaram, pela manh\u00e3, da Celebra\u00e7\u00e3o Eucar\u00edstica em mem\u00f3ria do Sagrado Cora\u00e7\u00e3o de Maria presidida por Frei Diego Atalino de Melo, tendo na sequ\u00eancia a forma\u00e7\u00e3o sobre a Voca\u00e7\u00e3o Franciscana e a Hist\u00f3ria das Voca\u00e7\u00f5es nas Sagradas Escrituras. Frei Diego e Frei V\u00edtor da Silva Am\u00e2ncio exortaram os seminaristas a se empenharem de todo o cora\u00e7\u00e3o \u00e0 vida religiosa apresentando as belezas de uma vida dedicada a Deus e tamb\u00e9m seus desafios.<\/p>\n<p>&nbsp;<\/p>\n<p>Durante a tarde, os seminaristas e vocacionados se dedicaram \u00e0 limpeza da casa e ao esporte como forma de intera\u00e7\u00e3o e colabora\u00e7\u00e3o m\u00fatua. Enquanto isso, Frei Diego esteve na Par\u00f3quia Santo Estev\u00e3o para uma tarde de encontro com os casais vocacionais, fam\u00edlias que colaboram junto \u00e0s comunidades de Ituporanga a promoverem uma cultura vocacional na cidade. Fruto desta cultura, foi a participa\u00e7\u00e3o de cinco jovens da cidade neste encontro vocacional.<\/p>\n<p><img loading=\"lazy\" class=\"alignnone wp-image-207002 size-full\" src=\"https:\/\/franciscanos.org.br\/noticias\/wp-content\/uploads\/2019\/06\/sav_300619_3.jpg\" alt=\"\" width=\"890\" height=\"527\" srcset=\"https:\/\/franciscanos.org.br\/noticias\/wp-content\/uploads\/2019\/06\/sav_300619_3.jpg 890w, https:\/\/franciscanos.org.br\/noticias\/wp-content\/uploads\/2019\/06\/sav_300619_3-450x266.jpg 450w, https:\/\/franciscanos.org.br\/noticias\/wp-content\/uploads\/2019\/06\/sav_300619_3-768x455.jpg 768w, https:\/\/franciscanos.org.br\/noticias\/wp-content\/uploads\/2019\/06\/sav_300619_3-150x89.jpg 150w\" sizes=\"(max-width: 890px) 100vw, 890px\" \/><\/p>\n<p>A noite no s\u00e1bado foi reservada para uma sess\u00e3o de filme com pipoca, onde foi exibido o filme \u2018Francesco\u2019, de Lilliana Cavani, pelo qual os vocacionados puderam conhecer melhor a hist\u00f3ria do Santo Pai Ser\u00e1fico. Grande foi a integra\u00e7\u00e3o ao longo do dia entre os vocacionados que estavam atentos \u00e0s necessidades da casa, dando grande exemplo de vigor vocacional.<\/p>\n<p>No domingo em que celebramos a Solenidade de S\u00e3o Pedro e S\u00e3o Paulo, os vocacionados participaram da Missa com a comunidade que frequenta o semin\u00e1rio. Frei Diego presidiu a Missa das colunas da Igreja exortando aos fi\u00e9is sobre o justo equil\u00edbrio entre tradi\u00e7\u00e3o e inova\u00e7\u00e3o. Ao final da celebra\u00e7\u00e3o, Frei Vitor chamou os vocacionados ao presbit\u00e9rio e os apresentou-os ao povo. Ap\u00f3s um momento de ora\u00e7\u00e3o pelas voca\u00e7\u00f5es, Frei Vitor e Frei Diego entregaram o Tau franciscano aos vocacionados.<\/p>\n<p>O encontro encerrou com o almo\u00e7o no semin\u00e1rio e os vocacionados voltaram para suas casas. Se voc\u00ea deseja ser Franciscano, entre em contato conosco pelo nosso e-mail: sav@franciscanos.org.br ou mande-nos um WhatsApp (11) 96607-3441.<\/p>\n","protected":false},"excerpt":{"rendered":"<p>Servi\u00e7o de Anima\u00e7\u00e3o Vocacional da Prov\u00edncia<\/p>\n","protected":false},"author":3,"featured_media":207003,"comment_status":"open","ping_status":"open","sticky":false,"template":"","format":"standard","meta":[],"categories":[1],"tags":[552],"acf":[],"yoast_head":"<!-- This site is optimized with the Yoast SEO plugin v19.2 - https:\/\/yoast.com\/wordpress\/plugins\/seo\/ -->\n<title>Encontro vocacional re\u00fane 28 jovens em Ituporanga - Not\u00edcias - Franciscanos<\/title>\n<meta name=\"robots\" content=\"index, follow, max-snippet:-1, max-image-preview:large, max-video-preview:-1\" \/>\n<link rel=\"canonical\" href=\"https:\/\/franciscanos.org.br\/noticias\/encontro-vocacional-reune-28-jovens-em-ituporanga.html\" \/>\n<meta property=\"og:locale\" content=\"pt_BR\" \/>\n<meta property=\"og:type\" content=\"article\" \/>\n<meta property=\"og:title\" content=\"Encontro vocacional re\u00fane 28 jovens em Ituporanga - Not\u00edcias - Franciscanos\" \/>\n<meta property=\"og:description\" content=\"Servi\u00e7o de Anima\u00e7\u00e3o Vocacional da Prov\u00edncia\" \/>\n<meta property=\"og:url\" content=\"https:\/\/franciscanos.org.br\/noticias\/encontro-vocacional-reune-28-jovens-em-ituporanga.html\" \/>\n<meta property=\"og:site_name\" content=\"Not\u00edcias - Franciscanos\" \/>\n<meta property=\"article:published_time\" content=\"2019-06-30T10:14:30+00:00\" \/>\n<meta property=\"article:modified_time\" content=\"2019-07-02T17:46:42+00:00\" \/>\n<meta property=\"og:image\" content=\"https:\/\/franciscanos.org.br\/noticias\/wp-content\/uploads\/2019\/06\/sav_300619d.jpg\" \/>\n\t<meta property=\"og:image:width\" content=\"273\" \/>\n\t<meta property=\"og:image:height\" content=\"181\" \/>\n\t<meta property=\"og:image:type\" content=\"image\/jpeg\" \/>\n<meta name=\"author\" content=\"moacir\" \/>\n<meta name=\"twitter:card\" content=\"summary_large_image\" \/>\n<meta name=\"twitter:label1\" content=\"Escrito por\" \/>\n\t<meta name=\"twitter:data1\" content=\"moacir\" \/>\n\t<meta name=\"twitter:label2\" content=\"Est. tempo de leitura\" \/>\n\t<meta name=\"twitter:data2\" content=\"3 minutos\" \/>\n<script type=\"application\/ld+json\" class=\"yoast-schema-graph\">{\"@context\":\"https:\/\/schema.org\",\"@graph\":[{\"@type\":\"WebSite\",\"@id\":\"https:\/\/franciscanos.org.br\/noticias\/#website\",\"url\":\"https:\/\/franciscanos.org.br\/noticias\/\",\"name\":\"Not\u00edcias - Franciscanos\",\"description\":\"Prov\u00edncia Franciscana da Imaculada Concei\u00e7\u00e3o do Brasil - Ordem dos Frades Menores - OFM\",\"potentialAction\":[{\"@type\":\"SearchAction\",\"target\":{\"@type\":\"EntryPoint\",\"urlTemplate\":\"https:\/\/franciscanos.org.br\/noticias\/?s={search_term_string}\"},\"query-input\":\"required name=search_term_string\"}],\"inLanguage\":\"pt-BR\"},{\"@type\":\"ImageObject\",\"inLanguage\":\"pt-BR\",\"@id\":\"https:\/\/franciscanos.org.br\/noticias\/encontro-vocacional-reune-28-jovens-em-ituporanga.html#primaryimage\",\"url\":\"https:\/\/franciscanos.org.br\/noticias\/wp-content\/uploads\/2019\/06\/sav_300619d.jpg\",\"contentUrl\":\"https:\/\/franciscanos.org.br\/noticias\/wp-content\/uploads\/2019\/06\/sav_300619d.jpg\",\"width\":273,\"height\":181},{\"@type\":\"WebPage\",\"@id\":\"https:\/\/franciscanos.org.br\/noticias\/encontro-vocacional-reune-28-jovens-em-ituporanga.html#webpage\",\"url\":\"https:\/\/franciscanos.org.br\/noticias\/encontro-vocacional-reune-28-jovens-em-ituporanga.html\",\"name\":\"Encontro vocacional re\u00fane 28 jovens em Ituporanga - Not\u00edcias - Franciscanos\",\"isPartOf\":{\"@id\":\"https:\/\/franciscanos.org.br\/noticias\/#website\"},\"primaryImageOfPage\":{\"@id\":\"https:\/\/franciscanos.org.br\/noticias\/encontro-vocacional-reune-28-jovens-em-ituporanga.html#primaryimage\"},\"datePublished\":\"2019-06-30T10:14:30+00:00\",\"dateModified\":\"2019-07-02T17:46:42+00:00\",\"author\":{\"@id\":\"https:\/\/franciscanos.org.br\/noticias\/#\/schema\/person\/b5c8cba458c330ccff548b056e95a5d4\"},\"breadcrumb\":{\"@id\":\"https:\/\/franciscanos.org.br\/noticias\/encontro-vocacional-reune-28-jovens-em-ituporanga.html#breadcrumb\"},\"inLanguage\":\"pt-BR\",\"potentialAction\":[{\"@type\":\"ReadAction\",\"target\":[\"https:\/\/franciscanos.org.br\/noticias\/encontro-vocacional-reune-28-jovens-em-ituporanga.html\"]}]},{\"@type\":\"BreadcrumbList\",\"@id\":\"https:\/\/franciscanos.org.br\/noticias\/encontro-vocacional-reune-28-jovens-em-ituporanga.html#breadcrumb\",\"itemListElement\":[{\"@type\":\"ListItem\",\"position\":1,\"name\":\"Home\",\"item\":\"https:\/\/franciscanos.org.br\/noticias\"},{\"@type\":\"ListItem\",\"position\":2,\"name\":\"Encontro vocacional re\u00fane 28 jovens em Ituporanga\"}]},{\"@type\":\"Person\",\"@id\":\"https:\/\/franciscanos.org.br\/noticias\/#\/schema\/person\/b5c8cba458c330ccff548b056e95a5d4\",\"name\":\"moacir\",\"image\":{\"@type\":\"ImageObject\",\"inLanguage\":\"pt-BR\",\"@id\":\"https:\/\/franciscanos.org.br\/noticias\/#\/schema\/person\/image\/\",\"url\":\"https:\/\/secure.gravatar.com\/avatar\/d08aa2ce4c8dd416d4479aa8536fcf64?s=96&d=mm&r=g\",\"contentUrl\":\"https:\/\/secure.gravatar.com\/avatar\/d08aa2ce4c8dd416d4479aa8536fcf64?s=96&d=mm&r=g\",\"caption\":\"moacir\"},\"url\":\"https:\/\/franciscanos.org.br\/noticias\/author\/moacir\"}]}<\/script>\n<!-- \/ Yoast SEO plugin. -->","yoast_head_json":{"title":"Encontro vocacional re\u00fane 28 jovens em Ituporanga - Not\u00edcias - Franciscanos","robots":{"index":"index","follow":"follow","max-snippet":"max-snippet:-1","max-image-preview":"max-image-preview:large","max-video-preview":"max-video-preview:-1"},"canonical":"https:\/\/franciscanos.org.br\/noticias\/encontro-vocacional-reune-28-jovens-em-ituporanga.html","og_locale":"pt_BR","og_type":"article","og_title":"Encontro vocacional re\u00fane 28 jovens em Ituporanga - Not\u00edcias - Franciscanos","og_description":"Servi\u00e7o de Anima\u00e7\u00e3o Vocacional da Prov\u00edncia","og_url":"https:\/\/franciscanos.org.br\/noticias\/encontro-vocacional-reune-28-jovens-em-ituporanga.html","og_site_name":"Not\u00edcias - Franciscanos","article_published_time":"2019-06-30T10:14:30+00:00","article_modified_time":"2019-07-02T17:46:42+00:00","og_image":[{"width":273,"height":181,"url":"https:\/\/franciscanos.org.br\/noticias\/wp-content\/uploads\/2019\/06\/sav_300619d.jpg","type":"image\/jpeg"}],"author":"moacir","twitter_card":"summary_large_image","twitter_misc":{"Escrito por":"moacir","Est. tempo de leitura":"3 minutos"},"schema":{"@context":"https:\/\/schema.org","@graph":[{"@type":"WebSite","@id":"https:\/\/franciscanos.org.br\/noticias\/#website","url":"https:\/\/franciscanos.org.br\/noticias\/","name":"Not\u00edcias - Franciscanos","description":"Prov\u00edncia Franciscana da Imaculada Concei\u00e7\u00e3o do Brasil - Ordem dos Frades Menores - OFM","potentialAction":[{"@type":"SearchAction","target":{"@type":"EntryPoint","urlTemplate":"https:\/\/franciscanos.org.br\/noticias\/?s={search_term_string}"},"query-input":"required name=search_term_string"}],"inLanguage":"pt-BR"},{"@type":"ImageObject","inLanguage":"pt-BR","@id":"https:\/\/franciscanos.org.br\/noticias\/encontro-vocacional-reune-28-jovens-em-ituporanga.html#primaryimage","url":"https:\/\/franciscanos.org.br\/noticias\/wp-content\/uploads\/2019\/06\/sav_300619d.jpg","contentUrl":"https:\/\/franciscanos.org.br\/noticias\/wp-content\/uploads\/2019\/06\/sav_300619d.jpg","width":273,"height":181},{"@type":"WebPage","@id":"https:\/\/franciscanos.org.br\/noticias\/encontro-vocacional-reune-28-jovens-em-ituporanga.html#webpage","url":"https:\/\/franciscanos.org.br\/noticias\/encontro-vocacional-reune-28-jovens-em-ituporanga.html","name":"Encontro vocacional re\u00fane 28 jovens em Ituporanga - Not\u00edcias - Franciscanos","isPartOf":{"@id":"https:\/\/franciscanos.org.br\/noticias\/#website"},"primaryImageOfPage":{"@id":"https:\/\/franciscanos.org.br\/noticias\/encontro-vocacional-reune-28-jovens-em-ituporanga.html#primaryimage"},"datePublished":"2019-06-30T10:14:30+00:00","dateModified":"2019-07-02T17:46:42+00:00","author":{"@id":"https:\/\/franciscanos.org.br\/noticias\/#\/schema\/person\/b5c8cba458c330ccff548b056e95a5d4"},"breadcrumb":{"@id":"https:\/\/franciscanos.org.br\/noticias\/encontro-vocacional-reune-28-jovens-em-ituporanga.html#breadcrumb"},"inLanguage":"pt-BR","potentialAction":[{"@type":"ReadAction","target":["https:\/\/franciscanos.org.br\/noticias\/encontro-vocacional-reune-28-jovens-em-ituporanga.html"]}]},{"@type":"BreadcrumbList","@id":"https:\/\/franciscanos.org.br\/noticias\/encontro-vocacional-reune-28-jovens-em-ituporanga.html#breadcrumb","itemListElement":[{"@type":"ListItem","position":1,"name":"Home","item":"https:\/\/franciscanos.org.br\/noticias"},{"@type":"ListItem","position":2,"name":"Encontro vocacional re\u00fane 28 jovens em Ituporanga"}]},{"@type":"Person","@id":"https:\/\/franciscanos.org.br\/noticias\/#\/schema\/person\/b5c8cba458c330ccff548b056e95a5d4","name":"moacir","image":{"@type":"ImageObject","inLanguage":"pt-BR","@id":"https:\/\/franciscanos.org.br\/noticias\/#\/schema\/person\/image\/","url":"https:\/\/secure.gravatar.com\/avatar\/d08aa2ce4c8dd416d4479aa8536fcf64?s=96&d=mm&r=g","contentUrl":"https:\/\/secure.gravatar.com\/avatar\/d08aa2ce4c8dd416d4479aa8536fcf64?s=96&d=mm&r=g","caption":"moacir"},"url":"https:\/\/franciscanos.org.br\/noticias\/author\/moacir"}]}},"_links":{"self":[{"href":"https:\/\/franciscanos.org.br\/noticias\/wp-json\/wp\/v2\/posts\/206999"}],"collection":[{"href":"https:\/\/franciscanos.org.br\/noticias\/wp-json\/wp\/v2\/posts"}],"about":[{"href":"https:\/\/franciscanos.org.br\/noticias\/wp-json\/wp\/v2\/types\/post"}],"author":[{"embeddable":true,"href":"https:\/\/franciscanos.org.br\/noticias\/wp-json\/wp\/v2\/users\/3"}],"replies":[{"embeddable":true,"href":"https:\/\/franciscanos.org.br\/noticias\/wp-json\/wp\/v2\/comments?post=206999"}],"version-history":[{"count":0,"href":"https:\/\/franciscanos.org.br\/noticias\/wp-json\/wp\/v2\/posts\/206999\/revisions"}],"wp:featuredmedia":[{"embeddable":true,"href":"https:\/\/franciscanos.org.br\/noticias\/wp-json\/wp\/v2\/media\/207003"}],"wp:attachment":[{"href":"https:\/\/franciscanos.org.br\/noticias\/wp-json\/wp\/v2\/media?parent=206999"}],"wp:term":[{"taxonomy":"category","embeddable":true,"href":"https:\/\/franciscanos.org.br\/noticias\/wp-json\/wp\/v2\/categories?post=206999"},{"taxonomy":"post_tag","embeddable":true,"href":"https:\/\/franciscanos.org.br\/noticias\/wp-json\/wp\/v2\/tags?post=206999"}],"curies":[{"name":"wp","href":"https:\/\/api.w.org\/{rel}","templated":true}]}}