{"id":206828,"date":"2019-06-30T17:08:23","date_gmt":"2019-06-30T20:08:23","guid":{"rendered":"https:\/\/franciscanos.org.br\/noticias\/?p=206828"},"modified":"2019-07-01T15:07:43","modified_gmt":"2019-07-01T18:07:43","slug":"frei-cambolo-e-ordenado-no-mesmo-espirito-de-pedro-e-paulo","status":"publish","type":"post","link":"https:\/\/franciscanos.org.br\/noticias\/frei-cambolo-e-ordenado-no-mesmo-espirito-de-pedro-e-paulo.html","title":{"rendered":"Frei Cambolo \u00e9 ordenado no mesmo esp\u00edrito de Pedro e Paulo"},"content":{"rendered":"<p><img loading=\"lazy\" class=\"alignnone wp-image-206833 size-full\" src=\"https:\/\/franciscanos.org.br\/noticias\/wp-content\/uploads\/2019\/06\/ordena\u00e7\u00e3o_300619.jpg\" alt=\"\" width=\"890\" height=\"500\" srcset=\"https:\/\/franciscanos.org.br\/noticias\/wp-content\/uploads\/2019\/06\/ordena\u00e7\u00e3o_300619.jpg 890w, https:\/\/franciscanos.org.br\/noticias\/wp-content\/uploads\/2019\/06\/ordena\u00e7\u00e3o_300619-450x253.jpg 450w, https:\/\/franciscanos.org.br\/noticias\/wp-content\/uploads\/2019\/06\/ordena\u00e7\u00e3o_300619-768x431.jpg 768w, https:\/\/franciscanos.org.br\/noticias\/wp-content\/uploads\/2019\/06\/ordena\u00e7\u00e3o_300619-150x84.jpg 150w\" sizes=\"(max-width: 890px) 100vw, 890px\" \/><\/p>\n<p><strong>Frei Augusto Luiz Gabriel<\/strong><\/p>\n<p><strong>Petr\u00f3polis (RJ) \u2013<\/strong> No dia em que a Igreja celebra a Solenidade dos Ap\u00f3stolos S\u00e3o Pedro e S\u00e3o Paulo, Frei Jos\u00e9 Morais Cambolo recebeu das m\u00e3os do Bispo Auxiliar de Bras\u00edlia, Dom Leonardo Ulrich Steiner, o primeiro grau do sacramento da Ordem, o Diaconato. A celebra\u00e7\u00e3o, que durou aproximadamente duas horas, mesclando\u00a0emo\u00e7\u00e3o e alegria. O Coral das Meninas dos Canarinhos deu o tom solene da Celebra\u00e7\u00e3o Eucar\u00edstica das 10 horas, na Par\u00f3quia do Sagrado Cora\u00e7\u00e3o de Jesus de Petr\u00f3polis (RJ), neste domingo 30 de junho. Frei Jos\u00e9 Morais \u00e9 o sexto frade angolano da Funda\u00e7\u00e3o Imaculada M\u00e3e de Deus de Angola (FIMDA) a ser ordenado di\u00e1cono.<\/p>\n<p>Numa manh\u00e3 de tempo firme e com um belo c\u00e9u azul, a Igreja do Sagrado ficou lotada para ver esse momento hist\u00f3rico na vida de Frei Cambolo, como costumeiramente \u00e9 chamado e conhecido. O lema escolhido pelo ordenando foi extra\u00eddo do Evangelho\u00a0de Jo\u00e3o 13,15, e apresenta a seguinte passagem: \u201cDei-vos o exemplo, para que fa\u00e7ais assim como eu fiz para v\u00f3s\u201d. Al\u00e9m dos seus confrades que residem em Petr\u00f3polis, marcaram presen\u00e7a o Ministro Provincial da Prov\u00edncia Franciscana da Imaculada Concei\u00e7\u00e3o, Frei C\u00e9sar K\u00fclkamp; o Definidor Provincial, Frei Jo\u00e3o Francisco da Silva; o Coordenador da Frente de Evangeliza\u00e7\u00e3o das Miss\u00f5es, Frei Robson Scudella, e tamb\u00e9m frades, amigos e paroquianos de Frei Jos\u00e9 de todo o Regional da Baixada e Serra Fluminense, especialmente da Par\u00f3quia Santa Clara de Assis de Imbari\u00ea &#8211; Duque de Caxias (RJ).<\/p>\n<p>Frei Gabriel Dellandrea, em seu coment\u00e1rio inicial, destacou que a Ordem do Diaconato engrandece a miss\u00e3o da Igreja atrav\u00e9s da proclama\u00e7\u00e3o da Palavra de Deus, do servi\u00e7o ao altar e da caridade. A celebra\u00e7\u00e3o teve transmiss\u00e3o ao vivo pela R\u00e1dio Imperial e pela p\u00e1gina do Facebook da Par\u00f3quia do Sagrado.<\/p>\n<p><img loading=\"lazy\" class=\"alignnone wp-image-206834 size-full\" src=\"https:\/\/franciscanos.org.br\/noticias\/wp-content\/uploads\/2019\/06\/ordena\u00e7\u00e3o_300619_1.jpg\" alt=\"\" width=\"890\" height=\"402\" srcset=\"https:\/\/franciscanos.org.br\/noticias\/wp-content\/uploads\/2019\/06\/ordena\u00e7\u00e3o_300619_1.jpg 890w, https:\/\/franciscanos.org.br\/noticias\/wp-content\/uploads\/2019\/06\/ordena\u00e7\u00e3o_300619_1-450x203.jpg 450w, https:\/\/franciscanos.org.br\/noticias\/wp-content\/uploads\/2019\/06\/ordena\u00e7\u00e3o_300619_1-768x347.jpg 768w, https:\/\/franciscanos.org.br\/noticias\/wp-content\/uploads\/2019\/06\/ordena\u00e7\u00e3o_300619_1-150x68.jpg 150w\" sizes=\"(max-width: 890px) 100vw, 890px\" \/><\/p>\n<p><strong>AQUI ESTOU<\/strong><\/p>\n<p>Ap\u00f3s a Liturgia da Palavra, deu-se in\u00edcio ao rito de Ordena\u00e7\u00e3o Diaconal. O Ministro Provincial, Frei C\u00e9sar, pediu a Dom Leonardo que ordenasse di\u00e1cono o jovem confrade e atestou a idoneidade do candidato:\u00a0\u201cNa Vida Religiosa Franciscana sua decis\u00e3o \u00e9 fruto da maturidade de quem sabe equilibrar todas as dimens\u00f5es da nossa vida, \u00e9 piedoso, um homem de ora\u00e7\u00e3o e muito participativo nas atividades pastorais. Na avalia\u00e7\u00e3o do pr\u00f3prio povo de Deus destacou-se o modo como se comunica e a profundidade de suas reflex\u00f5es. Frei Jos\u00e9 \u00e9 muito pr\u00f3ximo das pessoas, especialmente dos mais simples. Gosta de estar no meio de povo e adapta-se com facilidade nas diferentes realidades sociais e eclesiais. Por tudo isso, ouvindo o povo de Deus, o corpo de formadores e professores desta etapa, hoje tenho a alegria de dizer que este nosso irm\u00e3o e confrade foi considerado digno para este nosso servi\u00e7o a Igreja\u201d, declarou.<\/p>\n<p><strong>PEDRO E PAULO: GRANDES COLUNAS DA IGREJA<\/strong><\/p>\n<p>Em seguida, Dom Leonardo, fazendo refer\u00eancia ao Evangelho do dia, iniciou sua homilia com a pergunta: \u201cE voc\u00eas, quem dizem que eu sou?\u201d (Mt 16, 15). Segundo ele, Jesus foi para uma regi\u00e3o de confronto de culturas, governos e de opress\u00e3o, onde antes de seu tempo se cultuavam muitos deuses, e por isso fez a pergunta. Pedro se antecipa: \u2018Tu \u00e9s o Filho de Deus\u2019. \u201cEsse \u00e9 o Pedro: Pronto, seguidor, disposto, o que fala r\u00e1pido, mas um Pedro tamb\u00e9m fr\u00e1gil, fraco, traidor, mas arrependido. Pedro se parece com cada um de n\u00f3s nas nossas pequenas fragilidades, nas nossas tentativas de seguimento de Jesus, na nossa busca de sermos coerentes ao Evangelho, de darmos a vida, de cuidarmos da comunidade. Somos como Pedro, de certo modo maduros na f\u00e9, mas ainda tr\u00f4pegos na f\u00e9. Pedro, extraordin\u00e1ria figura de Pedro!\u201d, exclamou.<\/p>\n<p><img loading=\"lazy\" class=\"alignnone wp-image-206835 size-full\" src=\"https:\/\/franciscanos.org.br\/noticias\/wp-content\/uploads\/2019\/06\/ordena\u00e7\u00e3o_300619_2.jpg\" alt=\"\" width=\"890\" height=\"500\" srcset=\"https:\/\/franciscanos.org.br\/noticias\/wp-content\/uploads\/2019\/06\/ordena\u00e7\u00e3o_300619_2.jpg 890w, https:\/\/franciscanos.org.br\/noticias\/wp-content\/uploads\/2019\/06\/ordena\u00e7\u00e3o_300619_2-450x253.jpg 450w, https:\/\/franciscanos.org.br\/noticias\/wp-content\/uploads\/2019\/06\/ordena\u00e7\u00e3o_300619_2-768x431.jpg 768w, https:\/\/franciscanos.org.br\/noticias\/wp-content\/uploads\/2019\/06\/ordena\u00e7\u00e3o_300619_2-150x84.jpg 150w\" sizes=\"(max-width: 890px) 100vw, 890px\" \/><\/p>\n<p>O bispo franciscano tamb\u00e9m falou da figura de Paulo. \u201cPaulo, o inteligente Paulo, o leitor da hist\u00f3ria, Paulo aquele que consegue, a partir de Jesus, ler todo o passado de um povo. Paulo o criativo, o inovador, Paulo aquele que compreende os novos caminhos do cristianismo. Paulo, o instrutor e fundador de comunidades. Paulo, aquele que \u00e0s vezes \u00e9 irasc\u00edvel, duro, mas afetuoso, paterno e porque n\u00e3o dizer materno. Paulo, o extraordin\u00e1rio. Temos tamb\u00e9m um pouco de Paulo, temos, sim! Temos o desejo de sermos seguidores e fi\u00e9is a Jesus. Ele devia ser um pouco dif\u00edcil na conviv\u00eancia, mas coerente na f\u00e9\u201d, explicou.<\/p>\n<p>Dom Leonardo afirmou que Pedro e Paulo s\u00e3o duas grandes figuras e colunas da Igreja. Segundo ele, todos os crist\u00e3os podem seguir a Jesus como Pedro e Paulo. Historicamente, ambos est\u00e3o enterrados em Roma e por isso neste dia a Igreja tamb\u00e9m reza pelo Papa Francisco.<\/p>\n<p><strong>O DI\u00c1CONO N\u00c3O GIRA APENAS EM TORNO DO ALTAR<\/strong><\/p>\n<p>\u201c\u00c9 tamb\u00e9m neste dia que queremos ordenar nosso irm\u00e3o Frei Jos\u00e9. Ordenar para a comunidade, para ser di\u00e1cono da Igreja. Queremos ordenar este nosso irm\u00e3o no mesmo esp\u00edrito de Pedro e Paulo\u201d, frisou.<\/p>\n<p><img loading=\"lazy\" class=\"alignnone wp-image-206836 size-full\" src=\"https:\/\/franciscanos.org.br\/noticias\/wp-content\/uploads\/2019\/06\/ordena\u00e7\u00e3o_300619_3.jpg\" alt=\"\" width=\"890\" height=\"500\" srcset=\"https:\/\/franciscanos.org.br\/noticias\/wp-content\/uploads\/2019\/06\/ordena\u00e7\u00e3o_300619_3.jpg 890w, https:\/\/franciscanos.org.br\/noticias\/wp-content\/uploads\/2019\/06\/ordena\u00e7\u00e3o_300619_3-450x253.jpg 450w, https:\/\/franciscanos.org.br\/noticias\/wp-content\/uploads\/2019\/06\/ordena\u00e7\u00e3o_300619_3-768x431.jpg 768w, https:\/\/franciscanos.org.br\/noticias\/wp-content\/uploads\/2019\/06\/ordena\u00e7\u00e3o_300619_3-150x84.jpg 150w\" sizes=\"(max-width: 890px) 100vw, 890px\" \/>Segundo o Bispo, o di\u00e1cono serve o altar, mas serve tamb\u00e9m a mesa dos pobres, dos pequenos e dos desvalidos. \u201cO verdadeiro di\u00e1cono n\u00e3o gira apenas em torno do altar, ele gira em torno da mesa dos necessitados. O di\u00e1cono \u00e9 ordenado para buscar e proclamar a Palavra, n\u00e3o apenas no amb\u00e3o, mas tamb\u00e9m nas periferias geogr\u00e1ficas e existenciais. Ele \u00e9 ordenado para proclamar nessas realidades que o Senhor Jesus veio e nos transformou e nos indicou o Reino de Deus. O di\u00e1cono \u00e9 ordenado para o altar, para a mesa, para proclamar a Palavra\u201d, ensinou.<\/p>\n<p>Dom Leonardo continuou dizendo que estar a servi\u00e7o da Palavra \u00e9 fazer-se corpo, fundar e constituir comunidades para suscitar no povo de Deus o desejo de seguir Jesus. \u201cVoc\u00ea vai ser o distribuidor dos sacramentos. Vai introduzir algu\u00e9m na vida de Jesus. Vai tamb\u00e9m assistir aqueles e aquelas que na celebra\u00e7\u00e3o se ousam dar-se em amor um ao outro\u201d, enfatizou.<\/p>\n<p>Para o bispo ordenante ser ordenado di\u00e1cono antes de ser presb\u00edtero tem suma import\u00e2ncia. Para ele, \u00e9 preciso se exercitar no servi\u00e7o, na escuta, na Palavra proclamada, vivida e testemunhada. \u00c9 importante, pois \u00e9 necess\u00e1rio estar a servi\u00e7o da comunidade, da Igreja. \u201cQue voc\u00ea possa ser um homem a servi\u00e7o da comunidade, dos pobres. A nossa tenta\u00e7\u00e3o hoje \u00e9 estarmos a servi\u00e7os de n\u00f3s mesmos, mas o Evangelho nos convida a estarmos a servi\u00e7o dos outros e nisto esta a nossa realiza\u00e7\u00e3o\u201d, concluiu.<\/p>\n<p><strong>PROP\u00d3SITO DO ELEITO<\/strong><\/p>\n<p><img loading=\"lazy\" class=\"alignnone wp-image-206837 size-full\" src=\"https:\/\/franciscanos.org.br\/noticias\/wp-content\/uploads\/2019\/06\/ordena\u00e7\u00e3o_300619_4.jpg\" alt=\"\" width=\"890\" height=\"500\" srcset=\"https:\/\/franciscanos.org.br\/noticias\/wp-content\/uploads\/2019\/06\/ordena\u00e7\u00e3o_300619_4.jpg 890w, https:\/\/franciscanos.org.br\/noticias\/wp-content\/uploads\/2019\/06\/ordena\u00e7\u00e3o_300619_4-450x253.jpg 450w, https:\/\/franciscanos.org.br\/noticias\/wp-content\/uploads\/2019\/06\/ordena\u00e7\u00e3o_300619_4-768x431.jpg 768w, https:\/\/franciscanos.org.br\/noticias\/wp-content\/uploads\/2019\/06\/ordena\u00e7\u00e3o_300619_4-150x84.jpg 150w\" sizes=\"(max-width: 890px) 100vw, 890px\" \/>Terminada a homilia, Frei Jos\u00e9 colocou-se diante do bispo que o interrogou sobre seus prop\u00f3sitos publicamente. Seguindo o rito, Frei Cambolo prometeu desempenhar com humildade e amor o minist\u00e9rio dos di\u00e1conos, respeitar e prestar obedi\u00eancia aos sucessores dos Ap\u00f3stolos, viver o celibato, realizar fielmente a Liturgia das Horas e imitar sempre na sua vida o exemplo de Cristo.\u00a0 Em seguida, o eleito aproximou-se do bispo, e, de joelhos, colocou suas m\u00e3os entre as do Bispo que o interrogou novamente. Frei Jos\u00e9 confirmou diante da Igreja e de seu pastor o seu firme prop\u00f3sito de cumprir fielmente o minist\u00e9rio diaconal.<\/p>\n<p><img loading=\"lazy\" class=\" wp-image-206838 alignright\" src=\"https:\/\/franciscanos.org.br\/noticias\/wp-content\/uploads\/2019\/06\/ordena\u00e7\u00e3o_300619_5-318x450.jpg\" alt=\"\" width=\"280\" height=\"396\" srcset=\"https:\/\/franciscanos.org.br\/noticias\/wp-content\/uploads\/2019\/06\/ordena\u00e7\u00e3o_300619_5-318x450.jpg 318w, https:\/\/franciscanos.org.br\/noticias\/wp-content\/uploads\/2019\/06\/ordena\u00e7\u00e3o_300619_5-768x1086.jpg 768w, https:\/\/franciscanos.org.br\/noticias\/wp-content\/uploads\/2019\/06\/ordena\u00e7\u00e3o_300619_5-724x1024.jpg 724w, https:\/\/franciscanos.org.br\/noticias\/wp-content\/uploads\/2019\/06\/ordena\u00e7\u00e3o_300619_5-150x212.jpg 150w, https:\/\/franciscanos.org.br\/noticias\/wp-content\/uploads\/2019\/06\/ordena\u00e7\u00e3o_300619_5-1200x1697.jpg 1200w\" sizes=\"(max-width: 280px) 100vw, 280px\" \/><\/p>\n<p>Depois, Dom Leonardo, convidou o povo de Deus a cantar a Ladainha, rogando ao Senhor que derrame sua b\u00ean\u00e7\u00e3o sobre o ordenando, seu servo. Momento forte, \u00fanico e rico em simbolismo e gra\u00e7a, onde prostrado sobre a terra, Frei Jos\u00e9 se entrega e confia Naquele que antes j\u00e1 lhe chamou a Vida Religiosa Franciscana.<\/p>\n<p>Em seguida, Frei Cambolo colocou-se novamente de joelhos diante de Dom Leonardo, que solenemente imp\u00f4s as m\u00e3os sobre sua cabe\u00e7a e proferiu a Prece da Ordena\u00e7\u00e3o. O P\u00e1roco Frei Jorge Paulo Schiavini e o Ministro Provincial revestiram Frei Jos\u00e9 com a veste e a estola diaconal. Depois, ele recebeu das m\u00e3os do bispo o Evangeli\u00e1rio: \u201cRecebe o Evangelho de Cristo, do qual foste constitu\u00eddo mensageiro; transforma em f\u00e9 viva o que leres, ensina aquilo que creres e procura realizar o que ensinares\u201d, disse o bispo franciscano. E, por fim, com muita emo\u00e7\u00e3o, o Bispo o acolheu e desejou a paz ao neodi\u00e1cono com um caloroso e fraternal abra\u00e7o. Seus confrades ali presentes fizeram o mesmo.<\/p>\n<p>Terminado o rito, prosseguiu-se com a Celebra\u00e7\u00e3o Eucar\u00edstica, onde Frei Jos\u00e9 passou a servir o altar pela primeira vez como di\u00e1cono. No Ofert\u00f3rio, o Coral e os frades angolanos emocionaram com a m\u00fasica: \u201cNgana wa ngixana\u201d, canto popular em Angola. (<strong><a href=\"https:\/\/youtu.be\/1LUm6fGApTU\">VEJA O V\u00cdDEO<\/a><\/strong>)<\/p>\n<p><strong>AGRADECIMENTOS<\/strong><\/p>\n<p>Frei Jos\u00e9 que \u00e9 uma das primeiras voca\u00e7\u00f5es da Miss\u00e3o da Funda\u00e7\u00e3o Imaculada M\u00e3e de Deus de Angola come\u00e7ou agradecendo a Dom Leonardo Steiner (Frei Ulrich), ao Ministro Provincial, Frei C\u00e9sar K\u00fclkamp, e aos seus confrades como tamb\u00e9m a todos os presentes.<\/p>\n<p><img loading=\"lazy\" class=\"alignnone wp-image-206839 size-full\" src=\"https:\/\/franciscanos.org.br\/noticias\/wp-content\/uploads\/2019\/06\/ordena\u00e7\u00e3o_300619_6.jpg\" alt=\"\" width=\"890\" height=\"500\" srcset=\"https:\/\/franciscanos.org.br\/noticias\/wp-content\/uploads\/2019\/06\/ordena\u00e7\u00e3o_300619_6.jpg 890w, https:\/\/franciscanos.org.br\/noticias\/wp-content\/uploads\/2019\/06\/ordena\u00e7\u00e3o_300619_6-450x253.jpg 450w, https:\/\/franciscanos.org.br\/noticias\/wp-content\/uploads\/2019\/06\/ordena\u00e7\u00e3o_300619_6-768x431.jpg 768w, https:\/\/franciscanos.org.br\/noticias\/wp-content\/uploads\/2019\/06\/ordena\u00e7\u00e3o_300619_6-150x84.jpg 150w\" sizes=\"(max-width: 890px) 100vw, 890px\" \/><\/p>\n<p>\u201cLouvo e agrade\u00e7o profundamente a Deus pelo dom da vida, da voca\u00e7\u00e3o crist\u00e3 e franciscana e hoje, pela gra\u00e7a sacramental, ser escolhido para servir a sua Igreja como di\u00e1cono! Aos meus pais e familiares pela for\u00e7a e sustento na vida e na caminhada vocacional. A Dom Leonardo que, com muita disposi\u00e7\u00e3o e carinho, dignou-se conferir esta ordena\u00e7\u00e3o. Ao Ministro Provincial Frei C\u00e9sar pela presen\u00e7a fraterna, pela anima\u00e7\u00e3o e cuidado na vida de frade menor. Ao nosso guardi\u00e3o e p\u00e1roco do Sagrado, Frei Jorge Schiavini, ao nosso mestre de forma\u00e7\u00e3o Frei Marcos Ant\u00f4nio de Andrade pela ajuda e discernimento, aos confrades desta querida e amada Fraternidade Sagrado Cora\u00e7\u00e3o de Jesus, \u00e0 toda Fraternidade Provincial presente no Brasil e em Angola, que num s\u00f3 cora\u00e7\u00e3o e numa s\u00f3 alma caminham fraternalmente no seguimento de nosso Senhor Jesus Cristo\u201d, disse.<\/p>\n<p>Agradeceu ainda as Par\u00f3quias do Sagrado e de Santa Clara de Assis, em Imbari\u00ea, pela acolhida e partilha de vida durante os dois anos que pode residir em cada local. \u201cIrm\u00e3os e irm\u00e3s, rezai por mim, para que este minist\u00e9rio assumido na e para a Igreja seja realizado para o bem de todos, sobretudo os mais pobres\u201d, pediu o neodi\u00e1cono sendo ovacionado pela assembleia.<\/p>\n<p>O Ministro Provincial come\u00e7ou agradecendo ao seu confrade Dom Frei Leonardo que prontamente disse sim ao convite de ordenar Frei Jos\u00e9. Depois em nome de toda Prov\u00edncia agradeceu \u00e0 Fraternidade local e \u00e0 Par\u00f3quia do Sagrado como tamb\u00e9m o Instituto dos Canarinhos de Petr\u00f3polis e a Par\u00f3quia Santa Clara de Assis de Imbari\u00ea. Ao Frei Jos\u00e9 disse: \u2018Voc\u00ea \u00e9 o nosso mais novo di\u00e1cono e n\u00f3s sabemos que este desafio \u00e9 grande e exigente, mas quero dizer que voc\u00ea n\u00e3o esta sozinho, voc\u00ea conta com centenas de irm\u00e3os desta Prov\u00edncia aqui do Brasil e de Angola, e tamb\u00e9m de todos os nossos irm\u00e3os que compartilham conosco da nossa miss\u00e3o nas mais diferentes frentes. Que voc\u00ea possa se sentir abra\u00e7ado por todos n\u00f3s e conte sempre conosco\u201d, destacou Frei C\u00e9sar.<\/p>\n<p><img loading=\"lazy\" class=\"alignnone wp-image-206841 size-full\" src=\"https:\/\/franciscanos.org.br\/noticias\/wp-content\/uploads\/2019\/06\/ordena\u00e7\u00e3o_300619_8.jpg\" alt=\"\" width=\"890\" height=\"500\" srcset=\"https:\/\/franciscanos.org.br\/noticias\/wp-content\/uploads\/2019\/06\/ordena\u00e7\u00e3o_300619_8.jpg 890w, https:\/\/franciscanos.org.br\/noticias\/wp-content\/uploads\/2019\/06\/ordena\u00e7\u00e3o_300619_8-450x253.jpg 450w, https:\/\/franciscanos.org.br\/noticias\/wp-content\/uploads\/2019\/06\/ordena\u00e7\u00e3o_300619_8-768x431.jpg 768w, https:\/\/franciscanos.org.br\/noticias\/wp-content\/uploads\/2019\/06\/ordena\u00e7\u00e3o_300619_8-150x84.jpg 150w\" sizes=\"(max-width: 890px) 100vw, 890px\" \/><\/p>\n<p>Logo depois, Dom Leonardo deu a b\u00ean\u00e7\u00e3o do envio a Frei Jos\u00e9 e brincou: \u201cCertamente, se est\u00e1 Missa tivesse sido em Angola, com toda a certeza teria sido mais movimentada\u201d. E desejou: \u201cBata na porta da Palavra, um dia ela se revela e revelar\u00e1 coisas extraordin\u00e1rias. Ela \u00e9 estupenda, por isso, deixe-se fecundar pela Palavra, leve a Palavra\u201d.<\/p>\n<p>Frei Jos\u00e9 \u00e9 natural de Luanda, capital de Angola. Filho de Jos\u00e9 Mateus Cambolo e Josefa Ant\u00f4nio Morais \u00e9 5\u00ba dos seis irm\u00e3os. No ano de 2006, ingressou no Semin\u00e1rio Franciscano de Monte Alverne, em Malanje. Em 2011, j\u00e1 em terras brasileiras, ap\u00f3s o ano do Noviciado em Rodeio (SC), fez sua Primeira Profiss\u00e3o Religiosa, retornando \u00e0 Angola para o curso de Filosofia de 2011 a 2014. No ano de 2015 iniciou o curso de Teologia residindo na Fraternidade do Sagrado Cora\u00e7\u00e3o de Jesus de Petr\u00f3polis (RJ), por dois anos, onde fez sua Profiss\u00e3o Solene em 28 de agosto de 2016. Nos anos de 2017 e 2018 morou na Fraternidade M\u00e3e Terra, em Imbari\u00ea, Duque de Caxias (RJ), e neste de 2019 novamente foi transferido para a Fraternidade do Sagrado, onde hoje (30\/06\/2019) foi ordenado Di\u00e1cono. Nos pr\u00f3ximos dias Frei Cambolo retornar\u00e1 para Angola, onde exercer\u00e1 seu minist\u00e9rio junto aquela por\u00e7\u00e3o do povo de Deus.<\/p>\n<hr \/>\n<h3 style=\"text-align: center;\"><strong>VEJA MAIS IMAGENS<\/strong><\/h3>\n<hr \/>\n\n\t\t<style type=\"text\/css\">\n\t\t\t#gallery-1 {\n\t\t\t\tmargin: auto;\n\t\t\t}\n\t\t\t#gallery-1 .gallery-item {\n\t\t\t\tfloat: left;\n\t\t\t\tmargin-top: 10px;\n\t\t\t\ttext-align: center;\n\t\t\t\twidth: 25%;\n\t\t\t}\n\t\t\t#gallery-1 img {\n\t\t\t\tborder: 2px solid #cfcfcf;\n\t\t\t}\n\t\t\t#gallery-1 .gallery-caption {\n\t\t\t\tmargin-left: 0;\n\t\t\t}\n\t\t\t\/* see gallery_shortcode() in wp-includes\/media.php *\/\n\t\t<\/style>\n\t\t<div id='gallery-1' class='gallery galleryid-206828 gallery-columns-4 gallery-size-thumbnail'><dl class='gallery-item'>\n\t\t\t<dt class='gallery-icon landscape'>\n\t\t\t\t<a href='https:\/\/franciscanos.org.br\/noticias\/wp-content\/uploads\/2019\/06\/ordenacao_freijose_300619-1.jpg'><img width=\"300\" height=\"300\" src=\"https:\/\/franciscanos.org.br\/noticias\/wp-content\/uploads\/2019\/06\/ordenacao_freijose_300619-1-300x300.jpg\" class=\"attachment-thumbnail size-thumbnail\" alt=\"\" loading=\"lazy\" srcset=\"https:\/\/franciscanos.org.br\/noticias\/wp-content\/uploads\/2019\/06\/ordenacao_freijose_300619-1-300x300.jpg 300w, https:\/\/franciscanos.org.br\/noticias\/wp-content\/uploads\/2019\/06\/ordenacao_freijose_300619-1-400x400.jpg 400w\" sizes=\"(max-width: 300px) 100vw, 300px\" \/><\/a>\n\t\t\t<\/dt><\/dl><dl class='gallery-item'>\n\t\t\t<dt class='gallery-icon landscape'>\n\t\t\t\t<a href='https:\/\/franciscanos.org.br\/noticias\/wp-content\/uploads\/2019\/06\/ordenacao_freijose_300619-4.jpg'><img width=\"300\" height=\"300\" src=\"https:\/\/franciscanos.org.br\/noticias\/wp-content\/uploads\/2019\/06\/ordenacao_freijose_300619-4-300x300.jpg\" class=\"attachment-thumbnail size-thumbnail\" alt=\"\" loading=\"lazy\" srcset=\"https:\/\/franciscanos.org.br\/noticias\/wp-content\/uploads\/2019\/06\/ordenacao_freijose_300619-4-300x300.jpg 300w, https:\/\/franciscanos.org.br\/noticias\/wp-content\/uploads\/2019\/06\/ordenacao_freijose_300619-4-400x400.jpg 400w\" sizes=\"(max-width: 300px) 100vw, 300px\" \/><\/a>\n\t\t\t<\/dt><\/dl><dl class='gallery-item'>\n\t\t\t<dt class='gallery-icon landscape'>\n\t\t\t\t<a href='https:\/\/franciscanos.org.br\/noticias\/wp-content\/uploads\/2019\/06\/ordenacao_freijose_300619-5.jpg'><img width=\"300\" height=\"300\" src=\"https:\/\/franciscanos.org.br\/noticias\/wp-content\/uploads\/2019\/06\/ordenacao_freijose_300619-5-300x300.jpg\" class=\"attachment-thumbnail size-thumbnail\" alt=\"\" loading=\"lazy\" srcset=\"https:\/\/franciscanos.org.br\/noticias\/wp-content\/uploads\/2019\/06\/ordenacao_freijose_300619-5-300x300.jpg 300w, https:\/\/franciscanos.org.br\/noticias\/wp-content\/uploads\/2019\/06\/ordenacao_freijose_300619-5-400x400.jpg 400w\" sizes=\"(max-width: 300px) 100vw, 300px\" \/><\/a>\n\t\t\t<\/dt><\/dl><dl class='gallery-item'>\n\t\t\t<dt class='gallery-icon landscape'>\n\t\t\t\t<a href='https:\/\/franciscanos.org.br\/noticias\/wp-content\/uploads\/2019\/06\/ordenacao_freijose_300619-7.jpg'><img width=\"300\" height=\"300\" src=\"https:\/\/franciscanos.org.br\/noticias\/wp-content\/uploads\/2019\/06\/ordenacao_freijose_300619-7-300x300.jpg\" class=\"attachment-thumbnail size-thumbnail\" alt=\"\" loading=\"lazy\" srcset=\"https:\/\/franciscanos.org.br\/noticias\/wp-content\/uploads\/2019\/06\/ordenacao_freijose_300619-7-300x300.jpg 300w, https:\/\/franciscanos.org.br\/noticias\/wp-content\/uploads\/2019\/06\/ordenacao_freijose_300619-7-400x400.jpg 400w\" sizes=\"(max-width: 300px) 100vw, 300px\" \/><\/a>\n\t\t\t<\/dt><\/dl><br style=\"clear: both\" \/><dl class='gallery-item'>\n\t\t\t<dt class='gallery-icon portrait'>\n\t\t\t\t<a href='https:\/\/franciscanos.org.br\/noticias\/wp-content\/uploads\/2019\/06\/ordenacao_freijose_300619-8-e1561925203620.jpg'><img width=\"300\" height=\"300\" src=\"https:\/\/franciscanos.org.br\/noticias\/wp-content\/uploads\/2019\/06\/ordenacao_freijose_300619-8-e1561925203620-300x300.jpg\" class=\"attachment-thumbnail size-thumbnail\" alt=\"\" loading=\"lazy\" srcset=\"https:\/\/franciscanos.org.br\/noticias\/wp-content\/uploads\/2019\/06\/ordenacao_freijose_300619-8-e1561925203620-300x300.jpg 300w, https:\/\/franciscanos.org.br\/noticias\/wp-content\/uploads\/2019\/06\/ordenacao_freijose_300619-8-e1561925203620-400x400.jpg 400w\" sizes=\"(max-width: 300px) 100vw, 300px\" \/><\/a>\n\t\t\t<\/dt><\/dl><dl class='gallery-item'>\n\t\t\t<dt class='gallery-icon landscape'>\n\t\t\t\t<a href='https:\/\/franciscanos.org.br\/noticias\/wp-content\/uploads\/2019\/06\/ordenacao_freijose_300619-9.jpg'><img width=\"300\" height=\"300\" src=\"https:\/\/franciscanos.org.br\/noticias\/wp-content\/uploads\/2019\/06\/ordenacao_freijose_300619-9-300x300.jpg\" class=\"attachment-thumbnail size-thumbnail\" alt=\"\" loading=\"lazy\" srcset=\"https:\/\/franciscanos.org.br\/noticias\/wp-content\/uploads\/2019\/06\/ordenacao_freijose_300619-9-300x300.jpg 300w, https:\/\/franciscanos.org.br\/noticias\/wp-content\/uploads\/2019\/06\/ordenacao_freijose_300619-9-400x400.jpg 400w\" sizes=\"(max-width: 300px) 100vw, 300px\" \/><\/a>\n\t\t\t<\/dt><\/dl><dl class='gallery-item'>\n\t\t\t<dt class='gallery-icon landscape'>\n\t\t\t\t<a href='https:\/\/franciscanos.org.br\/noticias\/wp-content\/uploads\/2019\/06\/ordenacao_freijose_300619-10.jpg'><img width=\"300\" height=\"300\" src=\"https:\/\/franciscanos.org.br\/noticias\/wp-content\/uploads\/2019\/06\/ordenacao_freijose_300619-10-300x300.jpg\" class=\"attachment-thumbnail size-thumbnail\" alt=\"\" loading=\"lazy\" srcset=\"https:\/\/franciscanos.org.br\/noticias\/wp-content\/uploads\/2019\/06\/ordenacao_freijose_300619-10-300x300.jpg 300w, https:\/\/franciscanos.org.br\/noticias\/wp-content\/uploads\/2019\/06\/ordenacao_freijose_300619-10-400x400.jpg 400w\" sizes=\"(max-width: 300px) 100vw, 300px\" \/><\/a>\n\t\t\t<\/dt><\/dl><dl class='gallery-item'>\n\t\t\t<dt class='gallery-icon landscape'>\n\t\t\t\t<a href='https:\/\/franciscanos.org.br\/noticias\/wp-content\/uploads\/2019\/06\/ordenacao_freijose_300619-11.jpg'><img width=\"300\" height=\"300\" src=\"https:\/\/franciscanos.org.br\/noticias\/wp-content\/uploads\/2019\/06\/ordenacao_freijose_300619-11-300x300.jpg\" class=\"attachment-thumbnail size-thumbnail\" alt=\"\" loading=\"lazy\" srcset=\"https:\/\/franciscanos.org.br\/noticias\/wp-content\/uploads\/2019\/06\/ordenacao_freijose_300619-11-300x300.jpg 300w, https:\/\/franciscanos.org.br\/noticias\/wp-content\/uploads\/2019\/06\/ordenacao_freijose_300619-11-400x400.jpg 400w\" sizes=\"(max-width: 300px) 100vw, 300px\" \/><\/a>\n\t\t\t<\/dt><\/dl><br style=\"clear: both\" \/><dl class='gallery-item'>\n\t\t\t<dt class='gallery-icon landscape'>\n\t\t\t\t<a href='https:\/\/franciscanos.org.br\/noticias\/wp-content\/uploads\/2019\/06\/ordenacao_freijose_300619-12.jpg'><img width=\"300\" height=\"300\" src=\"https:\/\/franciscanos.org.br\/noticias\/wp-content\/uploads\/2019\/06\/ordenacao_freijose_300619-12-300x300.jpg\" class=\"attachment-thumbnail size-thumbnail\" alt=\"\" loading=\"lazy\" srcset=\"https:\/\/franciscanos.org.br\/noticias\/wp-content\/uploads\/2019\/06\/ordenacao_freijose_300619-12-300x300.jpg 300w, https:\/\/franciscanos.org.br\/noticias\/wp-content\/uploads\/2019\/06\/ordenacao_freijose_300619-12-400x400.jpg 400w\" sizes=\"(max-width: 300px) 100vw, 300px\" \/><\/a>\n\t\t\t<\/dt><\/dl><dl class='gallery-item'>\n\t\t\t<dt class='gallery-icon landscape'>\n\t\t\t\t<a href='https:\/\/franciscanos.org.br\/noticias\/wp-content\/uploads\/2019\/06\/ordenacao_freijose_300619-13.jpg'><img width=\"300\" height=\"300\" src=\"https:\/\/franciscanos.org.br\/noticias\/wp-content\/uploads\/2019\/06\/ordenacao_freijose_300619-13-300x300.jpg\" class=\"attachment-thumbnail size-thumbnail\" alt=\"\" loading=\"lazy\" srcset=\"https:\/\/franciscanos.org.br\/noticias\/wp-content\/uploads\/2019\/06\/ordenacao_freijose_300619-13-300x300.jpg 300w, https:\/\/franciscanos.org.br\/noticias\/wp-content\/uploads\/2019\/06\/ordenacao_freijose_300619-13-400x400.jpg 400w\" sizes=\"(max-width: 300px) 100vw, 300px\" \/><\/a>\n\t\t\t<\/dt><\/dl><dl class='gallery-item'>\n\t\t\t<dt class='gallery-icon landscape'>\n\t\t\t\t<a href='https:\/\/franciscanos.org.br\/noticias\/wp-content\/uploads\/2019\/06\/ordenacao_freijose_300619-15.jpg'><img width=\"300\" height=\"300\" src=\"https:\/\/franciscanos.org.br\/noticias\/wp-content\/uploads\/2019\/06\/ordenacao_freijose_300619-15-300x300.jpg\" class=\"attachment-thumbnail size-thumbnail\" alt=\"\" loading=\"lazy\" srcset=\"https:\/\/franciscanos.org.br\/noticias\/wp-content\/uploads\/2019\/06\/ordenacao_freijose_300619-15-300x300.jpg 300w, https:\/\/franciscanos.org.br\/noticias\/wp-content\/uploads\/2019\/06\/ordenacao_freijose_300619-15-400x400.jpg 400w\" sizes=\"(max-width: 300px) 100vw, 300px\" \/><\/a>\n\t\t\t<\/dt><\/dl><dl class='gallery-item'>\n\t\t\t<dt class='gallery-icon landscape'>\n\t\t\t\t<a href='https:\/\/franciscanos.org.br\/noticias\/wp-content\/uploads\/2019\/06\/ordenacao_freijose_300619-16.jpg'><img width=\"300\" height=\"300\" src=\"https:\/\/franciscanos.org.br\/noticias\/wp-content\/uploads\/2019\/06\/ordenacao_freijose_300619-16-300x300.jpg\" class=\"attachment-thumbnail size-thumbnail\" alt=\"\" loading=\"lazy\" srcset=\"https:\/\/franciscanos.org.br\/noticias\/wp-content\/uploads\/2019\/06\/ordenacao_freijose_300619-16-300x300.jpg 300w, https:\/\/franciscanos.org.br\/noticias\/wp-content\/uploads\/2019\/06\/ordenacao_freijose_300619-16-400x400.jpg 400w\" sizes=\"(max-width: 300px) 100vw, 300px\" \/><\/a>\n\t\t\t<\/dt><\/dl><br style=\"clear: both\" \/><dl class='gallery-item'>\n\t\t\t<dt class='gallery-icon landscape'>\n\t\t\t\t<a href='https:\/\/franciscanos.org.br\/noticias\/wp-content\/uploads\/2019\/06\/ordenacao_freijose_300619-17.jpg'><img width=\"300\" height=\"300\" src=\"https:\/\/franciscanos.org.br\/noticias\/wp-content\/uploads\/2019\/06\/ordenacao_freijose_300619-17-300x300.jpg\" class=\"attachment-thumbnail size-thumbnail\" alt=\"\" loading=\"lazy\" srcset=\"https:\/\/franciscanos.org.br\/noticias\/wp-content\/uploads\/2019\/06\/ordenacao_freijose_300619-17-300x300.jpg 300w, https:\/\/franciscanos.org.br\/noticias\/wp-content\/uploads\/2019\/06\/ordenacao_freijose_300619-17-400x400.jpg 400w\" sizes=\"(max-width: 300px) 100vw, 300px\" \/><\/a>\n\t\t\t<\/dt><\/dl><dl class='gallery-item'>\n\t\t\t<dt class='gallery-icon landscape'>\n\t\t\t\t<a href='https:\/\/franciscanos.org.br\/noticias\/wp-content\/uploads\/2019\/06\/ordenacao_freijose_300619-18.jpg'><img width=\"300\" height=\"300\" src=\"https:\/\/franciscanos.org.br\/noticias\/wp-content\/uploads\/2019\/06\/ordenacao_freijose_300619-18-300x300.jpg\" class=\"attachment-thumbnail size-thumbnail\" alt=\"\" loading=\"lazy\" srcset=\"https:\/\/franciscanos.org.br\/noticias\/wp-content\/uploads\/2019\/06\/ordenacao_freijose_300619-18-300x300.jpg 300w, https:\/\/franciscanos.org.br\/noticias\/wp-content\/uploads\/2019\/06\/ordenacao_freijose_300619-18-400x400.jpg 400w\" sizes=\"(max-width: 300px) 100vw, 300px\" \/><\/a>\n\t\t\t<\/dt><\/dl><dl class='gallery-item'>\n\t\t\t<dt class='gallery-icon landscape'>\n\t\t\t\t<a href='https:\/\/franciscanos.org.br\/noticias\/wp-content\/uploads\/2019\/06\/ordenacao_freijose_300619-19.jpg'><img width=\"300\" height=\"300\" src=\"https:\/\/franciscanos.org.br\/noticias\/wp-content\/uploads\/2019\/06\/ordenacao_freijose_300619-19-300x300.jpg\" class=\"attachment-thumbnail size-thumbnail\" alt=\"\" loading=\"lazy\" srcset=\"https:\/\/franciscanos.org.br\/noticias\/wp-content\/uploads\/2019\/06\/ordenacao_freijose_300619-19-300x300.jpg 300w, https:\/\/franciscanos.org.br\/noticias\/wp-content\/uploads\/2019\/06\/ordenacao_freijose_300619-19-400x400.jpg 400w\" sizes=\"(max-width: 300px) 100vw, 300px\" \/><\/a>\n\t\t\t<\/dt><\/dl><dl class='gallery-item'>\n\t\t\t<dt class='gallery-icon landscape'>\n\t\t\t\t<a href='https:\/\/franciscanos.org.br\/noticias\/wp-content\/uploads\/2019\/06\/ordenacao_freijose_300619-21.jpg'><img width=\"300\" height=\"300\" src=\"https:\/\/franciscanos.org.br\/noticias\/wp-content\/uploads\/2019\/06\/ordenacao_freijose_300619-21-300x300.jpg\" class=\"attachment-thumbnail size-thumbnail\" alt=\"\" loading=\"lazy\" srcset=\"https:\/\/franciscanos.org.br\/noticias\/wp-content\/uploads\/2019\/06\/ordenacao_freijose_300619-21-300x300.jpg 300w, https:\/\/franciscanos.org.br\/noticias\/wp-content\/uploads\/2019\/06\/ordenacao_freijose_300619-21-400x400.jpg 400w\" sizes=\"(max-width: 300px) 100vw, 300px\" \/><\/a>\n\t\t\t<\/dt><\/dl><br style=\"clear: both\" \/><dl class='gallery-item'>\n\t\t\t<dt class='gallery-icon landscape'>\n\t\t\t\t<a href='https:\/\/franciscanos.org.br\/noticias\/wp-content\/uploads\/2019\/06\/ordenacao_freijose_300619-22.jpg'><img width=\"300\" height=\"300\" src=\"https:\/\/franciscanos.org.br\/noticias\/wp-content\/uploads\/2019\/06\/ordenacao_freijose_300619-22-300x300.jpg\" class=\"attachment-thumbnail size-thumbnail\" alt=\"\" loading=\"lazy\" srcset=\"https:\/\/franciscanos.org.br\/noticias\/wp-content\/uploads\/2019\/06\/ordenacao_freijose_300619-22-300x300.jpg 300w, https:\/\/franciscanos.org.br\/noticias\/wp-content\/uploads\/2019\/06\/ordenacao_freijose_300619-22-400x400.jpg 400w\" sizes=\"(max-width: 300px) 100vw, 300px\" \/><\/a>\n\t\t\t<\/dt><\/dl><dl class='gallery-item'>\n\t\t\t<dt class='gallery-icon landscape'>\n\t\t\t\t<a href='https:\/\/franciscanos.org.br\/noticias\/wp-content\/uploads\/2019\/06\/ordenacao_freijose_300619-23.jpg'><img width=\"300\" height=\"300\" src=\"https:\/\/franciscanos.org.br\/noticias\/wp-content\/uploads\/2019\/06\/ordenacao_freijose_300619-23-300x300.jpg\" class=\"attachment-thumbnail size-thumbnail\" alt=\"\" loading=\"lazy\" srcset=\"https:\/\/franciscanos.org.br\/noticias\/wp-content\/uploads\/2019\/06\/ordenacao_freijose_300619-23-300x300.jpg 300w, https:\/\/franciscanos.org.br\/noticias\/wp-content\/uploads\/2019\/06\/ordenacao_freijose_300619-23-400x400.jpg 400w\" sizes=\"(max-width: 300px) 100vw, 300px\" \/><\/a>\n\t\t\t<\/dt><\/dl><dl class='gallery-item'>\n\t\t\t<dt class='gallery-icon landscape'>\n\t\t\t\t<a href='https:\/\/franciscanos.org.br\/noticias\/wp-content\/uploads\/2019\/06\/ordenacao_freijose_300619-24.jpg'><img width=\"300\" height=\"300\" src=\"https:\/\/franciscanos.org.br\/noticias\/wp-content\/uploads\/2019\/06\/ordenacao_freijose_300619-24-300x300.jpg\" class=\"attachment-thumbnail size-thumbnail\" alt=\"\" loading=\"lazy\" srcset=\"https:\/\/franciscanos.org.br\/noticias\/wp-content\/uploads\/2019\/06\/ordenacao_freijose_300619-24-300x300.jpg 300w, https:\/\/franciscanos.org.br\/noticias\/wp-content\/uploads\/2019\/06\/ordenacao_freijose_300619-24-400x400.jpg 400w\" sizes=\"(max-width: 300px) 100vw, 300px\" \/><\/a>\n\t\t\t<\/dt><\/dl><dl class='gallery-item'>\n\t\t\t<dt class='gallery-icon landscape'>\n\t\t\t\t<a href='https:\/\/franciscanos.org.br\/noticias\/wp-content\/uploads\/2019\/06\/ordenacao_freijose_300619-25.jpg'><img width=\"300\" height=\"300\" src=\"https:\/\/franciscanos.org.br\/noticias\/wp-content\/uploads\/2019\/06\/ordenacao_freijose_300619-25-300x300.jpg\" class=\"attachment-thumbnail size-thumbnail\" alt=\"\" loading=\"lazy\" srcset=\"https:\/\/franciscanos.org.br\/noticias\/wp-content\/uploads\/2019\/06\/ordenacao_freijose_300619-25-300x300.jpg 300w, https:\/\/franciscanos.org.br\/noticias\/wp-content\/uploads\/2019\/06\/ordenacao_freijose_300619-25-400x400.jpg 400w\" sizes=\"(max-width: 300px) 100vw, 300px\" \/><\/a>\n\t\t\t<\/dt><\/dl><br style=\"clear: both\" \/><dl class='gallery-item'>\n\t\t\t<dt class='gallery-icon landscape'>\n\t\t\t\t<a href='https:\/\/franciscanos.org.br\/noticias\/wp-content\/uploads\/2019\/06\/ordenacao_freijose_300619-26.jpg'><img width=\"300\" height=\"300\" src=\"https:\/\/franciscanos.org.br\/noticias\/wp-content\/uploads\/2019\/06\/ordenacao_freijose_300619-26-300x300.jpg\" class=\"attachment-thumbnail size-thumbnail\" alt=\"\" loading=\"lazy\" srcset=\"https:\/\/franciscanos.org.br\/noticias\/wp-content\/uploads\/2019\/06\/ordenacao_freijose_300619-26-300x300.jpg 300w, https:\/\/franciscanos.org.br\/noticias\/wp-content\/uploads\/2019\/06\/ordenacao_freijose_300619-26-400x400.jpg 400w\" sizes=\"(max-width: 300px) 100vw, 300px\" \/><\/a>\n\t\t\t<\/dt><\/dl><dl class='gallery-item'>\n\t\t\t<dt class='gallery-icon portrait'>\n\t\t\t\t<a href='https:\/\/franciscanos.org.br\/noticias\/wp-content\/uploads\/2019\/06\/ordenacao_freijose_300619-27-e1561925224466.jpg'><img width=\"300\" height=\"300\" src=\"https:\/\/franciscanos.org.br\/noticias\/wp-content\/uploads\/2019\/06\/ordenacao_freijose_300619-27-e1561925224466-300x300.jpg\" class=\"attachment-thumbnail size-thumbnail\" alt=\"\" loading=\"lazy\" srcset=\"https:\/\/franciscanos.org.br\/noticias\/wp-content\/uploads\/2019\/06\/ordenacao_freijose_300619-27-e1561925224466-300x300.jpg 300w, https:\/\/franciscanos.org.br\/noticias\/wp-content\/uploads\/2019\/06\/ordenacao_freijose_300619-27-e1561925224466-400x400.jpg 400w\" sizes=\"(max-width: 300px) 100vw, 300px\" \/><\/a>\n\t\t\t<\/dt><\/dl><dl class='gallery-item'>\n\t\t\t<dt class='gallery-icon landscape'>\n\t\t\t\t<a href='https:\/\/franciscanos.org.br\/noticias\/wp-content\/uploads\/2019\/06\/ordenacao_freijose_300619-28.jpg'><img width=\"300\" height=\"300\" src=\"https:\/\/franciscanos.org.br\/noticias\/wp-content\/uploads\/2019\/06\/ordenacao_freijose_300619-28-300x300.jpg\" class=\"attachment-thumbnail size-thumbnail\" alt=\"\" loading=\"lazy\" srcset=\"https:\/\/franciscanos.org.br\/noticias\/wp-content\/uploads\/2019\/06\/ordenacao_freijose_300619-28-300x300.jpg 300w, https:\/\/franciscanos.org.br\/noticias\/wp-content\/uploads\/2019\/06\/ordenacao_freijose_300619-28-400x400.jpg 400w\" sizes=\"(max-width: 300px) 100vw, 300px\" \/><\/a>\n\t\t\t<\/dt><\/dl><dl class='gallery-item'>\n\t\t\t<dt class='gallery-icon landscape'>\n\t\t\t\t<a href='https:\/\/franciscanos.org.br\/noticias\/wp-content\/uploads\/2019\/06\/ordenacao_freijose_300619-29.jpg'><img width=\"300\" height=\"300\" src=\"https:\/\/franciscanos.org.br\/noticias\/wp-content\/uploads\/2019\/06\/ordenacao_freijose_300619-29-300x300.jpg\" class=\"attachment-thumbnail size-thumbnail\" alt=\"\" loading=\"lazy\" srcset=\"https:\/\/franciscanos.org.br\/noticias\/wp-content\/uploads\/2019\/06\/ordenacao_freijose_300619-29-300x300.jpg 300w, https:\/\/franciscanos.org.br\/noticias\/wp-content\/uploads\/2019\/06\/ordenacao_freijose_300619-29-400x400.jpg 400w\" sizes=\"(max-width: 300px) 100vw, 300px\" \/><\/a>\n\t\t\t<\/dt><\/dl><br style=\"clear: both\" \/><dl class='gallery-item'>\n\t\t\t<dt class='gallery-icon landscape'>\n\t\t\t\t<a href='https:\/\/franciscanos.org.br\/noticias\/wp-content\/uploads\/2019\/06\/ordenacao_freijose_300619-30.jpg'><img width=\"300\" height=\"300\" src=\"https:\/\/franciscanos.org.br\/noticias\/wp-content\/uploads\/2019\/06\/ordenacao_freijose_300619-30-300x300.jpg\" class=\"attachment-thumbnail size-thumbnail\" alt=\"\" loading=\"lazy\" srcset=\"https:\/\/franciscanos.org.br\/noticias\/wp-content\/uploads\/2019\/06\/ordenacao_freijose_300619-30-300x300.jpg 300w, https:\/\/franciscanos.org.br\/noticias\/wp-content\/uploads\/2019\/06\/ordenacao_freijose_300619-30-400x400.jpg 400w\" sizes=\"(max-width: 300px) 100vw, 300px\" \/><\/a>\n\t\t\t<\/dt><\/dl><dl class='gallery-item'>\n\t\t\t<dt class='gallery-icon landscape'>\n\t\t\t\t<a href='https:\/\/franciscanos.org.br\/noticias\/wp-content\/uploads\/2019\/06\/ordenacao_freijose_300619-31.jpg'><img width=\"300\" height=\"300\" src=\"https:\/\/franciscanos.org.br\/noticias\/wp-content\/uploads\/2019\/06\/ordenacao_freijose_300619-31-300x300.jpg\" class=\"attachment-thumbnail size-thumbnail\" alt=\"\" loading=\"lazy\" srcset=\"https:\/\/franciscanos.org.br\/noticias\/wp-content\/uploads\/2019\/06\/ordenacao_freijose_300619-31-300x300.jpg 300w, https:\/\/franciscanos.org.br\/noticias\/wp-content\/uploads\/2019\/06\/ordenacao_freijose_300619-31-400x400.jpg 400w\" sizes=\"(max-width: 300px) 100vw, 300px\" \/><\/a>\n\t\t\t<\/dt><\/dl><dl class='gallery-item'>\n\t\t\t<dt class='gallery-icon landscape'>\n\t\t\t\t<a href='https:\/\/franciscanos.org.br\/noticias\/wp-content\/uploads\/2019\/06\/ordenacao_freijose_300619-33.jpg'><img width=\"300\" height=\"300\" src=\"https:\/\/franciscanos.org.br\/noticias\/wp-content\/uploads\/2019\/06\/ordenacao_freijose_300619-33-300x300.jpg\" class=\"attachment-thumbnail size-thumbnail\" alt=\"\" loading=\"lazy\" srcset=\"https:\/\/franciscanos.org.br\/noticias\/wp-content\/uploads\/2019\/06\/ordenacao_freijose_300619-33-300x300.jpg 300w, https:\/\/franciscanos.org.br\/noticias\/wp-content\/uploads\/2019\/06\/ordenacao_freijose_300619-33-400x400.jpg 400w\" sizes=\"(max-width: 300px) 100vw, 300px\" \/><\/a>\n\t\t\t<\/dt><\/dl><dl class='gallery-item'>\n\t\t\t<dt class='gallery-icon landscape'>\n\t\t\t\t<a href='https:\/\/franciscanos.org.br\/noticias\/wp-content\/uploads\/2019\/06\/ordenacao_freijose_300619-34.jpg'><img width=\"300\" height=\"300\" src=\"https:\/\/franciscanos.org.br\/noticias\/wp-content\/uploads\/2019\/06\/ordenacao_freijose_300619-34-300x300.jpg\" class=\"attachment-thumbnail size-thumbnail\" alt=\"\" loading=\"lazy\" srcset=\"https:\/\/franciscanos.org.br\/noticias\/wp-content\/uploads\/2019\/06\/ordenacao_freijose_300619-34-300x300.jpg 300w, https:\/\/franciscanos.org.br\/noticias\/wp-content\/uploads\/2019\/06\/ordenacao_freijose_300619-34-400x400.jpg 400w\" sizes=\"(max-width: 300px) 100vw, 300px\" \/><\/a>\n\t\t\t<\/dt><\/dl><br style=\"clear: both\" \/><dl class='gallery-item'>\n\t\t\t<dt class='gallery-icon landscape'>\n\t\t\t\t<a href='https:\/\/franciscanos.org.br\/noticias\/wp-content\/uploads\/2019\/06\/ordenacao_freijose_300619-35.jpg'><img width=\"300\" height=\"300\" src=\"https:\/\/franciscanos.org.br\/noticias\/wp-content\/uploads\/2019\/06\/ordenacao_freijose_300619-35-300x300.jpg\" class=\"attachment-thumbnail size-thumbnail\" alt=\"\" loading=\"lazy\" srcset=\"https:\/\/franciscanos.org.br\/noticias\/wp-content\/uploads\/2019\/06\/ordenacao_freijose_300619-35-300x300.jpg 300w, https:\/\/franciscanos.org.br\/noticias\/wp-content\/uploads\/2019\/06\/ordenacao_freijose_300619-35-400x400.jpg 400w\" sizes=\"(max-width: 300px) 100vw, 300px\" \/><\/a>\n\t\t\t<\/dt><\/dl><dl class='gallery-item'>\n\t\t\t<dt class='gallery-icon portrait'>\n\t\t\t\t<a href='https:\/\/franciscanos.org.br\/noticias\/wp-content\/uploads\/2019\/06\/ordenacao_freijose_300619-38-e1561925236430.jpg'><img width=\"300\" height=\"300\" src=\"https:\/\/franciscanos.org.br\/noticias\/wp-content\/uploads\/2019\/06\/ordenacao_freijose_300619-38-e1561925236430-300x300.jpg\" class=\"attachment-thumbnail size-thumbnail\" alt=\"\" loading=\"lazy\" srcset=\"https:\/\/franciscanos.org.br\/noticias\/wp-content\/uploads\/2019\/06\/ordenacao_freijose_300619-38-e1561925236430-300x300.jpg 300w, https:\/\/franciscanos.org.br\/noticias\/wp-content\/uploads\/2019\/06\/ordenacao_freijose_300619-38-e1561925236430-400x400.jpg 400w\" sizes=\"(max-width: 300px) 100vw, 300px\" \/><\/a>\n\t\t\t<\/dt><\/dl><dl class='gallery-item'>\n\t\t\t<dt class='gallery-icon landscape'>\n\t\t\t\t<a href='https:\/\/franciscanos.org.br\/noticias\/wp-content\/uploads\/2019\/06\/ordenacao_freijose_300619-41.jpg'><img width=\"300\" height=\"300\" src=\"https:\/\/franciscanos.org.br\/noticias\/wp-content\/uploads\/2019\/06\/ordenacao_freijose_300619-41-300x300.jpg\" class=\"attachment-thumbnail size-thumbnail\" alt=\"\" loading=\"lazy\" srcset=\"https:\/\/franciscanos.org.br\/noticias\/wp-content\/uploads\/2019\/06\/ordenacao_freijose_300619-41-300x300.jpg 300w, https:\/\/franciscanos.org.br\/noticias\/wp-content\/uploads\/2019\/06\/ordenacao_freijose_300619-41-400x400.jpg 400w\" sizes=\"(max-width: 300px) 100vw, 300px\" \/><\/a>\n\t\t\t<\/dt><\/dl><dl class='gallery-item'>\n\t\t\t<dt class='gallery-icon landscape'>\n\t\t\t\t<a href='https:\/\/franciscanos.org.br\/noticias\/wp-content\/uploads\/2019\/06\/ordenacao_freijose_300619-43.jpg'><img width=\"300\" height=\"300\" src=\"https:\/\/franciscanos.org.br\/noticias\/wp-content\/uploads\/2019\/06\/ordenacao_freijose_300619-43-300x300.jpg\" class=\"attachment-thumbnail size-thumbnail\" alt=\"\" loading=\"lazy\" srcset=\"https:\/\/franciscanos.org.br\/noticias\/wp-content\/uploads\/2019\/06\/ordenacao_freijose_300619-43-300x300.jpg 300w, https:\/\/franciscanos.org.br\/noticias\/wp-content\/uploads\/2019\/06\/ordenacao_freijose_300619-43-400x400.jpg 400w\" sizes=\"(max-width: 300px) 100vw, 300px\" \/><\/a>\n\t\t\t<\/dt><\/dl><br style=\"clear: both\" \/><dl class='gallery-item'>\n\t\t\t<dt class='gallery-icon landscape'>\n\t\t\t\t<a href='https:\/\/franciscanos.org.br\/noticias\/wp-content\/uploads\/2019\/06\/ordenacao_freijose_300619-45.jpg'><img width=\"300\" height=\"300\" src=\"https:\/\/franciscanos.org.br\/noticias\/wp-content\/uploads\/2019\/06\/ordenacao_freijose_300619-45-300x300.jpg\" class=\"attachment-thumbnail size-thumbnail\" alt=\"\" loading=\"lazy\" srcset=\"https:\/\/franciscanos.org.br\/noticias\/wp-content\/uploads\/2019\/06\/ordenacao_freijose_300619-45-300x300.jpg 300w, https:\/\/franciscanos.org.br\/noticias\/wp-content\/uploads\/2019\/06\/ordenacao_freijose_300619-45-400x400.jpg 400w\" sizes=\"(max-width: 300px) 100vw, 300px\" \/><\/a>\n\t\t\t<\/dt><\/dl><dl class='gallery-item'>\n\t\t\t<dt class='gallery-icon landscape'>\n\t\t\t\t<a href='https:\/\/franciscanos.org.br\/noticias\/wp-content\/uploads\/2019\/06\/ordenacao_freijose_300619-47.jpg'><img width=\"300\" height=\"300\" src=\"https:\/\/franciscanos.org.br\/noticias\/wp-content\/uploads\/2019\/06\/ordenacao_freijose_300619-47-300x300.jpg\" class=\"attachment-thumbnail size-thumbnail\" alt=\"\" loading=\"lazy\" srcset=\"https:\/\/franciscanos.org.br\/noticias\/wp-content\/uploads\/2019\/06\/ordenacao_freijose_300619-47-300x300.jpg 300w, https:\/\/franciscanos.org.br\/noticias\/wp-content\/uploads\/2019\/06\/ordenacao_freijose_300619-47-400x400.jpg 400w\" sizes=\"(max-width: 300px) 100vw, 300px\" \/><\/a>\n\t\t\t<\/dt><\/dl><dl class='gallery-item'>\n\t\t\t<dt class='gallery-icon landscape'>\n\t\t\t\t<a href='https:\/\/franciscanos.org.br\/noticias\/wp-content\/uploads\/2019\/06\/ordenacao_freijose_300619-48.jpg'><img width=\"300\" height=\"300\" src=\"https:\/\/franciscanos.org.br\/noticias\/wp-content\/uploads\/2019\/06\/ordenacao_freijose_300619-48-300x300.jpg\" class=\"attachment-thumbnail size-thumbnail\" alt=\"\" loading=\"lazy\" srcset=\"https:\/\/franciscanos.org.br\/noticias\/wp-content\/uploads\/2019\/06\/ordenacao_freijose_300619-48-300x300.jpg 300w, https:\/\/franciscanos.org.br\/noticias\/wp-content\/uploads\/2019\/06\/ordenacao_freijose_300619-48-400x400.jpg 400w\" sizes=\"(max-width: 300px) 100vw, 300px\" \/><\/a>\n\t\t\t<\/dt><\/dl><dl class='gallery-item'>\n\t\t\t<dt class='gallery-icon landscape'>\n\t\t\t\t<a href='https:\/\/franciscanos.org.br\/noticias\/wp-content\/uploads\/2019\/06\/ordenacao_freijose_300619-49.jpg'><img width=\"300\" height=\"300\" src=\"https:\/\/franciscanos.org.br\/noticias\/wp-content\/uploads\/2019\/06\/ordenacao_freijose_300619-49-300x300.jpg\" class=\"attachment-thumbnail size-thumbnail\" alt=\"\" loading=\"lazy\" srcset=\"https:\/\/franciscanos.org.br\/noticias\/wp-content\/uploads\/2019\/06\/ordenacao_freijose_300619-49-300x300.jpg 300w, https:\/\/franciscanos.org.br\/noticias\/wp-content\/uploads\/2019\/06\/ordenacao_freijose_300619-49-400x400.jpg 400w\" sizes=\"(max-width: 300px) 100vw, 300px\" \/><\/a>\n\t\t\t<\/dt><\/dl><br style=\"clear: both\" \/><dl class='gallery-item'>\n\t\t\t<dt class='gallery-icon landscape'>\n\t\t\t\t<a href='https:\/\/franciscanos.org.br\/noticias\/wp-content\/uploads\/2019\/06\/ordenacao_freijose_300619-50.jpg'><img width=\"300\" height=\"300\" src=\"https:\/\/franciscanos.org.br\/noticias\/wp-content\/uploads\/2019\/06\/ordenacao_freijose_300619-50-300x300.jpg\" class=\"attachment-thumbnail size-thumbnail\" alt=\"\" loading=\"lazy\" srcset=\"https:\/\/franciscanos.org.br\/noticias\/wp-content\/uploads\/2019\/06\/ordenacao_freijose_300619-50-300x300.jpg 300w, https:\/\/franciscanos.org.br\/noticias\/wp-content\/uploads\/2019\/06\/ordenacao_freijose_300619-50-400x400.jpg 400w\" sizes=\"(max-width: 300px) 100vw, 300px\" \/><\/a>\n\t\t\t<\/dt><\/dl><dl class='gallery-item'>\n\t\t\t<dt class='gallery-icon landscape'>\n\t\t\t\t<a href='https:\/\/franciscanos.org.br\/noticias\/wp-content\/uploads\/2019\/06\/ordenacao_freijose_300619-52.jpg'><img width=\"300\" height=\"300\" src=\"https:\/\/franciscanos.org.br\/noticias\/wp-content\/uploads\/2019\/06\/ordenacao_freijose_300619-52-300x300.jpg\" class=\"attachment-thumbnail size-thumbnail\" alt=\"\" loading=\"lazy\" srcset=\"https:\/\/franciscanos.org.br\/noticias\/wp-content\/uploads\/2019\/06\/ordenacao_freijose_300619-52-300x300.jpg 300w, https:\/\/franciscanos.org.br\/noticias\/wp-content\/uploads\/2019\/06\/ordenacao_freijose_300619-52-400x400.jpg 400w\" sizes=\"(max-width: 300px) 100vw, 300px\" \/><\/a>\n\t\t\t<\/dt><\/dl><dl class='gallery-item'>\n\t\t\t<dt class='gallery-icon landscape'>\n\t\t\t\t<a href='https:\/\/franciscanos.org.br\/noticias\/wp-content\/uploads\/2019\/06\/ordenacao_freijose_300619-53.jpg'><img width=\"300\" height=\"300\" src=\"https:\/\/franciscanos.org.br\/noticias\/wp-content\/uploads\/2019\/06\/ordenacao_freijose_300619-53-300x300.jpg\" class=\"attachment-thumbnail size-thumbnail\" alt=\"\" loading=\"lazy\" srcset=\"https:\/\/franciscanos.org.br\/noticias\/wp-content\/uploads\/2019\/06\/ordenacao_freijose_300619-53-300x300.jpg 300w, https:\/\/franciscanos.org.br\/noticias\/wp-content\/uploads\/2019\/06\/ordenacao_freijose_300619-53-400x400.jpg 400w\" sizes=\"(max-width: 300px) 100vw, 300px\" \/><\/a>\n\t\t\t<\/dt><\/dl><dl class='gallery-item'>\n\t\t\t<dt class='gallery-icon landscape'>\n\t\t\t\t<a href='https:\/\/franciscanos.org.br\/noticias\/wp-content\/uploads\/2019\/06\/ordenacao_freijose_300619-54.jpg'><img width=\"300\" height=\"300\" src=\"https:\/\/franciscanos.org.br\/noticias\/wp-content\/uploads\/2019\/06\/ordenacao_freijose_300619-54-300x300.jpg\" class=\"attachment-thumbnail size-thumbnail\" alt=\"\" loading=\"lazy\" srcset=\"https:\/\/franciscanos.org.br\/noticias\/wp-content\/uploads\/2019\/06\/ordenacao_freijose_300619-54-300x300.jpg 300w, https:\/\/franciscanos.org.br\/noticias\/wp-content\/uploads\/2019\/06\/ordenacao_freijose_300619-54-400x400.jpg 400w\" sizes=\"(max-width: 300px) 100vw, 300px\" \/><\/a>\n\t\t\t<\/dt><\/dl><br style=\"clear: both\" \/><dl class='gallery-item'>\n\t\t\t<dt class='gallery-icon landscape'>\n\t\t\t\t<a href='https:\/\/franciscanos.org.br\/noticias\/wp-content\/uploads\/2019\/06\/ordenacao_freijose_300619-59.jpg'><img width=\"300\" height=\"300\" src=\"https:\/\/franciscanos.org.br\/noticias\/wp-content\/uploads\/2019\/06\/ordenacao_freijose_300619-59-300x300.jpg\" class=\"attachment-thumbnail size-thumbnail\" alt=\"\" loading=\"lazy\" srcset=\"https:\/\/franciscanos.org.br\/noticias\/wp-content\/uploads\/2019\/06\/ordenacao_freijose_300619-59-300x300.jpg 300w, https:\/\/franciscanos.org.br\/noticias\/wp-content\/uploads\/2019\/06\/ordenacao_freijose_300619-59-400x400.jpg 400w\" sizes=\"(max-width: 300px) 100vw, 300px\" \/><\/a>\n\t\t\t<\/dt><\/dl><dl class='gallery-item'>\n\t\t\t<dt class='gallery-icon landscape'>\n\t\t\t\t<a href='https:\/\/franciscanos.org.br\/noticias\/wp-content\/uploads\/2019\/06\/ordenacao_freijose_300619-60.jpg'><img width=\"300\" height=\"300\" src=\"https:\/\/franciscanos.org.br\/noticias\/wp-content\/uploads\/2019\/06\/ordenacao_freijose_300619-60-300x300.jpg\" class=\"attachment-thumbnail size-thumbnail\" alt=\"\" loading=\"lazy\" srcset=\"https:\/\/franciscanos.org.br\/noticias\/wp-content\/uploads\/2019\/06\/ordenacao_freijose_300619-60-300x300.jpg 300w, https:\/\/franciscanos.org.br\/noticias\/wp-content\/uploads\/2019\/06\/ordenacao_freijose_300619-60-400x400.jpg 400w\" sizes=\"(max-width: 300px) 100vw, 300px\" \/><\/a>\n\t\t\t<\/dt><\/dl><dl class='gallery-item'>\n\t\t\t<dt class='gallery-icon landscape'>\n\t\t\t\t<a href='https:\/\/franciscanos.org.br\/noticias\/wp-content\/uploads\/2019\/06\/ordenacao_freijose_300619-61.jpg'><img width=\"300\" height=\"300\" src=\"https:\/\/franciscanos.org.br\/noticias\/wp-content\/uploads\/2019\/06\/ordenacao_freijose_300619-61-300x300.jpg\" class=\"attachment-thumbnail size-thumbnail\" alt=\"\" loading=\"lazy\" srcset=\"https:\/\/franciscanos.org.br\/noticias\/wp-content\/uploads\/2019\/06\/ordenacao_freijose_300619-61-300x300.jpg 300w, https:\/\/franciscanos.org.br\/noticias\/wp-content\/uploads\/2019\/06\/ordenacao_freijose_300619-61-400x400.jpg 400w\" sizes=\"(max-width: 300px) 100vw, 300px\" \/><\/a>\n\t\t\t<\/dt><\/dl><dl class='gallery-item'>\n\t\t\t<dt class='gallery-icon landscape'>\n\t\t\t\t<a href='https:\/\/franciscanos.org.br\/noticias\/wp-content\/uploads\/2019\/06\/ordenacao_freijose_300619-62.jpg'><img width=\"300\" height=\"300\" src=\"https:\/\/franciscanos.org.br\/noticias\/wp-content\/uploads\/2019\/06\/ordenacao_freijose_300619-62-300x300.jpg\" class=\"attachment-thumbnail size-thumbnail\" alt=\"\" loading=\"lazy\" srcset=\"https:\/\/franciscanos.org.br\/noticias\/wp-content\/uploads\/2019\/06\/ordenacao_freijose_300619-62-300x300.jpg 300w, https:\/\/franciscanos.org.br\/noticias\/wp-content\/uploads\/2019\/06\/ordenacao_freijose_300619-62-400x400.jpg 400w\" sizes=\"(max-width: 300px) 100vw, 300px\" \/><\/a>\n\t\t\t<\/dt><\/dl><br style=\"clear: both\" \/><dl class='gallery-item'>\n\t\t\t<dt class='gallery-icon landscape'>\n\t\t\t\t<a href='https:\/\/franciscanos.org.br\/noticias\/wp-content\/uploads\/2019\/06\/ordenacao_freijose_300619-63.jpg'><img width=\"300\" height=\"300\" src=\"https:\/\/franciscanos.org.br\/noticias\/wp-content\/uploads\/2019\/06\/ordenacao_freijose_300619-63-300x300.jpg\" class=\"attachment-thumbnail size-thumbnail\" alt=\"\" loading=\"lazy\" srcset=\"https:\/\/franciscanos.org.br\/noticias\/wp-content\/uploads\/2019\/06\/ordenacao_freijose_300619-63-300x300.jpg 300w, https:\/\/franciscanos.org.br\/noticias\/wp-content\/uploads\/2019\/06\/ordenacao_freijose_300619-63-400x400.jpg 400w\" sizes=\"(max-width: 300px) 100vw, 300px\" \/><\/a>\n\t\t\t<\/dt><\/dl><dl class='gallery-item'>\n\t\t\t<dt class='gallery-icon landscape'>\n\t\t\t\t<a href='https:\/\/franciscanos.org.br\/noticias\/wp-content\/uploads\/2019\/06\/ordenacao_freijose_300619-64.jpg'><img width=\"300\" height=\"300\" src=\"https:\/\/franciscanos.org.br\/noticias\/wp-content\/uploads\/2019\/06\/ordenacao_freijose_300619-64-300x300.jpg\" class=\"attachment-thumbnail size-thumbnail\" alt=\"\" loading=\"lazy\" srcset=\"https:\/\/franciscanos.org.br\/noticias\/wp-content\/uploads\/2019\/06\/ordenacao_freijose_300619-64-300x300.jpg 300w, https:\/\/franciscanos.org.br\/noticias\/wp-content\/uploads\/2019\/06\/ordenacao_freijose_300619-64-400x400.jpg 400w\" sizes=\"(max-width: 300px) 100vw, 300px\" \/><\/a>\n\t\t\t<\/dt><\/dl><dl class='gallery-item'>\n\t\t\t<dt class='gallery-icon landscape'>\n\t\t\t\t<a href='https:\/\/franciscanos.org.br\/noticias\/wp-content\/uploads\/2019\/06\/ordenacao_freijose_300619-65.jpg'><img width=\"300\" height=\"300\" src=\"https:\/\/franciscanos.org.br\/noticias\/wp-content\/uploads\/2019\/06\/ordenacao_freijose_300619-65-300x300.jpg\" class=\"attachment-thumbnail size-thumbnail\" alt=\"\" loading=\"lazy\" srcset=\"https:\/\/franciscanos.org.br\/noticias\/wp-content\/uploads\/2019\/06\/ordenacao_freijose_300619-65-300x300.jpg 300w, https:\/\/franciscanos.org.br\/noticias\/wp-content\/uploads\/2019\/06\/ordenacao_freijose_300619-65-400x400.jpg 400w\" sizes=\"(max-width: 300px) 100vw, 300px\" \/><\/a>\n\t\t\t<\/dt><\/dl><dl class='gallery-item'>\n\t\t\t<dt class='gallery-icon landscape'>\n\t\t\t\t<a href='https:\/\/franciscanos.org.br\/noticias\/wp-content\/uploads\/2019\/06\/ordenacao_freijose_300619-66.jpg'><img width=\"300\" height=\"300\" src=\"https:\/\/franciscanos.org.br\/noticias\/wp-content\/uploads\/2019\/06\/ordenacao_freijose_300619-66-300x300.jpg\" class=\"attachment-thumbnail size-thumbnail\" alt=\"\" loading=\"lazy\" srcset=\"https:\/\/franciscanos.org.br\/noticias\/wp-content\/uploads\/2019\/06\/ordenacao_freijose_300619-66-300x300.jpg 300w, https:\/\/franciscanos.org.br\/noticias\/wp-content\/uploads\/2019\/06\/ordenacao_freijose_300619-66-400x400.jpg 400w\" sizes=\"(max-width: 300px) 100vw, 300px\" \/><\/a>\n\t\t\t<\/dt><\/dl><br style=\"clear: both\" \/><dl class='gallery-item'>\n\t\t\t<dt class='gallery-icon landscape'>\n\t\t\t\t<a href='https:\/\/franciscanos.org.br\/noticias\/wp-content\/uploads\/2019\/06\/ordenacao_freijose_300619-67.jpg'><img width=\"300\" height=\"300\" src=\"https:\/\/franciscanos.org.br\/noticias\/wp-content\/uploads\/2019\/06\/ordenacao_freijose_300619-67-300x300.jpg\" class=\"attachment-thumbnail size-thumbnail\" alt=\"\" loading=\"lazy\" srcset=\"https:\/\/franciscanos.org.br\/noticias\/wp-content\/uploads\/2019\/06\/ordenacao_freijose_300619-67-300x300.jpg 300w, https:\/\/franciscanos.org.br\/noticias\/wp-content\/uploads\/2019\/06\/ordenacao_freijose_300619-67-400x400.jpg 400w\" sizes=\"(max-width: 300px) 100vw, 300px\" \/><\/a>\n\t\t\t<\/dt><\/dl><dl class='gallery-item'>\n\t\t\t<dt class='gallery-icon landscape'>\n\t\t\t\t<a href='https:\/\/franciscanos.org.br\/noticias\/wp-content\/uploads\/2019\/06\/ordenacao_freijose_300619-68.jpg'><img width=\"300\" height=\"300\" src=\"https:\/\/franciscanos.org.br\/noticias\/wp-content\/uploads\/2019\/06\/ordenacao_freijose_300619-68-300x300.jpg\" class=\"attachment-thumbnail size-thumbnail\" alt=\"\" loading=\"lazy\" srcset=\"https:\/\/franciscanos.org.br\/noticias\/wp-content\/uploads\/2019\/06\/ordenacao_freijose_300619-68-300x300.jpg 300w, https:\/\/franciscanos.org.br\/noticias\/wp-content\/uploads\/2019\/06\/ordenacao_freijose_300619-68-400x400.jpg 400w\" sizes=\"(max-width: 300px) 100vw, 300px\" \/><\/a>\n\t\t\t<\/dt><\/dl><dl class='gallery-item'>\n\t\t\t<dt class='gallery-icon landscape'>\n\t\t\t\t<a href='https:\/\/franciscanos.org.br\/noticias\/wp-content\/uploads\/2019\/06\/ordenacao_freijose_300619-69.jpg'><img width=\"300\" height=\"300\" src=\"https:\/\/franciscanos.org.br\/noticias\/wp-content\/uploads\/2019\/06\/ordenacao_freijose_300619-69-300x300.jpg\" class=\"attachment-thumbnail size-thumbnail\" alt=\"\" loading=\"lazy\" srcset=\"https:\/\/franciscanos.org.br\/noticias\/wp-content\/uploads\/2019\/06\/ordenacao_freijose_300619-69-300x300.jpg 300w, https:\/\/franciscanos.org.br\/noticias\/wp-content\/uploads\/2019\/06\/ordenacao_freijose_300619-69-400x400.jpg 400w\" sizes=\"(max-width: 300px) 100vw, 300px\" \/><\/a>\n\t\t\t<\/dt><\/dl><dl class='gallery-item'>\n\t\t\t<dt class='gallery-icon landscape'>\n\t\t\t\t<a href='https:\/\/franciscanos.org.br\/noticias\/wp-content\/uploads\/2019\/06\/ordenacao_freijose_300619-72.jpg'><img width=\"300\" height=\"300\" src=\"https:\/\/franciscanos.org.br\/noticias\/wp-content\/uploads\/2019\/06\/ordenacao_freijose_300619-72-300x300.jpg\" class=\"attachment-thumbnail size-thumbnail\" alt=\"\" loading=\"lazy\" srcset=\"https:\/\/franciscanos.org.br\/noticias\/wp-content\/uploads\/2019\/06\/ordenacao_freijose_300619-72-300x300.jpg 300w, https:\/\/franciscanos.org.br\/noticias\/wp-content\/uploads\/2019\/06\/ordenacao_freijose_300619-72-400x400.jpg 400w\" sizes=\"(max-width: 300px) 100vw, 300px\" \/><\/a>\n\t\t\t<\/dt><\/dl><br style=\"clear: both\" \/><dl class='gallery-item'>\n\t\t\t<dt class='gallery-icon landscape'>\n\t\t\t\t<a href='https:\/\/franciscanos.org.br\/noticias\/wp-content\/uploads\/2019\/06\/ordenacao_freijose_300619-73.jpg'><img width=\"300\" height=\"300\" src=\"https:\/\/franciscanos.org.br\/noticias\/wp-content\/uploads\/2019\/06\/ordenacao_freijose_300619-73-300x300.jpg\" class=\"attachment-thumbnail size-thumbnail\" alt=\"\" loading=\"lazy\" srcset=\"https:\/\/franciscanos.org.br\/noticias\/wp-content\/uploads\/2019\/06\/ordenacao_freijose_300619-73-300x300.jpg 300w, https:\/\/franciscanos.org.br\/noticias\/wp-content\/uploads\/2019\/06\/ordenacao_freijose_300619-73-400x400.jpg 400w\" sizes=\"(max-width: 300px) 100vw, 300px\" \/><\/a>\n\t\t\t<\/dt><\/dl><dl class='gallery-item'>\n\t\t\t<dt class='gallery-icon landscape'>\n\t\t\t\t<a href='https:\/\/franciscanos.org.br\/noticias\/wp-content\/uploads\/2019\/06\/ordenacao_freijose_300619-74.jpg'><img width=\"300\" height=\"300\" src=\"https:\/\/franciscanos.org.br\/noticias\/wp-content\/uploads\/2019\/06\/ordenacao_freijose_300619-74-300x300.jpg\" class=\"attachment-thumbnail size-thumbnail\" alt=\"\" loading=\"lazy\" srcset=\"https:\/\/franciscanos.org.br\/noticias\/wp-content\/uploads\/2019\/06\/ordenacao_freijose_300619-74-300x300.jpg 300w, https:\/\/franciscanos.org.br\/noticias\/wp-content\/uploads\/2019\/06\/ordenacao_freijose_300619-74-400x400.jpg 400w\" sizes=\"(max-width: 300px) 100vw, 300px\" \/><\/a>\n\t\t\t<\/dt><\/dl><dl class='gallery-item'>\n\t\t\t<dt class='gallery-icon landscape'>\n\t\t\t\t<a href='https:\/\/franciscanos.org.br\/noticias\/wp-content\/uploads\/2019\/06\/ordenacao_freijose_300619-75.jpg'><img width=\"300\" height=\"300\" src=\"https:\/\/franciscanos.org.br\/noticias\/wp-content\/uploads\/2019\/06\/ordenacao_freijose_300619-75-300x300.jpg\" class=\"attachment-thumbnail size-thumbnail\" alt=\"\" loading=\"lazy\" srcset=\"https:\/\/franciscanos.org.br\/noticias\/wp-content\/uploads\/2019\/06\/ordenacao_freijose_300619-75-300x300.jpg 300w, https:\/\/franciscanos.org.br\/noticias\/wp-content\/uploads\/2019\/06\/ordenacao_freijose_300619-75-400x400.jpg 400w\" sizes=\"(max-width: 300px) 100vw, 300px\" \/><\/a>\n\t\t\t<\/dt><\/dl><dl class='gallery-item'>\n\t\t\t<dt class='gallery-icon landscape'>\n\t\t\t\t<a href='https:\/\/franciscanos.org.br\/noticias\/wp-content\/uploads\/2019\/06\/ordenacao_freijose_300619-76.jpg'><img width=\"300\" height=\"300\" src=\"https:\/\/franciscanos.org.br\/noticias\/wp-content\/uploads\/2019\/06\/ordenacao_freijose_300619-76-300x300.jpg\" class=\"attachment-thumbnail size-thumbnail\" alt=\"\" loading=\"lazy\" srcset=\"https:\/\/franciscanos.org.br\/noticias\/wp-content\/uploads\/2019\/06\/ordenacao_freijose_300619-76-300x300.jpg 300w, https:\/\/franciscanos.org.br\/noticias\/wp-content\/uploads\/2019\/06\/ordenacao_freijose_300619-76-400x400.jpg 400w\" sizes=\"(max-width: 300px) 100vw, 300px\" \/><\/a>\n\t\t\t<\/dt><\/dl><br style=\"clear: both\" \/><dl class='gallery-item'>\n\t\t\t<dt class='gallery-icon landscape'>\n\t\t\t\t<a href='https:\/\/franciscanos.org.br\/noticias\/wp-content\/uploads\/2019\/06\/ordenacao_freijose_300619-77.jpg'><img width=\"300\" height=\"300\" src=\"https:\/\/franciscanos.org.br\/noticias\/wp-content\/uploads\/2019\/06\/ordenacao_freijose_300619-77-300x300.jpg\" class=\"attachment-thumbnail size-thumbnail\" alt=\"\" loading=\"lazy\" srcset=\"https:\/\/franciscanos.org.br\/noticias\/wp-content\/uploads\/2019\/06\/ordenacao_freijose_300619-77-300x300.jpg 300w, https:\/\/franciscanos.org.br\/noticias\/wp-content\/uploads\/2019\/06\/ordenacao_freijose_300619-77-400x400.jpg 400w\" sizes=\"(max-width: 300px) 100vw, 300px\" \/><\/a>\n\t\t\t<\/dt><\/dl><dl class='gallery-item'>\n\t\t\t<dt class='gallery-icon landscape'>\n\t\t\t\t<a href='https:\/\/franciscanos.org.br\/noticias\/wp-content\/uploads\/2019\/06\/ordenacao_freijose_300619-78.jpg'><img width=\"300\" height=\"300\" src=\"https:\/\/franciscanos.org.br\/noticias\/wp-content\/uploads\/2019\/06\/ordenacao_freijose_300619-78-300x300.jpg\" class=\"attachment-thumbnail size-thumbnail\" alt=\"\" loading=\"lazy\" srcset=\"https:\/\/franciscanos.org.br\/noticias\/wp-content\/uploads\/2019\/06\/ordenacao_freijose_300619-78-300x300.jpg 300w, https:\/\/franciscanos.org.br\/noticias\/wp-content\/uploads\/2019\/06\/ordenacao_freijose_300619-78-400x400.jpg 400w\" sizes=\"(max-width: 300px) 100vw, 300px\" \/><\/a>\n\t\t\t<\/dt><\/dl><dl class='gallery-item'>\n\t\t\t<dt class='gallery-icon landscape'>\n\t\t\t\t<a href='https:\/\/franciscanos.org.br\/noticias\/wp-content\/uploads\/2019\/06\/ordenacao_freijose_300619-79.jpg'><img width=\"300\" height=\"300\" src=\"https:\/\/franciscanos.org.br\/noticias\/wp-content\/uploads\/2019\/06\/ordenacao_freijose_300619-79-300x300.jpg\" class=\"attachment-thumbnail size-thumbnail\" alt=\"\" loading=\"lazy\" srcset=\"https:\/\/franciscanos.org.br\/noticias\/wp-content\/uploads\/2019\/06\/ordenacao_freijose_300619-79-300x300.jpg 300w, https:\/\/franciscanos.org.br\/noticias\/wp-content\/uploads\/2019\/06\/ordenacao_freijose_300619-79-400x400.jpg 400w\" sizes=\"(max-width: 300px) 100vw, 300px\" \/><\/a>\n\t\t\t<\/dt><\/dl><dl class='gallery-item'>\n\t\t\t<dt class='gallery-icon landscape'>\n\t\t\t\t<a href='https:\/\/franciscanos.org.br\/noticias\/wp-content\/uploads\/2019\/06\/ordenacao_freijose_300619-80.jpg'><img width=\"300\" height=\"300\" src=\"https:\/\/franciscanos.org.br\/noticias\/wp-content\/uploads\/2019\/06\/ordenacao_freijose_300619-80-300x300.jpg\" class=\"attachment-thumbnail size-thumbnail\" alt=\"\" loading=\"lazy\" srcset=\"https:\/\/franciscanos.org.br\/noticias\/wp-content\/uploads\/2019\/06\/ordenacao_freijose_300619-80-300x300.jpg 300w, https:\/\/franciscanos.org.br\/noticias\/wp-content\/uploads\/2019\/06\/ordenacao_freijose_300619-80-400x400.jpg 400w\" sizes=\"(max-width: 300px) 100vw, 300px\" \/><\/a>\n\t\t\t<\/dt><\/dl><br style=\"clear: both\" \/><dl class='gallery-item'>\n\t\t\t<dt class='gallery-icon landscape'>\n\t\t\t\t<a href='https:\/\/franciscanos.org.br\/noticias\/wp-content\/uploads\/2019\/06\/ordenacao_freijose_300619-82.jpg'><img width=\"300\" height=\"300\" src=\"https:\/\/franciscanos.org.br\/noticias\/wp-content\/uploads\/2019\/06\/ordenacao_freijose_300619-82-300x300.jpg\" class=\"attachment-thumbnail size-thumbnail\" alt=\"\" loading=\"lazy\" srcset=\"https:\/\/franciscanos.org.br\/noticias\/wp-content\/uploads\/2019\/06\/ordenacao_freijose_300619-82-300x300.jpg 300w, https:\/\/franciscanos.org.br\/noticias\/wp-content\/uploads\/2019\/06\/ordenacao_freijose_300619-82-400x400.jpg 400w\" sizes=\"(max-width: 300px) 100vw, 300px\" \/><\/a>\n\t\t\t<\/dt><\/dl><dl class='gallery-item'>\n\t\t\t<dt class='gallery-icon landscape'>\n\t\t\t\t<a href='https:\/\/franciscanos.org.br\/noticias\/wp-content\/uploads\/2019\/06\/ordenacao_freijose_300619-83.jpg'><img width=\"300\" height=\"300\" src=\"https:\/\/franciscanos.org.br\/noticias\/wp-content\/uploads\/2019\/06\/ordenacao_freijose_300619-83-300x300.jpg\" class=\"attachment-thumbnail size-thumbnail\" alt=\"\" loading=\"lazy\" srcset=\"https:\/\/franciscanos.org.br\/noticias\/wp-content\/uploads\/2019\/06\/ordenacao_freijose_300619-83-300x300.jpg 300w, https:\/\/franciscanos.org.br\/noticias\/wp-content\/uploads\/2019\/06\/ordenacao_freijose_300619-83-400x400.jpg 400w\" sizes=\"(max-width: 300px) 100vw, 300px\" \/><\/a>\n\t\t\t<\/dt><\/dl><dl class='gallery-item'>\n\t\t\t<dt class='gallery-icon landscape'>\n\t\t\t\t<a href='https:\/\/franciscanos.org.br\/noticias\/wp-content\/uploads\/2019\/06\/ordenacao_freijose_300619-84.jpg'><img width=\"300\" height=\"300\" src=\"https:\/\/franciscanos.org.br\/noticias\/wp-content\/uploads\/2019\/06\/ordenacao_freijose_300619-84-300x300.jpg\" class=\"attachment-thumbnail size-thumbnail\" alt=\"\" loading=\"lazy\" srcset=\"https:\/\/franciscanos.org.br\/noticias\/wp-content\/uploads\/2019\/06\/ordenacao_freijose_300619-84-300x300.jpg 300w, https:\/\/franciscanos.org.br\/noticias\/wp-content\/uploads\/2019\/06\/ordenacao_freijose_300619-84-400x400.jpg 400w\" sizes=\"(max-width: 300px) 100vw, 300px\" \/><\/a>\n\t\t\t<\/dt><\/dl><dl class='gallery-item'>\n\t\t\t<dt class='gallery-icon landscape'>\n\t\t\t\t<a href='https:\/\/franciscanos.org.br\/noticias\/wp-content\/uploads\/2019\/06\/ordenacao_freijose_300619-85.jpg'><img width=\"300\" height=\"300\" src=\"https:\/\/franciscanos.org.br\/noticias\/wp-content\/uploads\/2019\/06\/ordenacao_freijose_300619-85-300x300.jpg\" class=\"attachment-thumbnail size-thumbnail\" alt=\"\" loading=\"lazy\" srcset=\"https:\/\/franciscanos.org.br\/noticias\/wp-content\/uploads\/2019\/06\/ordenacao_freijose_300619-85-300x300.jpg 300w, https:\/\/franciscanos.org.br\/noticias\/wp-content\/uploads\/2019\/06\/ordenacao_freijose_300619-85-400x400.jpg 400w\" sizes=\"(max-width: 300px) 100vw, 300px\" \/><\/a>\n\t\t\t<\/dt><\/dl><br style=\"clear: both\" \/>\n\t\t<\/div>\n\n","protected":false},"excerpt":{"rendered":"<p>Ordena\u00e7\u00e3o Diaconal de Frei Jos\u00e9 Morais Cambolo<\/p>\n","protected":false},"author":5,"featured_media":206845,"comment_status":"open","ping_status":"open","sticky":false,"template":"","format":"standard","meta":[],"categories":[1],"tags":[275,190],"acf":[],"yoast_head":"<!-- This site is optimized with the Yoast SEO plugin v19.2 - https:\/\/yoast.com\/wordpress\/plugins\/seo\/ -->\n<title>Frei Cambolo \u00e9 ordenado no mesmo esp\u00edrito de Pedro e Paulo - Not\u00edcias - Franciscanos<\/title>\n<meta name=\"robots\" content=\"index, follow, max-snippet:-1, max-image-preview:large, max-video-preview:-1\" \/>\n<link rel=\"canonical\" href=\"https:\/\/franciscanos.org.br\/noticias\/frei-cambolo-e-ordenado-no-mesmo-espirito-de-pedro-e-paulo.html\" \/>\n<meta property=\"og:locale\" content=\"pt_BR\" \/>\n<meta property=\"og:type\" content=\"article\" \/>\n<meta property=\"og:title\" content=\"Frei Cambolo \u00e9 ordenado no mesmo esp\u00edrito de Pedro e Paulo - Not\u00edcias - Franciscanos\" \/>\n<meta property=\"og:description\" content=\"Ordena\u00e7\u00e3o Diaconal de Frei Jos\u00e9 Morais Cambolo\" \/>\n<meta property=\"og:url\" content=\"https:\/\/franciscanos.org.br\/noticias\/frei-cambolo-e-ordenado-no-mesmo-espirito-de-pedro-e-paulo.html\" \/>\n<meta property=\"og:site_name\" content=\"Not\u00edcias - Franciscanos\" \/>\n<meta property=\"article:published_time\" content=\"2019-06-30T20:08:23+00:00\" \/>\n<meta property=\"article:modified_time\" content=\"2019-07-01T18:07:43+00:00\" \/>\n<meta property=\"og:image\" content=\"https:\/\/franciscanos.org.br\/noticias\/wp-content\/uploads\/2019\/06\/ordena\u00e7\u00e3o_300619_9.jpg\" \/>\n\t<meta property=\"og:image:width\" content=\"273\" \/>\n\t<meta property=\"og:image:height\" content=\"181\" \/>\n\t<meta property=\"og:image:type\" content=\"image\/jpeg\" \/>\n<meta name=\"author\" content=\"freiaugusto\" \/>\n<meta name=\"twitter:card\" content=\"summary_large_image\" \/>\n<meta name=\"twitter:label1\" content=\"Escrito por\" \/>\n\t<meta name=\"twitter:data1\" content=\"freiaugusto\" \/>\n\t<meta name=\"twitter:label2\" content=\"Est. tempo de leitura\" \/>\n\t<meta name=\"twitter:data2\" content=\"10 minutos\" \/>\n<script type=\"application\/ld+json\" class=\"yoast-schema-graph\">{\"@context\":\"https:\/\/schema.org\",\"@graph\":[{\"@type\":\"WebSite\",\"@id\":\"https:\/\/franciscanos.org.br\/noticias\/#website\",\"url\":\"https:\/\/franciscanos.org.br\/noticias\/\",\"name\":\"Not\u00edcias - Franciscanos\",\"description\":\"Prov\u00edncia Franciscana da Imaculada Concei\u00e7\u00e3o do Brasil - Ordem dos Frades Menores - OFM\",\"potentialAction\":[{\"@type\":\"SearchAction\",\"target\":{\"@type\":\"EntryPoint\",\"urlTemplate\":\"https:\/\/franciscanos.org.br\/noticias\/?s={search_term_string}\"},\"query-input\":\"required name=search_term_string\"}],\"inLanguage\":\"pt-BR\"},{\"@type\":\"ImageObject\",\"inLanguage\":\"pt-BR\",\"@id\":\"https:\/\/franciscanos.org.br\/noticias\/frei-cambolo-e-ordenado-no-mesmo-espirito-de-pedro-e-paulo.html#primaryimage\",\"url\":\"https:\/\/franciscanos.org.br\/noticias\/wp-content\/uploads\/2019\/06\/ordena\u00e7\u00e3o_300619_9.jpg\",\"contentUrl\":\"https:\/\/franciscanos.org.br\/noticias\/wp-content\/uploads\/2019\/06\/ordena\u00e7\u00e3o_300619_9.jpg\",\"width\":273,\"height\":181},{\"@type\":\"WebPage\",\"@id\":\"https:\/\/franciscanos.org.br\/noticias\/frei-cambolo-e-ordenado-no-mesmo-espirito-de-pedro-e-paulo.html#webpage\",\"url\":\"https:\/\/franciscanos.org.br\/noticias\/frei-cambolo-e-ordenado-no-mesmo-espirito-de-pedro-e-paulo.html\",\"name\":\"Frei Cambolo \u00e9 ordenado no mesmo esp\u00edrito de Pedro e Paulo - Not\u00edcias - Franciscanos\",\"isPartOf\":{\"@id\":\"https:\/\/franciscanos.org.br\/noticias\/#website\"},\"primaryImageOfPage\":{\"@id\":\"https:\/\/franciscanos.org.br\/noticias\/frei-cambolo-e-ordenado-no-mesmo-espirito-de-pedro-e-paulo.html#primaryimage\"},\"datePublished\":\"2019-06-30T20:08:23+00:00\",\"dateModified\":\"2019-07-01T18:07:43+00:00\",\"author\":{\"@id\":\"https:\/\/franciscanos.org.br\/noticias\/#\/schema\/person\/37f88f0d111cd5358b12a6556a99eb91\"},\"breadcrumb\":{\"@id\":\"https:\/\/franciscanos.org.br\/noticias\/frei-cambolo-e-ordenado-no-mesmo-espirito-de-pedro-e-paulo.html#breadcrumb\"},\"inLanguage\":\"pt-BR\",\"potentialAction\":[{\"@type\":\"ReadAction\",\"target\":[\"https:\/\/franciscanos.org.br\/noticias\/frei-cambolo-e-ordenado-no-mesmo-espirito-de-pedro-e-paulo.html\"]}]},{\"@type\":\"BreadcrumbList\",\"@id\":\"https:\/\/franciscanos.org.br\/noticias\/frei-cambolo-e-ordenado-no-mesmo-espirito-de-pedro-e-paulo.html#breadcrumb\",\"itemListElement\":[{\"@type\":\"ListItem\",\"position\":1,\"name\":\"Home\",\"item\":\"https:\/\/franciscanos.org.br\/noticias\"},{\"@type\":\"ListItem\",\"position\":2,\"name\":\"Frei Cambolo \u00e9 ordenado no mesmo esp\u00edrito de Pedro e Paulo\"}]},{\"@type\":\"Person\",\"@id\":\"https:\/\/franciscanos.org.br\/noticias\/#\/schema\/person\/37f88f0d111cd5358b12a6556a99eb91\",\"name\":\"freiaugusto\",\"image\":{\"@type\":\"ImageObject\",\"inLanguage\":\"pt-BR\",\"@id\":\"https:\/\/franciscanos.org.br\/noticias\/#\/schema\/person\/image\/\",\"url\":\"https:\/\/secure.gravatar.com\/avatar\/9840b940e621801b24f3e6b059efb4b7?s=96&d=mm&r=g\",\"contentUrl\":\"https:\/\/secure.gravatar.com\/avatar\/9840b940e621801b24f3e6b059efb4b7?s=96&d=mm&r=g\",\"caption\":\"freiaugusto\"},\"url\":\"https:\/\/franciscanos.org.br\/noticias\/author\/freiaugusto\"}]}<\/script>\n<!-- \/ Yoast SEO plugin. -->","yoast_head_json":{"title":"Frei Cambolo \u00e9 ordenado no mesmo esp\u00edrito de Pedro e Paulo - Not\u00edcias - Franciscanos","robots":{"index":"index","follow":"follow","max-snippet":"max-snippet:-1","max-image-preview":"max-image-preview:large","max-video-preview":"max-video-preview:-1"},"canonical":"https:\/\/franciscanos.org.br\/noticias\/frei-cambolo-e-ordenado-no-mesmo-espirito-de-pedro-e-paulo.html","og_locale":"pt_BR","og_type":"article","og_title":"Frei Cambolo \u00e9 ordenado no mesmo esp\u00edrito de Pedro e Paulo - Not\u00edcias - Franciscanos","og_description":"Ordena\u00e7\u00e3o Diaconal de Frei Jos\u00e9 Morais Cambolo","og_url":"https:\/\/franciscanos.org.br\/noticias\/frei-cambolo-e-ordenado-no-mesmo-espirito-de-pedro-e-paulo.html","og_site_name":"Not\u00edcias - Franciscanos","article_published_time":"2019-06-30T20:08:23+00:00","article_modified_time":"2019-07-01T18:07:43+00:00","og_image":[{"width":273,"height":181,"url":"https:\/\/franciscanos.org.br\/noticias\/wp-content\/uploads\/2019\/06\/ordena\u00e7\u00e3o_300619_9.jpg","type":"image\/jpeg"}],"author":"freiaugusto","twitter_card":"summary_large_image","twitter_misc":{"Escrito por":"freiaugusto","Est. tempo de leitura":"10 minutos"},"schema":{"@context":"https:\/\/schema.org","@graph":[{"@type":"WebSite","@id":"https:\/\/franciscanos.org.br\/noticias\/#website","url":"https:\/\/franciscanos.org.br\/noticias\/","name":"Not\u00edcias - Franciscanos","description":"Prov\u00edncia Franciscana da Imaculada Concei\u00e7\u00e3o do Brasil - Ordem dos Frades Menores - OFM","potentialAction":[{"@type":"SearchAction","target":{"@type":"EntryPoint","urlTemplate":"https:\/\/franciscanos.org.br\/noticias\/?s={search_term_string}"},"query-input":"required name=search_term_string"}],"inLanguage":"pt-BR"},{"@type":"ImageObject","inLanguage":"pt-BR","@id":"https:\/\/franciscanos.org.br\/noticias\/frei-cambolo-e-ordenado-no-mesmo-espirito-de-pedro-e-paulo.html#primaryimage","url":"https:\/\/franciscanos.org.br\/noticias\/wp-content\/uploads\/2019\/06\/ordena\u00e7\u00e3o_300619_9.jpg","contentUrl":"https:\/\/franciscanos.org.br\/noticias\/wp-content\/uploads\/2019\/06\/ordena\u00e7\u00e3o_300619_9.jpg","width":273,"height":181},{"@type":"WebPage","@id":"https:\/\/franciscanos.org.br\/noticias\/frei-cambolo-e-ordenado-no-mesmo-espirito-de-pedro-e-paulo.html#webpage","url":"https:\/\/franciscanos.org.br\/noticias\/frei-cambolo-e-ordenado-no-mesmo-espirito-de-pedro-e-paulo.html","name":"Frei Cambolo \u00e9 ordenado no mesmo esp\u00edrito de Pedro e Paulo - Not\u00edcias - Franciscanos","isPartOf":{"@id":"https:\/\/franciscanos.org.br\/noticias\/#website"},"primaryImageOfPage":{"@id":"https:\/\/franciscanos.org.br\/noticias\/frei-cambolo-e-ordenado-no-mesmo-espirito-de-pedro-e-paulo.html#primaryimage"},"datePublished":"2019-06-30T20:08:23+00:00","dateModified":"2019-07-01T18:07:43+00:00","author":{"@id":"https:\/\/franciscanos.org.br\/noticias\/#\/schema\/person\/37f88f0d111cd5358b12a6556a99eb91"},"breadcrumb":{"@id":"https:\/\/franciscanos.org.br\/noticias\/frei-cambolo-e-ordenado-no-mesmo-espirito-de-pedro-e-paulo.html#breadcrumb"},"inLanguage":"pt-BR","potentialAction":[{"@type":"ReadAction","target":["https:\/\/franciscanos.org.br\/noticias\/frei-cambolo-e-ordenado-no-mesmo-espirito-de-pedro-e-paulo.html"]}]},{"@type":"BreadcrumbList","@id":"https:\/\/franciscanos.org.br\/noticias\/frei-cambolo-e-ordenado-no-mesmo-espirito-de-pedro-e-paulo.html#breadcrumb","itemListElement":[{"@type":"ListItem","position":1,"name":"Home","item":"https:\/\/franciscanos.org.br\/noticias"},{"@type":"ListItem","position":2,"name":"Frei Cambolo \u00e9 ordenado no mesmo esp\u00edrito de Pedro e Paulo"}]},{"@type":"Person","@id":"https:\/\/franciscanos.org.br\/noticias\/#\/schema\/person\/37f88f0d111cd5358b12a6556a99eb91","name":"freiaugusto","image":{"@type":"ImageObject","inLanguage":"pt-BR","@id":"https:\/\/franciscanos.org.br\/noticias\/#\/schema\/person\/image\/","url":"https:\/\/secure.gravatar.com\/avatar\/9840b940e621801b24f3e6b059efb4b7?s=96&d=mm&r=g","contentUrl":"https:\/\/secure.gravatar.com\/avatar\/9840b940e621801b24f3e6b059efb4b7?s=96&d=mm&r=g","caption":"freiaugusto"},"url":"https:\/\/franciscanos.org.br\/noticias\/author\/freiaugusto"}]}},"_links":{"self":[{"href":"https:\/\/franciscanos.org.br\/noticias\/wp-json\/wp\/v2\/posts\/206828"}],"collection":[{"href":"https:\/\/franciscanos.org.br\/noticias\/wp-json\/wp\/v2\/posts"}],"about":[{"href":"https:\/\/franciscanos.org.br\/noticias\/wp-json\/wp\/v2\/types\/post"}],"author":[{"embeddable":true,"href":"https:\/\/franciscanos.org.br\/noticias\/wp-json\/wp\/v2\/users\/5"}],"replies":[{"embeddable":true,"href":"https:\/\/franciscanos.org.br\/noticias\/wp-json\/wp\/v2\/comments?post=206828"}],"version-history":[{"count":0,"href":"https:\/\/franciscanos.org.br\/noticias\/wp-json\/wp\/v2\/posts\/206828\/revisions"}],"wp:featuredmedia":[{"embeddable":true,"href":"https:\/\/franciscanos.org.br\/noticias\/wp-json\/wp\/v2\/media\/206845"}],"wp:attachment":[{"href":"https:\/\/franciscanos.org.br\/noticias\/wp-json\/wp\/v2\/media?parent=206828"}],"wp:term":[{"taxonomy":"category","embeddable":true,"href":"https:\/\/franciscanos.org.br\/noticias\/wp-json\/wp\/v2\/categories?post=206828"},{"taxonomy":"post_tag","embeddable":true,"href":"https:\/\/franciscanos.org.br\/noticias\/wp-json\/wp\/v2\/tags?post=206828"}],"curies":[{"name":"wp","href":"https:\/\/api.w.org\/{rel}","templated":true}]}}