{"id":206820,"date":"2019-06-30T05:21:13","date_gmt":"2019-06-30T08:21:13","guid":{"rendered":"https:\/\/franciscanos.org.br\/noticias\/?p=206820"},"modified":"2019-06-30T15:56:42","modified_gmt":"2019-06-30T18:56:42","slug":"frades-participam-do-1o-encontro-de-juniores","status":"publish","type":"post","link":"https:\/\/franciscanos.org.br\/noticias\/frades-participam-do-1o-encontro-de-juniores.html","title":{"rendered":"Angola: Frades participam do 1\u00ba Encontro de Juniores do ano"},"content":{"rendered":"<p><img loading=\"lazy\" class=\"alignnone wp-image-206821 size-full\" src=\"https:\/\/franciscanos.org.br\/noticias\/wp-content\/uploads\/2019\/06\/angola_5.jpg\" alt=\"\" width=\"890\" height=\"459\" srcset=\"https:\/\/franciscanos.org.br\/noticias\/wp-content\/uploads\/2019\/06\/angola_5.jpg 890w, https:\/\/franciscanos.org.br\/noticias\/wp-content\/uploads\/2019\/06\/angola_5-450x232.jpg 450w, https:\/\/franciscanos.org.br\/noticias\/wp-content\/uploads\/2019\/06\/angola_5-768x396.jpg 768w, https:\/\/franciscanos.org.br\/noticias\/wp-content\/uploads\/2019\/06\/angola_5-150x77.jpg 150w\" sizes=\"(max-width: 890px) 100vw, 890px\" \/><\/p>\n<p><strong>Frei Abel N. S. Nganjie Frei Evaristo S. Joaquim<\/strong><\/p>\n<p><strong>Luanda (Angola)<\/strong> &#8211; No s\u00e1bado, 29 de junho, dia em que a Igreja celebra a Solenidade de S\u00e3o Pedro e S\u00e3o Paulo, o Santu\u00e1rio do Sagrado Cora\u00e7\u00e3o de Jesus, das Irm\u00e3s Clarissas, no bairro de Palanca, em Luanda, reuniu 24 grupos de religiosas e religiosos de Ordens, Congrega\u00e7\u00f5es e Institutos, provenientes das Arquidiocese de Luanda, da Diocese de Viana e da Diocese de Caxito, entre eles os frades da Funda\u00e7\u00e3o Fransicana Imaculada M\u00e3e de Deus. Nesses encontros formativos, promovidos pela Confer\u00eancia Superior Maior dos Institutos Religiosos de Angola (CSMIRA), s\u00e3o abordados temas da vida crist\u00e3 e da vida religiosa consagrada. Neste encontro, a reflex\u00e3o teve como base a Exorta\u00e7\u00e3o P\u00f3s Sinodal \u201cChristus Vivit\u201d do Papa Francisco.<\/p>\n<p>A Celebra\u00e7\u00e3o Eucar\u00edstica, presidida pelo Pe. Aniceto e concelebrada pelo Pe. Santiago, SDB, abriu o encontro. Durante a homilia, o presidente questionou os presentes: \u201cQual o lugar que Cristo ocupa na minha vida?\u201d. Segundo ele, fazer os votos, rezar todos os dias e participar da missa n\u00e3o \u00e9 garantia de que Cristo \u00e9 o centro da nossa vida. \u201cDiante do voto de pobreza, Cristo deve ser a nossa riqueza; na castidade, Cristo deve ser o nosso amor m\u00e1ximo; e, na obedi\u00eancia, devemos nos fazer-se servos\u201d, disse.<\/p>\n<p><img loading=\"lazy\" class=\"alignnone wp-image-206822 size-full\" src=\"https:\/\/franciscanos.org.br\/noticias\/wp-content\/uploads\/2019\/06\/angola_1.jpg\" alt=\"\" width=\"890\" height=\"478\" srcset=\"https:\/\/franciscanos.org.br\/noticias\/wp-content\/uploads\/2019\/06\/angola_1.jpg 890w, https:\/\/franciscanos.org.br\/noticias\/wp-content\/uploads\/2019\/06\/angola_1-450x242.jpg 450w, https:\/\/franciscanos.org.br\/noticias\/wp-content\/uploads\/2019\/06\/angola_1-768x412.jpg 768w, https:\/\/franciscanos.org.br\/noticias\/wp-content\/uploads\/2019\/06\/angola_1-150x81.jpg 150w\" sizes=\"(max-width: 890px) 100vw, 890px\" \/><\/p>\n<p>\u201cPedro negou a Jesus e n\u00f3s, na nossa vida, temos as nossas quedas. Quando ca\u00edmos, n\u00e3o quer dizer que n\u00e3o temos voca\u00e7\u00e3o. Devemos olhar para Pedro e ver quantas vezes caiu e como se levantou das quedas\u201d, ensinou o celebrante.<\/p>\n<p>Terminada a celebra\u00e7\u00e3o, teve in\u00edcio a reflex\u00e3o do tema propriamente. Divididos em grupos com nomes de pa\u00edses africanos, seus participantes pintaram os rostos de acordo as cores das bandeiras dos respectivos pa\u00edses, procurando responder algumas quest\u00f5es sugeridas pelo palestrante.<\/p>\n<p><img loading=\"lazy\" class=\"alignnone size-full wp-image-206823\" src=\"https:\/\/franciscanos.org.br\/noticias\/wp-content\/uploads\/2019\/06\/angola_2.jpg\" alt=\"\" width=\"890\" height=\"534\" srcset=\"https:\/\/franciscanos.org.br\/noticias\/wp-content\/uploads\/2019\/06\/angola_2.jpg 890w, https:\/\/franciscanos.org.br\/noticias\/wp-content\/uploads\/2019\/06\/angola_2-450x270.jpg 450w, https:\/\/franciscanos.org.br\/noticias\/wp-content\/uploads\/2019\/06\/angola_2-768x461.jpg 768w, https:\/\/franciscanos.org.br\/noticias\/wp-content\/uploads\/2019\/06\/angola_2-150x90.jpg 150w\" sizes=\"(max-width: 890px) 100vw, 890px\" \/><\/p>\n<p>O per\u00edodo da tarde foi reservado para o almo\u00e7o, recrea\u00e7\u00e3o e a \u00faltima plen\u00e1ria, momento em que os grupos partilharam as conclus\u00f5es em grupos, representadas em forma de desenho.<\/p>\n<p><img loading=\"lazy\" class=\"alignnone size-full wp-image-206824\" src=\"https:\/\/franciscanos.org.br\/noticias\/wp-content\/uploads\/2019\/06\/angola_3.jpg\" alt=\"\" width=\"890\" height=\"501\" srcset=\"https:\/\/franciscanos.org.br\/noticias\/wp-content\/uploads\/2019\/06\/angola_3.jpg 890w, https:\/\/franciscanos.org.br\/noticias\/wp-content\/uploads\/2019\/06\/angola_3-450x253.jpg 450w, https:\/\/franciscanos.org.br\/noticias\/wp-content\/uploads\/2019\/06\/angola_3-768x432.jpg 768w, https:\/\/franciscanos.org.br\/noticias\/wp-content\/uploads\/2019\/06\/angola_3-150x84.jpg 150w\" sizes=\"(max-width: 890px) 100vw, 890px\" \/><\/p>\n","protected":false},"excerpt":{"rendered":"<p>Funda\u00e7\u00e3o Franciscana Imaculada M\u00e3e de Deus de Angola<\/p>\n","protected":false},"author":3,"featured_media":206825,"comment_status":"open","ping_status":"open","sticky":false,"template":"","format":"standard","meta":[],"categories":[1],"tags":[360],"acf":[],"yoast_head":"<!-- This site is optimized with the Yoast SEO plugin v19.2 - https:\/\/yoast.com\/wordpress\/plugins\/seo\/ -->\n<title>Angola: Frades participam do 1\u00ba Encontro de Juniores do ano - Not\u00edcias - Franciscanos<\/title>\n<meta name=\"robots\" content=\"index, follow, max-snippet:-1, max-image-preview:large, max-video-preview:-1\" \/>\n<link rel=\"canonical\" href=\"https:\/\/franciscanos.org.br\/noticias\/frades-participam-do-1o-encontro-de-juniores.html\" \/>\n<meta property=\"og:locale\" content=\"pt_BR\" \/>\n<meta property=\"og:type\" content=\"article\" \/>\n<meta property=\"og:title\" content=\"Angola: Frades participam do 1\u00ba Encontro de Juniores do ano - Not\u00edcias - Franciscanos\" \/>\n<meta property=\"og:description\" content=\"Funda\u00e7\u00e3o Franciscana Imaculada M\u00e3e de Deus de Angola\" \/>\n<meta property=\"og:url\" content=\"https:\/\/franciscanos.org.br\/noticias\/frades-participam-do-1o-encontro-de-juniores.html\" \/>\n<meta property=\"og:site_name\" content=\"Not\u00edcias - Franciscanos\" \/>\n<meta property=\"article:published_time\" content=\"2019-06-30T08:21:13+00:00\" \/>\n<meta property=\"article:modified_time\" content=\"2019-06-30T18:56:42+00:00\" \/>\n<meta property=\"og:image\" content=\"https:\/\/franciscanos.org.br\/noticias\/wp-content\/uploads\/2019\/06\/angola_5d.jpg\" \/>\n\t<meta property=\"og:image:width\" content=\"273\" \/>\n\t<meta property=\"og:image:height\" content=\"181\" \/>\n\t<meta property=\"og:image:type\" content=\"image\/jpeg\" \/>\n<meta name=\"author\" content=\"moacir\" \/>\n<meta name=\"twitter:card\" content=\"summary_large_image\" \/>\n<meta name=\"twitter:label1\" content=\"Escrito por\" \/>\n\t<meta name=\"twitter:data1\" content=\"moacir\" \/>\n\t<meta name=\"twitter:label2\" content=\"Est. tempo de leitura\" \/>\n\t<meta name=\"twitter:data2\" content=\"2 minutos\" \/>\n<script type=\"application\/ld+json\" class=\"yoast-schema-graph\">{\"@context\":\"https:\/\/schema.org\",\"@graph\":[{\"@type\":\"WebSite\",\"@id\":\"https:\/\/franciscanos.org.br\/noticias\/#website\",\"url\":\"https:\/\/franciscanos.org.br\/noticias\/\",\"name\":\"Not\u00edcias - Franciscanos\",\"description\":\"Prov\u00edncia Franciscana da Imaculada Concei\u00e7\u00e3o do Brasil - Ordem dos Frades Menores - OFM\",\"potentialAction\":[{\"@type\":\"SearchAction\",\"target\":{\"@type\":\"EntryPoint\",\"urlTemplate\":\"https:\/\/franciscanos.org.br\/noticias\/?s={search_term_string}\"},\"query-input\":\"required name=search_term_string\"}],\"inLanguage\":\"pt-BR\"},{\"@type\":\"ImageObject\",\"inLanguage\":\"pt-BR\",\"@id\":\"https:\/\/franciscanos.org.br\/noticias\/frades-participam-do-1o-encontro-de-juniores.html#primaryimage\",\"url\":\"https:\/\/franciscanos.org.br\/noticias\/wp-content\/uploads\/2019\/06\/angola_5d.jpg\",\"contentUrl\":\"https:\/\/franciscanos.org.br\/noticias\/wp-content\/uploads\/2019\/06\/angola_5d.jpg\",\"width\":273,\"height\":181},{\"@type\":\"WebPage\",\"@id\":\"https:\/\/franciscanos.org.br\/noticias\/frades-participam-do-1o-encontro-de-juniores.html#webpage\",\"url\":\"https:\/\/franciscanos.org.br\/noticias\/frades-participam-do-1o-encontro-de-juniores.html\",\"name\":\"Angola: Frades participam do 1\u00ba Encontro de Juniores do ano - Not\u00edcias - Franciscanos\",\"isPartOf\":{\"@id\":\"https:\/\/franciscanos.org.br\/noticias\/#website\"},\"primaryImageOfPage\":{\"@id\":\"https:\/\/franciscanos.org.br\/noticias\/frades-participam-do-1o-encontro-de-juniores.html#primaryimage\"},\"datePublished\":\"2019-06-30T08:21:13+00:00\",\"dateModified\":\"2019-06-30T18:56:42+00:00\",\"author\":{\"@id\":\"https:\/\/franciscanos.org.br\/noticias\/#\/schema\/person\/b5c8cba458c330ccff548b056e95a5d4\"},\"breadcrumb\":{\"@id\":\"https:\/\/franciscanos.org.br\/noticias\/frades-participam-do-1o-encontro-de-juniores.html#breadcrumb\"},\"inLanguage\":\"pt-BR\",\"potentialAction\":[{\"@type\":\"ReadAction\",\"target\":[\"https:\/\/franciscanos.org.br\/noticias\/frades-participam-do-1o-encontro-de-juniores.html\"]}]},{\"@type\":\"BreadcrumbList\",\"@id\":\"https:\/\/franciscanos.org.br\/noticias\/frades-participam-do-1o-encontro-de-juniores.html#breadcrumb\",\"itemListElement\":[{\"@type\":\"ListItem\",\"position\":1,\"name\":\"Home\",\"item\":\"https:\/\/franciscanos.org.br\/noticias\"},{\"@type\":\"ListItem\",\"position\":2,\"name\":\"Angola: Frades participam do 1\u00ba Encontro de Juniores do ano\"}]},{\"@type\":\"Person\",\"@id\":\"https:\/\/franciscanos.org.br\/noticias\/#\/schema\/person\/b5c8cba458c330ccff548b056e95a5d4\",\"name\":\"moacir\",\"image\":{\"@type\":\"ImageObject\",\"inLanguage\":\"pt-BR\",\"@id\":\"https:\/\/franciscanos.org.br\/noticias\/#\/schema\/person\/image\/\",\"url\":\"https:\/\/secure.gravatar.com\/avatar\/d08aa2ce4c8dd416d4479aa8536fcf64?s=96&d=mm&r=g\",\"contentUrl\":\"https:\/\/secure.gravatar.com\/avatar\/d08aa2ce4c8dd416d4479aa8536fcf64?s=96&d=mm&r=g\",\"caption\":\"moacir\"},\"url\":\"https:\/\/franciscanos.org.br\/noticias\/author\/moacir\"}]}<\/script>\n<!-- \/ Yoast SEO plugin. -->","yoast_head_json":{"title":"Angola: Frades participam do 1\u00ba Encontro de Juniores do ano - Not\u00edcias - Franciscanos","robots":{"index":"index","follow":"follow","max-snippet":"max-snippet:-1","max-image-preview":"max-image-preview:large","max-video-preview":"max-video-preview:-1"},"canonical":"https:\/\/franciscanos.org.br\/noticias\/frades-participam-do-1o-encontro-de-juniores.html","og_locale":"pt_BR","og_type":"article","og_title":"Angola: Frades participam do 1\u00ba Encontro de Juniores do ano - Not\u00edcias - Franciscanos","og_description":"Funda\u00e7\u00e3o Franciscana Imaculada M\u00e3e de Deus de Angola","og_url":"https:\/\/franciscanos.org.br\/noticias\/frades-participam-do-1o-encontro-de-juniores.html","og_site_name":"Not\u00edcias - Franciscanos","article_published_time":"2019-06-30T08:21:13+00:00","article_modified_time":"2019-06-30T18:56:42+00:00","og_image":[{"width":273,"height":181,"url":"https:\/\/franciscanos.org.br\/noticias\/wp-content\/uploads\/2019\/06\/angola_5d.jpg","type":"image\/jpeg"}],"author":"moacir","twitter_card":"summary_large_image","twitter_misc":{"Escrito por":"moacir","Est. tempo de leitura":"2 minutos"},"schema":{"@context":"https:\/\/schema.org","@graph":[{"@type":"WebSite","@id":"https:\/\/franciscanos.org.br\/noticias\/#website","url":"https:\/\/franciscanos.org.br\/noticias\/","name":"Not\u00edcias - Franciscanos","description":"Prov\u00edncia Franciscana da Imaculada Concei\u00e7\u00e3o do Brasil - Ordem dos Frades Menores - OFM","potentialAction":[{"@type":"SearchAction","target":{"@type":"EntryPoint","urlTemplate":"https:\/\/franciscanos.org.br\/noticias\/?s={search_term_string}"},"query-input":"required name=search_term_string"}],"inLanguage":"pt-BR"},{"@type":"ImageObject","inLanguage":"pt-BR","@id":"https:\/\/franciscanos.org.br\/noticias\/frades-participam-do-1o-encontro-de-juniores.html#primaryimage","url":"https:\/\/franciscanos.org.br\/noticias\/wp-content\/uploads\/2019\/06\/angola_5d.jpg","contentUrl":"https:\/\/franciscanos.org.br\/noticias\/wp-content\/uploads\/2019\/06\/angola_5d.jpg","width":273,"height":181},{"@type":"WebPage","@id":"https:\/\/franciscanos.org.br\/noticias\/frades-participam-do-1o-encontro-de-juniores.html#webpage","url":"https:\/\/franciscanos.org.br\/noticias\/frades-participam-do-1o-encontro-de-juniores.html","name":"Angola: Frades participam do 1\u00ba Encontro de Juniores do ano - Not\u00edcias - Franciscanos","isPartOf":{"@id":"https:\/\/franciscanos.org.br\/noticias\/#website"},"primaryImageOfPage":{"@id":"https:\/\/franciscanos.org.br\/noticias\/frades-participam-do-1o-encontro-de-juniores.html#primaryimage"},"datePublished":"2019-06-30T08:21:13+00:00","dateModified":"2019-06-30T18:56:42+00:00","author":{"@id":"https:\/\/franciscanos.org.br\/noticias\/#\/schema\/person\/b5c8cba458c330ccff548b056e95a5d4"},"breadcrumb":{"@id":"https:\/\/franciscanos.org.br\/noticias\/frades-participam-do-1o-encontro-de-juniores.html#breadcrumb"},"inLanguage":"pt-BR","potentialAction":[{"@type":"ReadAction","target":["https:\/\/franciscanos.org.br\/noticias\/frades-participam-do-1o-encontro-de-juniores.html"]}]},{"@type":"BreadcrumbList","@id":"https:\/\/franciscanos.org.br\/noticias\/frades-participam-do-1o-encontro-de-juniores.html#breadcrumb","itemListElement":[{"@type":"ListItem","position":1,"name":"Home","item":"https:\/\/franciscanos.org.br\/noticias"},{"@type":"ListItem","position":2,"name":"Angola: Frades participam do 1\u00ba Encontro de Juniores do ano"}]},{"@type":"Person","@id":"https:\/\/franciscanos.org.br\/noticias\/#\/schema\/person\/b5c8cba458c330ccff548b056e95a5d4","name":"moacir","image":{"@type":"ImageObject","inLanguage":"pt-BR","@id":"https:\/\/franciscanos.org.br\/noticias\/#\/schema\/person\/image\/","url":"https:\/\/secure.gravatar.com\/avatar\/d08aa2ce4c8dd416d4479aa8536fcf64?s=96&d=mm&r=g","contentUrl":"https:\/\/secure.gravatar.com\/avatar\/d08aa2ce4c8dd416d4479aa8536fcf64?s=96&d=mm&r=g","caption":"moacir"},"url":"https:\/\/franciscanos.org.br\/noticias\/author\/moacir"}]}},"_links":{"self":[{"href":"https:\/\/franciscanos.org.br\/noticias\/wp-json\/wp\/v2\/posts\/206820"}],"collection":[{"href":"https:\/\/franciscanos.org.br\/noticias\/wp-json\/wp\/v2\/posts"}],"about":[{"href":"https:\/\/franciscanos.org.br\/noticias\/wp-json\/wp\/v2\/types\/post"}],"author":[{"embeddable":true,"href":"https:\/\/franciscanos.org.br\/noticias\/wp-json\/wp\/v2\/users\/3"}],"replies":[{"embeddable":true,"href":"https:\/\/franciscanos.org.br\/noticias\/wp-json\/wp\/v2\/comments?post=206820"}],"version-history":[{"count":0,"href":"https:\/\/franciscanos.org.br\/noticias\/wp-json\/wp\/v2\/posts\/206820\/revisions"}],"wp:featuredmedia":[{"embeddable":true,"href":"https:\/\/franciscanos.org.br\/noticias\/wp-json\/wp\/v2\/media\/206825"}],"wp:attachment":[{"href":"https:\/\/franciscanos.org.br\/noticias\/wp-json\/wp\/v2\/media?parent=206820"}],"wp:term":[{"taxonomy":"category","embeddable":true,"href":"https:\/\/franciscanos.org.br\/noticias\/wp-json\/wp\/v2\/categories?post=206820"},{"taxonomy":"post_tag","embeddable":true,"href":"https:\/\/franciscanos.org.br\/noticias\/wp-json\/wp\/v2\/tags?post=206820"}],"curies":[{"name":"wp","href":"https:\/\/api.w.org\/{rel}","templated":true}]}}