{"id":206733,"date":"2019-06-29T10:55:25","date_gmt":"2019-06-29T13:55:25","guid":{"rendered":"https:\/\/franciscanos.org.br\/noticias\/?p=206733"},"modified":"2020-08-24T14:29:47","modified_gmt":"2020-08-24T17:29:47","slug":"papa-a-unica-medida-possivel-para-quem-segue-jesus-e-amar-sem-medida","status":"publish","type":"post","link":"https:\/\/franciscanos.org.br\/noticias\/papa-a-unica-medida-possivel-para-quem-segue-jesus-e-amar-sem-medida.html","title":{"rendered":"Papa: a \u00fanica medida poss\u00edvel para quem segue Jesus \u00e9 amar sem medida"},"content":{"rendered":"<div id=\"attachment_206734\" style=\"width: 900px\" class=\"wp-caption alignnone\"><img aria-describedby=\"caption-attachment-206734\" loading=\"lazy\" class=\"wp-image-206734 size-full\" src=\"https:\/\/franciscanos.org.br\/noticias\/wp-content\/uploads\/2019\/06\/papa_290619_4.jpg\" alt=\"\" width=\"890\" height=\"591\" srcset=\"https:\/\/franciscanos.org.br\/noticias\/wp-content\/uploads\/2019\/06\/papa_290619_4.jpg 890w, https:\/\/franciscanos.org.br\/noticias\/wp-content\/uploads\/2019\/06\/papa_290619_4-450x299.jpg 450w, https:\/\/franciscanos.org.br\/noticias\/wp-content\/uploads\/2019\/06\/papa_290619_4-768x510.jpg 768w, https:\/\/franciscanos.org.br\/noticias\/wp-content\/uploads\/2019\/06\/papa_290619_4-150x100.jpg 150w\" sizes=\"(max-width: 890px) 100vw, 890px\" \/><p id=\"caption-attachment-206734\" class=\"wp-caption-text\">\u00a0 \u00a0 \u00a0 \u00a0 \u00a0 \u00a0 \u00a0 \u00a0 \u00a0 \u00a0 \u00a0 \u00a0 \u00a0 \u00a0 \u00a0 \u00a0 \u00a0 \u00a0 \u00a0 \u00a0 \u00a0 \u00a0 \u00a0 \u00a0 \u00a0 \u00a0 \u00a0 \u00a0 \u00a0 \u00a0 \u00a0 \u00a0 \u00a0 \u00a0 \u00a0 \u00a0 \u00a0 \u00a0 \u00a0 \u00a0 \u00a0 \u00a0 \u00a0 \u00a0 \u00a0 \u00a0 \u00a0 \u00a0 \u00a0 \u00a0 \u00a0 \u00a0 \u00a0 \u00a0 \u00a0 \u00a0 \u00a0 \u00a0 \u00a0 \u00a0 \u00a0 \u00a0 \u00a0 \u00a0 \u00a0 \u00a0 \u00a0 \u00a0 \u00a0 \u00a0 \u00a0 \u00a0 \u00a0 \u00a0<em> \u00a0 \u00a0 \u00a0 \u00a0 Imagens: Vatican Media<\/em><\/p><\/div>\n<p><strong>Cidade do Vaticano<\/strong> &#8211; \u201cA santidade n\u00e3o est\u00e1 no elevar-se mas em humilhar-se: n\u00e3o \u00e9 uma subida na classifica\u00e7\u00e3o, mas confiar dia a dia a pr\u00f3pria pobreza ao Senhor, que realiza grandes coisas com os humildes\u201d. Foi o que disse o Papa Francisco na missa celebrada na Bas\u00edlica Vaticana na manh\u00e3 deste s\u00e1bado, 29 de junho, solenidade dos Santos Ap\u00f3stolos Pedro e Paulo (no Brasil, esta solenidade ser\u00e1 celebrada amanh\u00e3)a, na qual aben\u00e7oou os p\u00e1lios destinados aos trinta e um arcebispos metropolitanos nomeados nos \u00faltimos doze meses, dos quais tr\u00eas brasileiros.<\/p>\n<p>Na homilia da santa missa concelebrada, entre outros, por estes arcebispos metropolitanos de recente nomea\u00e7\u00e3o, o Pont\u00edfice ateve-se \u00e0 figura dos Santos Pedro e Paulo, colunas da Igreja que em Roma sofreram o mart\u00edrio qual testemunhas do Evangelho.<\/p>\n<p>De fato, Francisco destacou que os dois ap\u00f3stolos \u201caparecem aos nossos olhos como testemunhas. Nunca se cansaram de anunciar, viver em miss\u00e3o, a caminho, desde a terra de Jesus at\u00e9 Roma. E aqui levaram o seu testemunho at\u00e9 ao fim, dando a vida como m\u00e1rtires\u201d.<\/p>\n<p>A partir da\u00ed, o Papa desenvolveu sua reflex\u00e3o sobre Pedro e Paulo qual testemunhas de vida, testemunhas de perd\u00e3o e testemunhas de Jesus.<\/p>\n<p><img loading=\"lazy\" class=\"alignnone wp-image-206735 size-full\" src=\"https:\/\/franciscanos.org.br\/noticias\/wp-content\/uploads\/2019\/06\/papa_290619_3.jpg\" alt=\"\" width=\"890\" height=\"501\" srcset=\"https:\/\/franciscanos.org.br\/noticias\/wp-content\/uploads\/2019\/06\/papa_290619_3.jpg 890w, https:\/\/franciscanos.org.br\/noticias\/wp-content\/uploads\/2019\/06\/papa_290619_3-450x253.jpg 450w, https:\/\/franciscanos.org.br\/noticias\/wp-content\/uploads\/2019\/06\/papa_290619_3-768x432.jpg 768w, https:\/\/franciscanos.org.br\/noticias\/wp-content\/uploads\/2019\/06\/papa_290619_3-150x84.jpg 150w\" sizes=\"(max-width: 890px) 100vw, 890px\" \/><\/p>\n<p><strong>Testemunhas de vida<\/strong><br \/>\nTestemunhas de vida\u2026 e, todavia, as suas vidas n\u00e3o foram l\u00edmpidas nem lineares, destacou o Pont\u00edfice. \u201cEram ambos de \u00edndole muito religiosa: Pedro, disc\u00edpulo da primeira hora; Paulo, ac\u00e9rrimo defensor das tradi\u00e7\u00f5es dos pais. Mas cometeram erros enormes: Pedro chegou a negar o Senhor; Paulo, a perseguir a Igreja de Deus\u201d.<\/p>\n<p>Jesus chamou-os pelo seu nome e mudou a sua vida. E, depois de todas estas aventuras, fiou-Se deles, dois pecadores arrependidos. Poder\u00edamos perguntar-nos: Porque \u00e9 que o Senhor n\u00e3o nos deu duas testemunhas integ\u00e9rrimas, com a ficha limpa, com a vida ilibada? Porqu\u00ea Pedro, quando havia Jo\u00e3o? Porqu\u00ea Paulo e n\u00e3o Barnab\u00e9? \u2013 frisou Francisco, acrescentando que nisto encerra-se uma grande li\u00e7\u00e3o: \u201cO ponto de partida da vida crist\u00e3 n\u00e3o est\u00e1 no fato de ser dignos; com aqueles que se julgavam bons, bem pouco p\u00f4de fazer o Senhor. Quando nos consideramos melhores que os outros, \u00e9 o princ\u00edpio do fim. O Senhor n\u00e3o realiza prod\u00edgios com quem se cr\u00ea justo, mas com quem sabe que \u00e9 necessitado. N\u00e3o \u00e9 atra\u00eddo pela nossa habilidade, n\u00e3o \u00e9 por isso que nos ama. Ele ama-nos como somos, e procura pessoas que n\u00e3o se bastam a si mesmas, mas est\u00e3o prontas a abrir-Lhe o cora\u00e7\u00e3o. Pedro e Paulo apresentaram-se assim transparentes diante de Deus.\u201d<\/p>\n<p>Pedro disse-o imediatamente a Jesus: \u00abSou um homem pecador\u00bb. Paulo escreve que era \u00abo menor dos ap\u00f3stolos, nem [era] digno de ser chamado Ap\u00f3stolo\u00bb. E, na vida, mantiveram-se nesta humildade at\u00e9 ao fim, prosseguiu o Papa.<\/p>\n<p><img loading=\"lazy\" class=\"alignnone size-full wp-image-206736\" src=\"https:\/\/franciscanos.org.br\/noticias\/wp-content\/uploads\/2019\/06\/papa_290619_6.jpg\" alt=\"\" width=\"890\" height=\"593\" srcset=\"https:\/\/franciscanos.org.br\/noticias\/wp-content\/uploads\/2019\/06\/papa_290619_6.jpg 890w, https:\/\/franciscanos.org.br\/noticias\/wp-content\/uploads\/2019\/06\/papa_290619_6-450x300.jpg 450w, https:\/\/franciscanos.org.br\/noticias\/wp-content\/uploads\/2019\/06\/papa_290619_6-768x512.jpg 768w, https:\/\/franciscanos.org.br\/noticias\/wp-content\/uploads\/2019\/06\/papa_290619_6-150x100.jpg 150w\" sizes=\"(max-width: 890px) 100vw, 890px\" \/><\/p>\n<p><strong>Testemunhas de perd\u00e3o<\/strong><br \/>\nQual foi o segredo que, no meio das fraquezas, os fez continuar para diante? O perd\u00e3o do Senhor, disse Francisco. \u201cDescubramo-los, pois, como testemunhas de perd\u00e3o.<\/p>\n<p>\u201cNas suas quedas, descobriram a for\u00e7a da miseric\u00f3rdia do Senhor, que os regenerou. No seu perd\u00e3o, encontraram uma paz e alegria irreprim\u00edveis. Com o mal que fizeram, poderiam viver com sentimentos de culpa: quantas vezes ter\u00e1 Pedro pensado na sua nega\u00e7\u00e3o! Quantos escr\u00fapulos para Paulo, que fizera mal a tantas pessoas inocentes! Humanamente, faliram; mas encontraram um amor maior do que os seus fracassos, um perd\u00e3o t\u00e3o forte que curava at\u00e9 os seus sentimentos de culpa. S\u00f3 quando experimentamos o perd\u00e3o de Deus \u00e9 que renascemos verdadeiramente. Recome\u00e7a-se daqui: do perd\u00e3o.\u201d<\/p>\n<p><img loading=\"lazy\" class=\"alignnone size-full wp-image-206737\" src=\"https:\/\/franciscanos.org.br\/noticias\/wp-content\/uploads\/2019\/06\/papa_290619_1.jpg\" alt=\"\" width=\"890\" height=\"593\" srcset=\"https:\/\/franciscanos.org.br\/noticias\/wp-content\/uploads\/2019\/06\/papa_290619_1.jpg 890w, https:\/\/franciscanos.org.br\/noticias\/wp-content\/uploads\/2019\/06\/papa_290619_1-450x300.jpg 450w, https:\/\/franciscanos.org.br\/noticias\/wp-content\/uploads\/2019\/06\/papa_290619_1-768x512.jpg 768w, https:\/\/franciscanos.org.br\/noticias\/wp-content\/uploads\/2019\/06\/papa_290619_1-150x100.jpg 150w\" sizes=\"(max-width: 890px) 100vw, 890px\" \/><\/p>\n<p><strong>Testemunhas de Jesus<\/strong><br \/>\nTestemunhas de vida, testemunhas de perd\u00e3o, Pedro e Paulo s\u00e3o sobretudo testemunhas de Jesus, continuou o Pont\u00edfice. \u201cPara a testemunha, mais do que um personagem da hist\u00f3ria, Jesus \u00e9 a pessoa da vida: \u00e9 o novo, n\u00e3o o j\u00e1 visto; a novidade do futuro, n\u00e3o uma lembran\u00e7a do passado. Por isso, n\u00e3o \u00e9 testemunha quem conhece a hist\u00f3ria de Jesus, mas quem vive uma hist\u00f3ria de amor com Jesus. Porque, no fundo, o que a testemunha anuncia \u00e9 apenas isto: Jesus est\u00e1 vivo e \u00e9 o segredo da vida\u201d, disse ainda.<\/p>\n<p>Diante destas testemunhas, interroguemo-nos: Renovo eu cada dia o encontro com Jesus? Talvez sejamos curiosos sobre Jesus, talvez nos interessemos por coisas de Igreja ou not\u00edcias religiosas. Abrimos sites e jornais, e conversamos sobre coisas sagradas. Mas, assim, ficamos no que dizem os homens, nas sondagens, no passado. Mas isto, a Jesus, interessa-Lhe pouco. N\u00e3o quer rep\u00f3rteres do esp\u00edrito, e muito menos crist\u00e3os de capa de revista. Ele procura testemunhas, que Lhe digam dia a dia: \u00abSenhor, Tu \u00e9s a minha vida\u00bb, ressaltou o Papa.<\/p>\n<p><img loading=\"lazy\" class=\"alignnone size-full wp-image-206738\" src=\"https:\/\/franciscanos.org.br\/noticias\/wp-content\/uploads\/2019\/06\/papa_290619_2.jpg\" alt=\"\" width=\"890\" height=\"593\" srcset=\"https:\/\/franciscanos.org.br\/noticias\/wp-content\/uploads\/2019\/06\/papa_290619_2.jpg 890w, https:\/\/franciscanos.org.br\/noticias\/wp-content\/uploads\/2019\/06\/papa_290619_2-450x300.jpg 450w, https:\/\/franciscanos.org.br\/noticias\/wp-content\/uploads\/2019\/06\/papa_290619_2-768x512.jpg 768w, https:\/\/franciscanos.org.br\/noticias\/wp-content\/uploads\/2019\/06\/papa_290619_2-150x100.jpg 150w\" sizes=\"(max-width: 890px) 100vw, 890px\" \/><\/p>\n<p>\u201cOs Ap\u00f3stolos, tendo encontrado Jesus e experimentado o seu perd\u00e3o, testemunharam uma vida nova: n\u00e3o mais se pouparam, deram-se a si mesmos. N\u00e3o se contentaram com meias medidas, mas adotaram a \u00fanica medida poss\u00edvel para quem segue Jesus: a dum amor sem medida.\u201d<\/p>\n<p>Francisco exortou-nos a pedir \u201ca gra\u00e7a de n\u00e3o ser crist\u00e3os t\u00edbios, que vivem de meias medidas, que deixam resfriar o amor. Encontremos as nossas ra\u00edzes na rela\u00e7\u00e3o di\u00e1ria com Jesus e na for\u00e7a do seu perd\u00e3o. Como a Pedro, Jesus pergunta tamb\u00e9m a ti: Quem sou Eu, para ti? Amas-me tu? Deixemos que estas palavras penetrem dentro de n\u00f3s e acendam o desejo de n\u00e3o nos contentarmos com o m\u00ednimo, mas de apontar para o m\u00e1ximo: sermos, tamb\u00e9m n\u00f3s, testemunhas vivas de Jesus\u201d, exortou o Papa..<\/p>\n<p><img loading=\"lazy\" class=\"alignnone size-full wp-image-206739\" src=\"https:\/\/franciscanos.org.br\/noticias\/wp-content\/uploads\/2019\/06\/papa_290619.jpg\" alt=\"\" width=\"890\" height=\"593\" srcset=\"https:\/\/franciscanos.org.br\/noticias\/wp-content\/uploads\/2019\/06\/papa_290619.jpg 890w, https:\/\/franciscanos.org.br\/noticias\/wp-content\/uploads\/2019\/06\/papa_290619-450x300.jpg 450w, https:\/\/franciscanos.org.br\/noticias\/wp-content\/uploads\/2019\/06\/papa_290619-768x512.jpg 768w, https:\/\/franciscanos.org.br\/noticias\/wp-content\/uploads\/2019\/06\/papa_290619-150x100.jpg 150w\" sizes=\"(max-width: 890px) 100vw, 890px\" \/><\/p>\n<p><strong>Os pastores n\u00e3o vivem para si mesmos, mas para as ovelhas<\/strong><br \/>\nFrancisco concluiu referindo-se aos p\u00e1lios precedentemente por ele aben\u00e7oados no in\u00edcio da celebra\u00e7\u00e3o eucar\u00edstica. Destacou que o p\u00e1lio recorda a ovelha que o Pastor \u00e9 chamado a carregar aos ombros: \u201c\u00e9 sinal de que os Pastores n\u00e3o vivem para si mesmos, mas para as ovelhas; \u00e9 sinal de que, para possuir a vida, \u00e9 preciso perd\u00ea-la, d\u00e1-la\u201d.<\/p>\n<p>Dos trinta e um arcebispos metropolitanos precedentemente mencionados, os tr\u00eas brasileiros s\u00e3o o de Vit\u00f3ria (ES), Dom Dario Campos; o de Montes Claros (MG), Dom Jo\u00e3o Justino de Medeiros Silva; e o de Campinas (SP), Dom Jo\u00e3o In\u00e1cio M\u03cbller.<\/p>\n<p>Por fim, Francisco saudou a Delega\u00e7\u00e3o do Patriarcado Ecum\u00eanico, presente na celebra\u00e7\u00e3o, \u201csegundo uma bela tradi\u00e7\u00e3o\u201d, frisou. \u201cA vossa presen\u00e7a lembra-nos que n\u00e3o podemos poupar-nos sequer no caminho rumo \u00e0 plena unidade entre os crentes, na comunh\u00e3o em todos os n\u00edveis.\u201d<\/p>\n<p><img loading=\"lazy\" class=\"alignnone size-full wp-image-206740\" src=\"https:\/\/franciscanos.org.br\/noticias\/wp-content\/uploads\/2019\/06\/papa_290619_5.jpg\" alt=\"\" width=\"890\" height=\"593\" srcset=\"https:\/\/franciscanos.org.br\/noticias\/wp-content\/uploads\/2019\/06\/papa_290619_5.jpg 890w, https:\/\/franciscanos.org.br\/noticias\/wp-content\/uploads\/2019\/06\/papa_290619_5-450x300.jpg 450w, https:\/\/franciscanos.org.br\/noticias\/wp-content\/uploads\/2019\/06\/papa_290619_5-768x512.jpg 768w, https:\/\/franciscanos.org.br\/noticias\/wp-content\/uploads\/2019\/06\/papa_290619_5-150x100.jpg 150w\" sizes=\"(max-width: 890px) 100vw, 890px\" \/><\/p>\n","protected":false},"excerpt":{"rendered":"<p>Papa celebra Santa Missa neste s\u00e1bado na Bas\u00edlica Vaticana <\/p>\n","protected":false},"author":3,"featured_media":206741,"comment_status":"open","ping_status":"open","sticky":false,"template":"","format":"standard","meta":[],"categories":[1428],"tags":[55,1463],"acf":[],"yoast_head":"<!-- This site is optimized with the Yoast SEO plugin v19.2 - https:\/\/yoast.com\/wordpress\/plugins\/seo\/ -->\n<title>Papa: a \u00fanica medida poss\u00edvel para quem segue Jesus \u00e9 amar sem medida - Not\u00edcias - Franciscanos<\/title>\n<meta name=\"robots\" content=\"index, follow, max-snippet:-1, max-image-preview:large, max-video-preview:-1\" \/>\n<link rel=\"canonical\" href=\"https:\/\/franciscanos.org.br\/noticias\/papa-a-unica-medida-possivel-para-quem-segue-jesus-e-amar-sem-medida.html\" \/>\n<meta property=\"og:locale\" content=\"pt_BR\" \/>\n<meta property=\"og:type\" content=\"article\" \/>\n<meta property=\"og:title\" content=\"Papa: a \u00fanica medida poss\u00edvel para quem segue Jesus \u00e9 amar sem medida - Not\u00edcias - Franciscanos\" \/>\n<meta property=\"og:description\" content=\"Papa celebra Santa Missa neste s\u00e1bado na Bas\u00edlica Vaticana\" \/>\n<meta property=\"og:url\" content=\"https:\/\/franciscanos.org.br\/noticias\/papa-a-unica-medida-possivel-para-quem-segue-jesus-e-amar-sem-medida.html\" \/>\n<meta property=\"og:site_name\" content=\"Not\u00edcias - Franciscanos\" \/>\n<meta property=\"article:published_time\" content=\"2019-06-29T13:55:25+00:00\" \/>\n<meta property=\"article:modified_time\" content=\"2020-08-24T17:29:47+00:00\" \/>\n<meta property=\"og:image\" content=\"https:\/\/franciscanos.org.br\/noticias\/wp-content\/uploads\/2019\/06\/papa_290619_d.jpg\" \/>\n\t<meta property=\"og:image:width\" content=\"273\" \/>\n\t<meta property=\"og:image:height\" content=\"181\" \/>\n\t<meta property=\"og:image:type\" content=\"image\/jpeg\" \/>\n<meta name=\"author\" content=\"moacir\" \/>\n<meta name=\"twitter:card\" content=\"summary_large_image\" \/>\n<meta name=\"twitter:label1\" content=\"Escrito por\" \/>\n\t<meta name=\"twitter:data1\" content=\"moacir\" \/>\n\t<meta name=\"twitter:label2\" content=\"Est. tempo de leitura\" \/>\n\t<meta name=\"twitter:data2\" content=\"6 minutos\" \/>\n<script type=\"application\/ld+json\" class=\"yoast-schema-graph\">{\"@context\":\"https:\/\/schema.org\",\"@graph\":[{\"@type\":\"WebSite\",\"@id\":\"https:\/\/franciscanos.org.br\/noticias\/#website\",\"url\":\"https:\/\/franciscanos.org.br\/noticias\/\",\"name\":\"Not\u00edcias - Franciscanos\",\"description\":\"Prov\u00edncia Franciscana da Imaculada Concei\u00e7\u00e3o do Brasil - Ordem dos Frades Menores - OFM\",\"potentialAction\":[{\"@type\":\"SearchAction\",\"target\":{\"@type\":\"EntryPoint\",\"urlTemplate\":\"https:\/\/franciscanos.org.br\/noticias\/?s={search_term_string}\"},\"query-input\":\"required name=search_term_string\"}],\"inLanguage\":\"pt-BR\"},{\"@type\":\"ImageObject\",\"inLanguage\":\"pt-BR\",\"@id\":\"https:\/\/franciscanos.org.br\/noticias\/papa-a-unica-medida-possivel-para-quem-segue-jesus-e-amar-sem-medida.html#primaryimage\",\"url\":\"https:\/\/franciscanos.org.br\/noticias\/wp-content\/uploads\/2019\/06\/papa_290619_d.jpg\",\"contentUrl\":\"https:\/\/franciscanos.org.br\/noticias\/wp-content\/uploads\/2019\/06\/papa_290619_d.jpg\",\"width\":273,\"height\":181},{\"@type\":\"WebPage\",\"@id\":\"https:\/\/franciscanos.org.br\/noticias\/papa-a-unica-medida-possivel-para-quem-segue-jesus-e-amar-sem-medida.html#webpage\",\"url\":\"https:\/\/franciscanos.org.br\/noticias\/papa-a-unica-medida-possivel-para-quem-segue-jesus-e-amar-sem-medida.html\",\"name\":\"Papa: a \u00fanica medida poss\u00edvel para quem segue Jesus \u00e9 amar sem medida - Not\u00edcias - Franciscanos\",\"isPartOf\":{\"@id\":\"https:\/\/franciscanos.org.br\/noticias\/#website\"},\"primaryImageOfPage\":{\"@id\":\"https:\/\/franciscanos.org.br\/noticias\/papa-a-unica-medida-possivel-para-quem-segue-jesus-e-amar-sem-medida.html#primaryimage\"},\"datePublished\":\"2019-06-29T13:55:25+00:00\",\"dateModified\":\"2020-08-24T17:29:47+00:00\",\"author\":{\"@id\":\"https:\/\/franciscanos.org.br\/noticias\/#\/schema\/person\/b5c8cba458c330ccff548b056e95a5d4\"},\"breadcrumb\":{\"@id\":\"https:\/\/franciscanos.org.br\/noticias\/papa-a-unica-medida-possivel-para-quem-segue-jesus-e-amar-sem-medida.html#breadcrumb\"},\"inLanguage\":\"pt-BR\",\"potentialAction\":[{\"@type\":\"ReadAction\",\"target\":[\"https:\/\/franciscanos.org.br\/noticias\/papa-a-unica-medida-possivel-para-quem-segue-jesus-e-amar-sem-medida.html\"]}]},{\"@type\":\"BreadcrumbList\",\"@id\":\"https:\/\/franciscanos.org.br\/noticias\/papa-a-unica-medida-possivel-para-quem-segue-jesus-e-amar-sem-medida.html#breadcrumb\",\"itemListElement\":[{\"@type\":\"ListItem\",\"position\":1,\"name\":\"Home\",\"item\":\"https:\/\/franciscanos.org.br\/noticias\"},{\"@type\":\"ListItem\",\"position\":2,\"name\":\"Papa: a \u00fanica medida poss\u00edvel para quem segue Jesus \u00e9 amar sem medida\"}]},{\"@type\":\"Person\",\"@id\":\"https:\/\/franciscanos.org.br\/noticias\/#\/schema\/person\/b5c8cba458c330ccff548b056e95a5d4\",\"name\":\"moacir\",\"image\":{\"@type\":\"ImageObject\",\"inLanguage\":\"pt-BR\",\"@id\":\"https:\/\/franciscanos.org.br\/noticias\/#\/schema\/person\/image\/\",\"url\":\"https:\/\/secure.gravatar.com\/avatar\/d08aa2ce4c8dd416d4479aa8536fcf64?s=96&d=mm&r=g\",\"contentUrl\":\"https:\/\/secure.gravatar.com\/avatar\/d08aa2ce4c8dd416d4479aa8536fcf64?s=96&d=mm&r=g\",\"caption\":\"moacir\"},\"url\":\"https:\/\/franciscanos.org.br\/noticias\/author\/moacir\"}]}<\/script>\n<!-- \/ Yoast SEO plugin. -->","yoast_head_json":{"title":"Papa: a \u00fanica medida poss\u00edvel para quem segue Jesus \u00e9 amar sem medida - Not\u00edcias - Franciscanos","robots":{"index":"index","follow":"follow","max-snippet":"max-snippet:-1","max-image-preview":"max-image-preview:large","max-video-preview":"max-video-preview:-1"},"canonical":"https:\/\/franciscanos.org.br\/noticias\/papa-a-unica-medida-possivel-para-quem-segue-jesus-e-amar-sem-medida.html","og_locale":"pt_BR","og_type":"article","og_title":"Papa: a \u00fanica medida poss\u00edvel para quem segue Jesus \u00e9 amar sem medida - Not\u00edcias - Franciscanos","og_description":"Papa celebra Santa Missa neste s\u00e1bado na Bas\u00edlica Vaticana","og_url":"https:\/\/franciscanos.org.br\/noticias\/papa-a-unica-medida-possivel-para-quem-segue-jesus-e-amar-sem-medida.html","og_site_name":"Not\u00edcias - Franciscanos","article_published_time":"2019-06-29T13:55:25+00:00","article_modified_time":"2020-08-24T17:29:47+00:00","og_image":[{"width":273,"height":181,"url":"https:\/\/franciscanos.org.br\/noticias\/wp-content\/uploads\/2019\/06\/papa_290619_d.jpg","type":"image\/jpeg"}],"author":"moacir","twitter_card":"summary_large_image","twitter_misc":{"Escrito por":"moacir","Est. tempo de leitura":"6 minutos"},"schema":{"@context":"https:\/\/schema.org","@graph":[{"@type":"WebSite","@id":"https:\/\/franciscanos.org.br\/noticias\/#website","url":"https:\/\/franciscanos.org.br\/noticias\/","name":"Not\u00edcias - Franciscanos","description":"Prov\u00edncia Franciscana da Imaculada Concei\u00e7\u00e3o do Brasil - Ordem dos Frades Menores - OFM","potentialAction":[{"@type":"SearchAction","target":{"@type":"EntryPoint","urlTemplate":"https:\/\/franciscanos.org.br\/noticias\/?s={search_term_string}"},"query-input":"required name=search_term_string"}],"inLanguage":"pt-BR"},{"@type":"ImageObject","inLanguage":"pt-BR","@id":"https:\/\/franciscanos.org.br\/noticias\/papa-a-unica-medida-possivel-para-quem-segue-jesus-e-amar-sem-medida.html#primaryimage","url":"https:\/\/franciscanos.org.br\/noticias\/wp-content\/uploads\/2019\/06\/papa_290619_d.jpg","contentUrl":"https:\/\/franciscanos.org.br\/noticias\/wp-content\/uploads\/2019\/06\/papa_290619_d.jpg","width":273,"height":181},{"@type":"WebPage","@id":"https:\/\/franciscanos.org.br\/noticias\/papa-a-unica-medida-possivel-para-quem-segue-jesus-e-amar-sem-medida.html#webpage","url":"https:\/\/franciscanos.org.br\/noticias\/papa-a-unica-medida-possivel-para-quem-segue-jesus-e-amar-sem-medida.html","name":"Papa: a \u00fanica medida poss\u00edvel para quem segue Jesus \u00e9 amar sem medida - Not\u00edcias - Franciscanos","isPartOf":{"@id":"https:\/\/franciscanos.org.br\/noticias\/#website"},"primaryImageOfPage":{"@id":"https:\/\/franciscanos.org.br\/noticias\/papa-a-unica-medida-possivel-para-quem-segue-jesus-e-amar-sem-medida.html#primaryimage"},"datePublished":"2019-06-29T13:55:25+00:00","dateModified":"2020-08-24T17:29:47+00:00","author":{"@id":"https:\/\/franciscanos.org.br\/noticias\/#\/schema\/person\/b5c8cba458c330ccff548b056e95a5d4"},"breadcrumb":{"@id":"https:\/\/franciscanos.org.br\/noticias\/papa-a-unica-medida-possivel-para-quem-segue-jesus-e-amar-sem-medida.html#breadcrumb"},"inLanguage":"pt-BR","potentialAction":[{"@type":"ReadAction","target":["https:\/\/franciscanos.org.br\/noticias\/papa-a-unica-medida-possivel-para-quem-segue-jesus-e-amar-sem-medida.html"]}]},{"@type":"BreadcrumbList","@id":"https:\/\/franciscanos.org.br\/noticias\/papa-a-unica-medida-possivel-para-quem-segue-jesus-e-amar-sem-medida.html#breadcrumb","itemListElement":[{"@type":"ListItem","position":1,"name":"Home","item":"https:\/\/franciscanos.org.br\/noticias"},{"@type":"ListItem","position":2,"name":"Papa: a \u00fanica medida poss\u00edvel para quem segue Jesus \u00e9 amar sem medida"}]},{"@type":"Person","@id":"https:\/\/franciscanos.org.br\/noticias\/#\/schema\/person\/b5c8cba458c330ccff548b056e95a5d4","name":"moacir","image":{"@type":"ImageObject","inLanguage":"pt-BR","@id":"https:\/\/franciscanos.org.br\/noticias\/#\/schema\/person\/image\/","url":"https:\/\/secure.gravatar.com\/avatar\/d08aa2ce4c8dd416d4479aa8536fcf64?s=96&d=mm&r=g","contentUrl":"https:\/\/secure.gravatar.com\/avatar\/d08aa2ce4c8dd416d4479aa8536fcf64?s=96&d=mm&r=g","caption":"moacir"},"url":"https:\/\/franciscanos.org.br\/noticias\/author\/moacir"}]}},"_links":{"self":[{"href":"https:\/\/franciscanos.org.br\/noticias\/wp-json\/wp\/v2\/posts\/206733"}],"collection":[{"href":"https:\/\/franciscanos.org.br\/noticias\/wp-json\/wp\/v2\/posts"}],"about":[{"href":"https:\/\/franciscanos.org.br\/noticias\/wp-json\/wp\/v2\/types\/post"}],"author":[{"embeddable":true,"href":"https:\/\/franciscanos.org.br\/noticias\/wp-json\/wp\/v2\/users\/3"}],"replies":[{"embeddable":true,"href":"https:\/\/franciscanos.org.br\/noticias\/wp-json\/wp\/v2\/comments?post=206733"}],"version-history":[{"count":1,"href":"https:\/\/franciscanos.org.br\/noticias\/wp-json\/wp\/v2\/posts\/206733\/revisions"}],"predecessor-version":[{"id":227973,"href":"https:\/\/franciscanos.org.br\/noticias\/wp-json\/wp\/v2\/posts\/206733\/revisions\/227973"}],"wp:featuredmedia":[{"embeddable":true,"href":"https:\/\/franciscanos.org.br\/noticias\/wp-json\/wp\/v2\/media\/206741"}],"wp:attachment":[{"href":"https:\/\/franciscanos.org.br\/noticias\/wp-json\/wp\/v2\/media?parent=206733"}],"wp:term":[{"taxonomy":"category","embeddable":true,"href":"https:\/\/franciscanos.org.br\/noticias\/wp-json\/wp\/v2\/categories?post=206733"},{"taxonomy":"post_tag","embeddable":true,"href":"https:\/\/franciscanos.org.br\/noticias\/wp-json\/wp\/v2\/tags?post=206733"}],"curies":[{"name":"wp","href":"https:\/\/api.w.org\/{rel}","templated":true}]}}