{"id":206670,"date":"2019-06-28T01:13:12","date_gmt":"2019-06-28T04:13:12","guid":{"rendered":"https:\/\/franciscanos.org.br\/noticias\/?p=206670"},"modified":"2019-11-27T23:29:02","modified_gmt":"2019-11-28T02:29:02","slug":"conexao-fraterna-juventudes-e-carisma-franciscano-em-pauta","status":"publish","type":"post","link":"https:\/\/franciscanos.org.br\/noticias\/conexao-fraterna-juventudes-e-carisma-franciscano-em-pauta.html","title":{"rendered":"Conex\u00e3o Fraterna: Juventudes e Carisma Franciscano em pauta"},"content":{"rendered":"<p><img loading=\"lazy\" class=\"wp-image-206677 aligncenter\" src=\"https:\/\/franciscanos.org.br\/noticias\/wp-content\/uploads\/2019\/06\/Conex\u00e3o.jpg\" alt=\"\" width=\"891\" height=\"608\" srcset=\"https:\/\/franciscanos.org.br\/noticias\/wp-content\/uploads\/2019\/06\/Conex\u00e3o.jpg 850w, https:\/\/franciscanos.org.br\/noticias\/wp-content\/uploads\/2019\/06\/Conex\u00e3o-450x307.jpg 450w, https:\/\/franciscanos.org.br\/noticias\/wp-content\/uploads\/2019\/06\/Conex\u00e3o-768x524.jpg 768w, https:\/\/franciscanos.org.br\/noticias\/wp-content\/uploads\/2019\/06\/Conex\u00e3o-150x102.jpg 150w\" sizes=\"(max-width: 891px) 100vw, 891px\" \/><\/p>\n<p><strong>Duque de Caxias (RJ) \u2013<\/strong> Uma ilumina\u00e7\u00e3o b\u00edblica oferecida pelo Papa Francisco por ocasi\u00e3o do 53\u00ba Dia Mundial das Comunica\u00e7\u00f5es Sociais, celebrado no \u00faltimo dia 02 de junho \u2013 \u201cSomos membros uns dos outros\u201d (Ef 4, 25) \u2013 certamente trouxe inspira\u00e7\u00e3o para a jovem Tha\u00eds de Oliveira Pereira, de 25 anos, natural de Duque de Caxias\/RJ, durante a apresenta\u00e7\u00e3o de seu trabalho de Conclus\u00e3o do Curso de Jornalismo, no Centro Universit\u00e1rio Carioca (UniCarioca) no dia 14 de junho, que teve como produto final a <em>Revista Conex\u00e3o Fraterna.<\/em><\/p>\n<p><img loading=\"lazy\" class=\" wp-image-206684 alignleft\" src=\"https:\/\/franciscanos.org.br\/noticias\/wp-content\/uploads\/2019\/06\/conexao_290619_2-338x450.jpg\" alt=\"\" width=\"285\" height=\"379\" srcset=\"https:\/\/franciscanos.org.br\/noticias\/wp-content\/uploads\/2019\/06\/conexao_290619_2-338x450.jpg 338w, https:\/\/franciscanos.org.br\/noticias\/wp-content\/uploads\/2019\/06\/conexao_290619_2-768x1024.jpg 768w, https:\/\/franciscanos.org.br\/noticias\/wp-content\/uploads\/2019\/06\/conexao_290619_2-150x200.jpg 150w, https:\/\/franciscanos.org.br\/noticias\/wp-content\/uploads\/2019\/06\/conexao_290619_2.jpg 960w\" sizes=\"(max-width: 285px) 100vw, 285px\" \/>Tha\u00eds \u00e9 idealizadora do <em>blog<\/em> e da revista \u201cConex\u00e3o Fraterna\u201d (<a href=\"https:\/\/conexaofraterna.com.br\/\" target=\"_blank\" rel=\"noopener noreferrer\"><strong>saiba mais<\/strong><\/a>) \u2013 criado em 2018, fruto do 3\u00ba Encontro Nacional Franciscano de Juventudes (ENFJ), que ocorreu em Vila Velha\/ES, e que teve como objetivo aproximar as juventudes do Carisma Franciscano \u2013 foi coordenadora de juventudes da Par\u00f3quia S\u00e3o Francisco de Assis, e desde ent\u00e3o participa dos encontros propostos pela Prov\u00edncia Franciscana da Imaculada Concei\u00e7\u00e3o do Brasil. Al\u00e9m de auxiliar em sua comunidade de origem, faz parte da Fraternidade Chic\u00e3o, da Juventude Franciscana do Brasil (Jufra), onde est\u00e1 na etapa de Forma\u00e7\u00e3o Inicial.<\/p>\n<p><strong>COMUNICA\u00c7\u00c3O \u00c9 PROXIMIDADE<\/strong><\/p>\n<p>Este trabalho acad\u00eamico traz como horizonte o ideal de vida abra\u00e7ado por S\u00e3o Francisco de Assis, no s\u00e9culo XIII, e que desde ent\u00e3o vem sendo atualizado pela Fam\u00edlia Franciscana em suas diversas manifesta\u00e7\u00f5es e estados de vida. Na apresenta\u00e7\u00e3o da Revista, a jornalista define o ideal franciscano: \u201cA palavra fraternidade significa uni\u00e3o e nenhuma outra poderia representar t\u00e3o bem o la\u00e7o que existe entre os franciscanos, que em seu carisma a transformam em mais que uma miss\u00e3o, mas em um estilo de vida\u201d.<\/p>\n<p>O sonho antigo de aproximar os jovens do Carisma Franciscano come\u00e7ou a se tornar realidade durante o Encontro Nacional Franciscano de Juventudes (ENFJ), em julho de 2018, porque Tha\u00eds n\u00e3o queria fazer sozinha este projeto. Para a idealizadora, o Conex\u00e3o Fraterna respira a ess\u00eancia do ENFJ, desde a sua logo com as cores do encontro, homenageando pessoas e momentos marcantes vividos em Vila Velha\/ES.<\/p>\n<p>Apesar disso, o desejo de viver e fazer coletivamente, como \u00e9 pr\u00f3prio da fraternidade, tornou-se um empecilho para transformar o blog em trabalho acad\u00eamico, por dois motivos: o v\u00ednculo religioso e a constru\u00e7\u00e3o coletiva e n\u00e3o apenas da graduanda. Diante desta situa\u00e7\u00e3o, Tha\u00eds n\u00e3o desanimou e reconfigurou o trabalho para que ele pudesse enquadrar-se na metodologia cient\u00edfica.<\/p>\n<div id=\"attachment_206730\" style=\"width: 282px\" class=\"wp-caption alignright\"><img aria-describedby=\"caption-attachment-206730\" loading=\"lazy\" class=\"wp-image-206730\" src=\"https:\/\/franciscanos.org.br\/noticias\/wp-content\/uploads\/2019\/06\/conexao_290619_1-1-338x450.jpg\" alt=\"\" width=\"272\" height=\"362\" srcset=\"https:\/\/franciscanos.org.br\/noticias\/wp-content\/uploads\/2019\/06\/conexao_290619_1-1-338x450.jpg 338w, https:\/\/franciscanos.org.br\/noticias\/wp-content\/uploads\/2019\/06\/conexao_290619_1-1-150x200.jpg 150w, https:\/\/franciscanos.org.br\/noticias\/wp-content\/uploads\/2019\/06\/conexao_290619_1-1.jpg 720w\" sizes=\"(max-width: 272px) 100vw, 272px\" \/><p id=\"caption-attachment-206730\" class=\"wp-caption-text\">Tha\u00eds de Oliveira Pereira durante a apresenta\u00e7\u00e3o do seu TCC<\/p><\/div>\n<p><strong>VOCA\u00c7\u00c3O E PROFISS\u00c3O A SERVI\u00c7O DA FRATERNIDADE UNIVERSAL<\/strong><\/p>\n<p>A voca\u00e7\u00e3o para a comunica\u00e7\u00e3o come\u00e7ou cedo, e por isso Tha\u00eds n\u00e3o teve dificuldade em escolher a sua profiss\u00e3o ao concluir o Ensino M\u00e9dio, diferente do drama vivido por muitos adolescentes que sofrem nesta escolha determinante.<br \/>\nEm sua caminhada eclesial, ela percebeu que poderia oferecer o dom da comunica\u00e7\u00e3o para a constru\u00e7\u00e3o do Reino, sob a perspectiva franciscana. Para ela, cada jovem pode colocar o que tem de melhor para a evangeliza\u00e7\u00e3o. \u201cO que de melhor eu sei fazer \u00e9 comunicar ent\u00e3o eu vou servir com aquilo que tenho de melhor\u201d, comentou.<\/p>\n<p>A Revista Conex\u00e3o Fraterna traz oito mat\u00e9rias com diversas tem\u00e1ticas franciscanas e pessoas entrevistadas: Forma\u00e7\u00e3o \u2013 Instituto Teol\u00f3gico Franciscano: do Sagrado \u00e0 Miss\u00e3o; Jufra \u2013 Forma\u00e7\u00e3o humana, crist\u00e3o e franciscana; Vida Mission\u00e1ria \u2013 Franciscanos na Angola: partindo para a miss\u00e3o; Entrevista \u2013 Frei Augusto Luiz Gabriel: Voca\u00e7\u00e3o para comunicar; Espiritualidade \u2013 Clarissas: a feminilidade da f\u00e9; Em fraternidade \u2013 Mariana Rogoski; Cultura \u2013 \u201cMas ent\u00e3o, Francisco, o que \u00e9 a perfeita alegria?\u201d; SAV \u2013 MFJ &amp; CFJ: Caminhos de miss\u00e3o para uma juventude sedenta + MFJ Rio de Janeiro.<\/p>\n<p><strong>ACESSE O CONEX\u00c3O FRATERNA:<\/strong><\/p>\n<p><strong>SITE:<\/strong> <a href=\"https:\/\/conexaofraterna.com.br\/\" target=\"_blank\" rel=\"noopener noreferrer\">https:\/\/conexaofraterna.com.br\/<\/a><br \/>\n<strong>FACEBOOK:<\/strong> <a href=\"https:\/\/www.facebook.com\/conexaofraterna\" target=\"_blank\" rel=\"noopener noreferrer\">https:\/\/www.facebook.com\/conexaofraterna<\/a><br \/>\n<strong>INSTAGRAM:<\/strong> <a href=\"https:\/\/www.instagram.com\/conexaofraterna\/\" target=\"_blank\" rel=\"noopener noreferrer\">https:\/\/www.instagram.com\/conexaofraterna\/<\/a><\/p>\n<hr \/>\n<h3 style=\"text-align: center;\"><strong>VEJA NA \u00cdNTEGRA!<\/strong><\/h3>\n<hr \/>\n<p><iframe loading=\"lazy\" title=\"\" src=\"https:\/\/flowpaper.com\/flipbook\/Conexao_Fraterna_280619_1_compressed\/?wp-hosted=1#PreviewMode=Miniature\" width=\"400\" height=\"300\" frameborder=\"0\" marginwidth=\"0\" marginheight=\"0\" scrolling=\"no\"><\/iframe><\/p>\n","protected":false},"excerpt":{"rendered":"<p>Revista Conex\u00e3o Fraterna<\/p>\n","protected":false},"author":5,"featured_media":206687,"comment_status":"open","ping_status":"open","sticky":false,"template":"","format":"standard","meta":[],"categories":[1],"tags":[1461,552],"acf":[],"yoast_head":"<!-- This site is optimized with the Yoast SEO plugin v19.2 - https:\/\/yoast.com\/wordpress\/plugins\/seo\/ -->\n<title>Conex\u00e3o Fraterna: Juventudes e Carisma Franciscano em pauta - Not\u00edcias - Franciscanos<\/title>\n<meta name=\"robots\" content=\"index, follow, max-snippet:-1, max-image-preview:large, max-video-preview:-1\" \/>\n<link rel=\"canonical\" href=\"https:\/\/franciscanos.org.br\/noticias\/conexao-fraterna-juventudes-e-carisma-franciscano-em-pauta.html\" \/>\n<meta property=\"og:locale\" content=\"pt_BR\" \/>\n<meta property=\"og:type\" content=\"article\" \/>\n<meta property=\"og:title\" content=\"Conex\u00e3o Fraterna: Juventudes e Carisma Franciscano em pauta - Not\u00edcias - Franciscanos\" \/>\n<meta property=\"og:description\" content=\"Revista Conex\u00e3o Fraterna\" \/>\n<meta property=\"og:url\" content=\"https:\/\/franciscanos.org.br\/noticias\/conexao-fraterna-juventudes-e-carisma-franciscano-em-pauta.html\" \/>\n<meta property=\"og:site_name\" content=\"Not\u00edcias - Franciscanos\" \/>\n<meta property=\"article:published_time\" content=\"2019-06-28T04:13:12+00:00\" \/>\n<meta property=\"article:modified_time\" content=\"2019-11-28T02:29:02+00:00\" \/>\n<meta property=\"og:image\" content=\"https:\/\/franciscanos.org.br\/noticias\/wp-content\/uploads\/2019\/06\/conexao_290619_3.jpg\" \/>\n\t<meta property=\"og:image:width\" content=\"273\" \/>\n\t<meta property=\"og:image:height\" content=\"181\" \/>\n\t<meta property=\"og:image:type\" content=\"image\/jpeg\" \/>\n<meta name=\"author\" content=\"freiaugusto\" \/>\n<meta name=\"twitter:card\" content=\"summary_large_image\" \/>\n<meta name=\"twitter:label1\" content=\"Escrito por\" \/>\n\t<meta name=\"twitter:data1\" content=\"freiaugusto\" \/>\n\t<meta name=\"twitter:label2\" content=\"Est. tempo de leitura\" \/>\n\t<meta name=\"twitter:data2\" content=\"3 minutos\" \/>\n<script type=\"application\/ld+json\" class=\"yoast-schema-graph\">{\"@context\":\"https:\/\/schema.org\",\"@graph\":[{\"@type\":\"WebSite\",\"@id\":\"https:\/\/franciscanos.org.br\/noticias\/#website\",\"url\":\"https:\/\/franciscanos.org.br\/noticias\/\",\"name\":\"Not\u00edcias - Franciscanos\",\"description\":\"Prov\u00edncia Franciscana da Imaculada Concei\u00e7\u00e3o do Brasil - Ordem dos Frades Menores - OFM\",\"potentialAction\":[{\"@type\":\"SearchAction\",\"target\":{\"@type\":\"EntryPoint\",\"urlTemplate\":\"https:\/\/franciscanos.org.br\/noticias\/?s={search_term_string}\"},\"query-input\":\"required name=search_term_string\"}],\"inLanguage\":\"pt-BR\"},{\"@type\":\"ImageObject\",\"inLanguage\":\"pt-BR\",\"@id\":\"https:\/\/franciscanos.org.br\/noticias\/conexao-fraterna-juventudes-e-carisma-franciscano-em-pauta.html#primaryimage\",\"url\":\"https:\/\/franciscanos.org.br\/noticias\/wp-content\/uploads\/2019\/06\/conexao_290619_3.jpg\",\"contentUrl\":\"https:\/\/franciscanos.org.br\/noticias\/wp-content\/uploads\/2019\/06\/conexao_290619_3.jpg\",\"width\":273,\"height\":181},{\"@type\":\"WebPage\",\"@id\":\"https:\/\/franciscanos.org.br\/noticias\/conexao-fraterna-juventudes-e-carisma-franciscano-em-pauta.html#webpage\",\"url\":\"https:\/\/franciscanos.org.br\/noticias\/conexao-fraterna-juventudes-e-carisma-franciscano-em-pauta.html\",\"name\":\"Conex\u00e3o Fraterna: Juventudes e Carisma Franciscano em pauta - Not\u00edcias - Franciscanos\",\"isPartOf\":{\"@id\":\"https:\/\/franciscanos.org.br\/noticias\/#website\"},\"primaryImageOfPage\":{\"@id\":\"https:\/\/franciscanos.org.br\/noticias\/conexao-fraterna-juventudes-e-carisma-franciscano-em-pauta.html#primaryimage\"},\"datePublished\":\"2019-06-28T04:13:12+00:00\",\"dateModified\":\"2019-11-28T02:29:02+00:00\",\"author\":{\"@id\":\"https:\/\/franciscanos.org.br\/noticias\/#\/schema\/person\/37f88f0d111cd5358b12a6556a99eb91\"},\"breadcrumb\":{\"@id\":\"https:\/\/franciscanos.org.br\/noticias\/conexao-fraterna-juventudes-e-carisma-franciscano-em-pauta.html#breadcrumb\"},\"inLanguage\":\"pt-BR\",\"potentialAction\":[{\"@type\":\"ReadAction\",\"target\":[\"https:\/\/franciscanos.org.br\/noticias\/conexao-fraterna-juventudes-e-carisma-franciscano-em-pauta.html\"]}]},{\"@type\":\"BreadcrumbList\",\"@id\":\"https:\/\/franciscanos.org.br\/noticias\/conexao-fraterna-juventudes-e-carisma-franciscano-em-pauta.html#breadcrumb\",\"itemListElement\":[{\"@type\":\"ListItem\",\"position\":1,\"name\":\"Home\",\"item\":\"https:\/\/franciscanos.org.br\/noticias\"},{\"@type\":\"ListItem\",\"position\":2,\"name\":\"Conex\u00e3o Fraterna: Juventudes e Carisma Franciscano em pauta\"}]},{\"@type\":\"Person\",\"@id\":\"https:\/\/franciscanos.org.br\/noticias\/#\/schema\/person\/37f88f0d111cd5358b12a6556a99eb91\",\"name\":\"freiaugusto\",\"image\":{\"@type\":\"ImageObject\",\"inLanguage\":\"pt-BR\",\"@id\":\"https:\/\/franciscanos.org.br\/noticias\/#\/schema\/person\/image\/\",\"url\":\"https:\/\/secure.gravatar.com\/avatar\/9840b940e621801b24f3e6b059efb4b7?s=96&d=mm&r=g\",\"contentUrl\":\"https:\/\/secure.gravatar.com\/avatar\/9840b940e621801b24f3e6b059efb4b7?s=96&d=mm&r=g\",\"caption\":\"freiaugusto\"},\"url\":\"https:\/\/franciscanos.org.br\/noticias\/author\/freiaugusto\"}]}<\/script>\n<!-- \/ Yoast SEO plugin. -->","yoast_head_json":{"title":"Conex\u00e3o Fraterna: Juventudes e Carisma Franciscano em pauta - Not\u00edcias - Franciscanos","robots":{"index":"index","follow":"follow","max-snippet":"max-snippet:-1","max-image-preview":"max-image-preview:large","max-video-preview":"max-video-preview:-1"},"canonical":"https:\/\/franciscanos.org.br\/noticias\/conexao-fraterna-juventudes-e-carisma-franciscano-em-pauta.html","og_locale":"pt_BR","og_type":"article","og_title":"Conex\u00e3o Fraterna: Juventudes e Carisma Franciscano em pauta - Not\u00edcias - Franciscanos","og_description":"Revista Conex\u00e3o Fraterna","og_url":"https:\/\/franciscanos.org.br\/noticias\/conexao-fraterna-juventudes-e-carisma-franciscano-em-pauta.html","og_site_name":"Not\u00edcias - Franciscanos","article_published_time":"2019-06-28T04:13:12+00:00","article_modified_time":"2019-11-28T02:29:02+00:00","og_image":[{"width":273,"height":181,"url":"https:\/\/franciscanos.org.br\/noticias\/wp-content\/uploads\/2019\/06\/conexao_290619_3.jpg","type":"image\/jpeg"}],"author":"freiaugusto","twitter_card":"summary_large_image","twitter_misc":{"Escrito por":"freiaugusto","Est. tempo de leitura":"3 minutos"},"schema":{"@context":"https:\/\/schema.org","@graph":[{"@type":"WebSite","@id":"https:\/\/franciscanos.org.br\/noticias\/#website","url":"https:\/\/franciscanos.org.br\/noticias\/","name":"Not\u00edcias - Franciscanos","description":"Prov\u00edncia Franciscana da Imaculada Concei\u00e7\u00e3o do Brasil - Ordem dos Frades Menores - OFM","potentialAction":[{"@type":"SearchAction","target":{"@type":"EntryPoint","urlTemplate":"https:\/\/franciscanos.org.br\/noticias\/?s={search_term_string}"},"query-input":"required name=search_term_string"}],"inLanguage":"pt-BR"},{"@type":"ImageObject","inLanguage":"pt-BR","@id":"https:\/\/franciscanos.org.br\/noticias\/conexao-fraterna-juventudes-e-carisma-franciscano-em-pauta.html#primaryimage","url":"https:\/\/franciscanos.org.br\/noticias\/wp-content\/uploads\/2019\/06\/conexao_290619_3.jpg","contentUrl":"https:\/\/franciscanos.org.br\/noticias\/wp-content\/uploads\/2019\/06\/conexao_290619_3.jpg","width":273,"height":181},{"@type":"WebPage","@id":"https:\/\/franciscanos.org.br\/noticias\/conexao-fraterna-juventudes-e-carisma-franciscano-em-pauta.html#webpage","url":"https:\/\/franciscanos.org.br\/noticias\/conexao-fraterna-juventudes-e-carisma-franciscano-em-pauta.html","name":"Conex\u00e3o Fraterna: Juventudes e Carisma Franciscano em pauta - Not\u00edcias - Franciscanos","isPartOf":{"@id":"https:\/\/franciscanos.org.br\/noticias\/#website"},"primaryImageOfPage":{"@id":"https:\/\/franciscanos.org.br\/noticias\/conexao-fraterna-juventudes-e-carisma-franciscano-em-pauta.html#primaryimage"},"datePublished":"2019-06-28T04:13:12+00:00","dateModified":"2019-11-28T02:29:02+00:00","author":{"@id":"https:\/\/franciscanos.org.br\/noticias\/#\/schema\/person\/37f88f0d111cd5358b12a6556a99eb91"},"breadcrumb":{"@id":"https:\/\/franciscanos.org.br\/noticias\/conexao-fraterna-juventudes-e-carisma-franciscano-em-pauta.html#breadcrumb"},"inLanguage":"pt-BR","potentialAction":[{"@type":"ReadAction","target":["https:\/\/franciscanos.org.br\/noticias\/conexao-fraterna-juventudes-e-carisma-franciscano-em-pauta.html"]}]},{"@type":"BreadcrumbList","@id":"https:\/\/franciscanos.org.br\/noticias\/conexao-fraterna-juventudes-e-carisma-franciscano-em-pauta.html#breadcrumb","itemListElement":[{"@type":"ListItem","position":1,"name":"Home","item":"https:\/\/franciscanos.org.br\/noticias"},{"@type":"ListItem","position":2,"name":"Conex\u00e3o Fraterna: Juventudes e Carisma Franciscano em pauta"}]},{"@type":"Person","@id":"https:\/\/franciscanos.org.br\/noticias\/#\/schema\/person\/37f88f0d111cd5358b12a6556a99eb91","name":"freiaugusto","image":{"@type":"ImageObject","inLanguage":"pt-BR","@id":"https:\/\/franciscanos.org.br\/noticias\/#\/schema\/person\/image\/","url":"https:\/\/secure.gravatar.com\/avatar\/9840b940e621801b24f3e6b059efb4b7?s=96&d=mm&r=g","contentUrl":"https:\/\/secure.gravatar.com\/avatar\/9840b940e621801b24f3e6b059efb4b7?s=96&d=mm&r=g","caption":"freiaugusto"},"url":"https:\/\/franciscanos.org.br\/noticias\/author\/freiaugusto"}]}},"_links":{"self":[{"href":"https:\/\/franciscanos.org.br\/noticias\/wp-json\/wp\/v2\/posts\/206670"}],"collection":[{"href":"https:\/\/franciscanos.org.br\/noticias\/wp-json\/wp\/v2\/posts"}],"about":[{"href":"https:\/\/franciscanos.org.br\/noticias\/wp-json\/wp\/v2\/types\/post"}],"author":[{"embeddable":true,"href":"https:\/\/franciscanos.org.br\/noticias\/wp-json\/wp\/v2\/users\/5"}],"replies":[{"embeddable":true,"href":"https:\/\/franciscanos.org.br\/noticias\/wp-json\/wp\/v2\/comments?post=206670"}],"version-history":[{"count":0,"href":"https:\/\/franciscanos.org.br\/noticias\/wp-json\/wp\/v2\/posts\/206670\/revisions"}],"wp:featuredmedia":[{"embeddable":true,"href":"https:\/\/franciscanos.org.br\/noticias\/wp-json\/wp\/v2\/media\/206687"}],"wp:attachment":[{"href":"https:\/\/franciscanos.org.br\/noticias\/wp-json\/wp\/v2\/media?parent=206670"}],"wp:term":[{"taxonomy":"category","embeddable":true,"href":"https:\/\/franciscanos.org.br\/noticias\/wp-json\/wp\/v2\/categories?post=206670"},{"taxonomy":"post_tag","embeddable":true,"href":"https:\/\/franciscanos.org.br\/noticias\/wp-json\/wp\/v2\/tags?post=206670"}],"curies":[{"name":"wp","href":"https:\/\/api.w.org\/{rel}","templated":true}]}}