{"id":206549,"date":"2019-06-28T07:39:57","date_gmt":"2019-06-28T10:39:57","guid":{"rendered":"https:\/\/franciscanos.org.br\/noticias\/?p=206549"},"modified":"2019-06-28T09:34:30","modified_gmt":"2019-06-28T12:34:30","slug":"dom-rafael-abre-triduo-em-gaspar-e-ensina-como-fazer-a-vontade-do-pai","status":"publish","type":"post","link":"https:\/\/franciscanos.org.br\/noticias\/dom-rafael-abre-triduo-em-gaspar-e-ensina-como-fazer-a-vontade-do-pai.html","title":{"rendered":"Dom Rafael abre Tr\u00edduo em Gaspar e ensina &#8216;como fazer a vontade do Pai&#8217;"},"content":{"rendered":"<p><img loading=\"lazy\" class=\"alignnone size-full wp-image-206550\" src=\"https:\/\/franciscanos.org.br\/noticias\/wp-content\/uploads\/2019\/06\/gaspar_280619_1.jpg\" alt=\"\" width=\"890\" height=\"508\" srcset=\"https:\/\/franciscanos.org.br\/noticias\/wp-content\/uploads\/2019\/06\/gaspar_280619_1.jpg 890w, https:\/\/franciscanos.org.br\/noticias\/wp-content\/uploads\/2019\/06\/gaspar_280619_1-450x257.jpg 450w, https:\/\/franciscanos.org.br\/noticias\/wp-content\/uploads\/2019\/06\/gaspar_280619_1-768x438.jpg 768w, https:\/\/franciscanos.org.br\/noticias\/wp-content\/uploads\/2019\/06\/gaspar_280619_1-150x86.jpg 150w\" sizes=\"(max-width: 890px) 100vw, 890px\" \/><\/p>\n<p><strong>Frei Diego Martendal e Frei Francisco Dalilson P. Cabral<\/strong><\/p>\n<p><strong>Gaspar (SC)<\/strong> \u2013 O bispo da diocese de Blumenau (SC), Dom Rafael Biernaski, abriu o Tr\u00edduo em prepara\u00e7\u00e3o para a Festa de S\u00e3o Pedro Ap\u00f3stolo, na Par\u00f3quia de Gaspar, no Vale do Itaja\u00ed, em Santa Catarina. A bel\u00edssima celebra\u00e7\u00e3o desta quinta-feira (27\/06), \u00e0s 19 horas, foi concelebrada pelo p\u00e1roco Frei Paulijacson P. de Moura, que fez a acolhida ao bispo, \u00e0s pastorais, movimentos e \u00e0s comunidades convidadas para a primeira noite. N\u00e3o faltou entusiasmo \u00e0 comunidade paroquial neste in\u00edcio das celebra\u00e7\u00f5es lit\u00fargicas da 169\u00aa Festa de S\u00e3o Pedro.<\/p>\n<p>Dom Rafael, que ser\u00e1 o pregador do Tr\u00edduo e presidir\u00e1 a Missa Solene no domingo, fez sua reflex\u00e3o a partir do tema da festa: &#8220;A exemplo de S\u00e3o Pedro, arautos da Paz e do Bem&#8221; e do tema escolhido para o dia: &#8220;Fazei a vontade do Pai&#8221;, colocando tr\u00eas questionamentos: \u201cO que \u00e9 fazer a vontade do Pai? Estamos fazendo a vontade do Pai? Onde estou fazendo a vontade do Pai?\u201d. Antes de entrar propriamente nos questionamentos, ele lembrou que o mal nos op\u00f5e \u00e0quilo que \u00e9 bom e que, quando decidimos fazer o bem, duas for\u00e7as agem dentro de n\u00f3s: as for\u00e7as negativas e positivas. Para o bispo, h\u00e1 muitas coisas que nos impedem de fazer o bem, que nos impedem de fazer a vontade do Pai. \u201cQuem se coloca nesse caminho, torna-se alvo das tenta\u00e7\u00f5es e o \u00fanico meio para se consolar e fazer o bem \u00e9 buscar a for\u00e7a em Deus\u201d, acrescentou.<\/p>\n<p><img loading=\"lazy\" class=\"alignnone size-full wp-image-206551\" src=\"https:\/\/franciscanos.org.br\/noticias\/wp-content\/uploads\/2019\/06\/gaspar_280619.jpg\" alt=\"\" width=\"890\" height=\"554\" srcset=\"https:\/\/franciscanos.org.br\/noticias\/wp-content\/uploads\/2019\/06\/gaspar_280619.jpg 890w, https:\/\/franciscanos.org.br\/noticias\/wp-content\/uploads\/2019\/06\/gaspar_280619-450x280.jpg 450w, https:\/\/franciscanos.org.br\/noticias\/wp-content\/uploads\/2019\/06\/gaspar_280619-768x478.jpg 768w, https:\/\/franciscanos.org.br\/noticias\/wp-content\/uploads\/2019\/06\/gaspar_280619-150x93.jpg 150w\" sizes=\"(max-width: 890px) 100vw, 890px\" \/><\/p>\n<p>Dom Rafael ressaltou que fazer a vontade do Pai \u00e9 estar em sintonia com o que Jesus diz: \u2018Assim como o pai me ama, eu vos amo\u2019 (cf. Jo 15, 9). \u201cFazer a vontade do pai \u00e9 acolher este amor. Fazer a vontade do Pai \u00e9 ser como Jesus, filho e filha. E como \u00e9 dif\u00edcil se sentir filhos e filhas de Deus. Por isso, Jesus diz, \u2018n\u00e3o basta dizer: Senhor, Senhor\u2019 (cf. Mt 7, 21)\u201d, explicou o bispo. Para o pregador, esse amor n\u00e3o \u00e9 sentimento. O amor n\u00e3o \u00e9 algo passageiro, mas \u00e9 s\u00f3lido, constru\u00eddo como uma casa sobre a rocha. \u201cE para amar n\u00e3o basta a f\u00e9, n\u00e3o basta acreditar. Amor \u00e9 vontade, amor \u00e9 vigor e a\u00e7\u00e3o. Amar \u00e9 adentrar no esp\u00edrito do outro e deixar que seu esp\u00edrito adentre em n\u00f3s. Isso me transforma, me envolve, me muda, me d\u00e1 sentido \u00e0 vida. Assim, compreendemos o que \u00e9 fazer a vontade do Pai, ou seja, tornar-se filho de Deus\u201d, resumiu.<\/p>\n<p>Concluindo sua reflex\u00e3o, Dom Rafael voltou-se para a imagem de S\u00e3o Pedro e pediu: \u201cS\u00e3o Pedro, ajuda-nos a fazer a vontade do Pai, como tu, S\u00e3o Pedro, fostes tocado por esse amor e fostes capaz de fazer. Querias dizer a Jesus que n\u00e3o podia ser crucificado. Jesus, por\u00e9m, te disse: \u2018Pedro, sai daqui! Meu amor \u00e9 para todos os homens!\u2019 Quando tu sentistes que eras fr\u00e1gil, tu te transformastes e deixastes para todos n\u00f3s o exemplo: ser arauto da paz e do bem. Nos ajude S\u00e3o Pedro!\u201d.<\/p>\n<p><img loading=\"lazy\" class=\"alignnone size-full wp-image-206552\" src=\"https:\/\/franciscanos.org.br\/noticias\/wp-content\/uploads\/2019\/06\/gaspar_280619_2.jpg\" alt=\"\" width=\"890\" height=\"591\" srcset=\"https:\/\/franciscanos.org.br\/noticias\/wp-content\/uploads\/2019\/06\/gaspar_280619_2.jpg 890w, https:\/\/franciscanos.org.br\/noticias\/wp-content\/uploads\/2019\/06\/gaspar_280619_2-450x299.jpg 450w, https:\/\/franciscanos.org.br\/noticias\/wp-content\/uploads\/2019\/06\/gaspar_280619_2-768x510.jpg 768w, https:\/\/franciscanos.org.br\/noticias\/wp-content\/uploads\/2019\/06\/gaspar_280619_2-150x100.jpg 150w\" sizes=\"(max-width: 890px) 100vw, 890px\" \/><\/p>\n<p>\u00c0 tarde foi celebrada a Missa dos Enfermos, presidida pelo Pe. Jo\u00e3o Bachmann, p\u00e1roco da Par\u00f3quia Santa In\u00eas, de Indaial (SC).<\/p>\n<p>Os festejos populares deste dia foram marcados pela tradicional noite da sopa, preparada com muito carinho pelos volunt\u00e1rios da par\u00f3quia e tamb\u00e9m com a b\u00ean\u00e7\u00e3o do Bolo de S\u00e3o Pedro, presidida por Dom Rafael. Al\u00e9m disso, o evento contou com um servi\u00e7o completo de bar e cozinha.<\/p>\n<hr \/>\n<p><strong>VEJA MAIS IMAGENS DA CELEBRA\u00c7\u00c3O EUCAR\u00cdSTICA DO PRIMEIRO DIA E DA &#8220;NOITE DA SOPA&#8221;<\/strong><\/p>\n\n\t\t<style type=\"text\/css\">\n\t\t\t#gallery-1 {\n\t\t\t\tmargin: auto;\n\t\t\t}\n\t\t\t#gallery-1 .gallery-item {\n\t\t\t\tfloat: left;\n\t\t\t\tmargin-top: 10px;\n\t\t\t\ttext-align: center;\n\t\t\t\twidth: 25%;\n\t\t\t}\n\t\t\t#gallery-1 img {\n\t\t\t\tborder: 2px solid #cfcfcf;\n\t\t\t}\n\t\t\t#gallery-1 .gallery-caption {\n\t\t\t\tmargin-left: 0;\n\t\t\t}\n\t\t\t\/* see gallery_shortcode() in wp-includes\/media.php *\/\n\t\t<\/style>\n\t\t<div id='gallery-1' class='gallery galleryid-206549 gallery-columns-4 gallery-size-thumbnail'><dl class='gallery-item'>\n\t\t\t<dt class='gallery-icon landscape'>\n\t\t\t\t<a href='https:\/\/franciscanos.org.br\/noticias\/wp-content\/uploads\/2019\/06\/MG_2920.jpg'><img width=\"300\" height=\"300\" src=\"https:\/\/franciscanos.org.br\/noticias\/wp-content\/uploads\/2019\/06\/MG_2920-300x300.jpg\" class=\"attachment-thumbnail size-thumbnail\" alt=\"\" loading=\"lazy\" srcset=\"https:\/\/franciscanos.org.br\/noticias\/wp-content\/uploads\/2019\/06\/MG_2920-300x300.jpg 300w, https:\/\/franciscanos.org.br\/noticias\/wp-content\/uploads\/2019\/06\/MG_2920-400x400.jpg 400w\" sizes=\"(max-width: 300px) 100vw, 300px\" \/><\/a>\n\t\t\t<\/dt><\/dl><dl class='gallery-item'>\n\t\t\t<dt class='gallery-icon landscape'>\n\t\t\t\t<a href='https:\/\/franciscanos.org.br\/noticias\/wp-content\/uploads\/2019\/06\/MG_2952.jpg'><img width=\"300\" height=\"300\" src=\"https:\/\/franciscanos.org.br\/noticias\/wp-content\/uploads\/2019\/06\/MG_2952-300x300.jpg\" class=\"attachment-thumbnail size-thumbnail\" alt=\"\" loading=\"lazy\" srcset=\"https:\/\/franciscanos.org.br\/noticias\/wp-content\/uploads\/2019\/06\/MG_2952-300x300.jpg 300w, https:\/\/franciscanos.org.br\/noticias\/wp-content\/uploads\/2019\/06\/MG_2952-400x400.jpg 400w\" sizes=\"(max-width: 300px) 100vw, 300px\" \/><\/a>\n\t\t\t<\/dt><\/dl><dl class='gallery-item'>\n\t\t\t<dt class='gallery-icon landscape'>\n\t\t\t\t<a href='https:\/\/franciscanos.org.br\/noticias\/wp-content\/uploads\/2019\/06\/MG_2971.jpg'><img width=\"300\" height=\"300\" src=\"https:\/\/franciscanos.org.br\/noticias\/wp-content\/uploads\/2019\/06\/MG_2971-300x300.jpg\" class=\"attachment-thumbnail size-thumbnail\" alt=\"\" loading=\"lazy\" srcset=\"https:\/\/franciscanos.org.br\/noticias\/wp-content\/uploads\/2019\/06\/MG_2971-300x300.jpg 300w, https:\/\/franciscanos.org.br\/noticias\/wp-content\/uploads\/2019\/06\/MG_2971-400x400.jpg 400w\" sizes=\"(max-width: 300px) 100vw, 300px\" \/><\/a>\n\t\t\t<\/dt><\/dl><dl class='gallery-item'>\n\t\t\t<dt class='gallery-icon landscape'>\n\t\t\t\t<a href='https:\/\/franciscanos.org.br\/noticias\/wp-content\/uploads\/2019\/06\/MG_2972.jpg'><img width=\"300\" height=\"300\" src=\"https:\/\/franciscanos.org.br\/noticias\/wp-content\/uploads\/2019\/06\/MG_2972-300x300.jpg\" class=\"attachment-thumbnail size-thumbnail\" alt=\"\" loading=\"lazy\" srcset=\"https:\/\/franciscanos.org.br\/noticias\/wp-content\/uploads\/2019\/06\/MG_2972-300x300.jpg 300w, https:\/\/franciscanos.org.br\/noticias\/wp-content\/uploads\/2019\/06\/MG_2972-400x400.jpg 400w\" sizes=\"(max-width: 300px) 100vw, 300px\" \/><\/a>\n\t\t\t<\/dt><\/dl><br style=\"clear: both\" \/><dl class='gallery-item'>\n\t\t\t<dt class='gallery-icon landscape'>\n\t\t\t\t<a href='https:\/\/franciscanos.org.br\/noticias\/wp-content\/uploads\/2019\/06\/MG_2987.jpg'><img width=\"300\" height=\"300\" src=\"https:\/\/franciscanos.org.br\/noticias\/wp-content\/uploads\/2019\/06\/MG_2987-300x300.jpg\" class=\"attachment-thumbnail size-thumbnail\" alt=\"\" loading=\"lazy\" srcset=\"https:\/\/franciscanos.org.br\/noticias\/wp-content\/uploads\/2019\/06\/MG_2987-300x300.jpg 300w, https:\/\/franciscanos.org.br\/noticias\/wp-content\/uploads\/2019\/06\/MG_2987-400x400.jpg 400w\" sizes=\"(max-width: 300px) 100vw, 300px\" \/><\/a>\n\t\t\t<\/dt><\/dl><dl class='gallery-item'>\n\t\t\t<dt class='gallery-icon landscape'>\n\t\t\t\t<a href='https:\/\/franciscanos.org.br\/noticias\/wp-content\/uploads\/2019\/06\/MG_2991.jpg'><img width=\"300\" height=\"300\" src=\"https:\/\/franciscanos.org.br\/noticias\/wp-content\/uploads\/2019\/06\/MG_2991-300x300.jpg\" class=\"attachment-thumbnail size-thumbnail\" alt=\"\" loading=\"lazy\" srcset=\"https:\/\/franciscanos.org.br\/noticias\/wp-content\/uploads\/2019\/06\/MG_2991-300x300.jpg 300w, https:\/\/franciscanos.org.br\/noticias\/wp-content\/uploads\/2019\/06\/MG_2991-400x400.jpg 400w\" sizes=\"(max-width: 300px) 100vw, 300px\" \/><\/a>\n\t\t\t<\/dt><\/dl><dl class='gallery-item'>\n\t\t\t<dt class='gallery-icon landscape'>\n\t\t\t\t<a href='https:\/\/franciscanos.org.br\/noticias\/wp-content\/uploads\/2019\/06\/MG_2995.jpg'><img width=\"300\" height=\"300\" src=\"https:\/\/franciscanos.org.br\/noticias\/wp-content\/uploads\/2019\/06\/MG_2995-300x300.jpg\" class=\"attachment-thumbnail size-thumbnail\" alt=\"\" loading=\"lazy\" srcset=\"https:\/\/franciscanos.org.br\/noticias\/wp-content\/uploads\/2019\/06\/MG_2995-300x300.jpg 300w, https:\/\/franciscanos.org.br\/noticias\/wp-content\/uploads\/2019\/06\/MG_2995-400x400.jpg 400w\" sizes=\"(max-width: 300px) 100vw, 300px\" \/><\/a>\n\t\t\t<\/dt><\/dl><dl class='gallery-item'>\n\t\t\t<dt class='gallery-icon landscape'>\n\t\t\t\t<a href='https:\/\/franciscanos.org.br\/noticias\/wp-content\/uploads\/2019\/06\/MG_2996.jpg'><img width=\"300\" height=\"300\" src=\"https:\/\/franciscanos.org.br\/noticias\/wp-content\/uploads\/2019\/06\/MG_2996-300x300.jpg\" class=\"attachment-thumbnail size-thumbnail\" alt=\"\" loading=\"lazy\" srcset=\"https:\/\/franciscanos.org.br\/noticias\/wp-content\/uploads\/2019\/06\/MG_2996-300x300.jpg 300w, https:\/\/franciscanos.org.br\/noticias\/wp-content\/uploads\/2019\/06\/MG_2996-400x400.jpg 400w\" sizes=\"(max-width: 300px) 100vw, 300px\" \/><\/a>\n\t\t\t<\/dt><\/dl><br style=\"clear: both\" \/><dl class='gallery-item'>\n\t\t\t<dt class='gallery-icon landscape'>\n\t\t\t\t<a href='https:\/\/franciscanos.org.br\/noticias\/wp-content\/uploads\/2019\/06\/MG_3035.jpg'><img width=\"300\" height=\"300\" src=\"https:\/\/franciscanos.org.br\/noticias\/wp-content\/uploads\/2019\/06\/MG_3035-300x300.jpg\" class=\"attachment-thumbnail size-thumbnail\" alt=\"\" loading=\"lazy\" srcset=\"https:\/\/franciscanos.org.br\/noticias\/wp-content\/uploads\/2019\/06\/MG_3035-300x300.jpg 300w, https:\/\/franciscanos.org.br\/noticias\/wp-content\/uploads\/2019\/06\/MG_3035-400x400.jpg 400w\" sizes=\"(max-width: 300px) 100vw, 300px\" \/><\/a>\n\t\t\t<\/dt><\/dl><dl class='gallery-item'>\n\t\t\t<dt class='gallery-icon landscape'>\n\t\t\t\t<a href='https:\/\/franciscanos.org.br\/noticias\/wp-content\/uploads\/2019\/06\/MG_3056.jpg'><img width=\"300\" height=\"300\" src=\"https:\/\/franciscanos.org.br\/noticias\/wp-content\/uploads\/2019\/06\/MG_3056-300x300.jpg\" class=\"attachment-thumbnail size-thumbnail\" alt=\"\" loading=\"lazy\" srcset=\"https:\/\/franciscanos.org.br\/noticias\/wp-content\/uploads\/2019\/06\/MG_3056-300x300.jpg 300w, https:\/\/franciscanos.org.br\/noticias\/wp-content\/uploads\/2019\/06\/MG_3056-400x400.jpg 400w\" sizes=\"(max-width: 300px) 100vw, 300px\" \/><\/a>\n\t\t\t<\/dt><\/dl><dl class='gallery-item'>\n\t\t\t<dt class='gallery-icon landscape'>\n\t\t\t\t<a href='https:\/\/franciscanos.org.br\/noticias\/wp-content\/uploads\/2019\/06\/MG_3078.jpg'><img width=\"300\" height=\"300\" src=\"https:\/\/franciscanos.org.br\/noticias\/wp-content\/uploads\/2019\/06\/MG_3078-300x300.jpg\" class=\"attachment-thumbnail size-thumbnail\" alt=\"\" loading=\"lazy\" srcset=\"https:\/\/franciscanos.org.br\/noticias\/wp-content\/uploads\/2019\/06\/MG_3078-300x300.jpg 300w, https:\/\/franciscanos.org.br\/noticias\/wp-content\/uploads\/2019\/06\/MG_3078-400x400.jpg 400w\" sizes=\"(max-width: 300px) 100vw, 300px\" \/><\/a>\n\t\t\t<\/dt><\/dl><dl class='gallery-item'>\n\t\t\t<dt class='gallery-icon landscape'>\n\t\t\t\t<a href='https:\/\/franciscanos.org.br\/noticias\/wp-content\/uploads\/2019\/06\/MG_3081.jpg'><img width=\"300\" height=\"300\" src=\"https:\/\/franciscanos.org.br\/noticias\/wp-content\/uploads\/2019\/06\/MG_3081-300x300.jpg\" class=\"attachment-thumbnail size-thumbnail\" alt=\"\" loading=\"lazy\" srcset=\"https:\/\/franciscanos.org.br\/noticias\/wp-content\/uploads\/2019\/06\/MG_3081-300x300.jpg 300w, https:\/\/franciscanos.org.br\/noticias\/wp-content\/uploads\/2019\/06\/MG_3081-400x400.jpg 400w\" sizes=\"(max-width: 300px) 100vw, 300px\" \/><\/a>\n\t\t\t<\/dt><\/dl><br style=\"clear: both\" \/><dl class='gallery-item'>\n\t\t\t<dt class='gallery-icon landscape'>\n\t\t\t\t<a href='https:\/\/franciscanos.org.br\/noticias\/wp-content\/uploads\/2019\/06\/IMG_1377.jpg'><img width=\"300\" height=\"300\" src=\"https:\/\/franciscanos.org.br\/noticias\/wp-content\/uploads\/2019\/06\/IMG_1377-300x300.jpg\" class=\"attachment-thumbnail size-thumbnail\" alt=\"\" loading=\"lazy\" srcset=\"https:\/\/franciscanos.org.br\/noticias\/wp-content\/uploads\/2019\/06\/IMG_1377-300x300.jpg 300w, https:\/\/franciscanos.org.br\/noticias\/wp-content\/uploads\/2019\/06\/IMG_1377-400x400.jpg 400w\" sizes=\"(max-width: 300px) 100vw, 300px\" \/><\/a>\n\t\t\t<\/dt><\/dl><dl class='gallery-item'>\n\t\t\t<dt class='gallery-icon landscape'>\n\t\t\t\t<a href='https:\/\/franciscanos.org.br\/noticias\/wp-content\/uploads\/2019\/06\/IMG_1409.jpg'><img width=\"300\" height=\"300\" src=\"https:\/\/franciscanos.org.br\/noticias\/wp-content\/uploads\/2019\/06\/IMG_1409-300x300.jpg\" class=\"attachment-thumbnail size-thumbnail\" alt=\"\" loading=\"lazy\" srcset=\"https:\/\/franciscanos.org.br\/noticias\/wp-content\/uploads\/2019\/06\/IMG_1409-300x300.jpg 300w, https:\/\/franciscanos.org.br\/noticias\/wp-content\/uploads\/2019\/06\/IMG_1409-400x400.jpg 400w\" sizes=\"(max-width: 300px) 100vw, 300px\" \/><\/a>\n\t\t\t<\/dt><\/dl><dl class='gallery-item'>\n\t\t\t<dt class='gallery-icon landscape'>\n\t\t\t\t<a href='https:\/\/franciscanos.org.br\/noticias\/wp-content\/uploads\/2019\/06\/IMG_1413.jpg'><img width=\"300\" height=\"300\" src=\"https:\/\/franciscanos.org.br\/noticias\/wp-content\/uploads\/2019\/06\/IMG_1413-300x300.jpg\" class=\"attachment-thumbnail size-thumbnail\" alt=\"\" loading=\"lazy\" srcset=\"https:\/\/franciscanos.org.br\/noticias\/wp-content\/uploads\/2019\/06\/IMG_1413-300x300.jpg 300w, https:\/\/franciscanos.org.br\/noticias\/wp-content\/uploads\/2019\/06\/IMG_1413-400x400.jpg 400w\" sizes=\"(max-width: 300px) 100vw, 300px\" \/><\/a>\n\t\t\t<\/dt><\/dl><dl class='gallery-item'>\n\t\t\t<dt class='gallery-icon landscape'>\n\t\t\t\t<a href='https:\/\/franciscanos.org.br\/noticias\/wp-content\/uploads\/2019\/06\/IMG_1422.jpg'><img width=\"300\" height=\"300\" src=\"https:\/\/franciscanos.org.br\/noticias\/wp-content\/uploads\/2019\/06\/IMG_1422-300x300.jpg\" class=\"attachment-thumbnail size-thumbnail\" alt=\"\" loading=\"lazy\" srcset=\"https:\/\/franciscanos.org.br\/noticias\/wp-content\/uploads\/2019\/06\/IMG_1422-300x300.jpg 300w, https:\/\/franciscanos.org.br\/noticias\/wp-content\/uploads\/2019\/06\/IMG_1422-400x400.jpg 400w\" sizes=\"(max-width: 300px) 100vw, 300px\" \/><\/a>\n\t\t\t<\/dt><\/dl><br style=\"clear: both\" \/>\n\t\t<\/div>\n\n<p>&nbsp;<\/p>\n","protected":false},"excerpt":{"rendered":"<p>Frei Diego Martendal e Frei Francisco Dalilson P. Cabral Gaspar (SC) \u2013 O bispo da diocese de Blumenau (SC), Dom Rafael Biernaski, abriu o Tr\u00edduo em prepara\u00e7\u00e3o para a Festa de S\u00e3o Pedro Ap\u00f3stolo, na Par\u00f3quia de Gaspar, no Vale do Itaja\u00ed, em Santa Catarina. A bel\u00edssima celebra\u00e7\u00e3o desta quinta-feira (27\/06), \u00e0s 19 horas, foi [&hellip;]<\/p>\n","protected":false},"author":3,"featured_media":206570,"comment_status":"open","ping_status":"open","sticky":false,"template":"","format":"standard","meta":[],"categories":[1],"tags":[298,292],"acf":[],"yoast_head":"<!-- This site is optimized with the Yoast SEO plugin v19.2 - https:\/\/yoast.com\/wordpress\/plugins\/seo\/ -->\n<title>Dom Rafael abre Tr\u00edduo em Gaspar e ensina &#039;como fazer a vontade do Pai&#039; - Not\u00edcias - Franciscanos<\/title>\n<meta name=\"robots\" content=\"index, follow, max-snippet:-1, max-image-preview:large, max-video-preview:-1\" \/>\n<link rel=\"canonical\" href=\"https:\/\/franciscanos.org.br\/noticias\/dom-rafael-abre-triduo-em-gaspar-e-ensina-como-fazer-a-vontade-do-pai.html\" \/>\n<meta property=\"og:locale\" content=\"pt_BR\" \/>\n<meta property=\"og:type\" content=\"article\" \/>\n<meta property=\"og:title\" content=\"Dom Rafael abre Tr\u00edduo em Gaspar e ensina &#039;como fazer a vontade do Pai&#039; - Not\u00edcias - Franciscanos\" \/>\n<meta property=\"og:description\" content=\"Frei Diego Martendal e Frei Francisco Dalilson P. Cabral Gaspar (SC) \u2013 O bispo da diocese de Blumenau (SC), Dom Rafael Biernaski, abriu o Tr\u00edduo em prepara\u00e7\u00e3o para a Festa de S\u00e3o Pedro Ap\u00f3stolo, na Par\u00f3quia de Gaspar, no Vale do Itaja\u00ed, em Santa Catarina. A bel\u00edssima celebra\u00e7\u00e3o desta quinta-feira (27\/06), \u00e0s 19 horas, foi [&hellip;]\" \/>\n<meta property=\"og:url\" content=\"https:\/\/franciscanos.org.br\/noticias\/dom-rafael-abre-triduo-em-gaspar-e-ensina-como-fazer-a-vontade-do-pai.html\" \/>\n<meta property=\"og:site_name\" content=\"Not\u00edcias - Franciscanos\" \/>\n<meta property=\"article:published_time\" content=\"2019-06-28T10:39:57+00:00\" \/>\n<meta property=\"article:modified_time\" content=\"2019-06-28T12:34:30+00:00\" \/>\n<meta property=\"og:image\" content=\"https:\/\/franciscanos.org.br\/noticias\/wp-content\/uploads\/2019\/06\/gaspar_280619d.jpg\" \/>\n\t<meta property=\"og:image:width\" content=\"273\" \/>\n\t<meta property=\"og:image:height\" content=\"181\" \/>\n\t<meta property=\"og:image:type\" content=\"image\/jpeg\" \/>\n<meta name=\"author\" content=\"moacir\" \/>\n<meta name=\"twitter:card\" content=\"summary_large_image\" \/>\n<meta name=\"twitter:label1\" content=\"Escrito por\" \/>\n\t<meta name=\"twitter:data1\" content=\"moacir\" \/>\n\t<meta name=\"twitter:label2\" content=\"Est. tempo de leitura\" \/>\n\t<meta name=\"twitter:data2\" content=\"3 minutos\" \/>\n<script type=\"application\/ld+json\" class=\"yoast-schema-graph\">{\"@context\":\"https:\/\/schema.org\",\"@graph\":[{\"@type\":\"WebSite\",\"@id\":\"https:\/\/franciscanos.org.br\/noticias\/#website\",\"url\":\"https:\/\/franciscanos.org.br\/noticias\/\",\"name\":\"Not\u00edcias - Franciscanos\",\"description\":\"Prov\u00edncia Franciscana da Imaculada Concei\u00e7\u00e3o do Brasil - Ordem dos Frades Menores - OFM\",\"potentialAction\":[{\"@type\":\"SearchAction\",\"target\":{\"@type\":\"EntryPoint\",\"urlTemplate\":\"https:\/\/franciscanos.org.br\/noticias\/?s={search_term_string}\"},\"query-input\":\"required name=search_term_string\"}],\"inLanguage\":\"pt-BR\"},{\"@type\":\"ImageObject\",\"inLanguage\":\"pt-BR\",\"@id\":\"https:\/\/franciscanos.org.br\/noticias\/dom-rafael-abre-triduo-em-gaspar-e-ensina-como-fazer-a-vontade-do-pai.html#primaryimage\",\"url\":\"https:\/\/franciscanos.org.br\/noticias\/wp-content\/uploads\/2019\/06\/gaspar_280619d.jpg\",\"contentUrl\":\"https:\/\/franciscanos.org.br\/noticias\/wp-content\/uploads\/2019\/06\/gaspar_280619d.jpg\",\"width\":273,\"height\":181},{\"@type\":\"WebPage\",\"@id\":\"https:\/\/franciscanos.org.br\/noticias\/dom-rafael-abre-triduo-em-gaspar-e-ensina-como-fazer-a-vontade-do-pai.html#webpage\",\"url\":\"https:\/\/franciscanos.org.br\/noticias\/dom-rafael-abre-triduo-em-gaspar-e-ensina-como-fazer-a-vontade-do-pai.html\",\"name\":\"Dom Rafael abre Tr\u00edduo em Gaspar e ensina 'como fazer a vontade do Pai' - Not\u00edcias - Franciscanos\",\"isPartOf\":{\"@id\":\"https:\/\/franciscanos.org.br\/noticias\/#website\"},\"primaryImageOfPage\":{\"@id\":\"https:\/\/franciscanos.org.br\/noticias\/dom-rafael-abre-triduo-em-gaspar-e-ensina-como-fazer-a-vontade-do-pai.html#primaryimage\"},\"datePublished\":\"2019-06-28T10:39:57+00:00\",\"dateModified\":\"2019-06-28T12:34:30+00:00\",\"author\":{\"@id\":\"https:\/\/franciscanos.org.br\/noticias\/#\/schema\/person\/b5c8cba458c330ccff548b056e95a5d4\"},\"breadcrumb\":{\"@id\":\"https:\/\/franciscanos.org.br\/noticias\/dom-rafael-abre-triduo-em-gaspar-e-ensina-como-fazer-a-vontade-do-pai.html#breadcrumb\"},\"inLanguage\":\"pt-BR\",\"potentialAction\":[{\"@type\":\"ReadAction\",\"target\":[\"https:\/\/franciscanos.org.br\/noticias\/dom-rafael-abre-triduo-em-gaspar-e-ensina-como-fazer-a-vontade-do-pai.html\"]}]},{\"@type\":\"BreadcrumbList\",\"@id\":\"https:\/\/franciscanos.org.br\/noticias\/dom-rafael-abre-triduo-em-gaspar-e-ensina-como-fazer-a-vontade-do-pai.html#breadcrumb\",\"itemListElement\":[{\"@type\":\"ListItem\",\"position\":1,\"name\":\"Home\",\"item\":\"https:\/\/franciscanos.org.br\/noticias\"},{\"@type\":\"ListItem\",\"position\":2,\"name\":\"Dom Rafael abre Tr\u00edduo em Gaspar e ensina &#8216;como fazer a vontade do Pai&#8217;\"}]},{\"@type\":\"Person\",\"@id\":\"https:\/\/franciscanos.org.br\/noticias\/#\/schema\/person\/b5c8cba458c330ccff548b056e95a5d4\",\"name\":\"moacir\",\"image\":{\"@type\":\"ImageObject\",\"inLanguage\":\"pt-BR\",\"@id\":\"https:\/\/franciscanos.org.br\/noticias\/#\/schema\/person\/image\/\",\"url\":\"https:\/\/secure.gravatar.com\/avatar\/d08aa2ce4c8dd416d4479aa8536fcf64?s=96&d=mm&r=g\",\"contentUrl\":\"https:\/\/secure.gravatar.com\/avatar\/d08aa2ce4c8dd416d4479aa8536fcf64?s=96&d=mm&r=g\",\"caption\":\"moacir\"},\"url\":\"https:\/\/franciscanos.org.br\/noticias\/author\/moacir\"}]}<\/script>\n<!-- \/ Yoast SEO plugin. -->","yoast_head_json":{"title":"Dom Rafael abre Tr\u00edduo em Gaspar e ensina 'como fazer a vontade do Pai' - Not\u00edcias - Franciscanos","robots":{"index":"index","follow":"follow","max-snippet":"max-snippet:-1","max-image-preview":"max-image-preview:large","max-video-preview":"max-video-preview:-1"},"canonical":"https:\/\/franciscanos.org.br\/noticias\/dom-rafael-abre-triduo-em-gaspar-e-ensina-como-fazer-a-vontade-do-pai.html","og_locale":"pt_BR","og_type":"article","og_title":"Dom Rafael abre Tr\u00edduo em Gaspar e ensina 'como fazer a vontade do Pai' - Not\u00edcias - Franciscanos","og_description":"Frei Diego Martendal e Frei Francisco Dalilson P. Cabral Gaspar (SC) \u2013 O bispo da diocese de Blumenau (SC), Dom Rafael Biernaski, abriu o Tr\u00edduo em prepara\u00e7\u00e3o para a Festa de S\u00e3o Pedro Ap\u00f3stolo, na Par\u00f3quia de Gaspar, no Vale do Itaja\u00ed, em Santa Catarina. A bel\u00edssima celebra\u00e7\u00e3o desta quinta-feira (27\/06), \u00e0s 19 horas, foi [&hellip;]","og_url":"https:\/\/franciscanos.org.br\/noticias\/dom-rafael-abre-triduo-em-gaspar-e-ensina-como-fazer-a-vontade-do-pai.html","og_site_name":"Not\u00edcias - Franciscanos","article_published_time":"2019-06-28T10:39:57+00:00","article_modified_time":"2019-06-28T12:34:30+00:00","og_image":[{"width":273,"height":181,"url":"https:\/\/franciscanos.org.br\/noticias\/wp-content\/uploads\/2019\/06\/gaspar_280619d.jpg","type":"image\/jpeg"}],"author":"moacir","twitter_card":"summary_large_image","twitter_misc":{"Escrito por":"moacir","Est. tempo de leitura":"3 minutos"},"schema":{"@context":"https:\/\/schema.org","@graph":[{"@type":"WebSite","@id":"https:\/\/franciscanos.org.br\/noticias\/#website","url":"https:\/\/franciscanos.org.br\/noticias\/","name":"Not\u00edcias - Franciscanos","description":"Prov\u00edncia Franciscana da Imaculada Concei\u00e7\u00e3o do Brasil - Ordem dos Frades Menores - OFM","potentialAction":[{"@type":"SearchAction","target":{"@type":"EntryPoint","urlTemplate":"https:\/\/franciscanos.org.br\/noticias\/?s={search_term_string}"},"query-input":"required name=search_term_string"}],"inLanguage":"pt-BR"},{"@type":"ImageObject","inLanguage":"pt-BR","@id":"https:\/\/franciscanos.org.br\/noticias\/dom-rafael-abre-triduo-em-gaspar-e-ensina-como-fazer-a-vontade-do-pai.html#primaryimage","url":"https:\/\/franciscanos.org.br\/noticias\/wp-content\/uploads\/2019\/06\/gaspar_280619d.jpg","contentUrl":"https:\/\/franciscanos.org.br\/noticias\/wp-content\/uploads\/2019\/06\/gaspar_280619d.jpg","width":273,"height":181},{"@type":"WebPage","@id":"https:\/\/franciscanos.org.br\/noticias\/dom-rafael-abre-triduo-em-gaspar-e-ensina-como-fazer-a-vontade-do-pai.html#webpage","url":"https:\/\/franciscanos.org.br\/noticias\/dom-rafael-abre-triduo-em-gaspar-e-ensina-como-fazer-a-vontade-do-pai.html","name":"Dom Rafael abre Tr\u00edduo em Gaspar e ensina 'como fazer a vontade do Pai' - Not\u00edcias - Franciscanos","isPartOf":{"@id":"https:\/\/franciscanos.org.br\/noticias\/#website"},"primaryImageOfPage":{"@id":"https:\/\/franciscanos.org.br\/noticias\/dom-rafael-abre-triduo-em-gaspar-e-ensina-como-fazer-a-vontade-do-pai.html#primaryimage"},"datePublished":"2019-06-28T10:39:57+00:00","dateModified":"2019-06-28T12:34:30+00:00","author":{"@id":"https:\/\/franciscanos.org.br\/noticias\/#\/schema\/person\/b5c8cba458c330ccff548b056e95a5d4"},"breadcrumb":{"@id":"https:\/\/franciscanos.org.br\/noticias\/dom-rafael-abre-triduo-em-gaspar-e-ensina-como-fazer-a-vontade-do-pai.html#breadcrumb"},"inLanguage":"pt-BR","potentialAction":[{"@type":"ReadAction","target":["https:\/\/franciscanos.org.br\/noticias\/dom-rafael-abre-triduo-em-gaspar-e-ensina-como-fazer-a-vontade-do-pai.html"]}]},{"@type":"BreadcrumbList","@id":"https:\/\/franciscanos.org.br\/noticias\/dom-rafael-abre-triduo-em-gaspar-e-ensina-como-fazer-a-vontade-do-pai.html#breadcrumb","itemListElement":[{"@type":"ListItem","position":1,"name":"Home","item":"https:\/\/franciscanos.org.br\/noticias"},{"@type":"ListItem","position":2,"name":"Dom Rafael abre Tr\u00edduo em Gaspar e ensina &#8216;como fazer a vontade do Pai&#8217;"}]},{"@type":"Person","@id":"https:\/\/franciscanos.org.br\/noticias\/#\/schema\/person\/b5c8cba458c330ccff548b056e95a5d4","name":"moacir","image":{"@type":"ImageObject","inLanguage":"pt-BR","@id":"https:\/\/franciscanos.org.br\/noticias\/#\/schema\/person\/image\/","url":"https:\/\/secure.gravatar.com\/avatar\/d08aa2ce4c8dd416d4479aa8536fcf64?s=96&d=mm&r=g","contentUrl":"https:\/\/secure.gravatar.com\/avatar\/d08aa2ce4c8dd416d4479aa8536fcf64?s=96&d=mm&r=g","caption":"moacir"},"url":"https:\/\/franciscanos.org.br\/noticias\/author\/moacir"}]}},"_links":{"self":[{"href":"https:\/\/franciscanos.org.br\/noticias\/wp-json\/wp\/v2\/posts\/206549"}],"collection":[{"href":"https:\/\/franciscanos.org.br\/noticias\/wp-json\/wp\/v2\/posts"}],"about":[{"href":"https:\/\/franciscanos.org.br\/noticias\/wp-json\/wp\/v2\/types\/post"}],"author":[{"embeddable":true,"href":"https:\/\/franciscanos.org.br\/noticias\/wp-json\/wp\/v2\/users\/3"}],"replies":[{"embeddable":true,"href":"https:\/\/franciscanos.org.br\/noticias\/wp-json\/wp\/v2\/comments?post=206549"}],"version-history":[{"count":0,"href":"https:\/\/franciscanos.org.br\/noticias\/wp-json\/wp\/v2\/posts\/206549\/revisions"}],"wp:featuredmedia":[{"embeddable":true,"href":"https:\/\/franciscanos.org.br\/noticias\/wp-json\/wp\/v2\/media\/206570"}],"wp:attachment":[{"href":"https:\/\/franciscanos.org.br\/noticias\/wp-json\/wp\/v2\/media?parent=206549"}],"wp:term":[{"taxonomy":"category","embeddable":true,"href":"https:\/\/franciscanos.org.br\/noticias\/wp-json\/wp\/v2\/categories?post=206549"},{"taxonomy":"post_tag","embeddable":true,"href":"https:\/\/franciscanos.org.br\/noticias\/wp-json\/wp\/v2\/tags?post=206549"}],"curies":[{"name":"wp","href":"https:\/\/api.w.org\/{rel}","templated":true}]}}