{"id":206543,"date":"2019-06-27T09:01:41","date_gmt":"2019-06-27T12:01:41","guid":{"rendered":"https:\/\/franciscanos.org.br\/noticias\/?p=206543"},"modified":"2020-06-05T13:27:58","modified_gmt":"2020-06-05T16:27:58","slug":"papa-falta-de-alimento-se-combate-com-compaixao-e-vontade-politica","status":"publish","type":"post","link":"https:\/\/franciscanos.org.br\/noticias\/papa-falta-de-alimento-se-combate-com-compaixao-e-vontade-politica.html","title":{"rendered":"Papa: Falta de alimento se combate com compaix\u00e3o e vontade pol\u00edtica"},"content":{"rendered":"<p><img loading=\"lazy\" class=\"alignnone size-full wp-image-206544\" src=\"https:\/\/franciscanos.org.br\/noticias\/wp-content\/uploads\/2019\/06\/fao_270619.jpg\" alt=\"\" width=\"890\" height=\"501\" srcset=\"https:\/\/franciscanos.org.br\/noticias\/wp-content\/uploads\/2019\/06\/fao_270619.jpg 890w, https:\/\/franciscanos.org.br\/noticias\/wp-content\/uploads\/2019\/06\/fao_270619-450x253.jpg 450w, https:\/\/franciscanos.org.br\/noticias\/wp-content\/uploads\/2019\/06\/fao_270619-768x432.jpg 768w, https:\/\/franciscanos.org.br\/noticias\/wp-content\/uploads\/2019\/06\/fao_270619-150x84.jpg 150w\" sizes=\"(max-width: 890px) 100vw, 890px\" \/><\/p>\n<p><strong>Cidade do Vaticano &#8211;<\/strong> O Papa Francisco recebeu no final da manh\u00e3 desta quinta-feira (27\/06) os cerca de 500 participantes da 41\u00aa Sess\u00e3o da Confer\u00eancia da Organiza\u00e7\u00e3o das Na\u00e7\u00f5es Unidas para a Alimenta\u00e7\u00e3o e a Agricultura (FAO). O tema em debate \u00e9 \u201cMigra\u00e7\u00f5es, agricultura e desenvolvimento rural\u201d.<\/p>\n<p>No in\u00edcio do seu discurso, o Pont\u00edfice manifestou o seu agradecimento e reconhecimento ao Diretor-Geral, o brasileiro Jos\u00e9 Graziano da Silva, que daqui poucas semanas concluir\u00e1 o seu servi\u00e7o \u00e0 frente da FAO. &#8220;Obrigado de cora\u00e7\u00e3o por seu trabalho&#8221;. O Papa felicitou o sucessor, tamb\u00e9m presente na audi\u00eancia, o chin\u00eas Qu Dongyu.<\/p>\n<p><strong>Desafio do &#8220;Fome Zero&#8221;<\/strong><br \/>\nEm m\u00e9rito ao tema da Confer\u00eancia, Francisco afirmou que o objetivo \u201cFome Zero\u201d permanece ainda um grande desafio, mesmo reconhecendo que nas \u00faltimas d\u00e9cadas houve um grande avan\u00e7o. O Pont\u00edfice recordou que para combater a falta de alimento e acesso \u00e0 agua pot\u00e1vel, \u00e9 preciso trabalhar sobre as causas que as provocam. E na origem deste drama, o Papa apontou sobretudo a falta de compaix\u00e3o, o desinteresse de muitos e uma escassa vontade social e pol\u00edtica no momento de responder \u00e0s obriga\u00e7\u00f5es internacionais.<\/p>\n<p>\u201cA falta de alimento e de \u00e1gua n\u00e3o \u00e9 um assunto interno e exclusivo dos pa\u00edses mais pobres e fr\u00e1geis, mas diz respeito a cada um de n\u00f3s. Todos estamos chamados a escutar o grito desesperado de nossos irm\u00e3os\u201d, disse.\u00a0Como um dos meios a nosso alcance, Francisco indicou a redu\u00e7\u00e3o do desperd\u00edcio de alimentos e de \u00e1gua; para isso, a educa\u00e7\u00e3o e a sensibiliza\u00e7\u00e3o social \u00e9 um investimento a curto e longo prazos.<\/p>\n<p><img loading=\"lazy\" class=\"alignnone size-full wp-image-206545\" src=\"https:\/\/franciscanos.org.br\/noticias\/wp-content\/uploads\/2019\/06\/fao_270619_1.jpg\" alt=\"\" width=\"890\" height=\"501\" srcset=\"https:\/\/franciscanos.org.br\/noticias\/wp-content\/uploads\/2019\/06\/fao_270619_1.jpg 890w, https:\/\/franciscanos.org.br\/noticias\/wp-content\/uploads\/2019\/06\/fao_270619_1-450x253.jpg 450w, https:\/\/franciscanos.org.br\/noticias\/wp-content\/uploads\/2019\/06\/fao_270619_1-768x432.jpg 768w, https:\/\/franciscanos.org.br\/noticias\/wp-content\/uploads\/2019\/06\/fao_270619_1-150x84.jpg 150w\" sizes=\"(max-width: 890px) 100vw, 890px\" \/><\/p>\n<p><strong>O problema de um \u00e9 o problema de todos<\/strong><br \/>\nO Papa reiterou a conex\u00e3o que existe entre a fragilidade ambiental, a inseguran\u00e7a alimentar e os movimentos migrat\u00f3rios. \u201cO aumento do n\u00famero de refugiados no mundo durante os \u00faltimos anos nos demonstrou que o problema de um pa\u00eds \u00e9 o problema de toda a fam\u00edlia humana\u201d, afirmou Francisco.<\/p>\n<p>Para isso, \u00e9 necess\u00e1rio promover um desenvolvimento agr\u00edcola nas regi\u00f5es mais vulner\u00e1veis, fortalecendo a resili\u00eancia e a sustentabilidade do territ\u00f3rio. O Pont\u00edfice refor\u00e7ou a legitimimidade da FAO como institui\u00e7\u00e3o para coordenar medidas incisivas, em parceria com outras organiza\u00e7\u00f5es internacionais. \u201cO esfor\u00e7o conjunto de todos far\u00e1 tornar realidade as metas e os compromissos assumidos.\u201d<\/p>\n<p>O Papa concluiu reafirmando a disponibilidade da Santa S\u00e9 em cooperar com a FAO, apoiando o esfor\u00e7o internacional para a elimina\u00e7\u00e3o da fome no mundo e garantindo um futuro melhor para o nosso planeta e para a humanidade inteira.<\/p>\n<hr \/>\n<h3>Papa: pessoa e trabalho no centro do desenvolvimento<\/h3>\n<p>\u201cPrecisamos de pessoas e institui\u00e7\u00f5es que defendam a dignidade dos trabalhadores, a dignidade do trabalho de todos e o bem-estar da terra, a nossa casa comum\u201d. S\u00e3o palavras do Papa Francisco na Mensagem aos participantes da 108\u00aa sess\u00e3o da <em>International Labour Conference<\/em>, realizada de 10 a 21 de junho em Genebra. Portanto a Mensagem do Papa abrange todos os campos do trabalho, por um trabalho digno em um mundo como o de hoje, interligado e complexo. E para isso \u00e9 necess\u00e1rio uma an\u00e1lise interdisciplinar. Ao elogiar o trabalho da Organiza\u00e7\u00e3o Internacional do Trabalho (OIT), o Papa recorda os \u201cgraves problemas\u201d de desemprego, explora\u00e7\u00e3o, trabalho escravo e sal\u00e1rios ex\u00edguos ainda existentes apesar dos esfor\u00e7os para construir a paz e a justi\u00e7a social. De fato, o trabalho \u00e9 essencial n\u00e3o apenas para a realiza\u00e7\u00e3o da pessoa, mas tamb\u00e9m para o desenvolvimento social. Na Mensagem, o Papa sublinha que o trabalho n\u00e3o pode ser considerado um simples instrumento na cadeia de produ\u00e7\u00e3o de bens e servi\u00e7os, mas deve ter prioridade sobre qualquer outro fator de produ\u00e7\u00e3o, incluindo o capital. Portanto \u00e9 preciso defender o emprego e criar novos em propor\u00e7\u00e3o ao aumento da rentabilidade econ\u00f4mica, como tamb\u00e9m garantir a dignidade do pr\u00f3prio trabalho.<\/p>\n<p><strong>O Triplo \u201cT\u201d: terra, teto, trabalho<\/strong><br \/>\nO novo caminho para o desenvolvimento econ\u00f4mico sustent\u00e1vel deve colocar a pessoa e o trabalho no centro do desenvolvimento, tentando integrar as problem\u00e1ticas do trabalho com as ambientais. E o Papa assinala que uma contribui\u00e7\u00e3o v\u00e1lida a esta resposta integral \u00e9 o que alguns movimentos sociais e sindicais est\u00e3o chamado de triplo \u201cT\u201d: terra, teto, trabalho. Nesta mat\u00e9ria, o crit\u00e9rio de justi\u00e7a por excel\u00eancia \u00e9 a aplica\u00e7\u00e3o do princ\u00edpio da \u201cdestina\u00e7\u00e3o universal dos bens da terra\u201d, onde o \u201cdireito de cada um ao seu uso\u201d \u00e9 \u201co princ\u00edpio fundamental de toda a ordem \u00e9tico-social\u201d.<\/p>\n<p><strong>Cuidar da terra para as futuras gera\u00e7\u00f5es<\/strong><br \/>\nUma outra contribui\u00e7\u00e3o para uma resposta completa aos problemas atuais \u00e9 dada tamb\u00e9m por outro triplo \u201cT\u201d: tradi\u00e7\u00e3o, tempo e tecnologia. No contexto da quarta revolu\u00e7\u00e3o industrial, caracterizada por esta r\u00e1pida e refinada tecnologia digital, rob\u00f3tica e de intelig\u00eancia artificial, o mundo precisa de institui\u00e7\u00f5es como a OIT, evidencia Francisco: \u201cVoc\u00eas t\u00eam a capacidade de desafiar a mentalidade t\u00f3xica que se difunde para a qual n\u00e3o importa se h\u00e1 degrada\u00e7\u00e3o social ou ambiental; para a qual n\u00e3o importa o que ou quem \u00e9 usado e descartado; para a qual n\u00e3o importa se h\u00e1 trabalho for\u00e7ado infantil ou desemprego de jovens\u201d.<\/p>\n<p>O Papa exorta tamb\u00e9m a escutar as jovens gera\u00e7\u00f5es para contrastar o comportamento de dom\u00ednio com um comportamento de cuidado: o cuidado da terra e das futuras gera\u00e7\u00f5es. Trata-se de uma \u201cquest\u00e3o fundamental de justi\u00e7a intergeracional, \u201cporque o mundo que recebemos pertence tamb\u00e9m aos que vir\u00e3o depois de n\u00f3s\u201d.<\/p>\n<hr \/>\n<p><em>Fonte: Vatican News<\/em><\/p>\n","protected":false},"excerpt":{"rendered":"<p>Papa recebeu em audi\u00eancia os participantes da 41\u00aa Sess\u00e3o da Confer\u00eancia da Organiza\u00e7\u00e3o das Na\u00e7\u00f5es Unidas para a Alimenta\u00e7\u00e3o e a Agricultura (FAO)<\/p>\n","protected":false},"author":3,"featured_media":206546,"comment_status":"open","ping_status":"open","sticky":false,"template":"","format":"standard","meta":[],"categories":[1428],"tags":[1234,1388],"acf":[],"yoast_head":"<!-- This site is optimized with the Yoast SEO plugin v19.2 - https:\/\/yoast.com\/wordpress\/plugins\/seo\/ -->\n<title>Papa: Falta de alimento se combate com compaix\u00e3o e vontade pol\u00edtica - Not\u00edcias - Franciscanos<\/title>\n<meta name=\"robots\" content=\"index, follow, max-snippet:-1, max-image-preview:large, max-video-preview:-1\" \/>\n<link rel=\"canonical\" href=\"https:\/\/franciscanos.org.br\/noticias\/papa-falta-de-alimento-se-combate-com-compaixao-e-vontade-politica.html\" \/>\n<meta property=\"og:locale\" content=\"pt_BR\" \/>\n<meta property=\"og:type\" content=\"article\" \/>\n<meta property=\"og:title\" content=\"Papa: Falta de alimento se combate com compaix\u00e3o e vontade pol\u00edtica - Not\u00edcias - Franciscanos\" \/>\n<meta property=\"og:description\" content=\"Papa recebeu em audi\u00eancia os participantes da 41\u00aa Sess\u00e3o da Confer\u00eancia da Organiza\u00e7\u00e3o das Na\u00e7\u00f5es Unidas para a Alimenta\u00e7\u00e3o e a Agricultura (FAO)\" \/>\n<meta property=\"og:url\" content=\"https:\/\/franciscanos.org.br\/noticias\/papa-falta-de-alimento-se-combate-com-compaixao-e-vontade-politica.html\" \/>\n<meta property=\"og:site_name\" content=\"Not\u00edcias - Franciscanos\" \/>\n<meta property=\"article:published_time\" content=\"2019-06-27T12:01:41+00:00\" \/>\n<meta property=\"article:modified_time\" content=\"2020-06-05T16:27:58+00:00\" \/>\n<meta property=\"og:image\" content=\"https:\/\/franciscanos.org.br\/noticias\/wp-content\/uploads\/2019\/06\/fao_270619d.jpg\" \/>\n\t<meta property=\"og:image:width\" content=\"273\" \/>\n\t<meta property=\"og:image:height\" content=\"181\" \/>\n\t<meta property=\"og:image:type\" content=\"image\/jpeg\" \/>\n<meta name=\"author\" content=\"moacir\" \/>\n<meta name=\"twitter:card\" content=\"summary_large_image\" \/>\n<meta name=\"twitter:label1\" content=\"Escrito por\" \/>\n\t<meta name=\"twitter:data1\" content=\"moacir\" \/>\n\t<meta name=\"twitter:label2\" content=\"Est. tempo de leitura\" \/>\n\t<meta name=\"twitter:data2\" content=\"5 minutos\" \/>\n<script type=\"application\/ld+json\" class=\"yoast-schema-graph\">{\"@context\":\"https:\/\/schema.org\",\"@graph\":[{\"@type\":\"WebSite\",\"@id\":\"https:\/\/franciscanos.org.br\/noticias\/#website\",\"url\":\"https:\/\/franciscanos.org.br\/noticias\/\",\"name\":\"Not\u00edcias - Franciscanos\",\"description\":\"Prov\u00edncia Franciscana da Imaculada Concei\u00e7\u00e3o do Brasil - Ordem dos Frades Menores - OFM\",\"potentialAction\":[{\"@type\":\"SearchAction\",\"target\":{\"@type\":\"EntryPoint\",\"urlTemplate\":\"https:\/\/franciscanos.org.br\/noticias\/?s={search_term_string}\"},\"query-input\":\"required name=search_term_string\"}],\"inLanguage\":\"pt-BR\"},{\"@type\":\"ImageObject\",\"inLanguage\":\"pt-BR\",\"@id\":\"https:\/\/franciscanos.org.br\/noticias\/papa-falta-de-alimento-se-combate-com-compaixao-e-vontade-politica.html#primaryimage\",\"url\":\"https:\/\/franciscanos.org.br\/noticias\/wp-content\/uploads\/2019\/06\/fao_270619d.jpg\",\"contentUrl\":\"https:\/\/franciscanos.org.br\/noticias\/wp-content\/uploads\/2019\/06\/fao_270619d.jpg\",\"width\":273,\"height\":181},{\"@type\":\"WebPage\",\"@id\":\"https:\/\/franciscanos.org.br\/noticias\/papa-falta-de-alimento-se-combate-com-compaixao-e-vontade-politica.html#webpage\",\"url\":\"https:\/\/franciscanos.org.br\/noticias\/papa-falta-de-alimento-se-combate-com-compaixao-e-vontade-politica.html\",\"name\":\"Papa: Falta de alimento se combate com compaix\u00e3o e vontade pol\u00edtica - Not\u00edcias - Franciscanos\",\"isPartOf\":{\"@id\":\"https:\/\/franciscanos.org.br\/noticias\/#website\"},\"primaryImageOfPage\":{\"@id\":\"https:\/\/franciscanos.org.br\/noticias\/papa-falta-de-alimento-se-combate-com-compaixao-e-vontade-politica.html#primaryimage\"},\"datePublished\":\"2019-06-27T12:01:41+00:00\",\"dateModified\":\"2020-06-05T16:27:58+00:00\",\"author\":{\"@id\":\"https:\/\/franciscanos.org.br\/noticias\/#\/schema\/person\/b5c8cba458c330ccff548b056e95a5d4\"},\"breadcrumb\":{\"@id\":\"https:\/\/franciscanos.org.br\/noticias\/papa-falta-de-alimento-se-combate-com-compaixao-e-vontade-politica.html#breadcrumb\"},\"inLanguage\":\"pt-BR\",\"potentialAction\":[{\"@type\":\"ReadAction\",\"target\":[\"https:\/\/franciscanos.org.br\/noticias\/papa-falta-de-alimento-se-combate-com-compaixao-e-vontade-politica.html\"]}]},{\"@type\":\"BreadcrumbList\",\"@id\":\"https:\/\/franciscanos.org.br\/noticias\/papa-falta-de-alimento-se-combate-com-compaixao-e-vontade-politica.html#breadcrumb\",\"itemListElement\":[{\"@type\":\"ListItem\",\"position\":1,\"name\":\"Home\",\"item\":\"https:\/\/franciscanos.org.br\/noticias\"},{\"@type\":\"ListItem\",\"position\":2,\"name\":\"Papa: Falta de alimento se combate com compaix\u00e3o e vontade pol\u00edtica\"}]},{\"@type\":\"Person\",\"@id\":\"https:\/\/franciscanos.org.br\/noticias\/#\/schema\/person\/b5c8cba458c330ccff548b056e95a5d4\",\"name\":\"moacir\",\"image\":{\"@type\":\"ImageObject\",\"inLanguage\":\"pt-BR\",\"@id\":\"https:\/\/franciscanos.org.br\/noticias\/#\/schema\/person\/image\/\",\"url\":\"https:\/\/secure.gravatar.com\/avatar\/d08aa2ce4c8dd416d4479aa8536fcf64?s=96&d=mm&r=g\",\"contentUrl\":\"https:\/\/secure.gravatar.com\/avatar\/d08aa2ce4c8dd416d4479aa8536fcf64?s=96&d=mm&r=g\",\"caption\":\"moacir\"},\"url\":\"https:\/\/franciscanos.org.br\/noticias\/author\/moacir\"}]}<\/script>\n<!-- \/ Yoast SEO plugin. -->","yoast_head_json":{"title":"Papa: Falta de alimento se combate com compaix\u00e3o e vontade pol\u00edtica - Not\u00edcias - Franciscanos","robots":{"index":"index","follow":"follow","max-snippet":"max-snippet:-1","max-image-preview":"max-image-preview:large","max-video-preview":"max-video-preview:-1"},"canonical":"https:\/\/franciscanos.org.br\/noticias\/papa-falta-de-alimento-se-combate-com-compaixao-e-vontade-politica.html","og_locale":"pt_BR","og_type":"article","og_title":"Papa: Falta de alimento se combate com compaix\u00e3o e vontade pol\u00edtica - Not\u00edcias - Franciscanos","og_description":"Papa recebeu em audi\u00eancia os participantes da 41\u00aa Sess\u00e3o da Confer\u00eancia da Organiza\u00e7\u00e3o das Na\u00e7\u00f5es Unidas para a Alimenta\u00e7\u00e3o e a Agricultura (FAO)","og_url":"https:\/\/franciscanos.org.br\/noticias\/papa-falta-de-alimento-se-combate-com-compaixao-e-vontade-politica.html","og_site_name":"Not\u00edcias - Franciscanos","article_published_time":"2019-06-27T12:01:41+00:00","article_modified_time":"2020-06-05T16:27:58+00:00","og_image":[{"width":273,"height":181,"url":"https:\/\/franciscanos.org.br\/noticias\/wp-content\/uploads\/2019\/06\/fao_270619d.jpg","type":"image\/jpeg"}],"author":"moacir","twitter_card":"summary_large_image","twitter_misc":{"Escrito por":"moacir","Est. tempo de leitura":"5 minutos"},"schema":{"@context":"https:\/\/schema.org","@graph":[{"@type":"WebSite","@id":"https:\/\/franciscanos.org.br\/noticias\/#website","url":"https:\/\/franciscanos.org.br\/noticias\/","name":"Not\u00edcias - Franciscanos","description":"Prov\u00edncia Franciscana da Imaculada Concei\u00e7\u00e3o do Brasil - Ordem dos Frades Menores - OFM","potentialAction":[{"@type":"SearchAction","target":{"@type":"EntryPoint","urlTemplate":"https:\/\/franciscanos.org.br\/noticias\/?s={search_term_string}"},"query-input":"required name=search_term_string"}],"inLanguage":"pt-BR"},{"@type":"ImageObject","inLanguage":"pt-BR","@id":"https:\/\/franciscanos.org.br\/noticias\/papa-falta-de-alimento-se-combate-com-compaixao-e-vontade-politica.html#primaryimage","url":"https:\/\/franciscanos.org.br\/noticias\/wp-content\/uploads\/2019\/06\/fao_270619d.jpg","contentUrl":"https:\/\/franciscanos.org.br\/noticias\/wp-content\/uploads\/2019\/06\/fao_270619d.jpg","width":273,"height":181},{"@type":"WebPage","@id":"https:\/\/franciscanos.org.br\/noticias\/papa-falta-de-alimento-se-combate-com-compaixao-e-vontade-politica.html#webpage","url":"https:\/\/franciscanos.org.br\/noticias\/papa-falta-de-alimento-se-combate-com-compaixao-e-vontade-politica.html","name":"Papa: Falta de alimento se combate com compaix\u00e3o e vontade pol\u00edtica - Not\u00edcias - Franciscanos","isPartOf":{"@id":"https:\/\/franciscanos.org.br\/noticias\/#website"},"primaryImageOfPage":{"@id":"https:\/\/franciscanos.org.br\/noticias\/papa-falta-de-alimento-se-combate-com-compaixao-e-vontade-politica.html#primaryimage"},"datePublished":"2019-06-27T12:01:41+00:00","dateModified":"2020-06-05T16:27:58+00:00","author":{"@id":"https:\/\/franciscanos.org.br\/noticias\/#\/schema\/person\/b5c8cba458c330ccff548b056e95a5d4"},"breadcrumb":{"@id":"https:\/\/franciscanos.org.br\/noticias\/papa-falta-de-alimento-se-combate-com-compaixao-e-vontade-politica.html#breadcrumb"},"inLanguage":"pt-BR","potentialAction":[{"@type":"ReadAction","target":["https:\/\/franciscanos.org.br\/noticias\/papa-falta-de-alimento-se-combate-com-compaixao-e-vontade-politica.html"]}]},{"@type":"BreadcrumbList","@id":"https:\/\/franciscanos.org.br\/noticias\/papa-falta-de-alimento-se-combate-com-compaixao-e-vontade-politica.html#breadcrumb","itemListElement":[{"@type":"ListItem","position":1,"name":"Home","item":"https:\/\/franciscanos.org.br\/noticias"},{"@type":"ListItem","position":2,"name":"Papa: Falta de alimento se combate com compaix\u00e3o e vontade pol\u00edtica"}]},{"@type":"Person","@id":"https:\/\/franciscanos.org.br\/noticias\/#\/schema\/person\/b5c8cba458c330ccff548b056e95a5d4","name":"moacir","image":{"@type":"ImageObject","inLanguage":"pt-BR","@id":"https:\/\/franciscanos.org.br\/noticias\/#\/schema\/person\/image\/","url":"https:\/\/secure.gravatar.com\/avatar\/d08aa2ce4c8dd416d4479aa8536fcf64?s=96&d=mm&r=g","contentUrl":"https:\/\/secure.gravatar.com\/avatar\/d08aa2ce4c8dd416d4479aa8536fcf64?s=96&d=mm&r=g","caption":"moacir"},"url":"https:\/\/franciscanos.org.br\/noticias\/author\/moacir"}]}},"_links":{"self":[{"href":"https:\/\/franciscanos.org.br\/noticias\/wp-json\/wp\/v2\/posts\/206543"}],"collection":[{"href":"https:\/\/franciscanos.org.br\/noticias\/wp-json\/wp\/v2\/posts"}],"about":[{"href":"https:\/\/franciscanos.org.br\/noticias\/wp-json\/wp\/v2\/types\/post"}],"author":[{"embeddable":true,"href":"https:\/\/franciscanos.org.br\/noticias\/wp-json\/wp\/v2\/users\/3"}],"replies":[{"embeddable":true,"href":"https:\/\/franciscanos.org.br\/noticias\/wp-json\/wp\/v2\/comments?post=206543"}],"version-history":[{"count":1,"href":"https:\/\/franciscanos.org.br\/noticias\/wp-json\/wp\/v2\/posts\/206543\/revisions"}],"predecessor-version":[{"id":224248,"href":"https:\/\/franciscanos.org.br\/noticias\/wp-json\/wp\/v2\/posts\/206543\/revisions\/224248"}],"wp:featuredmedia":[{"embeddable":true,"href":"https:\/\/franciscanos.org.br\/noticias\/wp-json\/wp\/v2\/media\/206546"}],"wp:attachment":[{"href":"https:\/\/franciscanos.org.br\/noticias\/wp-json\/wp\/v2\/media?parent=206543"}],"wp:term":[{"taxonomy":"category","embeddable":true,"href":"https:\/\/franciscanos.org.br\/noticias\/wp-json\/wp\/v2\/categories?post=206543"},{"taxonomy":"post_tag","embeddable":true,"href":"https:\/\/franciscanos.org.br\/noticias\/wp-json\/wp\/v2\/tags?post=206543"}],"curies":[{"name":"wp","href":"https:\/\/api.w.org\/{rel}","templated":true}]}}