{"id":206487,"date":"2019-06-24T14:34:14","date_gmt":"2019-06-24T17:34:14","guid":{"rendered":"https:\/\/franciscanos.org.br\/noticias\/?p=206487"},"modified":"2019-06-24T14:34:14","modified_gmt":"2019-06-24T17:34:14","slug":"vocacao-juventude-e-missao-no-encontro-de-petropolis","status":"publish","type":"post","link":"https:\/\/franciscanos.org.br\/noticias\/vocacao-juventude-e-missao-no-encontro-de-petropolis.html","title":{"rendered":"Voca\u00e7\u00e3o, juventude e miss\u00e3o no Encontro de Petr\u00f3polis"},"content":{"rendered":"<p><img loading=\"lazy\" class=\"alignnone size-full wp-image-206488\" src=\"https:\/\/franciscanos.org.br\/noticias\/wp-content\/uploads\/2019\/06\/sav_240619.jpg\" alt=\"\" width=\"890\" height=\"557\" srcset=\"https:\/\/franciscanos.org.br\/noticias\/wp-content\/uploads\/2019\/06\/sav_240619.jpg 890w, https:\/\/franciscanos.org.br\/noticias\/wp-content\/uploads\/2019\/06\/sav_240619-450x282.jpg 450w, https:\/\/franciscanos.org.br\/noticias\/wp-content\/uploads\/2019\/06\/sav_240619-768x481.jpg 768w, https:\/\/franciscanos.org.br\/noticias\/wp-content\/uploads\/2019\/06\/sav_240619-150x94.jpg 150w\" sizes=\"(max-width: 890px) 100vw, 890px\" \/><\/p>\n<p><strong>Frei Vitor Am\u00e2ncio<\/strong><\/p>\n<p><strong>Petr\u00f3polis (RJ)<\/strong> &#8211; Entre os dias 21 e 23 de junho, reuniram-se em Petr\u00f3polis oito jovens da capital do Rio, Baixada Fluminense e regi\u00e3o Serrana para o Encontro Vocacional, promovido pelo Servi\u00e7o de Anima\u00e7\u00e3o Vocacional da Prov\u00edncia, a quem \u00e9 incumbida a miss\u00e3o de bem acolher os jovens candidatos \u00e0 vida religiosa e, tamb\u00e9m, zelar pelas diversas juventudes que est\u00e3o presentes em todo o territ\u00f3rio da Prov\u00edncia.<\/p>\n<p>Esta dupla miss\u00e3o esteve presente durante todo encontro vocacional, pois os jovens puderam, al\u00e9m de fazer parte dos momentos pr\u00f3prios do encontro vocacional, acompanhar os \u00faltimos preparativos para a VI Miss\u00f5es Franciscanas da Juventude \u2013 evento que envolver\u00e1 todas as nossas presen\u00e7as no Estado do Rio de Janeiro e ter\u00e1 a participa\u00e7\u00e3o de jovens de todo territ\u00f3rio provincial.<\/p>\n<p><img loading=\"lazy\" class=\"alignnone size-full wp-image-206489\" src=\"https:\/\/franciscanos.org.br\/noticias\/wp-content\/uploads\/2019\/06\/sav_240619_1.jpg\" alt=\"\" width=\"890\" height=\"661\" srcset=\"https:\/\/franciscanos.org.br\/noticias\/wp-content\/uploads\/2019\/06\/sav_240619_1.jpg 890w, https:\/\/franciscanos.org.br\/noticias\/wp-content\/uploads\/2019\/06\/sav_240619_1-450x334.jpg 450w, https:\/\/franciscanos.org.br\/noticias\/wp-content\/uploads\/2019\/06\/sav_240619_1-768x570.jpg 768w, https:\/\/franciscanos.org.br\/noticias\/wp-content\/uploads\/2019\/06\/sav_240619_1-150x111.jpg 150w\" sizes=\"(max-width: 890px) 100vw, 890px\" \/><\/p>\n<p>Na noite da sexta-feira, 21, os vocacionados puderam conhecer a Par\u00f3quia Santa Clara, que recebeu a equipe do SAV para uma reuni\u00e3o de apresenta\u00e7\u00e3o das miss\u00f5es para as lideran\u00e7as das comunidades, entre as quais, muitas delas, ser\u00e3o as fam\u00edlias acolhedoras dos jovens mission\u00e1rios. Deste modo, os vocacionados puderam conhecer melhor mais um trabalho desenvolvido pelos frades nas periferias da cidade de Petr\u00f3polis.<\/p>\n<p>No dia seguinte, o encontro prosseguiu com a apresenta\u00e7\u00e3o dos participantes e uma breve partilha pessoal do pr\u00f3prio despertar vocacional. A fim de se aprofundarem na espiritualidade acerca do dom da voca\u00e7\u00e3o, foi dado aos candidatos \u00e0 vida franciscana um texto contendo tr\u00eas trechos da &#8220;Legenda dos Tr\u00eas Companheiros&#8221;, no qual foi apresentada a origem da voca\u00e7\u00e3o de S\u00e3o Francisco em tr\u00eas encontros pessoais: consigo mesmo, com o leproso e com o Crucifixo de S\u00e3o Dami\u00e3o.<\/p>\n<p>Este per\u00edodo de reflex\u00e3o teve a contribui\u00e7\u00e3o de Frei Roger Brun\u00f3rio, animador vocacional do convento Santo Ant\u00f4nio do Rio, e Frei Felipe Carretta, animador vocacional da Fraternidade da Rocinha. Ao final desta manh\u00e3 de reflex\u00e3o, Frei Gabriel Dellandrea, animador vocacional de Petr\u00f3polis, que tamb\u00e9m esteve presente, fez o convite a todos os vocacionados para a sua Profiss\u00e3o Solene, que ocorrer\u00e1 no dia 8 de Setembro deste ano.<\/p>\n<p><img loading=\"lazy\" class=\"alignnone size-full wp-image-206490\" src=\"https:\/\/franciscanos.org.br\/noticias\/wp-content\/uploads\/2019\/06\/sav_240619_2.jpg\" alt=\"\" width=\"890\" height=\"672\" srcset=\"https:\/\/franciscanos.org.br\/noticias\/wp-content\/uploads\/2019\/06\/sav_240619_2.jpg 890w, https:\/\/franciscanos.org.br\/noticias\/wp-content\/uploads\/2019\/06\/sav_240619_2-450x340.jpg 450w, https:\/\/franciscanos.org.br\/noticias\/wp-content\/uploads\/2019\/06\/sav_240619_2-768x580.jpg 768w, https:\/\/franciscanos.org.br\/noticias\/wp-content\/uploads\/2019\/06\/sav_240619_2-150x113.jpg 150w\" sizes=\"(max-width: 890px) 100vw, 890px\" \/><\/p>\n<p>Durante a tarde, os animadores vocacionais presentes e os vocacionados puderam conhecer o Projeto Gente Viva, que faz parte do Servi\u00e7o Franciscano de Solidariedade. Esta visita ganhou um sentido especial quando Frei Diego Atalino de Melo recordou a todos a antiga presen\u00e7a dos frades ali, no alto da escadaria do bairro do Osvaldo Cruz, a verdadeira experi\u00eancia prof\u00e9tica de vida religiosa encarnada na vida do povo mais simples. Em seguida, um momento da devo\u00e7\u00e3o mariana quando, aos p\u00e9s de Nossa Senhora de F\u00e1tima, os vocacionados rezaram o Ter\u00e7o, dando gra\u00e7as por t\u00e3o grande dom da voca\u00e7\u00e3o franciscana.<\/p>\n<p>A noite foi reservada para uma sess\u00e3o do filme &#8220;Francesco&#8221;, de Lilliana Cavani. No dia seguinte, os vocacionados se uniram \u00e0 Comiss\u00e3o Central das Miss\u00f5es Franciscanas da Juventude, que se encontravam em Petr\u00f3polis, para o retiro preparado aos membros que est\u00e3o \u00e0 frente dos trabalhos deste grande evento.<\/p>\n<p>Deixamos o nosso sentimento de gratid\u00e3o \u00e0 Fraternidade do Sagrado, que, gentilmente, nos acolheu nesses dias de encontro vocacional e de retiro da comiss\u00e3o das Miss\u00f5es. Grande tamb\u00e9m \u00e9 a nossa expectativa para as Miss\u00f5es Franciscanas da Juventude, que acontecer\u00e1 de 17 a 21 de julho.<\/p>\n<hr \/>\n<p><strong>Voc\u00ea gostaria de ser frade franciscano?<\/strong> <em>Entre em contato conosco pelo e-mail<\/em> <strong>sav@franciscanos.org.br<\/strong><em> ou pelo nosso<\/em> <strong>WhatsApp:<\/strong> <em>(11) 96607-3441.<\/em><\/p>\n<p><img loading=\"lazy\" class=\"alignnone size-full wp-image-206491\" src=\"https:\/\/franciscanos.org.br\/noticias\/wp-content\/uploads\/2019\/06\/sav_240619_3.jpg\" alt=\"\" width=\"890\" height=\"668\" srcset=\"https:\/\/franciscanos.org.br\/noticias\/wp-content\/uploads\/2019\/06\/sav_240619_3.jpg 890w, https:\/\/franciscanos.org.br\/noticias\/wp-content\/uploads\/2019\/06\/sav_240619_3-450x338.jpg 450w, https:\/\/franciscanos.org.br\/noticias\/wp-content\/uploads\/2019\/06\/sav_240619_3-768x576.jpg 768w, https:\/\/franciscanos.org.br\/noticias\/wp-content\/uploads\/2019\/06\/sav_240619_3-150x113.jpg 150w\" sizes=\"(max-width: 890px) 100vw, 890px\" \/><\/p>\n<p>&nbsp;<\/p>\n","protected":false},"excerpt":{"rendered":"<p>Encontro Vocacional e Retiro prepat\u00f3rio para a VI Miss\u00f5es Franciscanas da Juventude<\/p>\n","protected":false},"author":3,"featured_media":206492,"comment_status":"open","ping_status":"open","sticky":false,"template":"","format":"standard","meta":[],"categories":[1],"tags":[552],"acf":[],"yoast_head":"<!-- This site is optimized with the Yoast SEO plugin v19.2 - https:\/\/yoast.com\/wordpress\/plugins\/seo\/ -->\n<title>Voca\u00e7\u00e3o, juventude e miss\u00e3o no Encontro de Petr\u00f3polis - Not\u00edcias - Franciscanos<\/title>\n<meta name=\"robots\" content=\"index, follow, max-snippet:-1, max-image-preview:large, max-video-preview:-1\" \/>\n<link rel=\"canonical\" href=\"https:\/\/franciscanos.org.br\/noticias\/vocacao-juventude-e-missao-no-encontro-de-petropolis.html\" \/>\n<meta property=\"og:locale\" content=\"pt_BR\" \/>\n<meta property=\"og:type\" content=\"article\" \/>\n<meta property=\"og:title\" content=\"Voca\u00e7\u00e3o, juventude e miss\u00e3o no Encontro de Petr\u00f3polis - Not\u00edcias - Franciscanos\" \/>\n<meta property=\"og:description\" content=\"Encontro Vocacional e Retiro prepat\u00f3rio para a VI Miss\u00f5es Franciscanas da Juventude\" \/>\n<meta property=\"og:url\" content=\"https:\/\/franciscanos.org.br\/noticias\/vocacao-juventude-e-missao-no-encontro-de-petropolis.html\" \/>\n<meta property=\"og:site_name\" content=\"Not\u00edcias - Franciscanos\" \/>\n<meta property=\"article:published_time\" content=\"2019-06-24T17:34:14+00:00\" \/>\n<meta property=\"og:image\" content=\"https:\/\/franciscanos.org.br\/noticias\/wp-content\/uploads\/2019\/06\/sav_240619d.jpg\" \/>\n\t<meta property=\"og:image:width\" content=\"273\" \/>\n\t<meta property=\"og:image:height\" content=\"181\" \/>\n\t<meta property=\"og:image:type\" content=\"image\/jpeg\" \/>\n<meta name=\"author\" content=\"moacir\" \/>\n<meta name=\"twitter:card\" content=\"summary_large_image\" \/>\n<meta name=\"twitter:label1\" content=\"Escrito por\" \/>\n\t<meta name=\"twitter:data1\" content=\"moacir\" \/>\n\t<meta name=\"twitter:label2\" content=\"Est. tempo de leitura\" \/>\n\t<meta name=\"twitter:data2\" content=\"3 minutos\" \/>\n<script type=\"application\/ld+json\" class=\"yoast-schema-graph\">{\"@context\":\"https:\/\/schema.org\",\"@graph\":[{\"@type\":\"WebSite\",\"@id\":\"https:\/\/franciscanos.org.br\/noticias\/#website\",\"url\":\"https:\/\/franciscanos.org.br\/noticias\/\",\"name\":\"Not\u00edcias - Franciscanos\",\"description\":\"Prov\u00edncia Franciscana da Imaculada Concei\u00e7\u00e3o do Brasil - Ordem dos Frades Menores - OFM\",\"potentialAction\":[{\"@type\":\"SearchAction\",\"target\":{\"@type\":\"EntryPoint\",\"urlTemplate\":\"https:\/\/franciscanos.org.br\/noticias\/?s={search_term_string}\"},\"query-input\":\"required name=search_term_string\"}],\"inLanguage\":\"pt-BR\"},{\"@type\":\"ImageObject\",\"inLanguage\":\"pt-BR\",\"@id\":\"https:\/\/franciscanos.org.br\/noticias\/vocacao-juventude-e-missao-no-encontro-de-petropolis.html#primaryimage\",\"url\":\"https:\/\/franciscanos.org.br\/noticias\/wp-content\/uploads\/2019\/06\/sav_240619d.jpg\",\"contentUrl\":\"https:\/\/franciscanos.org.br\/noticias\/wp-content\/uploads\/2019\/06\/sav_240619d.jpg\",\"width\":273,\"height\":181},{\"@type\":\"WebPage\",\"@id\":\"https:\/\/franciscanos.org.br\/noticias\/vocacao-juventude-e-missao-no-encontro-de-petropolis.html#webpage\",\"url\":\"https:\/\/franciscanos.org.br\/noticias\/vocacao-juventude-e-missao-no-encontro-de-petropolis.html\",\"name\":\"Voca\u00e7\u00e3o, juventude e miss\u00e3o no Encontro de Petr\u00f3polis - Not\u00edcias - Franciscanos\",\"isPartOf\":{\"@id\":\"https:\/\/franciscanos.org.br\/noticias\/#website\"},\"primaryImageOfPage\":{\"@id\":\"https:\/\/franciscanos.org.br\/noticias\/vocacao-juventude-e-missao-no-encontro-de-petropolis.html#primaryimage\"},\"datePublished\":\"2019-06-24T17:34:14+00:00\",\"dateModified\":\"2019-06-24T17:34:14+00:00\",\"author\":{\"@id\":\"https:\/\/franciscanos.org.br\/noticias\/#\/schema\/person\/b5c8cba458c330ccff548b056e95a5d4\"},\"breadcrumb\":{\"@id\":\"https:\/\/franciscanos.org.br\/noticias\/vocacao-juventude-e-missao-no-encontro-de-petropolis.html#breadcrumb\"},\"inLanguage\":\"pt-BR\",\"potentialAction\":[{\"@type\":\"ReadAction\",\"target\":[\"https:\/\/franciscanos.org.br\/noticias\/vocacao-juventude-e-missao-no-encontro-de-petropolis.html\"]}]},{\"@type\":\"BreadcrumbList\",\"@id\":\"https:\/\/franciscanos.org.br\/noticias\/vocacao-juventude-e-missao-no-encontro-de-petropolis.html#breadcrumb\",\"itemListElement\":[{\"@type\":\"ListItem\",\"position\":1,\"name\":\"Home\",\"item\":\"https:\/\/franciscanos.org.br\/noticias\"},{\"@type\":\"ListItem\",\"position\":2,\"name\":\"Voca\u00e7\u00e3o, juventude e miss\u00e3o no Encontro de Petr\u00f3polis\"}]},{\"@type\":\"Person\",\"@id\":\"https:\/\/franciscanos.org.br\/noticias\/#\/schema\/person\/b5c8cba458c330ccff548b056e95a5d4\",\"name\":\"moacir\",\"image\":{\"@type\":\"ImageObject\",\"inLanguage\":\"pt-BR\",\"@id\":\"https:\/\/franciscanos.org.br\/noticias\/#\/schema\/person\/image\/\",\"url\":\"https:\/\/secure.gravatar.com\/avatar\/d08aa2ce4c8dd416d4479aa8536fcf64?s=96&d=mm&r=g\",\"contentUrl\":\"https:\/\/secure.gravatar.com\/avatar\/d08aa2ce4c8dd416d4479aa8536fcf64?s=96&d=mm&r=g\",\"caption\":\"moacir\"},\"url\":\"https:\/\/franciscanos.org.br\/noticias\/author\/moacir\"}]}<\/script>\n<!-- \/ Yoast SEO plugin. -->","yoast_head_json":{"title":"Voca\u00e7\u00e3o, juventude e miss\u00e3o no Encontro de Petr\u00f3polis - Not\u00edcias - Franciscanos","robots":{"index":"index","follow":"follow","max-snippet":"max-snippet:-1","max-image-preview":"max-image-preview:large","max-video-preview":"max-video-preview:-1"},"canonical":"https:\/\/franciscanos.org.br\/noticias\/vocacao-juventude-e-missao-no-encontro-de-petropolis.html","og_locale":"pt_BR","og_type":"article","og_title":"Voca\u00e7\u00e3o, juventude e miss\u00e3o no Encontro de Petr\u00f3polis - Not\u00edcias - Franciscanos","og_description":"Encontro Vocacional e Retiro prepat\u00f3rio para a VI Miss\u00f5es Franciscanas da Juventude","og_url":"https:\/\/franciscanos.org.br\/noticias\/vocacao-juventude-e-missao-no-encontro-de-petropolis.html","og_site_name":"Not\u00edcias - Franciscanos","article_published_time":"2019-06-24T17:34:14+00:00","og_image":[{"width":273,"height":181,"url":"https:\/\/franciscanos.org.br\/noticias\/wp-content\/uploads\/2019\/06\/sav_240619d.jpg","type":"image\/jpeg"}],"author":"moacir","twitter_card":"summary_large_image","twitter_misc":{"Escrito por":"moacir","Est. tempo de leitura":"3 minutos"},"schema":{"@context":"https:\/\/schema.org","@graph":[{"@type":"WebSite","@id":"https:\/\/franciscanos.org.br\/noticias\/#website","url":"https:\/\/franciscanos.org.br\/noticias\/","name":"Not\u00edcias - Franciscanos","description":"Prov\u00edncia Franciscana da Imaculada Concei\u00e7\u00e3o do Brasil - Ordem dos Frades Menores - OFM","potentialAction":[{"@type":"SearchAction","target":{"@type":"EntryPoint","urlTemplate":"https:\/\/franciscanos.org.br\/noticias\/?s={search_term_string}"},"query-input":"required name=search_term_string"}],"inLanguage":"pt-BR"},{"@type":"ImageObject","inLanguage":"pt-BR","@id":"https:\/\/franciscanos.org.br\/noticias\/vocacao-juventude-e-missao-no-encontro-de-petropolis.html#primaryimage","url":"https:\/\/franciscanos.org.br\/noticias\/wp-content\/uploads\/2019\/06\/sav_240619d.jpg","contentUrl":"https:\/\/franciscanos.org.br\/noticias\/wp-content\/uploads\/2019\/06\/sav_240619d.jpg","width":273,"height":181},{"@type":"WebPage","@id":"https:\/\/franciscanos.org.br\/noticias\/vocacao-juventude-e-missao-no-encontro-de-petropolis.html#webpage","url":"https:\/\/franciscanos.org.br\/noticias\/vocacao-juventude-e-missao-no-encontro-de-petropolis.html","name":"Voca\u00e7\u00e3o, juventude e miss\u00e3o no Encontro de Petr\u00f3polis - Not\u00edcias - Franciscanos","isPartOf":{"@id":"https:\/\/franciscanos.org.br\/noticias\/#website"},"primaryImageOfPage":{"@id":"https:\/\/franciscanos.org.br\/noticias\/vocacao-juventude-e-missao-no-encontro-de-petropolis.html#primaryimage"},"datePublished":"2019-06-24T17:34:14+00:00","dateModified":"2019-06-24T17:34:14+00:00","author":{"@id":"https:\/\/franciscanos.org.br\/noticias\/#\/schema\/person\/b5c8cba458c330ccff548b056e95a5d4"},"breadcrumb":{"@id":"https:\/\/franciscanos.org.br\/noticias\/vocacao-juventude-e-missao-no-encontro-de-petropolis.html#breadcrumb"},"inLanguage":"pt-BR","potentialAction":[{"@type":"ReadAction","target":["https:\/\/franciscanos.org.br\/noticias\/vocacao-juventude-e-missao-no-encontro-de-petropolis.html"]}]},{"@type":"BreadcrumbList","@id":"https:\/\/franciscanos.org.br\/noticias\/vocacao-juventude-e-missao-no-encontro-de-petropolis.html#breadcrumb","itemListElement":[{"@type":"ListItem","position":1,"name":"Home","item":"https:\/\/franciscanos.org.br\/noticias"},{"@type":"ListItem","position":2,"name":"Voca\u00e7\u00e3o, juventude e miss\u00e3o no Encontro de Petr\u00f3polis"}]},{"@type":"Person","@id":"https:\/\/franciscanos.org.br\/noticias\/#\/schema\/person\/b5c8cba458c330ccff548b056e95a5d4","name":"moacir","image":{"@type":"ImageObject","inLanguage":"pt-BR","@id":"https:\/\/franciscanos.org.br\/noticias\/#\/schema\/person\/image\/","url":"https:\/\/secure.gravatar.com\/avatar\/d08aa2ce4c8dd416d4479aa8536fcf64?s=96&d=mm&r=g","contentUrl":"https:\/\/secure.gravatar.com\/avatar\/d08aa2ce4c8dd416d4479aa8536fcf64?s=96&d=mm&r=g","caption":"moacir"},"url":"https:\/\/franciscanos.org.br\/noticias\/author\/moacir"}]}},"_links":{"self":[{"href":"https:\/\/franciscanos.org.br\/noticias\/wp-json\/wp\/v2\/posts\/206487"}],"collection":[{"href":"https:\/\/franciscanos.org.br\/noticias\/wp-json\/wp\/v2\/posts"}],"about":[{"href":"https:\/\/franciscanos.org.br\/noticias\/wp-json\/wp\/v2\/types\/post"}],"author":[{"embeddable":true,"href":"https:\/\/franciscanos.org.br\/noticias\/wp-json\/wp\/v2\/users\/3"}],"replies":[{"embeddable":true,"href":"https:\/\/franciscanos.org.br\/noticias\/wp-json\/wp\/v2\/comments?post=206487"}],"version-history":[{"count":0,"href":"https:\/\/franciscanos.org.br\/noticias\/wp-json\/wp\/v2\/posts\/206487\/revisions"}],"wp:featuredmedia":[{"embeddable":true,"href":"https:\/\/franciscanos.org.br\/noticias\/wp-json\/wp\/v2\/media\/206492"}],"wp:attachment":[{"href":"https:\/\/franciscanos.org.br\/noticias\/wp-json\/wp\/v2\/media?parent=206487"}],"wp:term":[{"taxonomy":"category","embeddable":true,"href":"https:\/\/franciscanos.org.br\/noticias\/wp-json\/wp\/v2\/categories?post=206487"},{"taxonomy":"post_tag","embeddable":true,"href":"https:\/\/franciscanos.org.br\/noticias\/wp-json\/wp\/v2\/tags?post=206487"}],"curies":[{"name":"wp","href":"https:\/\/api.w.org\/{rel}","templated":true}]}}