{"id":206448,"date":"2019-06-19T11:22:16","date_gmt":"2019-06-19T14:22:16","guid":{"rendered":"https:\/\/franciscanos.org.br\/noticias\/?p=206448"},"modified":"2020-06-05T13:32:51","modified_gmt":"2020-06-05T16:32:51","slug":"espirito-santo-artifice-da-comunhao-e-artista-da-reconciliacao","status":"publish","type":"post","link":"https:\/\/franciscanos.org.br\/noticias\/espirito-santo-artifice-da-comunhao-e-artista-da-reconciliacao.html","title":{"rendered":"\u201cEsp\u00edrito Santo, art\u00edfice da comunh\u00e3o e artista da reconcilia\u00e7\u00e3o\u201d"},"content":{"rendered":"<p><img loading=\"lazy\" class=\"alignnone size-full wp-image-206449\" src=\"https:\/\/franciscanos.org.br\/noticias\/wp-content\/uploads\/2019\/06\/audiencia-190619G.jpg\" alt=\"\" width=\"980\" height=\"600\" srcset=\"https:\/\/franciscanos.org.br\/noticias\/wp-content\/uploads\/2019\/06\/audiencia-190619G.jpg 980w, https:\/\/franciscanos.org.br\/noticias\/wp-content\/uploads\/2019\/06\/audiencia-190619G-450x276.jpg 450w, https:\/\/franciscanos.org.br\/noticias\/wp-content\/uploads\/2019\/06\/audiencia-190619G-768x470.jpg 768w, https:\/\/franciscanos.org.br\/noticias\/wp-content\/uploads\/2019\/06\/audiencia-190619G-150x92.jpg 150w\" sizes=\"(max-width: 980px) 100vw, 980px\" \/><\/p>\n<p><strong>Cidade do Vaticano &#8211;<\/strong> A Pra\u00e7a S\u00e3o Pedro, aquecida pelo calor do ver\u00e3o e lotada de fi\u00e9is, turistas, peregrinos e romanos, foi o palco da Audi\u00eancia Geral do Papa nesta quarta-feira (19\/06). Depois de dar uma longa volta com o papam\u00f3vel saudando de perto as pessoas, Francisco proferiu uma catequese baseada no relato de Pentecostes.<\/p>\n<p>Cinquenta dias depois da P\u00e1scoa, os Ap\u00f3stolos, reunidos em ora\u00e7\u00e3o no Cen\u00e1culo de Jerusal\u00e9m, vivenciam uma experi\u00eancia muito al\u00e9m de suas expectativas: experimentam a irrup\u00e7\u00e3o de Deus. De repente veio do c\u00e9u um ru\u00eddo como de um vento forte como um sopro primordial; apareceram l\u00ednguas como de fogo que se repartiram e pousaram sobre cada um deles. Ao vento, somou-se ent\u00e3o o fogo, que na tradi\u00e7\u00e3o b\u00edblica, acompanha a manifesta\u00e7\u00e3o de Deus. \u00c9 a express\u00e3o simb\u00f3lica de sua obra de aquecer, iluminar e tocar os cora\u00e7\u00f5es e seu cuidado com as obras humanas.<\/p>\n<p><img loading=\"lazy\" class=\"alignnone size-full wp-image-206450\" src=\"https:\/\/franciscanos.org.br\/noticias\/wp-content\/uploads\/2019\/06\/audiencia-190619-3.jpeg\" alt=\"\" width=\"980\" height=\"550\" srcset=\"https:\/\/franciscanos.org.br\/noticias\/wp-content\/uploads\/2019\/06\/audiencia-190619-3.jpeg 980w, https:\/\/franciscanos.org.br\/noticias\/wp-content\/uploads\/2019\/06\/audiencia-190619-3-450x253.jpeg 450w, https:\/\/franciscanos.org.br\/noticias\/wp-content\/uploads\/2019\/06\/audiencia-190619-3-768x431.jpeg 768w, https:\/\/franciscanos.org.br\/noticias\/wp-content\/uploads\/2019\/06\/audiencia-190619-3-150x84.jpeg 150w\" sizes=\"(max-width: 980px) 100vw, 980px\" \/><\/p>\n<p><strong>Amor, sinceridade, verdade, gestos: linguagem universal<\/strong><\/p>\n<p>A palavra dos Ap\u00f3stolos fica impregnada do Esp\u00edrito do Ressuscitado e se torna uma palavra nova e diferente, mas que pode ser compreendida como se fosse traduzida simultaneamente em todas as l\u00ednguas: de fato, cada um ouvia os disc\u00edpulos falar em sua pr\u00f3pria l\u00edngua. \u201cTrata-se da linguagem da verdade e do amor, que \u00e9 universal: mesmo os analfabetos podem compreend\u00ea-la. Todos entendem a linguagem da verdade e do amor. Se voc\u00ea usar a verdade, a sinceridade e o amor, todos entendem, at\u00e9 um gesto amoroso\u2026 \u201d<\/p>\n<p>O Papa deu uma explica\u00e7\u00e3o bastante clara deste fen\u00f4meno: o Esp\u00edrito Santo n\u00e3o se manifesta apenas mediante uma sinfonia de sons que une e comp\u00f5e harmonicamente as diversidades, mas \u00e9 tamb\u00e9m o maestro de uma orquestra que executa partituras das grandes obras de Deus. O Esp\u00edrito Santo \u00e9 o art\u00edfice da comunh\u00e3o, o artista da reconcilia\u00e7\u00e3o que sabe remover as barreiras entre judeus e gregos, escravos e libertos, e fazer deles um \u00fanico corpo.<\/p>\n<p><img loading=\"lazy\" class=\"alignnone size-full wp-image-206451\" src=\"https:\/\/franciscanos.org.br\/noticias\/wp-content\/uploads\/2019\/06\/audiencia-191619-2.jpeg\" alt=\"\" width=\"980\" height=\"550\" srcset=\"https:\/\/franciscanos.org.br\/noticias\/wp-content\/uploads\/2019\/06\/audiencia-191619-2.jpeg 980w, https:\/\/franciscanos.org.br\/noticias\/wp-content\/uploads\/2019\/06\/audiencia-191619-2-450x253.jpeg 450w, https:\/\/franciscanos.org.br\/noticias\/wp-content\/uploads\/2019\/06\/audiencia-191619-2-768x431.jpeg 768w, https:\/\/franciscanos.org.br\/noticias\/wp-content\/uploads\/2019\/06\/audiencia-191619-2-150x84.jpeg 150w\" sizes=\"(max-width: 980px) 100vw, 980px\" \/><\/p>\n<p><strong>Todos ficam t\u00e3o maravilhados que se pensa que estejam embriagados<\/strong><\/p>\n<p>\u201cEnt\u00e3o Pedro interv\u00e9m em nome de todos os Ap\u00f3stolos, definindo o ocorrido como a \u2018s\u00f3bria embriaguez do Esp\u00edrito\u2019, que acende no povo a profecia com sonhos e vis\u00f5es. E este \u00e9 um dom de todos os que invocam o nome do Senhor\u201d, assegurou o Papa.<\/p>\n<p>A palavra de Pedro, fr\u00e1gil e capaz at\u00e9 de renegar o Senhor, quando fica permeada pelo fogo do Esp\u00edrito ganha for\u00e7a, torna-se capaz de tocar os cora\u00e7\u00f5es e mov\u00ea-los \u00e0 convers\u00e3o. A Alian\u00e7a nova e definitiva est\u00e1 fundada, j\u00e1 n\u00e3o sobre uma lei escrita em t\u00e1buas de pedra, mas na a\u00e7\u00e3o do Esp\u00edrito de Deus.<\/p>\n<p>\u201cO Esp\u00edrito opera a atra\u00e7\u00e3o divina: Deus nos seduz com seu Amor e assim nos envolve, para mover a hist\u00f3ria e iniciar processos atrav\u00e9s dos quais filtra a vida nova. S\u00f3 o Esp\u00edrito de Deus tem o poder de humanizar e confraternizar cada contexto, a partir de quem o recebe. Pe\u00e7amos ao Senhor que nos fa\u00e7a experimentar um novo Pentecostes, que abra os nossos cora\u00e7\u00f5es e sintonize os nossos sentimentos com os de Cristo, para que possamos anunciar sem vergonha a sua palavra transformadora e testemunhar a for\u00e7a do amor que chama \u00e0 vida tudo o que encontra&#8221;.<\/p>\n<h3><strong>PAPA EM N\u00c1POLES<\/strong><\/h3>\n<p>Nos dias 20 e 21, o Papa Francisco viajar\u00e1 para Nap\u00f3les, onde participar\u00e1 de um simp\u00f3sio na Pontif\u00edcia Faculdade de Teologia da It\u00e1lia Meridional. O tema do encontro \u00e9 \u201cA Teologia depois da <i>Veritatis gaudium<\/i> no contexto do Mediterr\u00e2neo\u201d. O Papa ser\u00e1 respons\u00e1vel pela fala de encerramento, na sexta-feira (21).<\/p>\n<p>\u201cAntes que as pedras gritem\u201d \u00e9 o t\u00edtulo da carta que um grupo de 25 estudantes, a maioria mulheres, leigas entre os vinte e quarenta anos escreveu ao Papa por ocasi\u00e3o do Simp\u00f3sio. No texto,\u00a0os estudantes &#8220;manifestam seu desejo de reconhecimento, de protagonismo em uma estrutura que, de modo geral, continua fortemente clericalizada, pareceu-nos mais do que v\u00e1lida&#8221;, afirmou o professor Sergio Tanzarella, que leciona Hist\u00f3ria da Igreja.<\/p>\n<hr \/>\n<p><em>Fonte: Vatican News<\/em><\/p>\n","protected":false},"excerpt":{"rendered":"<p>Audi\u00eancia Geral<\/p>\n","protected":false},"author":1,"featured_media":206452,"comment_status":"open","ping_status":"open","sticky":false,"template":"","format":"standard","meta":[],"categories":[1428],"tags":[55],"acf":[],"yoast_head":"<!-- This site is optimized with the Yoast SEO plugin v19.2 - https:\/\/yoast.com\/wordpress\/plugins\/seo\/ -->\n<title>\u201cEsp\u00edrito Santo, art\u00edfice da comunh\u00e3o e artista da reconcilia\u00e7\u00e3o\u201d - Not\u00edcias - Franciscanos<\/title>\n<meta name=\"robots\" content=\"index, follow, max-snippet:-1, max-image-preview:large, max-video-preview:-1\" \/>\n<link rel=\"canonical\" href=\"https:\/\/franciscanos.org.br\/noticias\/espirito-santo-artifice-da-comunhao-e-artista-da-reconciliacao.html\" \/>\n<meta property=\"og:locale\" content=\"pt_BR\" \/>\n<meta property=\"og:type\" content=\"article\" \/>\n<meta property=\"og:title\" content=\"\u201cEsp\u00edrito Santo, art\u00edfice da comunh\u00e3o e artista da reconcilia\u00e7\u00e3o\u201d - Not\u00edcias - Franciscanos\" \/>\n<meta property=\"og:description\" content=\"Audi\u00eancia Geral\" \/>\n<meta property=\"og:url\" content=\"https:\/\/franciscanos.org.br\/noticias\/espirito-santo-artifice-da-comunhao-e-artista-da-reconciliacao.html\" \/>\n<meta property=\"og:site_name\" content=\"Not\u00edcias - Franciscanos\" \/>\n<meta property=\"article:published_time\" content=\"2019-06-19T14:22:16+00:00\" \/>\n<meta property=\"article:modified_time\" content=\"2020-06-05T16:32:51+00:00\" \/>\n<meta property=\"og:image\" content=\"https:\/\/franciscanos.org.br\/noticias\/wp-content\/uploads\/2019\/06\/audiencia-190619P.jpg\" \/>\n\t<meta property=\"og:image:width\" content=\"273\" \/>\n\t<meta property=\"og:image:height\" content=\"181\" \/>\n\t<meta property=\"og:image:type\" content=\"image\/jpeg\" \/>\n<meta name=\"author\" content=\"admin\" \/>\n<meta name=\"twitter:card\" content=\"summary_large_image\" \/>\n<meta name=\"twitter:label1\" content=\"Escrito por\" \/>\n\t<meta name=\"twitter:data1\" content=\"admin\" \/>\n\t<meta name=\"twitter:label2\" content=\"Est. tempo de leitura\" \/>\n\t<meta name=\"twitter:data2\" content=\"4 minutos\" \/>\n<script type=\"application\/ld+json\" class=\"yoast-schema-graph\">{\"@context\":\"https:\/\/schema.org\",\"@graph\":[{\"@type\":\"WebSite\",\"@id\":\"https:\/\/franciscanos.org.br\/noticias\/#website\",\"url\":\"https:\/\/franciscanos.org.br\/noticias\/\",\"name\":\"Not\u00edcias - Franciscanos\",\"description\":\"Prov\u00edncia Franciscana da Imaculada Concei\u00e7\u00e3o do Brasil - Ordem dos Frades Menores - OFM\",\"potentialAction\":[{\"@type\":\"SearchAction\",\"target\":{\"@type\":\"EntryPoint\",\"urlTemplate\":\"https:\/\/franciscanos.org.br\/noticias\/?s={search_term_string}\"},\"query-input\":\"required name=search_term_string\"}],\"inLanguage\":\"pt-BR\"},{\"@type\":\"ImageObject\",\"inLanguage\":\"pt-BR\",\"@id\":\"https:\/\/franciscanos.org.br\/noticias\/espirito-santo-artifice-da-comunhao-e-artista-da-reconciliacao.html#primaryimage\",\"url\":\"https:\/\/franciscanos.org.br\/noticias\/wp-content\/uploads\/2019\/06\/audiencia-190619P.jpg\",\"contentUrl\":\"https:\/\/franciscanos.org.br\/noticias\/wp-content\/uploads\/2019\/06\/audiencia-190619P.jpg\",\"width\":273,\"height\":181},{\"@type\":\"WebPage\",\"@id\":\"https:\/\/franciscanos.org.br\/noticias\/espirito-santo-artifice-da-comunhao-e-artista-da-reconciliacao.html#webpage\",\"url\":\"https:\/\/franciscanos.org.br\/noticias\/espirito-santo-artifice-da-comunhao-e-artista-da-reconciliacao.html\",\"name\":\"\u201cEsp\u00edrito Santo, art\u00edfice da comunh\u00e3o e artista da reconcilia\u00e7\u00e3o\u201d - Not\u00edcias - Franciscanos\",\"isPartOf\":{\"@id\":\"https:\/\/franciscanos.org.br\/noticias\/#website\"},\"primaryImageOfPage\":{\"@id\":\"https:\/\/franciscanos.org.br\/noticias\/espirito-santo-artifice-da-comunhao-e-artista-da-reconciliacao.html#primaryimage\"},\"datePublished\":\"2019-06-19T14:22:16+00:00\",\"dateModified\":\"2020-06-05T16:32:51+00:00\",\"author\":{\"@id\":\"https:\/\/franciscanos.org.br\/noticias\/#\/schema\/person\/b38fbf43118f02820bd932f2e4b14ad3\"},\"breadcrumb\":{\"@id\":\"https:\/\/franciscanos.org.br\/noticias\/espirito-santo-artifice-da-comunhao-e-artista-da-reconciliacao.html#breadcrumb\"},\"inLanguage\":\"pt-BR\",\"potentialAction\":[{\"@type\":\"ReadAction\",\"target\":[\"https:\/\/franciscanos.org.br\/noticias\/espirito-santo-artifice-da-comunhao-e-artista-da-reconciliacao.html\"]}]},{\"@type\":\"BreadcrumbList\",\"@id\":\"https:\/\/franciscanos.org.br\/noticias\/espirito-santo-artifice-da-comunhao-e-artista-da-reconciliacao.html#breadcrumb\",\"itemListElement\":[{\"@type\":\"ListItem\",\"position\":1,\"name\":\"Home\",\"item\":\"https:\/\/franciscanos.org.br\/noticias\"},{\"@type\":\"ListItem\",\"position\":2,\"name\":\"\u201cEsp\u00edrito Santo, art\u00edfice da comunh\u00e3o e artista da reconcilia\u00e7\u00e3o\u201d\"}]},{\"@type\":\"Person\",\"@id\":\"https:\/\/franciscanos.org.br\/noticias\/#\/schema\/person\/b38fbf43118f02820bd932f2e4b14ad3\",\"name\":\"admin\",\"image\":{\"@type\":\"ImageObject\",\"inLanguage\":\"pt-BR\",\"@id\":\"https:\/\/franciscanos.org.br\/noticias\/#\/schema\/person\/image\/\",\"url\":\"https:\/\/secure.gravatar.com\/avatar\/e8495742d34d0ba6448ea1c628263b3e?s=96&d=mm&r=g\",\"contentUrl\":\"https:\/\/secure.gravatar.com\/avatar\/e8495742d34d0ba6448ea1c628263b3e?s=96&d=mm&r=g\",\"caption\":\"admin\"},\"url\":\"https:\/\/franciscanos.org.br\/noticias\/author\/admin\"}]}<\/script>\n<!-- \/ Yoast SEO plugin. -->","yoast_head_json":{"title":"\u201cEsp\u00edrito Santo, art\u00edfice da comunh\u00e3o e artista da reconcilia\u00e7\u00e3o\u201d - Not\u00edcias - Franciscanos","robots":{"index":"index","follow":"follow","max-snippet":"max-snippet:-1","max-image-preview":"max-image-preview:large","max-video-preview":"max-video-preview:-1"},"canonical":"https:\/\/franciscanos.org.br\/noticias\/espirito-santo-artifice-da-comunhao-e-artista-da-reconciliacao.html","og_locale":"pt_BR","og_type":"article","og_title":"\u201cEsp\u00edrito Santo, art\u00edfice da comunh\u00e3o e artista da reconcilia\u00e7\u00e3o\u201d - Not\u00edcias - Franciscanos","og_description":"Audi\u00eancia Geral","og_url":"https:\/\/franciscanos.org.br\/noticias\/espirito-santo-artifice-da-comunhao-e-artista-da-reconciliacao.html","og_site_name":"Not\u00edcias - Franciscanos","article_published_time":"2019-06-19T14:22:16+00:00","article_modified_time":"2020-06-05T16:32:51+00:00","og_image":[{"width":273,"height":181,"url":"https:\/\/franciscanos.org.br\/noticias\/wp-content\/uploads\/2019\/06\/audiencia-190619P.jpg","type":"image\/jpeg"}],"author":"admin","twitter_card":"summary_large_image","twitter_misc":{"Escrito por":"admin","Est. tempo de leitura":"4 minutos"},"schema":{"@context":"https:\/\/schema.org","@graph":[{"@type":"WebSite","@id":"https:\/\/franciscanos.org.br\/noticias\/#website","url":"https:\/\/franciscanos.org.br\/noticias\/","name":"Not\u00edcias - Franciscanos","description":"Prov\u00edncia Franciscana da Imaculada Concei\u00e7\u00e3o do Brasil - Ordem dos Frades Menores - OFM","potentialAction":[{"@type":"SearchAction","target":{"@type":"EntryPoint","urlTemplate":"https:\/\/franciscanos.org.br\/noticias\/?s={search_term_string}"},"query-input":"required name=search_term_string"}],"inLanguage":"pt-BR"},{"@type":"ImageObject","inLanguage":"pt-BR","@id":"https:\/\/franciscanos.org.br\/noticias\/espirito-santo-artifice-da-comunhao-e-artista-da-reconciliacao.html#primaryimage","url":"https:\/\/franciscanos.org.br\/noticias\/wp-content\/uploads\/2019\/06\/audiencia-190619P.jpg","contentUrl":"https:\/\/franciscanos.org.br\/noticias\/wp-content\/uploads\/2019\/06\/audiencia-190619P.jpg","width":273,"height":181},{"@type":"WebPage","@id":"https:\/\/franciscanos.org.br\/noticias\/espirito-santo-artifice-da-comunhao-e-artista-da-reconciliacao.html#webpage","url":"https:\/\/franciscanos.org.br\/noticias\/espirito-santo-artifice-da-comunhao-e-artista-da-reconciliacao.html","name":"\u201cEsp\u00edrito Santo, art\u00edfice da comunh\u00e3o e artista da reconcilia\u00e7\u00e3o\u201d - Not\u00edcias - Franciscanos","isPartOf":{"@id":"https:\/\/franciscanos.org.br\/noticias\/#website"},"primaryImageOfPage":{"@id":"https:\/\/franciscanos.org.br\/noticias\/espirito-santo-artifice-da-comunhao-e-artista-da-reconciliacao.html#primaryimage"},"datePublished":"2019-06-19T14:22:16+00:00","dateModified":"2020-06-05T16:32:51+00:00","author":{"@id":"https:\/\/franciscanos.org.br\/noticias\/#\/schema\/person\/b38fbf43118f02820bd932f2e4b14ad3"},"breadcrumb":{"@id":"https:\/\/franciscanos.org.br\/noticias\/espirito-santo-artifice-da-comunhao-e-artista-da-reconciliacao.html#breadcrumb"},"inLanguage":"pt-BR","potentialAction":[{"@type":"ReadAction","target":["https:\/\/franciscanos.org.br\/noticias\/espirito-santo-artifice-da-comunhao-e-artista-da-reconciliacao.html"]}]},{"@type":"BreadcrumbList","@id":"https:\/\/franciscanos.org.br\/noticias\/espirito-santo-artifice-da-comunhao-e-artista-da-reconciliacao.html#breadcrumb","itemListElement":[{"@type":"ListItem","position":1,"name":"Home","item":"https:\/\/franciscanos.org.br\/noticias"},{"@type":"ListItem","position":2,"name":"\u201cEsp\u00edrito Santo, art\u00edfice da comunh\u00e3o e artista da reconcilia\u00e7\u00e3o\u201d"}]},{"@type":"Person","@id":"https:\/\/franciscanos.org.br\/noticias\/#\/schema\/person\/b38fbf43118f02820bd932f2e4b14ad3","name":"admin","image":{"@type":"ImageObject","inLanguage":"pt-BR","@id":"https:\/\/franciscanos.org.br\/noticias\/#\/schema\/person\/image\/","url":"https:\/\/secure.gravatar.com\/avatar\/e8495742d34d0ba6448ea1c628263b3e?s=96&d=mm&r=g","contentUrl":"https:\/\/secure.gravatar.com\/avatar\/e8495742d34d0ba6448ea1c628263b3e?s=96&d=mm&r=g","caption":"admin"},"url":"https:\/\/franciscanos.org.br\/noticias\/author\/admin"}]}},"_links":{"self":[{"href":"https:\/\/franciscanos.org.br\/noticias\/wp-json\/wp\/v2\/posts\/206448"}],"collection":[{"href":"https:\/\/franciscanos.org.br\/noticias\/wp-json\/wp\/v2\/posts"}],"about":[{"href":"https:\/\/franciscanos.org.br\/noticias\/wp-json\/wp\/v2\/types\/post"}],"author":[{"embeddable":true,"href":"https:\/\/franciscanos.org.br\/noticias\/wp-json\/wp\/v2\/users\/1"}],"replies":[{"embeddable":true,"href":"https:\/\/franciscanos.org.br\/noticias\/wp-json\/wp\/v2\/comments?post=206448"}],"version-history":[{"count":2,"href":"https:\/\/franciscanos.org.br\/noticias\/wp-json\/wp\/v2\/posts\/206448\/revisions"}],"predecessor-version":[{"id":224251,"href":"https:\/\/franciscanos.org.br\/noticias\/wp-json\/wp\/v2\/posts\/206448\/revisions\/224251"}],"wp:featuredmedia":[{"embeddable":true,"href":"https:\/\/franciscanos.org.br\/noticias\/wp-json\/wp\/v2\/media\/206452"}],"wp:attachment":[{"href":"https:\/\/franciscanos.org.br\/noticias\/wp-json\/wp\/v2\/media?parent=206448"}],"wp:term":[{"taxonomy":"category","embeddable":true,"href":"https:\/\/franciscanos.org.br\/noticias\/wp-json\/wp\/v2\/categories?post=206448"},{"taxonomy":"post_tag","embeddable":true,"href":"https:\/\/franciscanos.org.br\/noticias\/wp-json\/wp\/v2\/tags?post=206448"}],"curies":[{"name":"wp","href":"https:\/\/api.w.org\/{rel}","templated":true}]}}