{"id":206437,"date":"2019-06-18T09:01:42","date_gmt":"2019-06-18T12:01:42","guid":{"rendered":"https:\/\/franciscanos.org.br\/noticias\/?p=206437"},"modified":"2019-06-18T11:06:03","modified_gmt":"2019-06-18T14:06:03","slug":"coro-e-orquestra-academica-de-malmo-se-apresentam-na-igreja-do-sagrado","status":"publish","type":"post","link":"https:\/\/franciscanos.org.br\/noticias\/coro-e-orquestra-academica-de-malmo-se-apresentam-na-igreja-do-sagrado.html","title":{"rendered":"Coro e Orquestra Acad\u00eamica de Malm\u00f6 se apresentam na Igreja do Sagrado"},"content":{"rendered":"<p><img loading=\"lazy\" class=\"alignnone wp-image-206438 size-full\" src=\"https:\/\/franciscanos.org.br\/noticias\/wp-content\/uploads\/2019\/06\/sagrado_1806.jpg\" alt=\"\" width=\"890\" height=\"526\" srcset=\"https:\/\/franciscanos.org.br\/noticias\/wp-content\/uploads\/2019\/06\/sagrado_1806.jpg 890w, https:\/\/franciscanos.org.br\/noticias\/wp-content\/uploads\/2019\/06\/sagrado_1806-450x266.jpg 450w, https:\/\/franciscanos.org.br\/noticias\/wp-content\/uploads\/2019\/06\/sagrado_1806-768x454.jpg 768w, https:\/\/franciscanos.org.br\/noticias\/wp-content\/uploads\/2019\/06\/sagrado_1806-150x89.jpg 150w\" sizes=\"(max-width: 890px) 100vw, 890px\" \/><\/p>\n<p><strong>Petr\u00f3polis (RJ)<\/strong> &#8211; Depois de sete anos, o Coro e a Orquestra Acad\u00eamica de Malm\u00f6, da Su\u00e9cia, retornam ao Brasil para tr\u00eas apresenta\u00e7\u00f5es gratuitas no Rio de Janeiro, Paraty e Petr\u00f3polis. O concerto na cidade imperial ser\u00e1 no pr\u00f3ximo dia 19, \u00e0s 19h30, na Igreja do Sagrado Cora\u00e7\u00e3o de Jesus.<\/p>\n<p>Os dois grupos, que s\u00e3o l\u00edderes nacionais da categoria universit\u00e1ria na Su\u00e9cia, s\u00e3o conhecidos pelo seu alto n\u00edvel musical, com concertos de repert\u00f3rio de excel\u00eancia, e est\u00e3o sendo recepcionados pelo Instituto dos Meninos Cantores de Petr\u00f3polis.<\/p>\n<p>\u201dPara n\u00f3s \u00e9 uma grande horna e um prazer receb\u00ea-los pela segunda vez. A troca de experi\u00eancias que este tipo de visita proporciona \u00e9 incalcul\u00e1vel para nossos cantores. A apresenta\u00e7\u00e3o ser\u00e1 uma oportunidade \u00fanica para os amantes da m\u00fasica\u201d, declarou o diretor art\u00edstico do Instituto, o maestro Marco Aur\u00e9lio Lischt.<\/p>\n<p>O grupo \u00e9 liderado pelo maestro Daniel Hansson, Diretor Art\u00edstico na Universidade de Malm\u00f6 e Professor convidado de reg\u00eancia na Academia Nacional de M\u00fasica de Lviv, Ucraina. &#8220;Estamos ansiosos para realizar concertos mais uma vez no Brasil! Temos mem\u00f3rias fant\u00e1sticas de nossa \u00faltima turn\u00ea e na expectativa de termos novos encontros musicais.\u201d<\/p>\n<p>O programa do concerto representa a vida musical sueca e convida a audi\u00eancia para sentir um pouco da alma escandinava. Como convidado, teremos o cantor de \u00f3pera Conny Thimander, um bem-sucedido tenor de \u00f3pera sueco que j\u00e1 trabalhou em diversas casas de \u00f3pera como a \u00d3pera Real da Su\u00e9cia, o Teatro da Corte Drottningholm em Estocolmo e a \u00d3pera Alem\u00e3 no Reno.<\/p>\n<p><strong><img loading=\"lazy\" class=\"alignleft size-medium wp-image-206440\" src=\"https:\/\/franciscanos.org.br\/noticias\/wp-content\/uploads\/2019\/06\/coro-319x450.jpg\" alt=\"\" width=\"319\" height=\"450\" srcset=\"https:\/\/franciscanos.org.br\/noticias\/wp-content\/uploads\/2019\/06\/coro-319x450.jpg 319w, https:\/\/franciscanos.org.br\/noticias\/wp-content\/uploads\/2019\/06\/coro-150x212.jpg 150w, https:\/\/franciscanos.org.br\/noticias\/wp-content\/uploads\/2019\/06\/coro.jpg 500w\" sizes=\"(max-width: 319px) 100vw, 319px\" \/>Coro e Orquestra da Universidade de Malm\u00f6<\/strong><\/p>\n<p>Desde o ano 2000, o Coro e a Orquestra da Universidade de Malm\u00f6 t\u00eam sido considerados os grupos de maior representatividade da Universidade de Malm\u00f6, se apresentando em cerim\u00f4nias e eventos anuais da universidade. Eles tamb\u00e9m ocupam um natural e importante lugar no calend\u00e1rio cultural da cidade de Malm\u00f6 com sua s\u00e9rie de concertos anuais. O grupo tamb\u00e9m cumpre uma agenda musical extensiva com turn\u00eas internacionais e visitando outros grupos musicais ao redor do mundo. Eles j\u00e1 se apresentaram em festivais e em turn\u00eas pelo Brasil, Mexico, Portugal, Cro\u00e1cia, Rep\u00fablica Tcheca, Cuba, China e \u00c1frica do Sul.<\/p>\n<p><strong>Daniel Hansson<\/strong><\/p>\n<p>\u00c9 o Diretor Musical da Universidade de Malm\u00f6 e Diretor Art\u00edstico do Coro e Orquestra da mesma Universidade, como tamb\u00e9m do Ensemble SYD. O Coro e a Orquestra da Universidade de Malm\u00f6 foram fundados por ele em 1999 e desde ent\u00e3o ambos v\u00eam se desenvolvendo e passando a liderar o cen\u00e1rio musical nacional das orquestras estudantis universit\u00e1rias da Su\u00e9cia. Hansson mant\u00e9m em ambos os grupos o cultivo do repert\u00f3rio tradicional, mas nos \u00faltimos anos tem trabalhado bastante o repert\u00f3rio de obras contempor\u00e2neas, com in\u00fameras encomendas de performances de novas obras. Os concertos s\u00e3o planejados e tem\u00e1ticos que proporcionam uma experi\u00eancia completa da m\u00fasica, com textos e ilumina\u00e7\u00e3o decorativa para o evento.<\/p>\n<p><img loading=\"lazy\" class=\"size-full wp-image-206439 alignright\" src=\"https:\/\/franciscanos.org.br\/noticias\/wp-content\/uploads\/2019\/06\/maestro_1806.jpg\" alt=\"\" width=\"371\" height=\"417\" srcset=\"https:\/\/franciscanos.org.br\/noticias\/wp-content\/uploads\/2019\/06\/maestro_1806.jpg 371w, https:\/\/franciscanos.org.br\/noticias\/wp-content\/uploads\/2019\/06\/maestro_1806-150x169.jpg 150w\" sizes=\"(max-width: 371px) 100vw, 371px\" \/>Daniel Hansson \u00e9 um educador requisitado e muito apreciado e j\u00e1 ministrou v\u00e1rios cursos e semin\u00e1rios de reg\u00eancia coral. J\u00e1 deu aulas nos cursos de ver\u00e3o da Associa\u00e7\u00e3o Sueca de Regentes Corais como tamb\u00e9m trabalhou como docente convidado nos cursos internacionais da mesma entidade.<\/p>\n<p>Daniel Hansson j\u00e1 regeu grupos como a Orquestra Sinf\u00f4nica de Helsingborg, o Coro da R\u00e1dio Sueca, a Filarm\u00f4nica de Montecarlo e v\u00e1rias outras orquestras profissionais na Su\u00e9cia. Daniel Hansson recebeu a bolsa Eric Ericsson em 2003.<\/p>\n<p><strong>Conny Thimander<\/strong><\/p>\n<p>Tenor sueco. Estudou na Faculdade de \u00d3pera da Universidade de Estocolmo. Fez sua estreia como Tamino na Flauta M\u00e1gica de Mozart no Teatro Real de \u00d3pera de Estocolmo e desde ent\u00e3o tem cantado em v\u00e1rios palcos da Europa como a \u00d3pera Alem\u00e3 do Reno, Teatro de Bonn, Festival de Baden-Baden, \u00d3pera de Malm\u00f6, \u00d3pera de Gothenburg, \u00d3pera Piccolo Regio em Turim, \u00d3pera Jyske e Teatro do Pal\u00e1cio de Drottningholm. Ele \u00e9 frequentemente requisitado para concertos e j\u00e1 se apresentou com o Coro da R\u00e1dio Sueca e a Orquestra Sinf\u00f4nica da R\u00e1dio do Jap\u00e3o, como tamb\u00e9m com o Coro de C\u00e2mara Eric Ericsson e a Orquestra Barroca de Helsinki, com a Sinf\u00f4nica da Universidade de Malm\u00f6, com a Sinf\u00f4nica de Helsingborg, com a Sinf\u00f4nica da R\u00e1dio Sueca, com a Sinf\u00f4nica de Aalborg e com a Sinfonieta de Dallas.<\/p>\n<p>Sua voz agrad\u00e1vel de tenor l\u00edrico o tornou um dos mais requisitados solistas de todo o pa\u00eds. No momento mant\u00e9m um contrato com a \u00d3pera de Malm\u00f6 e est\u00e1 em turn\u00ea pela primeira vez com o Coro e Orquestra da Universidade de Malm\u00f6.<\/p>\n<p><strong>Programa:<\/strong><\/p>\n<p>Kurt Atterberg,V\u00e4rmlandshapsodie (1887-1974); Knut H\u00e5kansson, Brusala (1887-1929); August S\u00f6derman, Kung Heimer och Asl\u00f6g (1832-1876); Tenor &#8211; Conny Thimander; Three songs from Idyll and Epigram; Gerald Finzi, Farewell to arms (1901-1956); Tenor &#8211; Conny Thimander; Ralph Vaughan-Williams, Serenade to Music.<\/p>\n","protected":false},"excerpt":{"rendered":"<p>Coro e a Orquestra Acad\u00eamica de Malm\u00f6, da Su\u00e9cia se apresentam na Igreja do Sagrado Cora\u00e7\u00e3o de Jesus de Petr\u00f3polis<\/p>\n","protected":false},"author":3,"featured_media":206441,"comment_status":"open","ping_status":"open","sticky":false,"template":"","format":"standard","meta":[],"categories":[1],"tags":[190],"acf":[],"yoast_head":"<!-- This site is optimized with the Yoast SEO plugin v19.2 - https:\/\/yoast.com\/wordpress\/plugins\/seo\/ -->\n<title>Coro e Orquestra Acad\u00eamica de Malm\u00f6 se apresentam na Igreja do Sagrado - Not\u00edcias - Franciscanos<\/title>\n<meta name=\"robots\" content=\"index, follow, max-snippet:-1, max-image-preview:large, max-video-preview:-1\" \/>\n<link rel=\"canonical\" href=\"https:\/\/franciscanos.org.br\/noticias\/coro-e-orquestra-academica-de-malmo-se-apresentam-na-igreja-do-sagrado.html\" \/>\n<meta property=\"og:locale\" content=\"pt_BR\" \/>\n<meta property=\"og:type\" content=\"article\" \/>\n<meta property=\"og:title\" content=\"Coro e Orquestra Acad\u00eamica de Malm\u00f6 se apresentam na Igreja do Sagrado - Not\u00edcias - Franciscanos\" \/>\n<meta property=\"og:description\" content=\"Coro e a Orquestra Acad\u00eamica de Malm\u00f6, da Su\u00e9cia se apresentam na Igreja do Sagrado Cora\u00e7\u00e3o de Jesus de Petr\u00f3polis\" \/>\n<meta property=\"og:url\" content=\"https:\/\/franciscanos.org.br\/noticias\/coro-e-orquestra-academica-de-malmo-se-apresentam-na-igreja-do-sagrado.html\" \/>\n<meta property=\"og:site_name\" content=\"Not\u00edcias - Franciscanos\" \/>\n<meta property=\"article:published_time\" content=\"2019-06-18T12:01:42+00:00\" \/>\n<meta property=\"article:modified_time\" content=\"2019-06-18T14:06:03+00:00\" \/>\n<meta property=\"og:image\" content=\"https:\/\/franciscanos.org.br\/noticias\/wp-content\/uploads\/2019\/06\/sagrado_1806d.jpg\" \/>\n\t<meta property=\"og:image:width\" content=\"273\" \/>\n\t<meta property=\"og:image:height\" content=\"181\" \/>\n\t<meta property=\"og:image:type\" content=\"image\/jpeg\" \/>\n<meta name=\"author\" content=\"moacir\" \/>\n<meta name=\"twitter:card\" content=\"summary_large_image\" \/>\n<meta name=\"twitter:label1\" content=\"Escrito por\" \/>\n\t<meta name=\"twitter:data1\" content=\"moacir\" \/>\n\t<meta name=\"twitter:label2\" content=\"Est. tempo de leitura\" \/>\n\t<meta name=\"twitter:data2\" content=\"4 minutos\" \/>\n<script type=\"application\/ld+json\" class=\"yoast-schema-graph\">{\"@context\":\"https:\/\/schema.org\",\"@graph\":[{\"@type\":\"WebSite\",\"@id\":\"https:\/\/franciscanos.org.br\/noticias\/#website\",\"url\":\"https:\/\/franciscanos.org.br\/noticias\/\",\"name\":\"Not\u00edcias - Franciscanos\",\"description\":\"Prov\u00edncia Franciscana da Imaculada Concei\u00e7\u00e3o do Brasil - Ordem dos Frades Menores - OFM\",\"potentialAction\":[{\"@type\":\"SearchAction\",\"target\":{\"@type\":\"EntryPoint\",\"urlTemplate\":\"https:\/\/franciscanos.org.br\/noticias\/?s={search_term_string}\"},\"query-input\":\"required name=search_term_string\"}],\"inLanguage\":\"pt-BR\"},{\"@type\":\"ImageObject\",\"inLanguage\":\"pt-BR\",\"@id\":\"https:\/\/franciscanos.org.br\/noticias\/coro-e-orquestra-academica-de-malmo-se-apresentam-na-igreja-do-sagrado.html#primaryimage\",\"url\":\"https:\/\/franciscanos.org.br\/noticias\/wp-content\/uploads\/2019\/06\/sagrado_1806d.jpg\",\"contentUrl\":\"https:\/\/franciscanos.org.br\/noticias\/wp-content\/uploads\/2019\/06\/sagrado_1806d.jpg\",\"width\":273,\"height\":181,\"caption\":\"Julkonsertmed Malm\u00c3\u00b6 akademiska k\u00c3\u00b6r och orkester i St. Johanneskyrkan. Dirigent Daniel Hansson .\"},{\"@type\":\"WebPage\",\"@id\":\"https:\/\/franciscanos.org.br\/noticias\/coro-e-orquestra-academica-de-malmo-se-apresentam-na-igreja-do-sagrado.html#webpage\",\"url\":\"https:\/\/franciscanos.org.br\/noticias\/coro-e-orquestra-academica-de-malmo-se-apresentam-na-igreja-do-sagrado.html\",\"name\":\"Coro e Orquestra Acad\u00eamica de Malm\u00f6 se apresentam na Igreja do Sagrado - Not\u00edcias - Franciscanos\",\"isPartOf\":{\"@id\":\"https:\/\/franciscanos.org.br\/noticias\/#website\"},\"primaryImageOfPage\":{\"@id\":\"https:\/\/franciscanos.org.br\/noticias\/coro-e-orquestra-academica-de-malmo-se-apresentam-na-igreja-do-sagrado.html#primaryimage\"},\"datePublished\":\"2019-06-18T12:01:42+00:00\",\"dateModified\":\"2019-06-18T14:06:03+00:00\",\"author\":{\"@id\":\"https:\/\/franciscanos.org.br\/noticias\/#\/schema\/person\/b5c8cba458c330ccff548b056e95a5d4\"},\"breadcrumb\":{\"@id\":\"https:\/\/franciscanos.org.br\/noticias\/coro-e-orquestra-academica-de-malmo-se-apresentam-na-igreja-do-sagrado.html#breadcrumb\"},\"inLanguage\":\"pt-BR\",\"potentialAction\":[{\"@type\":\"ReadAction\",\"target\":[\"https:\/\/franciscanos.org.br\/noticias\/coro-e-orquestra-academica-de-malmo-se-apresentam-na-igreja-do-sagrado.html\"]}]},{\"@type\":\"BreadcrumbList\",\"@id\":\"https:\/\/franciscanos.org.br\/noticias\/coro-e-orquestra-academica-de-malmo-se-apresentam-na-igreja-do-sagrado.html#breadcrumb\",\"itemListElement\":[{\"@type\":\"ListItem\",\"position\":1,\"name\":\"Home\",\"item\":\"https:\/\/franciscanos.org.br\/noticias\"},{\"@type\":\"ListItem\",\"position\":2,\"name\":\"Coro e Orquestra Acad\u00eamica de Malm\u00f6 se apresentam na Igreja do Sagrado\"}]},{\"@type\":\"Person\",\"@id\":\"https:\/\/franciscanos.org.br\/noticias\/#\/schema\/person\/b5c8cba458c330ccff548b056e95a5d4\",\"name\":\"moacir\",\"image\":{\"@type\":\"ImageObject\",\"inLanguage\":\"pt-BR\",\"@id\":\"https:\/\/franciscanos.org.br\/noticias\/#\/schema\/person\/image\/\",\"url\":\"https:\/\/secure.gravatar.com\/avatar\/d08aa2ce4c8dd416d4479aa8536fcf64?s=96&d=mm&r=g\",\"contentUrl\":\"https:\/\/secure.gravatar.com\/avatar\/d08aa2ce4c8dd416d4479aa8536fcf64?s=96&d=mm&r=g\",\"caption\":\"moacir\"},\"url\":\"https:\/\/franciscanos.org.br\/noticias\/author\/moacir\"}]}<\/script>\n<!-- \/ Yoast SEO plugin. -->","yoast_head_json":{"title":"Coro e Orquestra Acad\u00eamica de Malm\u00f6 se apresentam na Igreja do Sagrado - Not\u00edcias - Franciscanos","robots":{"index":"index","follow":"follow","max-snippet":"max-snippet:-1","max-image-preview":"max-image-preview:large","max-video-preview":"max-video-preview:-1"},"canonical":"https:\/\/franciscanos.org.br\/noticias\/coro-e-orquestra-academica-de-malmo-se-apresentam-na-igreja-do-sagrado.html","og_locale":"pt_BR","og_type":"article","og_title":"Coro e Orquestra Acad\u00eamica de Malm\u00f6 se apresentam na Igreja do Sagrado - Not\u00edcias - Franciscanos","og_description":"Coro e a Orquestra Acad\u00eamica de Malm\u00f6, da Su\u00e9cia se apresentam na Igreja do Sagrado Cora\u00e7\u00e3o de Jesus de Petr\u00f3polis","og_url":"https:\/\/franciscanos.org.br\/noticias\/coro-e-orquestra-academica-de-malmo-se-apresentam-na-igreja-do-sagrado.html","og_site_name":"Not\u00edcias - Franciscanos","article_published_time":"2019-06-18T12:01:42+00:00","article_modified_time":"2019-06-18T14:06:03+00:00","og_image":[{"width":273,"height":181,"url":"https:\/\/franciscanos.org.br\/noticias\/wp-content\/uploads\/2019\/06\/sagrado_1806d.jpg","type":"image\/jpeg"}],"author":"moacir","twitter_card":"summary_large_image","twitter_misc":{"Escrito por":"moacir","Est. tempo de leitura":"4 minutos"},"schema":{"@context":"https:\/\/schema.org","@graph":[{"@type":"WebSite","@id":"https:\/\/franciscanos.org.br\/noticias\/#website","url":"https:\/\/franciscanos.org.br\/noticias\/","name":"Not\u00edcias - Franciscanos","description":"Prov\u00edncia Franciscana da Imaculada Concei\u00e7\u00e3o do Brasil - Ordem dos Frades Menores - OFM","potentialAction":[{"@type":"SearchAction","target":{"@type":"EntryPoint","urlTemplate":"https:\/\/franciscanos.org.br\/noticias\/?s={search_term_string}"},"query-input":"required name=search_term_string"}],"inLanguage":"pt-BR"},{"@type":"ImageObject","inLanguage":"pt-BR","@id":"https:\/\/franciscanos.org.br\/noticias\/coro-e-orquestra-academica-de-malmo-se-apresentam-na-igreja-do-sagrado.html#primaryimage","url":"https:\/\/franciscanos.org.br\/noticias\/wp-content\/uploads\/2019\/06\/sagrado_1806d.jpg","contentUrl":"https:\/\/franciscanos.org.br\/noticias\/wp-content\/uploads\/2019\/06\/sagrado_1806d.jpg","width":273,"height":181,"caption":"Julkonsertmed Malm\u00c3\u00b6 akademiska k\u00c3\u00b6r och orkester i St. Johanneskyrkan. Dirigent Daniel Hansson ."},{"@type":"WebPage","@id":"https:\/\/franciscanos.org.br\/noticias\/coro-e-orquestra-academica-de-malmo-se-apresentam-na-igreja-do-sagrado.html#webpage","url":"https:\/\/franciscanos.org.br\/noticias\/coro-e-orquestra-academica-de-malmo-se-apresentam-na-igreja-do-sagrado.html","name":"Coro e Orquestra Acad\u00eamica de Malm\u00f6 se apresentam na Igreja do Sagrado - Not\u00edcias - Franciscanos","isPartOf":{"@id":"https:\/\/franciscanos.org.br\/noticias\/#website"},"primaryImageOfPage":{"@id":"https:\/\/franciscanos.org.br\/noticias\/coro-e-orquestra-academica-de-malmo-se-apresentam-na-igreja-do-sagrado.html#primaryimage"},"datePublished":"2019-06-18T12:01:42+00:00","dateModified":"2019-06-18T14:06:03+00:00","author":{"@id":"https:\/\/franciscanos.org.br\/noticias\/#\/schema\/person\/b5c8cba458c330ccff548b056e95a5d4"},"breadcrumb":{"@id":"https:\/\/franciscanos.org.br\/noticias\/coro-e-orquestra-academica-de-malmo-se-apresentam-na-igreja-do-sagrado.html#breadcrumb"},"inLanguage":"pt-BR","potentialAction":[{"@type":"ReadAction","target":["https:\/\/franciscanos.org.br\/noticias\/coro-e-orquestra-academica-de-malmo-se-apresentam-na-igreja-do-sagrado.html"]}]},{"@type":"BreadcrumbList","@id":"https:\/\/franciscanos.org.br\/noticias\/coro-e-orquestra-academica-de-malmo-se-apresentam-na-igreja-do-sagrado.html#breadcrumb","itemListElement":[{"@type":"ListItem","position":1,"name":"Home","item":"https:\/\/franciscanos.org.br\/noticias"},{"@type":"ListItem","position":2,"name":"Coro e Orquestra Acad\u00eamica de Malm\u00f6 se apresentam na Igreja do Sagrado"}]},{"@type":"Person","@id":"https:\/\/franciscanos.org.br\/noticias\/#\/schema\/person\/b5c8cba458c330ccff548b056e95a5d4","name":"moacir","image":{"@type":"ImageObject","inLanguage":"pt-BR","@id":"https:\/\/franciscanos.org.br\/noticias\/#\/schema\/person\/image\/","url":"https:\/\/secure.gravatar.com\/avatar\/d08aa2ce4c8dd416d4479aa8536fcf64?s=96&d=mm&r=g","contentUrl":"https:\/\/secure.gravatar.com\/avatar\/d08aa2ce4c8dd416d4479aa8536fcf64?s=96&d=mm&r=g","caption":"moacir"},"url":"https:\/\/franciscanos.org.br\/noticias\/author\/moacir"}]}},"_links":{"self":[{"href":"https:\/\/franciscanos.org.br\/noticias\/wp-json\/wp\/v2\/posts\/206437"}],"collection":[{"href":"https:\/\/franciscanos.org.br\/noticias\/wp-json\/wp\/v2\/posts"}],"about":[{"href":"https:\/\/franciscanos.org.br\/noticias\/wp-json\/wp\/v2\/types\/post"}],"author":[{"embeddable":true,"href":"https:\/\/franciscanos.org.br\/noticias\/wp-json\/wp\/v2\/users\/3"}],"replies":[{"embeddable":true,"href":"https:\/\/franciscanos.org.br\/noticias\/wp-json\/wp\/v2\/comments?post=206437"}],"version-history":[{"count":0,"href":"https:\/\/franciscanos.org.br\/noticias\/wp-json\/wp\/v2\/posts\/206437\/revisions"}],"wp:featuredmedia":[{"embeddable":true,"href":"https:\/\/franciscanos.org.br\/noticias\/wp-json\/wp\/v2\/media\/206441"}],"wp:attachment":[{"href":"https:\/\/franciscanos.org.br\/noticias\/wp-json\/wp\/v2\/media?parent=206437"}],"wp:term":[{"taxonomy":"category","embeddable":true,"href":"https:\/\/franciscanos.org.br\/noticias\/wp-json\/wp\/v2\/categories?post=206437"},{"taxonomy":"post_tag","embeddable":true,"href":"https:\/\/franciscanos.org.br\/noticias\/wp-json\/wp\/v2\/tags?post=206437"}],"curies":[{"name":"wp","href":"https:\/\/api.w.org\/{rel}","templated":true}]}}