{"id":206427,"date":"2019-06-18T07:07:53","date_gmt":"2019-06-18T10:07:53","guid":{"rendered":"https:\/\/franciscanos.org.br\/noticias\/?p=206427"},"modified":"2019-06-18T07:07:53","modified_gmt":"2019-06-18T10:07:53","slug":"benfeitores-tem-um-dia-com-maria-e-frei-galvao","status":"publish","type":"post","link":"https:\/\/franciscanos.org.br\/noticias\/benfeitores-tem-um-dia-com-maria-e-frei-galvao.html","title":{"rendered":"Benfeitores t\u00eam &#8220;Um dia com Maria e Frei Galv\u00e3o&#8221;"},"content":{"rendered":"<p><img loading=\"lazy\" class=\"alignnone wp-image-206428 size-full\" src=\"https:\/\/franciscanos.org.br\/noticias\/wp-content\/uploads\/2019\/06\/pvf_180619_1.jpg\" alt=\"\" width=\"890\" height=\"668\" srcset=\"https:\/\/franciscanos.org.br\/noticias\/wp-content\/uploads\/2019\/06\/pvf_180619_1.jpg 890w, https:\/\/franciscanos.org.br\/noticias\/wp-content\/uploads\/2019\/06\/pvf_180619_1-450x338.jpg 450w, https:\/\/franciscanos.org.br\/noticias\/wp-content\/uploads\/2019\/06\/pvf_180619_1-768x576.jpg 768w, https:\/\/franciscanos.org.br\/noticias\/wp-content\/uploads\/2019\/06\/pvf_180619_1-150x113.jpg 150w\" sizes=\"(max-width: 890px) 100vw, 890px\" \/><br \/>\nAo amanhecer do \u00faltimo domingo, 16 de junho, cerca de 40 benfeitores e admiradores da espiritualidade e do carisma franciscano se reuniram no Largo de S\u00e3o Francisco para a tradicional Romaria \u201cDia com Maria e Frei Galv\u00e3o\u201d, em Aparecida e Guaratinguet\u00e1 (SP).<\/p>\n<p>Pela manh\u00e3, o \u00f4nibus rumou para Aparecida, onde visitamos o Santu\u00e1rio Nacional de Aparecida e iniciamos o nosso dia com um momento de ora\u00e7\u00e3o e consagra\u00e7\u00e3o a Nossa Senhora. Depois os romeiros tiveram um tempo para visitar os espa\u00e7os do Santu\u00e1rio para expressar os agradecimentos, pedir gra\u00e7as a Deus pela intercess\u00e3o de Nossa Senhora.<\/p>\n<p>Perto do meio-dia, rumamos para o Semin\u00e1rio Frei Galv\u00e3o em Guaratinguet\u00e1. Fomos gentilmente acolhidos pelos frades, postulantes e vocacionados que l\u00e1 participaram de um encontro vocacional.<\/p>\n<p><img loading=\"lazy\" class=\"alignnone size-full wp-image-206430\" src=\"https:\/\/franciscanos.org.br\/noticias\/wp-content\/uploads\/2019\/06\/pvf_180619.jpg\" alt=\"\" width=\"890\" height=\"521\" srcset=\"https:\/\/franciscanos.org.br\/noticias\/wp-content\/uploads\/2019\/06\/pvf_180619.jpg 890w, https:\/\/franciscanos.org.br\/noticias\/wp-content\/uploads\/2019\/06\/pvf_180619-450x263.jpg 450w, https:\/\/franciscanos.org.br\/noticias\/wp-content\/uploads\/2019\/06\/pvf_180619-768x450.jpg 768w, https:\/\/franciscanos.org.br\/noticias\/wp-content\/uploads\/2019\/06\/pvf_180619-150x88.jpg 150w\" sizes=\"(max-width: 890px) 100vw, 890px\" \/><\/p>\n<p>Os benfeitores tiveram um momento para visitar os diversos espa\u00e7os do semin\u00e1rio, como as lindas esta\u00e7\u00f5es da Via Sacra e C\u00e2ntico das Criaturas. Ainda, os jardins e uma \u00e1rvore onde muitos recordaram a inf\u00e2ncia ao utilizar um balan\u00e7o bem r\u00fastico do jardim da fraternidade que nos acolheu.<\/p>\n<p>Os benfeitores participaram da Santa Missa, presidida pelo Frei Claudino Dalmago, em a\u00e7\u00e3o de gra\u00e7as pela vida e generosidade de todos os nossos benfeitores. Em seguida, os benfeitores tiraram a foto oficial e dirigiram os agradecimentos a Frei Jo\u00e3o Francisco.<\/p>\n<p>Como sempre era n\u00edtido no rosto de todos a sincera gratid\u00e3o pelas experi\u00eancias vividas neste dia, sobretudo pela acolhida e cordialidade dos colaboradores e o frei que estava com eles neste dia!<\/p>\n<p><img loading=\"lazy\" class=\"alignnone wp-image-206429 size-full\" src=\"https:\/\/franciscanos.org.br\/noticias\/wp-content\/uploads\/2019\/06\/pvf_180619_2.jpg\" alt=\"\" width=\"890\" height=\"590\" srcset=\"https:\/\/franciscanos.org.br\/noticias\/wp-content\/uploads\/2019\/06\/pvf_180619_2.jpg 890w, https:\/\/franciscanos.org.br\/noticias\/wp-content\/uploads\/2019\/06\/pvf_180619_2-450x298.jpg 450w, https:\/\/franciscanos.org.br\/noticias\/wp-content\/uploads\/2019\/06\/pvf_180619_2-768x509.jpg 768w, https:\/\/franciscanos.org.br\/noticias\/wp-content\/uploads\/2019\/06\/pvf_180619_2-150x99.jpg 150w\" sizes=\"(max-width: 890px) 100vw, 890px\" \/><br \/>\n<strong>&#8220;SANTO DE CASA FAZ MILAGRE&#8221;<\/strong><\/p>\n<p>N\u00f3s estamos acostumados a viajar longas quilometragens, para visitar nossas fraternidades, no intuito de divulgar este servi\u00e7o de ajuda \u00e0s voca\u00e7\u00f5es e miss\u00f5es franciscanas. Somos sempre bem recebidos em nossas fraternidades, o povo de Deus \u00e9 tamb\u00e9m muito generoso e de prontid\u00e3o acolhe nosso convite para ser um benfeitor franciscano<\/p>\n<p>No dia 13 de junho, foi um dia de lindas celebra\u00e7\u00f5es em nossos conventos, paroquias e santu\u00e1rios, por ocasi\u00e3o do dia de Santo Ant\u00f4nio. Aqui em casa n\u00e3o foi diferente. Desde cedo as equipes de colaboradores, vocacionados e in\u00fameros volunt\u00e1rios adentravam nossas portas, para montar, organizar e preparar tudo para bem celebrarmos o lindo dia e acolher os fi\u00e9is e peregrinos que por aqui passaram.<\/p>\n<p>Neste ano completamos trinta e tr\u00eas anos de Pr\u00f3-Voca\u00e7\u00f5es e Miss\u00f5es Franciscanas. In\u00fameros cora\u00e7\u00f5es generosos j\u00e1 fizeram e outros tantos fazem parte desta linda fam\u00edlia que se une por amor a Francisco de Assis, aos frades e aos seminaristas. E ainda colabora para que possamos oferecer aos nossos jovens uma boa forma\u00e7\u00e3o religiosa e para a vida.<\/p>\n<p>Aproveitando a centralidade de nossa fraternidade e a grande multid\u00e3o que lotou todas as missas, aproveitamos a oportunidade para agradecer a todos os que nos ajudam e convidamos os presentes, para que se inscrevessem na fam\u00edlia dos benfeitores franciscanos. E n\u00e3o \u00e9 que santo de casa faz milagres: no final do dia contamos algumas dezenas de cora\u00e7\u00f5es generosos em nossa prancheta. Deus \u00e9 bom o tempo todo e com a intercess\u00e3o de santo Ant\u00f4nio mais ainda.<\/p>\n<p>Agradecemos ao Reitor e P\u00e1roco do Santu\u00e1rio Frei Alvaci Mendes da Luz e ao Guardi\u00e3o da Fraternidade do Largo de S\u00e3o Francisco, Frei M\u00e1rio Tagliari, pela acolhida e incentivo a esta frente, que tem a responsabilidade de divulgar o carisma franciscano e, ainda, angariar recursos para ajudar nos investimentos na forma\u00e7\u00e3o e nas Miss\u00f5es Franciscanas.<\/p>\n<hr \/>\n<p><em>Frei Alexandre Rohling e equipe do PVF<\/em><\/p>\n","protected":false},"excerpt":{"rendered":"<p>Pr\u00f3-Voca\u00e7\u00f5es e Miss\u00f5es Franciscanas<\/p>\n","protected":false},"author":3,"featured_media":206431,"comment_status":"open","ping_status":"open","sticky":false,"template":"","format":"standard","meta":[],"categories":[1],"tags":[254],"acf":[],"yoast_head":"<!-- This site is optimized with the Yoast SEO plugin v19.2 - https:\/\/yoast.com\/wordpress\/plugins\/seo\/ -->\n<title>Benfeitores t\u00eam &quot;Um dia com Maria e Frei Galv\u00e3o&quot; - Not\u00edcias - Franciscanos<\/title>\n<meta name=\"robots\" content=\"index, follow, max-snippet:-1, max-image-preview:large, max-video-preview:-1\" \/>\n<link rel=\"canonical\" href=\"https:\/\/franciscanos.org.br\/noticias\/benfeitores-tem-um-dia-com-maria-e-frei-galvao.html\" \/>\n<meta property=\"og:locale\" content=\"pt_BR\" \/>\n<meta property=\"og:type\" content=\"article\" \/>\n<meta property=\"og:title\" content=\"Benfeitores t\u00eam &quot;Um dia com Maria e Frei Galv\u00e3o&quot; - Not\u00edcias - Franciscanos\" \/>\n<meta property=\"og:description\" content=\"Pr\u00f3-Voca\u00e7\u00f5es e Miss\u00f5es Franciscanas\" \/>\n<meta property=\"og:url\" content=\"https:\/\/franciscanos.org.br\/noticias\/benfeitores-tem-um-dia-com-maria-e-frei-galvao.html\" \/>\n<meta property=\"og:site_name\" content=\"Not\u00edcias - Franciscanos\" \/>\n<meta property=\"article:published_time\" content=\"2019-06-18T10:07:53+00:00\" \/>\n<meta property=\"og:image\" content=\"https:\/\/franciscanos.org.br\/noticias\/wp-content\/uploads\/2019\/06\/pvf_180619_d.jpg\" \/>\n\t<meta property=\"og:image:width\" content=\"273\" \/>\n\t<meta property=\"og:image:height\" content=\"181\" \/>\n\t<meta property=\"og:image:type\" content=\"image\/jpeg\" \/>\n<meta name=\"author\" content=\"moacir\" \/>\n<meta name=\"twitter:card\" content=\"summary_large_image\" \/>\n<meta name=\"twitter:label1\" content=\"Escrito por\" \/>\n\t<meta name=\"twitter:data1\" content=\"moacir\" \/>\n\t<meta name=\"twitter:label2\" content=\"Est. tempo de leitura\" \/>\n\t<meta name=\"twitter:data2\" content=\"3 minutos\" \/>\n<script type=\"application\/ld+json\" class=\"yoast-schema-graph\">{\"@context\":\"https:\/\/schema.org\",\"@graph\":[{\"@type\":\"WebSite\",\"@id\":\"https:\/\/franciscanos.org.br\/noticias\/#website\",\"url\":\"https:\/\/franciscanos.org.br\/noticias\/\",\"name\":\"Not\u00edcias - Franciscanos\",\"description\":\"Prov\u00edncia Franciscana da Imaculada Concei\u00e7\u00e3o do Brasil - Ordem dos Frades Menores - OFM\",\"potentialAction\":[{\"@type\":\"SearchAction\",\"target\":{\"@type\":\"EntryPoint\",\"urlTemplate\":\"https:\/\/franciscanos.org.br\/noticias\/?s={search_term_string}\"},\"query-input\":\"required name=search_term_string\"}],\"inLanguage\":\"pt-BR\"},{\"@type\":\"ImageObject\",\"inLanguage\":\"pt-BR\",\"@id\":\"https:\/\/franciscanos.org.br\/noticias\/benfeitores-tem-um-dia-com-maria-e-frei-galvao.html#primaryimage\",\"url\":\"https:\/\/franciscanos.org.br\/noticias\/wp-content\/uploads\/2019\/06\/pvf_180619_d.jpg\",\"contentUrl\":\"https:\/\/franciscanos.org.br\/noticias\/wp-content\/uploads\/2019\/06\/pvf_180619_d.jpg\",\"width\":273,\"height\":181},{\"@type\":\"WebPage\",\"@id\":\"https:\/\/franciscanos.org.br\/noticias\/benfeitores-tem-um-dia-com-maria-e-frei-galvao.html#webpage\",\"url\":\"https:\/\/franciscanos.org.br\/noticias\/benfeitores-tem-um-dia-com-maria-e-frei-galvao.html\",\"name\":\"Benfeitores t\u00eam \\\"Um dia com Maria e Frei Galv\u00e3o\\\" - Not\u00edcias - Franciscanos\",\"isPartOf\":{\"@id\":\"https:\/\/franciscanos.org.br\/noticias\/#website\"},\"primaryImageOfPage\":{\"@id\":\"https:\/\/franciscanos.org.br\/noticias\/benfeitores-tem-um-dia-com-maria-e-frei-galvao.html#primaryimage\"},\"datePublished\":\"2019-06-18T10:07:53+00:00\",\"dateModified\":\"2019-06-18T10:07:53+00:00\",\"author\":{\"@id\":\"https:\/\/franciscanos.org.br\/noticias\/#\/schema\/person\/b5c8cba458c330ccff548b056e95a5d4\"},\"breadcrumb\":{\"@id\":\"https:\/\/franciscanos.org.br\/noticias\/benfeitores-tem-um-dia-com-maria-e-frei-galvao.html#breadcrumb\"},\"inLanguage\":\"pt-BR\",\"potentialAction\":[{\"@type\":\"ReadAction\",\"target\":[\"https:\/\/franciscanos.org.br\/noticias\/benfeitores-tem-um-dia-com-maria-e-frei-galvao.html\"]}]},{\"@type\":\"BreadcrumbList\",\"@id\":\"https:\/\/franciscanos.org.br\/noticias\/benfeitores-tem-um-dia-com-maria-e-frei-galvao.html#breadcrumb\",\"itemListElement\":[{\"@type\":\"ListItem\",\"position\":1,\"name\":\"Home\",\"item\":\"https:\/\/franciscanos.org.br\/noticias\"},{\"@type\":\"ListItem\",\"position\":2,\"name\":\"Benfeitores t\u00eam &#8220;Um dia com Maria e Frei Galv\u00e3o&#8221;\"}]},{\"@type\":\"Person\",\"@id\":\"https:\/\/franciscanos.org.br\/noticias\/#\/schema\/person\/b5c8cba458c330ccff548b056e95a5d4\",\"name\":\"moacir\",\"image\":{\"@type\":\"ImageObject\",\"inLanguage\":\"pt-BR\",\"@id\":\"https:\/\/franciscanos.org.br\/noticias\/#\/schema\/person\/image\/\",\"url\":\"https:\/\/secure.gravatar.com\/avatar\/d08aa2ce4c8dd416d4479aa8536fcf64?s=96&d=mm&r=g\",\"contentUrl\":\"https:\/\/secure.gravatar.com\/avatar\/d08aa2ce4c8dd416d4479aa8536fcf64?s=96&d=mm&r=g\",\"caption\":\"moacir\"},\"url\":\"https:\/\/franciscanos.org.br\/noticias\/author\/moacir\"}]}<\/script>\n<!-- \/ Yoast SEO plugin. -->","yoast_head_json":{"title":"Benfeitores t\u00eam \"Um dia com Maria e Frei Galv\u00e3o\" - Not\u00edcias - Franciscanos","robots":{"index":"index","follow":"follow","max-snippet":"max-snippet:-1","max-image-preview":"max-image-preview:large","max-video-preview":"max-video-preview:-1"},"canonical":"https:\/\/franciscanos.org.br\/noticias\/benfeitores-tem-um-dia-com-maria-e-frei-galvao.html","og_locale":"pt_BR","og_type":"article","og_title":"Benfeitores t\u00eam \"Um dia com Maria e Frei Galv\u00e3o\" - Not\u00edcias - Franciscanos","og_description":"Pr\u00f3-Voca\u00e7\u00f5es e Miss\u00f5es Franciscanas","og_url":"https:\/\/franciscanos.org.br\/noticias\/benfeitores-tem-um-dia-com-maria-e-frei-galvao.html","og_site_name":"Not\u00edcias - Franciscanos","article_published_time":"2019-06-18T10:07:53+00:00","og_image":[{"width":273,"height":181,"url":"https:\/\/franciscanos.org.br\/noticias\/wp-content\/uploads\/2019\/06\/pvf_180619_d.jpg","type":"image\/jpeg"}],"author":"moacir","twitter_card":"summary_large_image","twitter_misc":{"Escrito por":"moacir","Est. tempo de leitura":"3 minutos"},"schema":{"@context":"https:\/\/schema.org","@graph":[{"@type":"WebSite","@id":"https:\/\/franciscanos.org.br\/noticias\/#website","url":"https:\/\/franciscanos.org.br\/noticias\/","name":"Not\u00edcias - Franciscanos","description":"Prov\u00edncia Franciscana da Imaculada Concei\u00e7\u00e3o do Brasil - Ordem dos Frades Menores - OFM","potentialAction":[{"@type":"SearchAction","target":{"@type":"EntryPoint","urlTemplate":"https:\/\/franciscanos.org.br\/noticias\/?s={search_term_string}"},"query-input":"required name=search_term_string"}],"inLanguage":"pt-BR"},{"@type":"ImageObject","inLanguage":"pt-BR","@id":"https:\/\/franciscanos.org.br\/noticias\/benfeitores-tem-um-dia-com-maria-e-frei-galvao.html#primaryimage","url":"https:\/\/franciscanos.org.br\/noticias\/wp-content\/uploads\/2019\/06\/pvf_180619_d.jpg","contentUrl":"https:\/\/franciscanos.org.br\/noticias\/wp-content\/uploads\/2019\/06\/pvf_180619_d.jpg","width":273,"height":181},{"@type":"WebPage","@id":"https:\/\/franciscanos.org.br\/noticias\/benfeitores-tem-um-dia-com-maria-e-frei-galvao.html#webpage","url":"https:\/\/franciscanos.org.br\/noticias\/benfeitores-tem-um-dia-com-maria-e-frei-galvao.html","name":"Benfeitores t\u00eam \"Um dia com Maria e Frei Galv\u00e3o\" - Not\u00edcias - Franciscanos","isPartOf":{"@id":"https:\/\/franciscanos.org.br\/noticias\/#website"},"primaryImageOfPage":{"@id":"https:\/\/franciscanos.org.br\/noticias\/benfeitores-tem-um-dia-com-maria-e-frei-galvao.html#primaryimage"},"datePublished":"2019-06-18T10:07:53+00:00","dateModified":"2019-06-18T10:07:53+00:00","author":{"@id":"https:\/\/franciscanos.org.br\/noticias\/#\/schema\/person\/b5c8cba458c330ccff548b056e95a5d4"},"breadcrumb":{"@id":"https:\/\/franciscanos.org.br\/noticias\/benfeitores-tem-um-dia-com-maria-e-frei-galvao.html#breadcrumb"},"inLanguage":"pt-BR","potentialAction":[{"@type":"ReadAction","target":["https:\/\/franciscanos.org.br\/noticias\/benfeitores-tem-um-dia-com-maria-e-frei-galvao.html"]}]},{"@type":"BreadcrumbList","@id":"https:\/\/franciscanos.org.br\/noticias\/benfeitores-tem-um-dia-com-maria-e-frei-galvao.html#breadcrumb","itemListElement":[{"@type":"ListItem","position":1,"name":"Home","item":"https:\/\/franciscanos.org.br\/noticias"},{"@type":"ListItem","position":2,"name":"Benfeitores t\u00eam &#8220;Um dia com Maria e Frei Galv\u00e3o&#8221;"}]},{"@type":"Person","@id":"https:\/\/franciscanos.org.br\/noticias\/#\/schema\/person\/b5c8cba458c330ccff548b056e95a5d4","name":"moacir","image":{"@type":"ImageObject","inLanguage":"pt-BR","@id":"https:\/\/franciscanos.org.br\/noticias\/#\/schema\/person\/image\/","url":"https:\/\/secure.gravatar.com\/avatar\/d08aa2ce4c8dd416d4479aa8536fcf64?s=96&d=mm&r=g","contentUrl":"https:\/\/secure.gravatar.com\/avatar\/d08aa2ce4c8dd416d4479aa8536fcf64?s=96&d=mm&r=g","caption":"moacir"},"url":"https:\/\/franciscanos.org.br\/noticias\/author\/moacir"}]}},"_links":{"self":[{"href":"https:\/\/franciscanos.org.br\/noticias\/wp-json\/wp\/v2\/posts\/206427"}],"collection":[{"href":"https:\/\/franciscanos.org.br\/noticias\/wp-json\/wp\/v2\/posts"}],"about":[{"href":"https:\/\/franciscanos.org.br\/noticias\/wp-json\/wp\/v2\/types\/post"}],"author":[{"embeddable":true,"href":"https:\/\/franciscanos.org.br\/noticias\/wp-json\/wp\/v2\/users\/3"}],"replies":[{"embeddable":true,"href":"https:\/\/franciscanos.org.br\/noticias\/wp-json\/wp\/v2\/comments?post=206427"}],"version-history":[{"count":0,"href":"https:\/\/franciscanos.org.br\/noticias\/wp-json\/wp\/v2\/posts\/206427\/revisions"}],"wp:featuredmedia":[{"embeddable":true,"href":"https:\/\/franciscanos.org.br\/noticias\/wp-json\/wp\/v2\/media\/206431"}],"wp:attachment":[{"href":"https:\/\/franciscanos.org.br\/noticias\/wp-json\/wp\/v2\/media?parent=206427"}],"wp:term":[{"taxonomy":"category","embeddable":true,"href":"https:\/\/franciscanos.org.br\/noticias\/wp-json\/wp\/v2\/categories?post=206427"},{"taxonomy":"post_tag","embeddable":true,"href":"https:\/\/franciscanos.org.br\/noticias\/wp-json\/wp\/v2\/tags?post=206427"}],"curies":[{"name":"wp","href":"https:\/\/api.w.org\/{rel}","templated":true}]}}