{"id":206416,"date":"2019-06-17T09:20:12","date_gmt":"2019-06-17T12:20:12","guid":{"rendered":"https:\/\/franciscanos.org.br\/noticias\/?p=206416"},"modified":"2019-06-17T09:20:12","modified_gmt":"2019-06-17T12:20:12","slug":"encontro-vocacional-reune-26-jovens-em-guaratingueta","status":"publish","type":"post","link":"https:\/\/franciscanos.org.br\/noticias\/encontro-vocacional-reune-26-jovens-em-guaratingueta.html","title":{"rendered":"Encontro Vocacional re\u00fane 26 jovens em Guaratinguet\u00e1"},"content":{"rendered":"<p><img loading=\"lazy\" class=\"alignnone size-full wp-image-206417\" src=\"https:\/\/franciscanos.org.br\/noticias\/wp-content\/uploads\/2019\/06\/sav_170619.jpg\" alt=\"\" width=\"890\" height=\"549\" srcset=\"https:\/\/franciscanos.org.br\/noticias\/wp-content\/uploads\/2019\/06\/sav_170619.jpg 890w, https:\/\/franciscanos.org.br\/noticias\/wp-content\/uploads\/2019\/06\/sav_170619-450x278.jpg 450w, https:\/\/franciscanos.org.br\/noticias\/wp-content\/uploads\/2019\/06\/sav_170619-768x474.jpg 768w, https:\/\/franciscanos.org.br\/noticias\/wp-content\/uploads\/2019\/06\/sav_170619-150x93.jpg 150w\" sizes=\"(max-width: 890px) 100vw, 890px\" \/><\/p>\n<p><strong>Frei V\u00edtor da Silva Am\u00e2ncio<\/strong><\/p>\n<p><strong>Guaratinguet\u00e1 (SP)<\/strong> &#8211; Neste \u00faltimo final de semana, de 14 a 16 de junho, 26 jovens candidatos \u00e0 vida religiosa franciscana se reuniram em Guaratinguet\u00e1 para o Encontro Vocacional da Regi\u00e3o de S\u00e3o Paulo. Eles foram acolhidos na noite da sexta-feira, 14, no Semin\u00e1rio Frei Galv\u00e3o e foram inseridos na din\u00e2mica da casa, participando da rotina de ora\u00e7\u00e3o do Postulantado.<\/p>\n<p>Ainda na sexta-feira, receberam uma breve forma\u00e7\u00e3o sobre o itiner\u00e1rio formativo, da qual a casa que os acolheu faz parte. Na manh\u00e3 do s\u00e1bado os vocacionados aprofundaram a tem\u00e1tica da voca\u00e7\u00e3o de S\u00e3o Francisco, na qual conheceram mais sobre o processo de convers\u00e3o que levou o nosso Pai Ser\u00e1fico a abra\u00e7ar o caminho da penit\u00eancia.<\/p>\n<p>Este di\u00e1logo contou com a participa\u00e7\u00e3o de Frei Vitor Am\u00e2ncio, Frei Marx Rodrigues dos Reis e Frei Leandro Costa que colaboraram ao relatar um pouco sobre suas experi\u00eancias, levando os vocacionados a aprofundarem a dimens\u00e3o pessoal na voca\u00e7\u00e3o franciscana.<\/p>\n<p><img loading=\"lazy\" class=\"alignnone size-full wp-image-206418\" src=\"https:\/\/franciscanos.org.br\/noticias\/wp-content\/uploads\/2019\/06\/sav_170619_1.jpg\" alt=\"\" width=\"890\" height=\"590\" srcset=\"https:\/\/franciscanos.org.br\/noticias\/wp-content\/uploads\/2019\/06\/sav_170619_1.jpg 890w, https:\/\/franciscanos.org.br\/noticias\/wp-content\/uploads\/2019\/06\/sav_170619_1-450x298.jpg 450w, https:\/\/franciscanos.org.br\/noticias\/wp-content\/uploads\/2019\/06\/sav_170619_1-768x509.jpg 768w, https:\/\/franciscanos.org.br\/noticias\/wp-content\/uploads\/2019\/06\/sav_170619_1-150x99.jpg 150w\" sizes=\"(max-width: 890px) 100vw, 890px\" \/><\/p>\n<p>No per\u00edodo da tarde, os vocacionados, juntos com Frei Diego Atalino de Melo, visitaram a Casa de Apoio Sol Nascente, projeto ligado \u00e0 Fazenda da Esperan\u00e7a que acolhe soropositivos para tratamento intensivo, como experi\u00eancia de encontro com o irm\u00e3o sofredor, elemento fundamental em nossa espiritualidade. Esta din\u00e2mica do encontro despontou novamente quando, durante a noite, os postulantes conduziram uma m\u00edstica com a tem\u00e1tica do encontro de S\u00e3o Francisco com o crucifixo de S\u00e3o Dami\u00e3o. Frei Leandro fez exp\u00f4s o Sant\u00edssimo Sacramento e rezou pelas voca\u00e7\u00f5es de cada um que ali estava. Uma presen\u00e7a marcante no encontro foi a de Frei Ricardo Backes, animador vocacional em Bauru, que acompanhou o encontro junto conosco.<\/p>\n<p>No domingo de manh\u00e3, houve uma partilha sobre a nossa Prov\u00edncia Franciscana a Imaculada Concei\u00e7\u00e3o do Brasil, apresentando as suas Frentes de Evangeliza\u00e7\u00e3o em sua complexa realidade. Momento prop\u00edcio para os vocacionados conhecerem a nossa miss\u00e3o evangelizadora que, como futuros frades, ir\u00e3o assumir com afinco. Na mesma manh\u00e3, os vocacionados participaram da Celebra\u00e7\u00e3o Eucar\u00edstica da Solenidade da Sant\u00edssima Trindade junto ao povo que frequenta as missas do Semin\u00e1rio Frei Galv\u00e3o.<\/p>\n<p><img loading=\"lazy\" class=\"alignnone size-full wp-image-206419\" src=\"https:\/\/franciscanos.org.br\/noticias\/wp-content\/uploads\/2019\/06\/sav_170619_2.jpg\" alt=\"\" width=\"890\" height=\"470\" srcset=\"https:\/\/franciscanos.org.br\/noticias\/wp-content\/uploads\/2019\/06\/sav_170619_2.jpg 890w, https:\/\/franciscanos.org.br\/noticias\/wp-content\/uploads\/2019\/06\/sav_170619_2-450x238.jpg 450w, https:\/\/franciscanos.org.br\/noticias\/wp-content\/uploads\/2019\/06\/sav_170619_2-768x406.jpg 768w, https:\/\/franciscanos.org.br\/noticias\/wp-content\/uploads\/2019\/06\/sav_170619_2-150x79.jpg 150w\" sizes=\"(max-width: 890px) 100vw, 890px\" \/><\/p>\n<p>O Encontro Vocacional Regional \u00e9 promovido pelo Servi\u00e7o de Anima\u00e7\u00e3o Vocacional da Prov\u00edncia e visa refor\u00e7ar os la\u00e7os com os vocacionados que s\u00e3o acompanhados por nossas Fraternidades. Se voc\u00ea deseja saber mais ou fazer parte do acompanhamento vocacional com nossos frades, entre em contato conosco atrav\u00e9s do e-mail: sav@franciscanos.org.br ou pelo nosso WhatsApp: (11) 96607-3441.<\/p>\n<p><img loading=\"lazy\" class=\"alignnone size-full wp-image-206420\" src=\"https:\/\/franciscanos.org.br\/noticias\/wp-content\/uploads\/2019\/06\/sav_170619_3.jpg\" alt=\"\" width=\"890\" height=\"500\" srcset=\"https:\/\/franciscanos.org.br\/noticias\/wp-content\/uploads\/2019\/06\/sav_170619_3.jpg 890w, https:\/\/franciscanos.org.br\/noticias\/wp-content\/uploads\/2019\/06\/sav_170619_3-450x253.jpg 450w, https:\/\/franciscanos.org.br\/noticias\/wp-content\/uploads\/2019\/06\/sav_170619_3-768x431.jpg 768w, https:\/\/franciscanos.org.br\/noticias\/wp-content\/uploads\/2019\/06\/sav_170619_3-150x84.jpg 150w\" sizes=\"(max-width: 890px) 100vw, 890px\" \/><\/p>\n","protected":false},"excerpt":{"rendered":"<p>Encontro Vocacional em Guaratinguet\u00e1<\/p>\n","protected":false},"author":3,"featured_media":206421,"comment_status":"open","ping_status":"open","sticky":false,"template":"","format":"standard","meta":[],"categories":[1],"tags":[552],"acf":[],"yoast_head":"<!-- This site is optimized with the Yoast SEO plugin v19.2 - https:\/\/yoast.com\/wordpress\/plugins\/seo\/ -->\n<title>Encontro Vocacional re\u00fane 26 jovens em Guaratinguet\u00e1 - Not\u00edcias - Franciscanos<\/title>\n<meta name=\"robots\" content=\"index, follow, max-snippet:-1, max-image-preview:large, max-video-preview:-1\" \/>\n<link rel=\"canonical\" href=\"https:\/\/franciscanos.org.br\/noticias\/encontro-vocacional-reune-26-jovens-em-guaratingueta.html\" \/>\n<meta property=\"og:locale\" content=\"pt_BR\" \/>\n<meta property=\"og:type\" content=\"article\" \/>\n<meta property=\"og:title\" content=\"Encontro Vocacional re\u00fane 26 jovens em Guaratinguet\u00e1 - Not\u00edcias - Franciscanos\" \/>\n<meta property=\"og:description\" content=\"Encontro Vocacional em Guaratinguet\u00e1\" \/>\n<meta property=\"og:url\" content=\"https:\/\/franciscanos.org.br\/noticias\/encontro-vocacional-reune-26-jovens-em-guaratingueta.html\" \/>\n<meta property=\"og:site_name\" content=\"Not\u00edcias - Franciscanos\" \/>\n<meta property=\"article:published_time\" content=\"2019-06-17T12:20:12+00:00\" \/>\n<meta property=\"og:image\" content=\"https:\/\/franciscanos.org.br\/noticias\/wp-content\/uploads\/2019\/06\/sav_170619d.jpg\" \/>\n\t<meta property=\"og:image:width\" content=\"273\" \/>\n\t<meta property=\"og:image:height\" content=\"181\" \/>\n\t<meta property=\"og:image:type\" content=\"image\/jpeg\" \/>\n<meta name=\"author\" content=\"moacir\" \/>\n<meta name=\"twitter:card\" content=\"summary_large_image\" \/>\n<meta name=\"twitter:label1\" content=\"Escrito por\" \/>\n\t<meta name=\"twitter:data1\" content=\"moacir\" \/>\n\t<meta name=\"twitter:label2\" content=\"Est. tempo de leitura\" \/>\n\t<meta name=\"twitter:data2\" content=\"2 minutos\" \/>\n<script type=\"application\/ld+json\" class=\"yoast-schema-graph\">{\"@context\":\"https:\/\/schema.org\",\"@graph\":[{\"@type\":\"WebSite\",\"@id\":\"https:\/\/franciscanos.org.br\/noticias\/#website\",\"url\":\"https:\/\/franciscanos.org.br\/noticias\/\",\"name\":\"Not\u00edcias - Franciscanos\",\"description\":\"Prov\u00edncia Franciscana da Imaculada Concei\u00e7\u00e3o do Brasil - Ordem dos Frades Menores - OFM\",\"potentialAction\":[{\"@type\":\"SearchAction\",\"target\":{\"@type\":\"EntryPoint\",\"urlTemplate\":\"https:\/\/franciscanos.org.br\/noticias\/?s={search_term_string}\"},\"query-input\":\"required name=search_term_string\"}],\"inLanguage\":\"pt-BR\"},{\"@type\":\"ImageObject\",\"inLanguage\":\"pt-BR\",\"@id\":\"https:\/\/franciscanos.org.br\/noticias\/encontro-vocacional-reune-26-jovens-em-guaratingueta.html#primaryimage\",\"url\":\"https:\/\/franciscanos.org.br\/noticias\/wp-content\/uploads\/2019\/06\/sav_170619d.jpg\",\"contentUrl\":\"https:\/\/franciscanos.org.br\/noticias\/wp-content\/uploads\/2019\/06\/sav_170619d.jpg\",\"width\":273,\"height\":181},{\"@type\":\"WebPage\",\"@id\":\"https:\/\/franciscanos.org.br\/noticias\/encontro-vocacional-reune-26-jovens-em-guaratingueta.html#webpage\",\"url\":\"https:\/\/franciscanos.org.br\/noticias\/encontro-vocacional-reune-26-jovens-em-guaratingueta.html\",\"name\":\"Encontro Vocacional re\u00fane 26 jovens em Guaratinguet\u00e1 - Not\u00edcias - Franciscanos\",\"isPartOf\":{\"@id\":\"https:\/\/franciscanos.org.br\/noticias\/#website\"},\"primaryImageOfPage\":{\"@id\":\"https:\/\/franciscanos.org.br\/noticias\/encontro-vocacional-reune-26-jovens-em-guaratingueta.html#primaryimage\"},\"datePublished\":\"2019-06-17T12:20:12+00:00\",\"dateModified\":\"2019-06-17T12:20:12+00:00\",\"author\":{\"@id\":\"https:\/\/franciscanos.org.br\/noticias\/#\/schema\/person\/b5c8cba458c330ccff548b056e95a5d4\"},\"breadcrumb\":{\"@id\":\"https:\/\/franciscanos.org.br\/noticias\/encontro-vocacional-reune-26-jovens-em-guaratingueta.html#breadcrumb\"},\"inLanguage\":\"pt-BR\",\"potentialAction\":[{\"@type\":\"ReadAction\",\"target\":[\"https:\/\/franciscanos.org.br\/noticias\/encontro-vocacional-reune-26-jovens-em-guaratingueta.html\"]}]},{\"@type\":\"BreadcrumbList\",\"@id\":\"https:\/\/franciscanos.org.br\/noticias\/encontro-vocacional-reune-26-jovens-em-guaratingueta.html#breadcrumb\",\"itemListElement\":[{\"@type\":\"ListItem\",\"position\":1,\"name\":\"Home\",\"item\":\"https:\/\/franciscanos.org.br\/noticias\"},{\"@type\":\"ListItem\",\"position\":2,\"name\":\"Encontro Vocacional re\u00fane 26 jovens em Guaratinguet\u00e1\"}]},{\"@type\":\"Person\",\"@id\":\"https:\/\/franciscanos.org.br\/noticias\/#\/schema\/person\/b5c8cba458c330ccff548b056e95a5d4\",\"name\":\"moacir\",\"image\":{\"@type\":\"ImageObject\",\"inLanguage\":\"pt-BR\",\"@id\":\"https:\/\/franciscanos.org.br\/noticias\/#\/schema\/person\/image\/\",\"url\":\"https:\/\/secure.gravatar.com\/avatar\/d08aa2ce4c8dd416d4479aa8536fcf64?s=96&d=mm&r=g\",\"contentUrl\":\"https:\/\/secure.gravatar.com\/avatar\/d08aa2ce4c8dd416d4479aa8536fcf64?s=96&d=mm&r=g\",\"caption\":\"moacir\"},\"url\":\"https:\/\/franciscanos.org.br\/noticias\/author\/moacir\"}]}<\/script>\n<!-- \/ Yoast SEO plugin. -->","yoast_head_json":{"title":"Encontro Vocacional re\u00fane 26 jovens em Guaratinguet\u00e1 - Not\u00edcias - Franciscanos","robots":{"index":"index","follow":"follow","max-snippet":"max-snippet:-1","max-image-preview":"max-image-preview:large","max-video-preview":"max-video-preview:-1"},"canonical":"https:\/\/franciscanos.org.br\/noticias\/encontro-vocacional-reune-26-jovens-em-guaratingueta.html","og_locale":"pt_BR","og_type":"article","og_title":"Encontro Vocacional re\u00fane 26 jovens em Guaratinguet\u00e1 - Not\u00edcias - Franciscanos","og_description":"Encontro Vocacional em Guaratinguet\u00e1","og_url":"https:\/\/franciscanos.org.br\/noticias\/encontro-vocacional-reune-26-jovens-em-guaratingueta.html","og_site_name":"Not\u00edcias - Franciscanos","article_published_time":"2019-06-17T12:20:12+00:00","og_image":[{"width":273,"height":181,"url":"https:\/\/franciscanos.org.br\/noticias\/wp-content\/uploads\/2019\/06\/sav_170619d.jpg","type":"image\/jpeg"}],"author":"moacir","twitter_card":"summary_large_image","twitter_misc":{"Escrito por":"moacir","Est. tempo de leitura":"2 minutos"},"schema":{"@context":"https:\/\/schema.org","@graph":[{"@type":"WebSite","@id":"https:\/\/franciscanos.org.br\/noticias\/#website","url":"https:\/\/franciscanos.org.br\/noticias\/","name":"Not\u00edcias - Franciscanos","description":"Prov\u00edncia Franciscana da Imaculada Concei\u00e7\u00e3o do Brasil - Ordem dos Frades Menores - OFM","potentialAction":[{"@type":"SearchAction","target":{"@type":"EntryPoint","urlTemplate":"https:\/\/franciscanos.org.br\/noticias\/?s={search_term_string}"},"query-input":"required name=search_term_string"}],"inLanguage":"pt-BR"},{"@type":"ImageObject","inLanguage":"pt-BR","@id":"https:\/\/franciscanos.org.br\/noticias\/encontro-vocacional-reune-26-jovens-em-guaratingueta.html#primaryimage","url":"https:\/\/franciscanos.org.br\/noticias\/wp-content\/uploads\/2019\/06\/sav_170619d.jpg","contentUrl":"https:\/\/franciscanos.org.br\/noticias\/wp-content\/uploads\/2019\/06\/sav_170619d.jpg","width":273,"height":181},{"@type":"WebPage","@id":"https:\/\/franciscanos.org.br\/noticias\/encontro-vocacional-reune-26-jovens-em-guaratingueta.html#webpage","url":"https:\/\/franciscanos.org.br\/noticias\/encontro-vocacional-reune-26-jovens-em-guaratingueta.html","name":"Encontro Vocacional re\u00fane 26 jovens em Guaratinguet\u00e1 - Not\u00edcias - Franciscanos","isPartOf":{"@id":"https:\/\/franciscanos.org.br\/noticias\/#website"},"primaryImageOfPage":{"@id":"https:\/\/franciscanos.org.br\/noticias\/encontro-vocacional-reune-26-jovens-em-guaratingueta.html#primaryimage"},"datePublished":"2019-06-17T12:20:12+00:00","dateModified":"2019-06-17T12:20:12+00:00","author":{"@id":"https:\/\/franciscanos.org.br\/noticias\/#\/schema\/person\/b5c8cba458c330ccff548b056e95a5d4"},"breadcrumb":{"@id":"https:\/\/franciscanos.org.br\/noticias\/encontro-vocacional-reune-26-jovens-em-guaratingueta.html#breadcrumb"},"inLanguage":"pt-BR","potentialAction":[{"@type":"ReadAction","target":["https:\/\/franciscanos.org.br\/noticias\/encontro-vocacional-reune-26-jovens-em-guaratingueta.html"]}]},{"@type":"BreadcrumbList","@id":"https:\/\/franciscanos.org.br\/noticias\/encontro-vocacional-reune-26-jovens-em-guaratingueta.html#breadcrumb","itemListElement":[{"@type":"ListItem","position":1,"name":"Home","item":"https:\/\/franciscanos.org.br\/noticias"},{"@type":"ListItem","position":2,"name":"Encontro Vocacional re\u00fane 26 jovens em Guaratinguet\u00e1"}]},{"@type":"Person","@id":"https:\/\/franciscanos.org.br\/noticias\/#\/schema\/person\/b5c8cba458c330ccff548b056e95a5d4","name":"moacir","image":{"@type":"ImageObject","inLanguage":"pt-BR","@id":"https:\/\/franciscanos.org.br\/noticias\/#\/schema\/person\/image\/","url":"https:\/\/secure.gravatar.com\/avatar\/d08aa2ce4c8dd416d4479aa8536fcf64?s=96&d=mm&r=g","contentUrl":"https:\/\/secure.gravatar.com\/avatar\/d08aa2ce4c8dd416d4479aa8536fcf64?s=96&d=mm&r=g","caption":"moacir"},"url":"https:\/\/franciscanos.org.br\/noticias\/author\/moacir"}]}},"_links":{"self":[{"href":"https:\/\/franciscanos.org.br\/noticias\/wp-json\/wp\/v2\/posts\/206416"}],"collection":[{"href":"https:\/\/franciscanos.org.br\/noticias\/wp-json\/wp\/v2\/posts"}],"about":[{"href":"https:\/\/franciscanos.org.br\/noticias\/wp-json\/wp\/v2\/types\/post"}],"author":[{"embeddable":true,"href":"https:\/\/franciscanos.org.br\/noticias\/wp-json\/wp\/v2\/users\/3"}],"replies":[{"embeddable":true,"href":"https:\/\/franciscanos.org.br\/noticias\/wp-json\/wp\/v2\/comments?post=206416"}],"version-history":[{"count":0,"href":"https:\/\/franciscanos.org.br\/noticias\/wp-json\/wp\/v2\/posts\/206416\/revisions"}],"wp:featuredmedia":[{"embeddable":true,"href":"https:\/\/franciscanos.org.br\/noticias\/wp-json\/wp\/v2\/media\/206421"}],"wp:attachment":[{"href":"https:\/\/franciscanos.org.br\/noticias\/wp-json\/wp\/v2\/media?parent=206416"}],"wp:term":[{"taxonomy":"category","embeddable":true,"href":"https:\/\/franciscanos.org.br\/noticias\/wp-json\/wp\/v2\/categories?post=206416"},{"taxonomy":"post_tag","embeddable":true,"href":"https:\/\/franciscanos.org.br\/noticias\/wp-json\/wp\/v2\/tags?post=206416"}],"curies":[{"name":"wp","href":"https:\/\/api.w.org\/{rel}","templated":true}]}}