{"id":206409,"date":"2019-06-17T08:13:59","date_gmt":"2019-06-17T11:13:59","guid":{"rendered":"https:\/\/franciscanos.org.br\/noticias\/?p=206409"},"modified":"2019-06-17T08:30:12","modified_gmt":"2019-06-17T11:30:12","slug":"festa-junina-na-comunidade-da-rocinha","status":"publish","type":"post","link":"https:\/\/franciscanos.org.br\/noticias\/festa-junina-na-comunidade-da-rocinha.html","title":{"rendered":"Festa junina na Comunidade da Rocinha"},"content":{"rendered":"<p><img loading=\"lazy\" class=\"alignnone size-full wp-image-206410\" src=\"https:\/\/franciscanos.org.br\/noticias\/wp-content\/uploads\/2019\/06\/rocinha_170619.jpg\" alt=\"\" width=\"890\" height=\"668\" srcset=\"https:\/\/franciscanos.org.br\/noticias\/wp-content\/uploads\/2019\/06\/rocinha_170619.jpg 890w, https:\/\/franciscanos.org.br\/noticias\/wp-content\/uploads\/2019\/06\/rocinha_170619-450x338.jpg 450w, https:\/\/franciscanos.org.br\/noticias\/wp-content\/uploads\/2019\/06\/rocinha_170619-768x576.jpg 768w, https:\/\/franciscanos.org.br\/noticias\/wp-content\/uploads\/2019\/06\/rocinha_170619-150x113.jpg 150w\" sizes=\"(max-width: 890px) 100vw, 890px\" \/><\/p>\n<p>Durante os dias 7, 8, 14 e 15 deste m\u00eas realizou-se, na Comunidade da Rocinha, a tradicional Festa Junina da Par\u00f3quia Nossa Senhora da Boa Viagem. Evento que mobiliza todos os membros de pastorais e que proporciona \u00e0 comunidade quatro noites de alegria e de resgate das heran\u00e7as culturais nordestinas, regi\u00e3o de onde veio a maioria dos moradores da Rocinha.<\/p>\n<p>Canjica, milho, churrasco, forr\u00f3, quadrilhas e muitas brincadeiras transformam o p\u00e1tio da igreja em um ref\u00fagio para toda a fam\u00edlia, onde \u00e9 poss\u00edvel se divertir e aproveitar as festividades de junho sem grandes preocupa\u00e7\u00f5es. A \u00fanica preocupa\u00e7\u00e3o talvez tenha sido o espa\u00e7o, que se tornou um formigueiro por conta das milhares de pessoas que passaram por l\u00e1 nos dois finais de semana. E os paroquianos podem aproveitar n\u00e3o s\u00f3 a festa, como tamb\u00e9m seus frutos, j\u00e1 que com o dinheiro arrecadado s\u00e3o esperadas diferentes obras de reforma e amplia\u00e7\u00e3o da Casa de Deus.<\/p>\n<p><img loading=\"lazy\" class=\"alignnone size-full wp-image-206412\" src=\"https:\/\/franciscanos.org.br\/noticias\/wp-content\/uploads\/2019\/06\/rocinha_170619_1.jpg\" alt=\"\" width=\"890\" height=\"668\" srcset=\"https:\/\/franciscanos.org.br\/noticias\/wp-content\/uploads\/2019\/06\/rocinha_170619_1.jpg 890w, https:\/\/franciscanos.org.br\/noticias\/wp-content\/uploads\/2019\/06\/rocinha_170619_1-450x338.jpg 450w, https:\/\/franciscanos.org.br\/noticias\/wp-content\/uploads\/2019\/06\/rocinha_170619_1-768x576.jpg 768w, https:\/\/franciscanos.org.br\/noticias\/wp-content\/uploads\/2019\/06\/rocinha_170619_1-150x113.jpg 150w\" sizes=\"(max-width: 890px) 100vw, 890px\" \/><\/p>\n<p>Legado e Tradi\u00e7\u00e3o<\/p>\n<p>A Par\u00f3quia, que no ano passado completou 80 anos de exist\u00eancia, teve sempre em sua hist\u00f3ria a presen\u00e7a desta festa que j\u00e1 mobilizou diferentes gera\u00e7\u00f5es. Dona Therezinha, de 92 anos, lembra que &#8220;antigamente as salsichas do cachorro-quente eram preparadas em sua casa e em seguida levadas para a barraca&#8221;. J\u00e1 seu neto, que fez a crisma recentemente, pelo terceiro ano atua em diferentes barracas, mantendo assim vivo o legado de sua v\u00f3 e tamb\u00e9m a tradi\u00e7\u00e3o paroquial de tantas d\u00e9cadas.<\/p>\n<p>E festa \u00e9 conhecida como Arrai\u00e1 da Funda\u00e7\u00e3o devido \u00e0 antiga presen\u00e7a da Funda\u00e7\u00e3o Le\u00e3o XIII que auxiliava os moradores e funcionava num pr\u00e9dio anexo \u00e0 igreja. Ainda hoje, essa localidade na Rocinha \u00e9 conhecida como Funda\u00e7\u00e3o, ainda que ela j\u00e1 n\u00e3o exista mais ali, como ocorre com os nomes de outros sub-bairros da comunidade.<\/p>\n<p><img loading=\"lazy\" class=\"alignnone size-full wp-image-206413\" src=\"https:\/\/franciscanos.org.br\/noticias\/wp-content\/uploads\/2019\/06\/rocinha_170619_2.jpg\" alt=\"\" width=\"890\" height=\"690\" srcset=\"https:\/\/franciscanos.org.br\/noticias\/wp-content\/uploads\/2019\/06\/rocinha_170619_2.jpg 890w, https:\/\/franciscanos.org.br\/noticias\/wp-content\/uploads\/2019\/06\/rocinha_170619_2-450x349.jpg 450w, https:\/\/franciscanos.org.br\/noticias\/wp-content\/uploads\/2019\/06\/rocinha_170619_2-768x595.jpg 768w, https:\/\/franciscanos.org.br\/noticias\/wp-content\/uploads\/2019\/06\/rocinha_170619_2-150x116.jpg 150w\" sizes=\"(max-width: 890px) 100vw, 890px\" \/><\/p>\n<p><em>Pascom da Par\u00f3quia Nossa Senhora da Boa Viagem<\/em><\/p>\n","protected":false},"excerpt":{"rendered":"<p>Festa Junina na Comunidade da Rocinha<\/p>\n","protected":false},"author":3,"featured_media":206411,"comment_status":"open","ping_status":"open","sticky":false,"template":"","format":"standard","meta":[],"categories":[1],"tags":[696],"acf":[],"yoast_head":"<!-- This site is optimized with the Yoast SEO plugin v19.2 - https:\/\/yoast.com\/wordpress\/plugins\/seo\/ -->\n<title>Festa junina na Comunidade da Rocinha - Not\u00edcias - Franciscanos<\/title>\n<meta name=\"robots\" content=\"index, follow, max-snippet:-1, max-image-preview:large, max-video-preview:-1\" \/>\n<link rel=\"canonical\" href=\"https:\/\/franciscanos.org.br\/noticias\/festa-junina-na-comunidade-da-rocinha.html\" \/>\n<meta property=\"og:locale\" content=\"pt_BR\" \/>\n<meta property=\"og:type\" content=\"article\" \/>\n<meta property=\"og:title\" content=\"Festa junina na Comunidade da Rocinha - Not\u00edcias - Franciscanos\" \/>\n<meta property=\"og:description\" content=\"Festa Junina na Comunidade da Rocinha\" \/>\n<meta property=\"og:url\" content=\"https:\/\/franciscanos.org.br\/noticias\/festa-junina-na-comunidade-da-rocinha.html\" \/>\n<meta property=\"og:site_name\" content=\"Not\u00edcias - Franciscanos\" \/>\n<meta property=\"article:published_time\" content=\"2019-06-17T11:13:59+00:00\" \/>\n<meta property=\"article:modified_time\" content=\"2019-06-17T11:30:12+00:00\" \/>\n<meta property=\"og:image\" content=\"https:\/\/franciscanos.org.br\/noticias\/wp-content\/uploads\/2019\/06\/rocinha_170619_d.jpg\" \/>\n\t<meta property=\"og:image:width\" content=\"273\" \/>\n\t<meta property=\"og:image:height\" content=\"181\" \/>\n\t<meta property=\"og:image:type\" content=\"image\/jpeg\" \/>\n<meta name=\"author\" content=\"moacir\" \/>\n<meta name=\"twitter:card\" content=\"summary_large_image\" \/>\n<meta name=\"twitter:label1\" content=\"Escrito por\" \/>\n\t<meta name=\"twitter:data1\" content=\"moacir\" \/>\n\t<meta name=\"twitter:label2\" content=\"Est. tempo de leitura\" \/>\n\t<meta name=\"twitter:data2\" content=\"2 minutos\" \/>\n<script type=\"application\/ld+json\" class=\"yoast-schema-graph\">{\"@context\":\"https:\/\/schema.org\",\"@graph\":[{\"@type\":\"WebSite\",\"@id\":\"https:\/\/franciscanos.org.br\/noticias\/#website\",\"url\":\"https:\/\/franciscanos.org.br\/noticias\/\",\"name\":\"Not\u00edcias - Franciscanos\",\"description\":\"Prov\u00edncia Franciscana da Imaculada Concei\u00e7\u00e3o do Brasil - Ordem dos Frades Menores - OFM\",\"potentialAction\":[{\"@type\":\"SearchAction\",\"target\":{\"@type\":\"EntryPoint\",\"urlTemplate\":\"https:\/\/franciscanos.org.br\/noticias\/?s={search_term_string}\"},\"query-input\":\"required name=search_term_string\"}],\"inLanguage\":\"pt-BR\"},{\"@type\":\"ImageObject\",\"inLanguage\":\"pt-BR\",\"@id\":\"https:\/\/franciscanos.org.br\/noticias\/festa-junina-na-comunidade-da-rocinha.html#primaryimage\",\"url\":\"https:\/\/franciscanos.org.br\/noticias\/wp-content\/uploads\/2019\/06\/rocinha_170619_d.jpg\",\"contentUrl\":\"https:\/\/franciscanos.org.br\/noticias\/wp-content\/uploads\/2019\/06\/rocinha_170619_d.jpg\",\"width\":273,\"height\":181},{\"@type\":\"WebPage\",\"@id\":\"https:\/\/franciscanos.org.br\/noticias\/festa-junina-na-comunidade-da-rocinha.html#webpage\",\"url\":\"https:\/\/franciscanos.org.br\/noticias\/festa-junina-na-comunidade-da-rocinha.html\",\"name\":\"Festa junina na Comunidade da Rocinha - Not\u00edcias - Franciscanos\",\"isPartOf\":{\"@id\":\"https:\/\/franciscanos.org.br\/noticias\/#website\"},\"primaryImageOfPage\":{\"@id\":\"https:\/\/franciscanos.org.br\/noticias\/festa-junina-na-comunidade-da-rocinha.html#primaryimage\"},\"datePublished\":\"2019-06-17T11:13:59+00:00\",\"dateModified\":\"2019-06-17T11:30:12+00:00\",\"author\":{\"@id\":\"https:\/\/franciscanos.org.br\/noticias\/#\/schema\/person\/b5c8cba458c330ccff548b056e95a5d4\"},\"breadcrumb\":{\"@id\":\"https:\/\/franciscanos.org.br\/noticias\/festa-junina-na-comunidade-da-rocinha.html#breadcrumb\"},\"inLanguage\":\"pt-BR\",\"potentialAction\":[{\"@type\":\"ReadAction\",\"target\":[\"https:\/\/franciscanos.org.br\/noticias\/festa-junina-na-comunidade-da-rocinha.html\"]}]},{\"@type\":\"BreadcrumbList\",\"@id\":\"https:\/\/franciscanos.org.br\/noticias\/festa-junina-na-comunidade-da-rocinha.html#breadcrumb\",\"itemListElement\":[{\"@type\":\"ListItem\",\"position\":1,\"name\":\"Home\",\"item\":\"https:\/\/franciscanos.org.br\/noticias\"},{\"@type\":\"ListItem\",\"position\":2,\"name\":\"Festa junina na Comunidade da Rocinha\"}]},{\"@type\":\"Person\",\"@id\":\"https:\/\/franciscanos.org.br\/noticias\/#\/schema\/person\/b5c8cba458c330ccff548b056e95a5d4\",\"name\":\"moacir\",\"image\":{\"@type\":\"ImageObject\",\"inLanguage\":\"pt-BR\",\"@id\":\"https:\/\/franciscanos.org.br\/noticias\/#\/schema\/person\/image\/\",\"url\":\"https:\/\/secure.gravatar.com\/avatar\/d08aa2ce4c8dd416d4479aa8536fcf64?s=96&d=mm&r=g\",\"contentUrl\":\"https:\/\/secure.gravatar.com\/avatar\/d08aa2ce4c8dd416d4479aa8536fcf64?s=96&d=mm&r=g\",\"caption\":\"moacir\"},\"url\":\"https:\/\/franciscanos.org.br\/noticias\/author\/moacir\"}]}<\/script>\n<!-- \/ Yoast SEO plugin. -->","yoast_head_json":{"title":"Festa junina na Comunidade da Rocinha - Not\u00edcias - Franciscanos","robots":{"index":"index","follow":"follow","max-snippet":"max-snippet:-1","max-image-preview":"max-image-preview:large","max-video-preview":"max-video-preview:-1"},"canonical":"https:\/\/franciscanos.org.br\/noticias\/festa-junina-na-comunidade-da-rocinha.html","og_locale":"pt_BR","og_type":"article","og_title":"Festa junina na Comunidade da Rocinha - Not\u00edcias - Franciscanos","og_description":"Festa Junina na Comunidade da Rocinha","og_url":"https:\/\/franciscanos.org.br\/noticias\/festa-junina-na-comunidade-da-rocinha.html","og_site_name":"Not\u00edcias - Franciscanos","article_published_time":"2019-06-17T11:13:59+00:00","article_modified_time":"2019-06-17T11:30:12+00:00","og_image":[{"width":273,"height":181,"url":"https:\/\/franciscanos.org.br\/noticias\/wp-content\/uploads\/2019\/06\/rocinha_170619_d.jpg","type":"image\/jpeg"}],"author":"moacir","twitter_card":"summary_large_image","twitter_misc":{"Escrito por":"moacir","Est. tempo de leitura":"2 minutos"},"schema":{"@context":"https:\/\/schema.org","@graph":[{"@type":"WebSite","@id":"https:\/\/franciscanos.org.br\/noticias\/#website","url":"https:\/\/franciscanos.org.br\/noticias\/","name":"Not\u00edcias - Franciscanos","description":"Prov\u00edncia Franciscana da Imaculada Concei\u00e7\u00e3o do Brasil - Ordem dos Frades Menores - OFM","potentialAction":[{"@type":"SearchAction","target":{"@type":"EntryPoint","urlTemplate":"https:\/\/franciscanos.org.br\/noticias\/?s={search_term_string}"},"query-input":"required name=search_term_string"}],"inLanguage":"pt-BR"},{"@type":"ImageObject","inLanguage":"pt-BR","@id":"https:\/\/franciscanos.org.br\/noticias\/festa-junina-na-comunidade-da-rocinha.html#primaryimage","url":"https:\/\/franciscanos.org.br\/noticias\/wp-content\/uploads\/2019\/06\/rocinha_170619_d.jpg","contentUrl":"https:\/\/franciscanos.org.br\/noticias\/wp-content\/uploads\/2019\/06\/rocinha_170619_d.jpg","width":273,"height":181},{"@type":"WebPage","@id":"https:\/\/franciscanos.org.br\/noticias\/festa-junina-na-comunidade-da-rocinha.html#webpage","url":"https:\/\/franciscanos.org.br\/noticias\/festa-junina-na-comunidade-da-rocinha.html","name":"Festa junina na Comunidade da Rocinha - Not\u00edcias - Franciscanos","isPartOf":{"@id":"https:\/\/franciscanos.org.br\/noticias\/#website"},"primaryImageOfPage":{"@id":"https:\/\/franciscanos.org.br\/noticias\/festa-junina-na-comunidade-da-rocinha.html#primaryimage"},"datePublished":"2019-06-17T11:13:59+00:00","dateModified":"2019-06-17T11:30:12+00:00","author":{"@id":"https:\/\/franciscanos.org.br\/noticias\/#\/schema\/person\/b5c8cba458c330ccff548b056e95a5d4"},"breadcrumb":{"@id":"https:\/\/franciscanos.org.br\/noticias\/festa-junina-na-comunidade-da-rocinha.html#breadcrumb"},"inLanguage":"pt-BR","potentialAction":[{"@type":"ReadAction","target":["https:\/\/franciscanos.org.br\/noticias\/festa-junina-na-comunidade-da-rocinha.html"]}]},{"@type":"BreadcrumbList","@id":"https:\/\/franciscanos.org.br\/noticias\/festa-junina-na-comunidade-da-rocinha.html#breadcrumb","itemListElement":[{"@type":"ListItem","position":1,"name":"Home","item":"https:\/\/franciscanos.org.br\/noticias"},{"@type":"ListItem","position":2,"name":"Festa junina na Comunidade da Rocinha"}]},{"@type":"Person","@id":"https:\/\/franciscanos.org.br\/noticias\/#\/schema\/person\/b5c8cba458c330ccff548b056e95a5d4","name":"moacir","image":{"@type":"ImageObject","inLanguage":"pt-BR","@id":"https:\/\/franciscanos.org.br\/noticias\/#\/schema\/person\/image\/","url":"https:\/\/secure.gravatar.com\/avatar\/d08aa2ce4c8dd416d4479aa8536fcf64?s=96&d=mm&r=g","contentUrl":"https:\/\/secure.gravatar.com\/avatar\/d08aa2ce4c8dd416d4479aa8536fcf64?s=96&d=mm&r=g","caption":"moacir"},"url":"https:\/\/franciscanos.org.br\/noticias\/author\/moacir"}]}},"_links":{"self":[{"href":"https:\/\/franciscanos.org.br\/noticias\/wp-json\/wp\/v2\/posts\/206409"}],"collection":[{"href":"https:\/\/franciscanos.org.br\/noticias\/wp-json\/wp\/v2\/posts"}],"about":[{"href":"https:\/\/franciscanos.org.br\/noticias\/wp-json\/wp\/v2\/types\/post"}],"author":[{"embeddable":true,"href":"https:\/\/franciscanos.org.br\/noticias\/wp-json\/wp\/v2\/users\/3"}],"replies":[{"embeddable":true,"href":"https:\/\/franciscanos.org.br\/noticias\/wp-json\/wp\/v2\/comments?post=206409"}],"version-history":[{"count":0,"href":"https:\/\/franciscanos.org.br\/noticias\/wp-json\/wp\/v2\/posts\/206409\/revisions"}],"wp:featuredmedia":[{"embeddable":true,"href":"https:\/\/franciscanos.org.br\/noticias\/wp-json\/wp\/v2\/media\/206411"}],"wp:attachment":[{"href":"https:\/\/franciscanos.org.br\/noticias\/wp-json\/wp\/v2\/media?parent=206409"}],"wp:term":[{"taxonomy":"category","embeddable":true,"href":"https:\/\/franciscanos.org.br\/noticias\/wp-json\/wp\/v2\/categories?post=206409"},{"taxonomy":"post_tag","embeddable":true,"href":"https:\/\/franciscanos.org.br\/noticias\/wp-json\/wp\/v2\/tags?post=206409"}],"curies":[{"name":"wp","href":"https:\/\/api.w.org\/{rel}","templated":true}]}}