{"id":206400,"date":"2019-06-16T10:29:15","date_gmt":"2019-06-16T13:29:15","guid":{"rendered":"https:\/\/franciscanos.org.br\/noticias\/?p=206400"},"modified":"2020-08-24T14:25:32","modified_gmt":"2020-08-24T17:25:32","slug":"papa-quem-se-aproxima-de-deus-nao-se-abate","status":"publish","type":"post","link":"https:\/\/franciscanos.org.br\/noticias\/papa-quem-se-aproxima-de-deus-nao-se-abate.html","title":{"rendered":"Papa: \u201cQuem se aproxima de Deus n\u00e3o se abate&#8221;"},"content":{"rendered":"<div id=\"attachment_206401\" style=\"width: 900px\" class=\"wp-caption alignnone\"><img aria-describedby=\"caption-attachment-206401\" loading=\"lazy\" class=\"wp-image-206401 size-full\" src=\"https:\/\/franciscanos.org.br\/noticias\/wp-content\/uploads\/2019\/06\/03.jpg\" alt=\"\" width=\"890\" height=\"581\" srcset=\"https:\/\/franciscanos.org.br\/noticias\/wp-content\/uploads\/2019\/06\/03.jpg 890w, https:\/\/franciscanos.org.br\/noticias\/wp-content\/uploads\/2019\/06\/03-450x294.jpg 450w, https:\/\/franciscanos.org.br\/noticias\/wp-content\/uploads\/2019\/06\/03-768x501.jpg 768w, https:\/\/franciscanos.org.br\/noticias\/wp-content\/uploads\/2019\/06\/03-150x98.jpg 150w\" sizes=\"(max-width: 890px) 100vw, 890px\" \/><p id=\"caption-attachment-206401\" class=\"wp-caption-text\">\u00a0 \u00a0 \u00a0 \u00a0 \u00a0 \u00a0 \u00a0 \u00a0 \u00a0 \u00a0 \u00a0 \u00a0 \u00a0 \u00a0 \u00a0 \u00a0 \u00a0 \u00a0 \u00a0 \u00a0 \u00a0 \u00a0 \u00a0 \u00a0 \u00a0 \u00a0 \u00a0 \u00a0 \u00a0 \u00a0 \u00a0 \u00a0 \u00a0 \u00a0 \u00a0 \u00a0 \u00a0 \u00a0 \u00a0 \u00a0 \u00a0 \u00a0 \u00a0 \u00a0 \u00a0 \u00a0 \u00a0 \u00a0 \u00a0 \u00a0 \u00a0 \u00a0 \u00a0 \u00a0 \u00a0 \u00a0 \u00a0 \u00a0 \u00a0 \u00a0 \u00a0 \u00a0 \u00a0 \u00a0 \u00a0 \u00a0 \u00a0 \u00a0 \u00a0 \u00a0 \u00a0 \u00a0 \u00a0 \u00a0 \u00a0 \u00a0 \u00a0 \u00a0<em> \u00a0 \u00a0 \u00a0 \u00a0 \u00a0 \u00a0 \u00a0 \u00a0 Imagens: Vatican Media<\/em><\/p><\/div>\n<p><strong>Cidade do Vaticano<\/strong> &#8211; \u00abO que \u00e9 o homem para dele te lembrares?\u00bb. &#8220;Vieram-me \u00e0 mente estas palavras, pensando em voc\u00eas (&#8230;). recorda\u00e7\u00e3o \u00e9 uma palavra-chave para a vida.\u201d O vers\u00edculo 5 do Salmo 8 foi o ponto de partida da homilia do Papa Francisco na Missa celebrada na Pra\u00e7a Cavour em Camerino, regi\u00e3o das Marcas atingida pelos terremotos de 2016: \u201cDiante do que voc\u00eas viram e sofreram, diante de casas desabadas e de pr\u00e9dios reduzidos a escombros, vem esta pergunta: o que \u00e9 o homem? O que \u00e9, se aquilo que constr\u00f3i pode ruir em um instante? O que \u00e9, se a sua esperan\u00e7a pode acabar em p\u00f3? O que \u00e9 homem?\u201d .<\/p>\n<p>A resposta \u2013 acrescenta o Papa &#8211; parece vir da continua\u00e7\u00e3o da frase: &#8220;o que \u00e9 o homem para dele te lembrares? De n\u00f3s, assim como somos, com nossas fragilidades, Deus recorda-se. Na incerteza que sentimos por fora e por dentro, o Senhor nos d\u00e1 uma certeza: Ele recorda-se de n\u00f3s. \u201cRe-corda\u201d, isto \u00e9, retorna, retorna com seu cora\u00e7\u00e3o a n\u00f3s, porque estamos em seu cora\u00e7\u00e3o. E enquanto aqui embaixo muitas coisas s\u00e3o rapidamente esquecidas, Deus n\u00e3o nos deixa no esquecimento. Ningu\u00e9m \u00e9 desprez\u00edvel aos seus olhos, cada um tem um valor infinito para ele: somos pequenos sob o c\u00e9u e impotentes quando a terra treme, mas para Deus somos mais preciosos que qualquer coisa\u201d.<\/p>\n<p><img loading=\"lazy\" class=\"alignnone size-full wp-image-206403\" src=\"https:\/\/franciscanos.org.br\/noticias\/wp-content\/uploads\/2019\/06\/04.jpg\" alt=\"\" width=\"890\" height=\"577\" srcset=\"https:\/\/franciscanos.org.br\/noticias\/wp-content\/uploads\/2019\/06\/04.jpg 890w, https:\/\/franciscanos.org.br\/noticias\/wp-content\/uploads\/2019\/06\/04-450x292.jpg 450w, https:\/\/franciscanos.org.br\/noticias\/wp-content\/uploads\/2019\/06\/04-768x498.jpg 768w, https:\/\/franciscanos.org.br\/noticias\/wp-content\/uploads\/2019\/06\/04-150x97.jpg 150w\" sizes=\"(max-width: 890px) 100vw, 890px\" \/><\/p>\n<p>\u201cEnquanto aqui embaixo muitas coisas s\u00e3o rapidamente esquecidas, Deus n\u00e3o nos deixa no esquecimento\u201d, disse.<\/p>\n<p>Francisco enfatiza a import\u00e2ncia de \u201crecordar\u201d de que \u201cn\u00e3o somos esquecidos por Deus, que somos seus filhos amados, \u00fanicos e insubstitu\u00edveis.\u201d E recordar d\u2019Ele, \u201cnos d\u00e1 for\u00e7a para n\u00e3o nos rendermos diante das contrariedades da vida\u201d: \u201cRecordamos o quanto valemos, diante da tenta\u00e7\u00e3o de nos entristecer e de continuar a desenterrar aquele pior que parece nunca acabar. As m\u00e1s recorda\u00e7\u00f5es chegam, mesmo quando n\u00e3o pensamos nelas; mas pagam mal: deixam somente melancolia e nostalgia. Mas qu\u00e3o dif\u00edcil \u00e9 libertar-se das m\u00e1s recorda\u00e7\u00f5es! Vale aquele ditado, segundo o qual foi mais f\u00e1cil para Deus tirar Israel do Egito do que o Egito do cora\u00e7\u00e3o de Israel\u201d.<\/p>\n<p><strong>Esp\u00edrito Santo, reconstrutor da esperan\u00e7a<\/strong><\/p>\n<p>E para conseguirmos nos libertar &#8220;do passado que retorna, das recorda\u00e7\u00f5es negativas que nos fazem prisioneiros, dos arrependimentos que paralisam&#8221;, temos necessidade de algu\u00e9m que nos ajude a carregar os pesos que temos dentro, diz o Papa. \u201cEle unge as m\u00e1s recorda\u00e7\u00f5es com o b\u00e1lsamo da esperan\u00e7a, porque o Esp\u00edrito Santo \u00e9 o reconstrutor da esperan\u00e7a\u201d.<\/p>\n<p>Jesus n\u00e3o nos tira os pesos como gostar\u00edamos, pois \u201cestamos sempre em busca de solu\u00e7\u00f5es r\u00e1pidas e superficiais\u201d, mas Ele \u201cnos d\u00e1 o Esp\u00edrito Santo (&#8230;), o Consolador, Aquele que n\u00e3o nos deixa sozinhos sob os pesos da vida\u201d: \u201c\u00c9 Ele que transforma nossa mem\u00f3ria escrava em mem\u00f3ria livre, as feridas do passado em recorda\u00e7\u00f5es de salva\u00e7\u00e3o. Ele realiza em n\u00f3s o que fez por Jesus: as suas chagas, aquelas feridas feias escavadas pelo mal, pelo poder do Esp\u00edrito Santo, tornaram-se canais de miseric\u00f3rdia, chagas luminosas nas quais resplandece o amor de Deus, um amor que eleva, que faz ressurgir. \u00c9 isso que o Esp\u00edrito Santo faz quando o convidamos para as nossas feridas. Ele unge as m\u00e1s recorda\u00e7\u00f5es com o b\u00e1lsamo da esperan\u00e7a, porque o Esp\u00edrito Santo \u00e9 o reconstrutor da esperan\u00e7a.\u201d<\/p>\n<p><img loading=\"lazy\" class=\"alignnone size-full wp-image-206404\" src=\"https:\/\/franciscanos.org.br\/noticias\/wp-content\/uploads\/2019\/06\/05.jpg\" alt=\"\" width=\"890\" height=\"580\" srcset=\"https:\/\/franciscanos.org.br\/noticias\/wp-content\/uploads\/2019\/06\/05.jpg 890w, https:\/\/franciscanos.org.br\/noticias\/wp-content\/uploads\/2019\/06\/05-450x293.jpg 450w, https:\/\/franciscanos.org.br\/noticias\/wp-content\/uploads\/2019\/06\/05-768x500.jpg 768w, https:\/\/franciscanos.org.br\/noticias\/wp-content\/uploads\/2019\/06\/05-150x98.jpg 150w\" sizes=\"(max-width: 890px) 100vw, 890px\" \/><\/p>\n<p>Mas, temos necessidade de uma esperan\u00e7a que n\u00e3o desiluda. As esperan\u00e7as terrenas s\u00e3o ef\u00eameras &#8211; afirma o Pont\u00edfice &#8211; t\u00eam sempre \u201cdata de vencimento\u201d, pois \u201cs\u00e3o feitas de ingredientes terrenos, que cedo ou tarde estragam\u201d, ao contr\u00e1rio da esperan\u00e7a do Esp\u00edrito: \u201cA do Esp\u00edrito \u00e9 uma esperan\u00e7a duradoura. N\u00e3o expira, porque se baseia na fidelidade de Deus. A esperan\u00e7a do Esp\u00edrito tampouco \u00e9 otimismo. Nasce no mais profundo, reacende no fundo do cora\u00e7\u00e3o a certeza de sermos preciosos porque amados. Infunde a confian\u00e7a de n\u00e3o estarmos sozinhos. \u00c9 uma esperan\u00e7a que deixa a paz e a alegria por dentro, independentemente do que aconte\u00e7a fora. \u00c9 uma esperan\u00e7a que tem ra\u00edzes fortes, que nenhuma tempestade da vida pode desenraizar.\u201d<\/p>\n<p>\u201cO Esp\u00edrito nos alimenta de viva esperan\u00e7a. Convidamo-lo. Pe\u00e7amos a ele que venha a n\u00f3s e ele se aproximar\u00e1\u201d. Se por um lado \u2013 observa Francisco &#8211; quando estamos perturbados ou feridos, somos levados a \u201cfazer o ninho&#8221; em torno \u00e0s nossas tristezas e nossos medos, por outro \u201co Esp\u00edrito liberta-nos de nossos ninhos, nos faz levantar voo, nos desvela um destino maravilhoso destino para o qual nascemos.<\/p>\n<p><img loading=\"lazy\" class=\"alignnone size-full wp-image-206405\" src=\"https:\/\/franciscanos.org.br\/noticias\/wp-content\/uploads\/2019\/06\/02.jpg\" alt=\"\" width=\"890\" height=\"583\" srcset=\"https:\/\/franciscanos.org.br\/noticias\/wp-content\/uploads\/2019\/06\/02.jpg 890w, https:\/\/franciscanos.org.br\/noticias\/wp-content\/uploads\/2019\/06\/02-450x295.jpg 450w, https:\/\/franciscanos.org.br\/noticias\/wp-content\/uploads\/2019\/06\/02-768x503.jpg 768w, https:\/\/franciscanos.org.br\/noticias\/wp-content\/uploads\/2019\/06\/02-150x98.jpg 150w\" sizes=\"(max-width: 890px) 100vw, 890px\" \/><\/p>\n<p><strong>Quem se aproxima de Deus n\u00e3o se abate<\/strong><\/p>\n<p>A terceira e \u00faltima palavra que o Papa quis compartilhar com os fi\u00e9is foi \u201cproximidade\u201d. Para tal, recordou a Sant\u00edssima Trindade, que \u201c\u00e9 um mist\u00e9rio da proximidade de Deus\u201d.<\/p>\n<p>\u201cA Trindade nos diz que n\u00e3o temos um Deus solit\u00e1rio l\u00e1 no alto, no c\u00e9u, distante e indiferente. N\u00e3o! \u00c9 Pai que nos deu o seu Filho, feito homem como n\u00f3s, e que para estar mais pr\u00f3ximo ainda, para nos ajudar a carregar os pesos da vida, nos envia seu pr\u00f3prio Esp\u00edrito. Ele, que \u00e9 Esp\u00edrito, vem em nosso esp\u00edrito e assim nos consola por dentro, leva a ternura de Deus ao nosso interior\u201d: \u201cQuem se aproxima de Deus n\u00e3o se abate, mas segue em frente: recome\u00e7a, tenta de novo, reconstr\u00f3i\u201d.<\/p>\n<p>\u201cCom Deus, os fardos da vida n\u00e3o permanecem em nossos ombros: o Esp\u00edrito, a quem nomeamos toda vez que fazemos o sinal da Cruz, precisamente quando tocamos nossos ombros, vem nos dar for\u00e7a, encorajar-nos, sustentar nossos fardos. De fato, ele \u00e9 especialista em ressuscitar, em elevar, em reconstruir. \u00c9 preciso mais for\u00e7a para reparar do que para construir, para recome\u00e7ar do que para iniciar, para reconciliar-se do que para concordar. Essa \u00e9 a for\u00e7a que Deus nos d\u00e1. Por isso, quem se aproxima de Deus n\u00e3o se abate, mas segue em frente: recome\u00e7a, tenta de novo, reconstr\u00f3i.\u201d<\/p>\n<p><img loading=\"lazy\" class=\"alignnone size-full wp-image-206406\" src=\"https:\/\/franciscanos.org.br\/noticias\/wp-content\/uploads\/2019\/06\/01.jpg\" alt=\"\" width=\"890\" height=\"558\" srcset=\"https:\/\/franciscanos.org.br\/noticias\/wp-content\/uploads\/2019\/06\/01.jpg 890w, https:\/\/franciscanos.org.br\/noticias\/wp-content\/uploads\/2019\/06\/01-450x282.jpg 450w, https:\/\/franciscanos.org.br\/noticias\/wp-content\/uploads\/2019\/06\/01-768x482.jpg 768w, https:\/\/franciscanos.org.br\/noticias\/wp-content\/uploads\/2019\/06\/01-150x94.jpg 150w\" sizes=\"(max-width: 890px) 100vw, 890px\" \/><\/p>\n<p><strong>Que promessas n\u00e3o acabem no esquecimento<\/strong><\/p>\n<p>\u201cQueridos irm\u00e3os e irm\u00e3s \u2013 disse o Santo Padre, encaminhando-se para o final de sua homilia &#8211; eu vim hoje para estar pr\u00f3ximo de voc\u00eas. Estou aqui para rezar com voc\u00eas a Deus que se recorda de n\u00f3s, para que ningu\u00e9m se esque\u00e7a de quem est\u00e1 em dificuldades. Rezo ao Deus da esperan\u00e7a, para que aquilo que \u00e9 inst\u00e1vel na terra n\u00e3o abale a certeza que temos dentro. Rezo ao Deus Pr\u00f3ximo, para que suscite gestos concretos de proximidade. Quase tr\u00eas anos se passaram e o risco \u00e9 que, ap\u00f3s o primeiro envolvimento emocional e midi\u00e1tico, a aten\u00e7\u00e3o caia e as promessas acabem em segundo plano, aumentando a frustra\u00e7\u00e3o daqueles que veem o territ\u00f3rio cada vez mais despovoado. O Senhor, ao contr\u00e1rio, impele a recordar, reparar, reconstruir e a fazer isso juntos, sem nunca esquecer aqueles que sofrem.\u201d<\/p>\n<p>\u201cRezo ao Deus da esperan\u00e7a, para que aquilo que \u00e9 inst\u00e1vel na terra n\u00e3o abale a certeza que temos dentro\u201d, consolou.<\/p>\n<p>\u201cO que \u00e9 o homem para dele te lembrares? Deus que se lembra de n\u00f3s, Deus que cura nossas mem\u00f3rias feridas ungindo-as de esperan\u00e7a, Deus que est\u00e1 perto de n\u00f3s para nos reerguer por dentro, nos ajude a sermos construtores de bem, consoladores de cora\u00e7\u00f5es\u201d, disse Francisco ao concluir.<\/p>\n<p><img loading=\"lazy\" class=\"alignnone size-full wp-image-206407\" src=\"https:\/\/franciscanos.org.br\/noticias\/wp-content\/uploads\/2019\/06\/06.jpg\" alt=\"\" width=\"890\" height=\"592\" srcset=\"https:\/\/franciscanos.org.br\/noticias\/wp-content\/uploads\/2019\/06\/06.jpg 890w, https:\/\/franciscanos.org.br\/noticias\/wp-content\/uploads\/2019\/06\/06-450x299.jpg 450w, https:\/\/franciscanos.org.br\/noticias\/wp-content\/uploads\/2019\/06\/06-768x511.jpg 768w, https:\/\/franciscanos.org.br\/noticias\/wp-content\/uploads\/2019\/06\/06-150x100.jpg 150w\" sizes=\"(max-width: 890px) 100vw, 890px\" \/><\/p>\n<p><strong>Alegria e como\u00e7\u00e3o pelo abra\u00e7o do Papa em Camerino<\/strong><\/p>\n<p>Logo ap\u00f3s a aterragem do helic\u00f3ptero no Centro Esportivo da Universidade de Camerino, Francisco dirigiu-se imediatamente para as instala\u00e7\u00f5es dos alojamentos de emerg\u00eancia (SAE), que ofecem um teto tempor\u00e1rio \u00e0s v\u00edtimas do terremoto de 2016.<\/p>\n<p>As v\u00e1rias fam\u00edlias que tiveram a alegria de receber a visita do Pont\u00edfice e de abra\u00e7ar o Sucessor de Pedro, prepararam caf\u00e9 e sobremesa para o ilustre convidado.<\/p>\n<p>Abra\u00e7os, afeto, consola\u00e7\u00e3o: o Papa Francisco reservou para todos um momento de verdadeira partilha, ouvindo as hist\u00f3rias daqueles que ainda carregam as recorda\u00e7\u00f5es da terra que treme.<\/p>\n<p>Depois da b\u00ean\u00e7\u00e3o, o Papa cumprimentou as pessoas que se reuniram nas proximidade do SAE, para ent\u00e3o dirigir-se \u00e0 Catedral de Camerino, que ainda traz as marcas profundas do terremoto de magnitude 6,0.<\/p>\n<p>Escoltado ao entrar na zona vermelha, o Papa Bergoglio colocou o capacete protetor oferecido pela brigada de inc\u00eandio e rezou em um sil\u00eancio surreal.<\/p>\n<p>Tr\u00eas anos depois do terremoto, o tempo parece ter parado, com as est\u00e1tuas ainda destru\u00eddas, o pr\u00e9dio escorado, a dor e o medo pela for\u00e7a da natureza nos sulcos das muralhas.<\/p>\n","protected":false},"excerpt":{"rendered":"<p>Papa Francisco visita os habitantes da regi\u00e3o das Marcas, atingidos pelos terremotos de 2016.<\/p>\n","protected":false},"author":3,"featured_media":206402,"comment_status":"open","ping_status":"open","sticky":false,"template":"","format":"standard","meta":[],"categories":[1428],"tags":[1140],"acf":[],"yoast_head":"<!-- This site is optimized with the Yoast SEO plugin v19.2 - https:\/\/yoast.com\/wordpress\/plugins\/seo\/ -->\n<title>Papa: \u201cQuem se aproxima de Deus n\u00e3o se abate&quot; - Not\u00edcias - Franciscanos<\/title>\n<meta name=\"robots\" content=\"index, follow, max-snippet:-1, max-image-preview:large, max-video-preview:-1\" \/>\n<link rel=\"canonical\" href=\"https:\/\/franciscanos.org.br\/noticias\/papa-quem-se-aproxima-de-deus-nao-se-abate.html\" \/>\n<meta property=\"og:locale\" content=\"pt_BR\" \/>\n<meta property=\"og:type\" content=\"article\" \/>\n<meta property=\"og:title\" content=\"Papa: \u201cQuem se aproxima de Deus n\u00e3o se abate&quot; - Not\u00edcias - Franciscanos\" \/>\n<meta property=\"og:description\" content=\"Papa Francisco visita os habitantes da regi\u00e3o das Marcas, atingidos pelos terremotos de 2016.\" \/>\n<meta property=\"og:url\" content=\"https:\/\/franciscanos.org.br\/noticias\/papa-quem-se-aproxima-de-deus-nao-se-abate.html\" \/>\n<meta property=\"og:site_name\" content=\"Not\u00edcias - Franciscanos\" \/>\n<meta property=\"article:published_time\" content=\"2019-06-16T13:29:15+00:00\" \/>\n<meta property=\"article:modified_time\" content=\"2020-08-24T17:25:32+00:00\" \/>\n<meta property=\"og:image\" content=\"https:\/\/franciscanos.org.br\/noticias\/wp-content\/uploads\/2019\/06\/destaque_16.jpg\" \/>\n\t<meta property=\"og:image:width\" content=\"273\" \/>\n\t<meta property=\"og:image:height\" content=\"181\" \/>\n\t<meta property=\"og:image:type\" content=\"image\/jpeg\" \/>\n<meta name=\"author\" content=\"moacir\" \/>\n<meta name=\"twitter:card\" content=\"summary_large_image\" \/>\n<meta name=\"twitter:label1\" content=\"Escrito por\" \/>\n\t<meta name=\"twitter:data1\" content=\"moacir\" \/>\n\t<meta name=\"twitter:label2\" content=\"Est. tempo de leitura\" \/>\n\t<meta name=\"twitter:data2\" content=\"8 minutos\" \/>\n<script type=\"application\/ld+json\" class=\"yoast-schema-graph\">{\"@context\":\"https:\/\/schema.org\",\"@graph\":[{\"@type\":\"WebSite\",\"@id\":\"https:\/\/franciscanos.org.br\/noticias\/#website\",\"url\":\"https:\/\/franciscanos.org.br\/noticias\/\",\"name\":\"Not\u00edcias - Franciscanos\",\"description\":\"Prov\u00edncia Franciscana da Imaculada Concei\u00e7\u00e3o do Brasil - Ordem dos Frades Menores - OFM\",\"potentialAction\":[{\"@type\":\"SearchAction\",\"target\":{\"@type\":\"EntryPoint\",\"urlTemplate\":\"https:\/\/franciscanos.org.br\/noticias\/?s={search_term_string}\"},\"query-input\":\"required name=search_term_string\"}],\"inLanguage\":\"pt-BR\"},{\"@type\":\"ImageObject\",\"inLanguage\":\"pt-BR\",\"@id\":\"https:\/\/franciscanos.org.br\/noticias\/papa-quem-se-aproxima-de-deus-nao-se-abate.html#primaryimage\",\"url\":\"https:\/\/franciscanos.org.br\/noticias\/wp-content\/uploads\/2019\/06\/destaque_16.jpg\",\"contentUrl\":\"https:\/\/franciscanos.org.br\/noticias\/wp-content\/uploads\/2019\/06\/destaque_16.jpg\",\"width\":273,\"height\":181},{\"@type\":\"WebPage\",\"@id\":\"https:\/\/franciscanos.org.br\/noticias\/papa-quem-se-aproxima-de-deus-nao-se-abate.html#webpage\",\"url\":\"https:\/\/franciscanos.org.br\/noticias\/papa-quem-se-aproxima-de-deus-nao-se-abate.html\",\"name\":\"Papa: \u201cQuem se aproxima de Deus n\u00e3o se abate\\\" - Not\u00edcias - Franciscanos\",\"isPartOf\":{\"@id\":\"https:\/\/franciscanos.org.br\/noticias\/#website\"},\"primaryImageOfPage\":{\"@id\":\"https:\/\/franciscanos.org.br\/noticias\/papa-quem-se-aproxima-de-deus-nao-se-abate.html#primaryimage\"},\"datePublished\":\"2019-06-16T13:29:15+00:00\",\"dateModified\":\"2020-08-24T17:25:32+00:00\",\"author\":{\"@id\":\"https:\/\/franciscanos.org.br\/noticias\/#\/schema\/person\/b5c8cba458c330ccff548b056e95a5d4\"},\"breadcrumb\":{\"@id\":\"https:\/\/franciscanos.org.br\/noticias\/papa-quem-se-aproxima-de-deus-nao-se-abate.html#breadcrumb\"},\"inLanguage\":\"pt-BR\",\"potentialAction\":[{\"@type\":\"ReadAction\",\"target\":[\"https:\/\/franciscanos.org.br\/noticias\/papa-quem-se-aproxima-de-deus-nao-se-abate.html\"]}]},{\"@type\":\"BreadcrumbList\",\"@id\":\"https:\/\/franciscanos.org.br\/noticias\/papa-quem-se-aproxima-de-deus-nao-se-abate.html#breadcrumb\",\"itemListElement\":[{\"@type\":\"ListItem\",\"position\":1,\"name\":\"Home\",\"item\":\"https:\/\/franciscanos.org.br\/noticias\"},{\"@type\":\"ListItem\",\"position\":2,\"name\":\"Papa: \u201cQuem se aproxima de Deus n\u00e3o se abate&#8221;\"}]},{\"@type\":\"Person\",\"@id\":\"https:\/\/franciscanos.org.br\/noticias\/#\/schema\/person\/b5c8cba458c330ccff548b056e95a5d4\",\"name\":\"moacir\",\"image\":{\"@type\":\"ImageObject\",\"inLanguage\":\"pt-BR\",\"@id\":\"https:\/\/franciscanos.org.br\/noticias\/#\/schema\/person\/image\/\",\"url\":\"https:\/\/secure.gravatar.com\/avatar\/d08aa2ce4c8dd416d4479aa8536fcf64?s=96&d=mm&r=g\",\"contentUrl\":\"https:\/\/secure.gravatar.com\/avatar\/d08aa2ce4c8dd416d4479aa8536fcf64?s=96&d=mm&r=g\",\"caption\":\"moacir\"},\"url\":\"https:\/\/franciscanos.org.br\/noticias\/author\/moacir\"}]}<\/script>\n<!-- \/ Yoast SEO plugin. -->","yoast_head_json":{"title":"Papa: \u201cQuem se aproxima de Deus n\u00e3o se abate\" - Not\u00edcias - Franciscanos","robots":{"index":"index","follow":"follow","max-snippet":"max-snippet:-1","max-image-preview":"max-image-preview:large","max-video-preview":"max-video-preview:-1"},"canonical":"https:\/\/franciscanos.org.br\/noticias\/papa-quem-se-aproxima-de-deus-nao-se-abate.html","og_locale":"pt_BR","og_type":"article","og_title":"Papa: \u201cQuem se aproxima de Deus n\u00e3o se abate\" - Not\u00edcias - Franciscanos","og_description":"Papa Francisco visita os habitantes da regi\u00e3o das Marcas, atingidos pelos terremotos de 2016.","og_url":"https:\/\/franciscanos.org.br\/noticias\/papa-quem-se-aproxima-de-deus-nao-se-abate.html","og_site_name":"Not\u00edcias - Franciscanos","article_published_time":"2019-06-16T13:29:15+00:00","article_modified_time":"2020-08-24T17:25:32+00:00","og_image":[{"width":273,"height":181,"url":"https:\/\/franciscanos.org.br\/noticias\/wp-content\/uploads\/2019\/06\/destaque_16.jpg","type":"image\/jpeg"}],"author":"moacir","twitter_card":"summary_large_image","twitter_misc":{"Escrito por":"moacir","Est. tempo de leitura":"8 minutos"},"schema":{"@context":"https:\/\/schema.org","@graph":[{"@type":"WebSite","@id":"https:\/\/franciscanos.org.br\/noticias\/#website","url":"https:\/\/franciscanos.org.br\/noticias\/","name":"Not\u00edcias - Franciscanos","description":"Prov\u00edncia Franciscana da Imaculada Concei\u00e7\u00e3o do Brasil - Ordem dos Frades Menores - OFM","potentialAction":[{"@type":"SearchAction","target":{"@type":"EntryPoint","urlTemplate":"https:\/\/franciscanos.org.br\/noticias\/?s={search_term_string}"},"query-input":"required name=search_term_string"}],"inLanguage":"pt-BR"},{"@type":"ImageObject","inLanguage":"pt-BR","@id":"https:\/\/franciscanos.org.br\/noticias\/papa-quem-se-aproxima-de-deus-nao-se-abate.html#primaryimage","url":"https:\/\/franciscanos.org.br\/noticias\/wp-content\/uploads\/2019\/06\/destaque_16.jpg","contentUrl":"https:\/\/franciscanos.org.br\/noticias\/wp-content\/uploads\/2019\/06\/destaque_16.jpg","width":273,"height":181},{"@type":"WebPage","@id":"https:\/\/franciscanos.org.br\/noticias\/papa-quem-se-aproxima-de-deus-nao-se-abate.html#webpage","url":"https:\/\/franciscanos.org.br\/noticias\/papa-quem-se-aproxima-de-deus-nao-se-abate.html","name":"Papa: \u201cQuem se aproxima de Deus n\u00e3o se abate\" - Not\u00edcias - Franciscanos","isPartOf":{"@id":"https:\/\/franciscanos.org.br\/noticias\/#website"},"primaryImageOfPage":{"@id":"https:\/\/franciscanos.org.br\/noticias\/papa-quem-se-aproxima-de-deus-nao-se-abate.html#primaryimage"},"datePublished":"2019-06-16T13:29:15+00:00","dateModified":"2020-08-24T17:25:32+00:00","author":{"@id":"https:\/\/franciscanos.org.br\/noticias\/#\/schema\/person\/b5c8cba458c330ccff548b056e95a5d4"},"breadcrumb":{"@id":"https:\/\/franciscanos.org.br\/noticias\/papa-quem-se-aproxima-de-deus-nao-se-abate.html#breadcrumb"},"inLanguage":"pt-BR","potentialAction":[{"@type":"ReadAction","target":["https:\/\/franciscanos.org.br\/noticias\/papa-quem-se-aproxima-de-deus-nao-se-abate.html"]}]},{"@type":"BreadcrumbList","@id":"https:\/\/franciscanos.org.br\/noticias\/papa-quem-se-aproxima-de-deus-nao-se-abate.html#breadcrumb","itemListElement":[{"@type":"ListItem","position":1,"name":"Home","item":"https:\/\/franciscanos.org.br\/noticias"},{"@type":"ListItem","position":2,"name":"Papa: \u201cQuem se aproxima de Deus n\u00e3o se abate&#8221;"}]},{"@type":"Person","@id":"https:\/\/franciscanos.org.br\/noticias\/#\/schema\/person\/b5c8cba458c330ccff548b056e95a5d4","name":"moacir","image":{"@type":"ImageObject","inLanguage":"pt-BR","@id":"https:\/\/franciscanos.org.br\/noticias\/#\/schema\/person\/image\/","url":"https:\/\/secure.gravatar.com\/avatar\/d08aa2ce4c8dd416d4479aa8536fcf64?s=96&d=mm&r=g","contentUrl":"https:\/\/secure.gravatar.com\/avatar\/d08aa2ce4c8dd416d4479aa8536fcf64?s=96&d=mm&r=g","caption":"moacir"},"url":"https:\/\/franciscanos.org.br\/noticias\/author\/moacir"}]}},"_links":{"self":[{"href":"https:\/\/franciscanos.org.br\/noticias\/wp-json\/wp\/v2\/posts\/206400"}],"collection":[{"href":"https:\/\/franciscanos.org.br\/noticias\/wp-json\/wp\/v2\/posts"}],"about":[{"href":"https:\/\/franciscanos.org.br\/noticias\/wp-json\/wp\/v2\/types\/post"}],"author":[{"embeddable":true,"href":"https:\/\/franciscanos.org.br\/noticias\/wp-json\/wp\/v2\/users\/3"}],"replies":[{"embeddable":true,"href":"https:\/\/franciscanos.org.br\/noticias\/wp-json\/wp\/v2\/comments?post=206400"}],"version-history":[{"count":3,"href":"https:\/\/franciscanos.org.br\/noticias\/wp-json\/wp\/v2\/posts\/206400\/revisions"}],"predecessor-version":[{"id":227969,"href":"https:\/\/franciscanos.org.br\/noticias\/wp-json\/wp\/v2\/posts\/206400\/revisions\/227969"}],"wp:featuredmedia":[{"embeddable":true,"href":"https:\/\/franciscanos.org.br\/noticias\/wp-json\/wp\/v2\/media\/206402"}],"wp:attachment":[{"href":"https:\/\/franciscanos.org.br\/noticias\/wp-json\/wp\/v2\/media?parent=206400"}],"wp:term":[{"taxonomy":"category","embeddable":true,"href":"https:\/\/franciscanos.org.br\/noticias\/wp-json\/wp\/v2\/categories?post=206400"},{"taxonomy":"post_tag","embeddable":true,"href":"https:\/\/franciscanos.org.br\/noticias\/wp-json\/wp\/v2\/tags?post=206400"}],"curies":[{"name":"wp","href":"https:\/\/api.w.org\/{rel}","templated":true}]}}