{"id":206338,"date":"2019-06-14T09:06:26","date_gmt":"2019-06-14T12:06:26","guid":{"rendered":"https:\/\/franciscanos.org.br\/noticias\/?p=206338"},"modified":"2019-06-14T09:06:26","modified_gmt":"2019-06-14T12:06:26","slug":"cffb-carta-aberta-sobre-a-greve-geral","status":"publish","type":"post","link":"https:\/\/franciscanos.org.br\/noticias\/cffb-carta-aberta-sobre-a-greve-geral.html","title":{"rendered":"CFFB: Carta aberta sobre a Greve Geral"},"content":{"rendered":"<p><img loading=\"lazy\" class=\"alignnone wp-image-206340 size-full\" src=\"https:\/\/franciscanos.org.br\/noticias\/wp-content\/uploads\/2019\/06\/greve_1406.jpg\" alt=\"\" width=\"890\" height=\"590\" srcset=\"https:\/\/franciscanos.org.br\/noticias\/wp-content\/uploads\/2019\/06\/greve_1406.jpg 890w, https:\/\/franciscanos.org.br\/noticias\/wp-content\/uploads\/2019\/06\/greve_1406-450x298.jpg 450w, https:\/\/franciscanos.org.br\/noticias\/wp-content\/uploads\/2019\/06\/greve_1406-768x509.jpg 768w, https:\/\/franciscanos.org.br\/noticias\/wp-content\/uploads\/2019\/06\/greve_1406-150x99.jpg 150w\" sizes=\"(max-width: 890px) 100vw, 890px\" \/><\/p>\n<p>Festa de Santo Ant\u00f4nio, Doutor do Evangelho!<\/p>\n<p>Irm\u00e3s e Irm\u00e3os!<br \/>\nO Senhor lhes d\u00ea a paz!<\/p>\n<p>\u201cV\u00f3s sois o sal da terra, v\u00f3s sois a luz do mundo\u201d MT, 5,13-16<\/p>\n<p>A voca\u00e7\u00e3o crist\u00e3 \u00e9, antes de tudo, uma vida comprometida com as realidades humanas necessitadas de transforma\u00e7\u00e3o. Sal e luz s\u00e3o duas categorias usadas por Jesus para dizer da necessidade de um compromisso real, daqueles que se fizeram disc\u00edpulos seus, com a vida e vida em plenitude. S\u00e3o Francisco de Assis compreendeu profundamente, \u00e0 luz do Evangelho, que deveria estar entre os pobres, leprosos, doentes, gente colocada \u00e0 margem da sociedade assisense. Se fez menor entre os menores. Atualizar em nossa vida o ser sal e luz, vivendo como menores entre os menores, \u00e9 um desafio constante.<\/p>\n<p>Nestes primeiros meses do atual Governo Brasileiro, temos sido apanhados de surpresa por uma s\u00e9rie de projetos que violam os direitos constitucionais, como a reforma da previd\u00eancia, redu\u00e7\u00e3o dr\u00e1stica de recursos para educa\u00e7\u00e3o de qualidade, armamento da popula\u00e7\u00e3o, desmonte das pol\u00edticas de prote\u00e7\u00e3o aos povos ind\u00edgenas, quilombolas, ribeirinhos e outros, libera\u00e7\u00e3o de mais de 199 tipos de venenos e pesticidas, devasta\u00e7\u00e3o da Amaz\u00f4nia, entrega do Pr\u00e9-Sal ao capital internacional e tantos outros projetos que provocam a ira Divina, pois ferem seus filhos e filhas, al\u00e9m de agredir o meio ambiente, nossa casa comum.<\/p>\n<p>Repetidamente, o Papa Francisco nos tem chamado aten\u00e7\u00e3o para que deixemos nossa zona de conforto e, como uma Igreja em sa\u00edda, estejamos juntos daqueles cuja a exist\u00eancia tem sido um verdadeiro vale de l\u00e1grimas.<\/p>\n<p>A Constitui\u00e7\u00e3o Federal reconhece diversas formas em que o povo brasileiro possa manifestar sua indigna\u00e7\u00e3o, sofrimento e pensamento. Um destes mecanismos de participa\u00e7\u00e3o popular \u00e9 a greve geral, tendo em vista uma realidade em que governo precisa ouvir o povo. Cada irm\u00e3o e irm\u00e3 escolha um jeito de se fazer presente, quando centenas de centenas de pessoas v\u00e3o \u00e0s ruas neste dia 14. Deixar de fazer uma compra, abastecer o ve\u00edculo, efetuar um pagamento, ir \u00e0s ruas, ficar em ora\u00e7\u00e3o, s\u00e3o maneiras de nos tornamos presentes nesta hora crucial de nossa gente.<\/p>\n<p>Estamos em profunda comunh\u00e3o com a CNBB, que em sua \u00faltima assembleia geral fez um contundente pronunciamento sobre a realidade que atravessa o Brasil. Este pronunciamento poderia ser lido\/rezado\/refletido em nossas Fraternidades, fam\u00edlias dos membros da OFS, entre os jovens da JUFRA. Nossos pastores nos apontam caminhos para n\u00e3o deixarmos a profecia morrer. No Santo Padre, encontramos o que significa lucidez e coragem frente aos grandes problemas da humanidade. Em S\u00e3o Francisco e Santa Clara, uma inspira\u00e7\u00e3o para sermos menores entre os menores.<\/p>\n<p>Que o Esp\u00edrito Santo, Ministro Geral da nossa Fraternidade, nos guie nesta longa e dif\u00edcil travessia para uma verdadeira democracia.<\/p>\n<p>Que a Virgem de Aparecida, a M\u00e3e negra, que se deixou encontrar por tr\u00eas pobres pescadores, nos revele sempre que o Evangelho tem lado, o lado dos pobres, dos pequenos, dos \u00faltimos. \u00c9 greve porque \u00e9 grave! Am\u00e9m<\/p>\n<p>Frei \u00c9derson Queiroz \u2013 OFMCap<br \/>\nPresidente da Confer\u00eancia da Fam\u00edlia<br \/>\nFranciscana do Brasil \u2013 CFFB<\/p>\n<hr \/>\n<p><strong>CONFER\u00caNCIA E DEBATE<\/strong><\/p>\n<h3>REFORMA DA PREVID\u00caNCIA: QUEM PAGA ESSA CONTA?<\/h3>\n<p><img loading=\"lazy\" class=\"size-full wp-image-206339 alignleft\" src=\"https:\/\/franciscanos.org.br\/noticias\/wp-content\/uploads\/2019\/06\/fattorelli.png\" alt=\"\" width=\"390\" height=\"368\" srcset=\"https:\/\/franciscanos.org.br\/noticias\/wp-content\/uploads\/2019\/06\/fattorelli.png 390w, https:\/\/franciscanos.org.br\/noticias\/wp-content\/uploads\/2019\/06\/fattorelli-150x142.png 150w\" sizes=\"(max-width: 390px) 100vw, 390px\" \/>Pr\u00f3xima ter\u00e7a-feira, 18 de junho, \u00e0s 19h, a JPIC dos Capuchinhos junto a v\u00e1rias outras organiza\u00e7\u00f5es promover\u00e1 uma confer\u00eancia e debate sobre a &#8220;Reforma da Previd\u00eancia: quem paga essa conta?&#8221;, com Maria L\u00facia Fattorelli, auditora fiscal da Receita Federal aposentada, coordenadora da Auditoria Cidad\u00e3 da D\u00edvida.<\/p>\n<p>A palestra \u00e9 aberta a todos e acontecer\u00e1 no Centro Pastoral S\u00e3o Jos\u00e9, av. \u00c1lvaro Ramos, 366, 1\u00ba andar, pr\u00f3ximo ao Metr\u00f4 Bel\u00e9m, S\u00e3o Paulo, SP.<\/p>\n<p>Organiza\u00e7\u00f5es que promovem: JPIC Capuchinhos, JPIC Franciscanos, OFS, JUFRA, CFFB SP, Pastoral F\u00e9 e Pol\u00edtica, Escola de F\u00e9 e Pol\u00edtica Waldemar Rossi, Comiss\u00e3o Justi\u00e7a e Paz S\u00e3o Paulo, Centro Santos Dias de Direitos Humanos, Campanha Contra a Criminaliza\u00e7\u00e3o dos Movimentos Sociais, F\u00f3rum das Pastorais Sociais Regi\u00e3o Bel\u00e9m.<\/p>\n<p><em>Fonte: Capuchinhos do Brasil \/CCB<\/em><\/p>\n<p><em>Por Frei Marcelo Toyansk (Fraternidade do Postulantado)<\/em><\/p>\n","protected":false},"excerpt":{"rendered":"<p>Festa de Santo Ant\u00f4nio, Doutor do Evangelho! Irm\u00e3s e Irm\u00e3os! O Senhor lhes d\u00ea a paz! \u201cV\u00f3s sois o sal da terra, v\u00f3s sois a luz do mundo\u201d MT, 5,13-16 A voca\u00e7\u00e3o crist\u00e3 \u00e9, antes de tudo, uma vida comprometida com as realidades humanas necessitadas de transforma\u00e7\u00e3o. Sal e luz s\u00e3o duas categorias usadas por [&hellip;]<\/p>\n","protected":false},"author":3,"featured_media":206341,"comment_status":"open","ping_status":"open","sticky":false,"template":"","format":"standard","meta":[],"categories":[1],"tags":[1426],"acf":[],"yoast_head":"<!-- This site is optimized with the Yoast SEO plugin v19.2 - https:\/\/yoast.com\/wordpress\/plugins\/seo\/ -->\n<title>CFFB: Carta aberta sobre a Greve Geral - Not\u00edcias - Franciscanos<\/title>\n<meta name=\"robots\" content=\"index, follow, max-snippet:-1, max-image-preview:large, max-video-preview:-1\" \/>\n<link rel=\"canonical\" href=\"https:\/\/franciscanos.org.br\/noticias\/cffb-carta-aberta-sobre-a-greve-geral.html\" \/>\n<meta property=\"og:locale\" content=\"pt_BR\" \/>\n<meta property=\"og:type\" content=\"article\" \/>\n<meta property=\"og:title\" content=\"CFFB: Carta aberta sobre a Greve Geral - Not\u00edcias - Franciscanos\" \/>\n<meta property=\"og:description\" content=\"Festa de Santo Ant\u00f4nio, Doutor do Evangelho! Irm\u00e3s e Irm\u00e3os! O Senhor lhes d\u00ea a paz! \u201cV\u00f3s sois o sal da terra, v\u00f3s sois a luz do mundo\u201d MT, 5,13-16 A voca\u00e7\u00e3o crist\u00e3 \u00e9, antes de tudo, uma vida comprometida com as realidades humanas necessitadas de transforma\u00e7\u00e3o. Sal e luz s\u00e3o duas categorias usadas por [&hellip;]\" \/>\n<meta property=\"og:url\" content=\"https:\/\/franciscanos.org.br\/noticias\/cffb-carta-aberta-sobre-a-greve-geral.html\" \/>\n<meta property=\"og:site_name\" content=\"Not\u00edcias - Franciscanos\" \/>\n<meta property=\"article:published_time\" content=\"2019-06-14T12:06:26+00:00\" \/>\n<meta property=\"og:image\" content=\"https:\/\/franciscanos.org.br\/noticias\/wp-content\/uploads\/2019\/06\/greve_1406d.jpg\" \/>\n\t<meta property=\"og:image:width\" content=\"273\" \/>\n\t<meta property=\"og:image:height\" content=\"181\" \/>\n\t<meta property=\"og:image:type\" content=\"image\/jpeg\" \/>\n<meta name=\"author\" content=\"moacir\" \/>\n<meta name=\"twitter:card\" content=\"summary_large_image\" \/>\n<meta name=\"twitter:label1\" content=\"Escrito por\" \/>\n\t<meta name=\"twitter:data1\" content=\"moacir\" \/>\n\t<meta name=\"twitter:label2\" content=\"Est. tempo de leitura\" \/>\n\t<meta name=\"twitter:data2\" content=\"4 minutos\" \/>\n<script type=\"application\/ld+json\" class=\"yoast-schema-graph\">{\"@context\":\"https:\/\/schema.org\",\"@graph\":[{\"@type\":\"WebSite\",\"@id\":\"https:\/\/franciscanos.org.br\/noticias\/#website\",\"url\":\"https:\/\/franciscanos.org.br\/noticias\/\",\"name\":\"Not\u00edcias - Franciscanos\",\"description\":\"Prov\u00edncia Franciscana da Imaculada Concei\u00e7\u00e3o do Brasil - Ordem dos Frades Menores - OFM\",\"potentialAction\":[{\"@type\":\"SearchAction\",\"target\":{\"@type\":\"EntryPoint\",\"urlTemplate\":\"https:\/\/franciscanos.org.br\/noticias\/?s={search_term_string}\"},\"query-input\":\"required name=search_term_string\"}],\"inLanguage\":\"pt-BR\"},{\"@type\":\"ImageObject\",\"inLanguage\":\"pt-BR\",\"@id\":\"https:\/\/franciscanos.org.br\/noticias\/cffb-carta-aberta-sobre-a-greve-geral.html#primaryimage\",\"url\":\"https:\/\/franciscanos.org.br\/noticias\/wp-content\/uploads\/2019\/06\/greve_1406d.jpg\",\"contentUrl\":\"https:\/\/franciscanos.org.br\/noticias\/wp-content\/uploads\/2019\/06\/greve_1406d.jpg\",\"width\":273,\"height\":181},{\"@type\":\"WebPage\",\"@id\":\"https:\/\/franciscanos.org.br\/noticias\/cffb-carta-aberta-sobre-a-greve-geral.html#webpage\",\"url\":\"https:\/\/franciscanos.org.br\/noticias\/cffb-carta-aberta-sobre-a-greve-geral.html\",\"name\":\"CFFB: Carta aberta sobre a Greve Geral - Not\u00edcias - Franciscanos\",\"isPartOf\":{\"@id\":\"https:\/\/franciscanos.org.br\/noticias\/#website\"},\"primaryImageOfPage\":{\"@id\":\"https:\/\/franciscanos.org.br\/noticias\/cffb-carta-aberta-sobre-a-greve-geral.html#primaryimage\"},\"datePublished\":\"2019-06-14T12:06:26+00:00\",\"dateModified\":\"2019-06-14T12:06:26+00:00\",\"author\":{\"@id\":\"https:\/\/franciscanos.org.br\/noticias\/#\/schema\/person\/b5c8cba458c330ccff548b056e95a5d4\"},\"breadcrumb\":{\"@id\":\"https:\/\/franciscanos.org.br\/noticias\/cffb-carta-aberta-sobre-a-greve-geral.html#breadcrumb\"},\"inLanguage\":\"pt-BR\",\"potentialAction\":[{\"@type\":\"ReadAction\",\"target\":[\"https:\/\/franciscanos.org.br\/noticias\/cffb-carta-aberta-sobre-a-greve-geral.html\"]}]},{\"@type\":\"BreadcrumbList\",\"@id\":\"https:\/\/franciscanos.org.br\/noticias\/cffb-carta-aberta-sobre-a-greve-geral.html#breadcrumb\",\"itemListElement\":[{\"@type\":\"ListItem\",\"position\":1,\"name\":\"Home\",\"item\":\"https:\/\/franciscanos.org.br\/noticias\"},{\"@type\":\"ListItem\",\"position\":2,\"name\":\"CFFB: Carta aberta sobre a Greve Geral\"}]},{\"@type\":\"Person\",\"@id\":\"https:\/\/franciscanos.org.br\/noticias\/#\/schema\/person\/b5c8cba458c330ccff548b056e95a5d4\",\"name\":\"moacir\",\"image\":{\"@type\":\"ImageObject\",\"inLanguage\":\"pt-BR\",\"@id\":\"https:\/\/franciscanos.org.br\/noticias\/#\/schema\/person\/image\/\",\"url\":\"https:\/\/secure.gravatar.com\/avatar\/d08aa2ce4c8dd416d4479aa8536fcf64?s=96&d=mm&r=g\",\"contentUrl\":\"https:\/\/secure.gravatar.com\/avatar\/d08aa2ce4c8dd416d4479aa8536fcf64?s=96&d=mm&r=g\",\"caption\":\"moacir\"},\"url\":\"https:\/\/franciscanos.org.br\/noticias\/author\/moacir\"}]}<\/script>\n<!-- \/ Yoast SEO plugin. -->","yoast_head_json":{"title":"CFFB: Carta aberta sobre a Greve Geral - Not\u00edcias - Franciscanos","robots":{"index":"index","follow":"follow","max-snippet":"max-snippet:-1","max-image-preview":"max-image-preview:large","max-video-preview":"max-video-preview:-1"},"canonical":"https:\/\/franciscanos.org.br\/noticias\/cffb-carta-aberta-sobre-a-greve-geral.html","og_locale":"pt_BR","og_type":"article","og_title":"CFFB: Carta aberta sobre a Greve Geral - Not\u00edcias - Franciscanos","og_description":"Festa de Santo Ant\u00f4nio, Doutor do Evangelho! Irm\u00e3s e Irm\u00e3os! O Senhor lhes d\u00ea a paz! \u201cV\u00f3s sois o sal da terra, v\u00f3s sois a luz do mundo\u201d MT, 5,13-16 A voca\u00e7\u00e3o crist\u00e3 \u00e9, antes de tudo, uma vida comprometida com as realidades humanas necessitadas de transforma\u00e7\u00e3o. Sal e luz s\u00e3o duas categorias usadas por [&hellip;]","og_url":"https:\/\/franciscanos.org.br\/noticias\/cffb-carta-aberta-sobre-a-greve-geral.html","og_site_name":"Not\u00edcias - Franciscanos","article_published_time":"2019-06-14T12:06:26+00:00","og_image":[{"width":273,"height":181,"url":"https:\/\/franciscanos.org.br\/noticias\/wp-content\/uploads\/2019\/06\/greve_1406d.jpg","type":"image\/jpeg"}],"author":"moacir","twitter_card":"summary_large_image","twitter_misc":{"Escrito por":"moacir","Est. tempo de leitura":"4 minutos"},"schema":{"@context":"https:\/\/schema.org","@graph":[{"@type":"WebSite","@id":"https:\/\/franciscanos.org.br\/noticias\/#website","url":"https:\/\/franciscanos.org.br\/noticias\/","name":"Not\u00edcias - Franciscanos","description":"Prov\u00edncia Franciscana da Imaculada Concei\u00e7\u00e3o do Brasil - Ordem dos Frades Menores - OFM","potentialAction":[{"@type":"SearchAction","target":{"@type":"EntryPoint","urlTemplate":"https:\/\/franciscanos.org.br\/noticias\/?s={search_term_string}"},"query-input":"required name=search_term_string"}],"inLanguage":"pt-BR"},{"@type":"ImageObject","inLanguage":"pt-BR","@id":"https:\/\/franciscanos.org.br\/noticias\/cffb-carta-aberta-sobre-a-greve-geral.html#primaryimage","url":"https:\/\/franciscanos.org.br\/noticias\/wp-content\/uploads\/2019\/06\/greve_1406d.jpg","contentUrl":"https:\/\/franciscanos.org.br\/noticias\/wp-content\/uploads\/2019\/06\/greve_1406d.jpg","width":273,"height":181},{"@type":"WebPage","@id":"https:\/\/franciscanos.org.br\/noticias\/cffb-carta-aberta-sobre-a-greve-geral.html#webpage","url":"https:\/\/franciscanos.org.br\/noticias\/cffb-carta-aberta-sobre-a-greve-geral.html","name":"CFFB: Carta aberta sobre a Greve Geral - Not\u00edcias - Franciscanos","isPartOf":{"@id":"https:\/\/franciscanos.org.br\/noticias\/#website"},"primaryImageOfPage":{"@id":"https:\/\/franciscanos.org.br\/noticias\/cffb-carta-aberta-sobre-a-greve-geral.html#primaryimage"},"datePublished":"2019-06-14T12:06:26+00:00","dateModified":"2019-06-14T12:06:26+00:00","author":{"@id":"https:\/\/franciscanos.org.br\/noticias\/#\/schema\/person\/b5c8cba458c330ccff548b056e95a5d4"},"breadcrumb":{"@id":"https:\/\/franciscanos.org.br\/noticias\/cffb-carta-aberta-sobre-a-greve-geral.html#breadcrumb"},"inLanguage":"pt-BR","potentialAction":[{"@type":"ReadAction","target":["https:\/\/franciscanos.org.br\/noticias\/cffb-carta-aberta-sobre-a-greve-geral.html"]}]},{"@type":"BreadcrumbList","@id":"https:\/\/franciscanos.org.br\/noticias\/cffb-carta-aberta-sobre-a-greve-geral.html#breadcrumb","itemListElement":[{"@type":"ListItem","position":1,"name":"Home","item":"https:\/\/franciscanos.org.br\/noticias"},{"@type":"ListItem","position":2,"name":"CFFB: Carta aberta sobre a Greve Geral"}]},{"@type":"Person","@id":"https:\/\/franciscanos.org.br\/noticias\/#\/schema\/person\/b5c8cba458c330ccff548b056e95a5d4","name":"moacir","image":{"@type":"ImageObject","inLanguage":"pt-BR","@id":"https:\/\/franciscanos.org.br\/noticias\/#\/schema\/person\/image\/","url":"https:\/\/secure.gravatar.com\/avatar\/d08aa2ce4c8dd416d4479aa8536fcf64?s=96&d=mm&r=g","contentUrl":"https:\/\/secure.gravatar.com\/avatar\/d08aa2ce4c8dd416d4479aa8536fcf64?s=96&d=mm&r=g","caption":"moacir"},"url":"https:\/\/franciscanos.org.br\/noticias\/author\/moacir"}]}},"_links":{"self":[{"href":"https:\/\/franciscanos.org.br\/noticias\/wp-json\/wp\/v2\/posts\/206338"}],"collection":[{"href":"https:\/\/franciscanos.org.br\/noticias\/wp-json\/wp\/v2\/posts"}],"about":[{"href":"https:\/\/franciscanos.org.br\/noticias\/wp-json\/wp\/v2\/types\/post"}],"author":[{"embeddable":true,"href":"https:\/\/franciscanos.org.br\/noticias\/wp-json\/wp\/v2\/users\/3"}],"replies":[{"embeddable":true,"href":"https:\/\/franciscanos.org.br\/noticias\/wp-json\/wp\/v2\/comments?post=206338"}],"version-history":[{"count":0,"href":"https:\/\/franciscanos.org.br\/noticias\/wp-json\/wp\/v2\/posts\/206338\/revisions"}],"wp:featuredmedia":[{"embeddable":true,"href":"https:\/\/franciscanos.org.br\/noticias\/wp-json\/wp\/v2\/media\/206341"}],"wp:attachment":[{"href":"https:\/\/franciscanos.org.br\/noticias\/wp-json\/wp\/v2\/media?parent=206338"}],"wp:term":[{"taxonomy":"category","embeddable":true,"href":"https:\/\/franciscanos.org.br\/noticias\/wp-json\/wp\/v2\/categories?post=206338"},{"taxonomy":"post_tag","embeddable":true,"href":"https:\/\/franciscanos.org.br\/noticias\/wp-json\/wp\/v2\/tags?post=206338"}],"curies":[{"name":"wp","href":"https:\/\/api.w.org\/{rel}","templated":true}]}}