{"id":20625,"date":"2011-08-13T08:18:52","date_gmt":"2011-08-13T11:18:52","guid":{"rendered":"http:\/\/new.franciscanos.org.br\/?p=20625"},"modified":"2019-02-04T12:10:39","modified_gmt":"2019-02-04T14:10:39","slug":"missa-de-acao-de-gracas-no-mosteiro-das-clarissas-de-guaratingueta-da-inicia-ao-ano-jubilar-clariano","status":"publish","type":"post","link":"https:\/\/franciscanos.org.br\/noticias\/missa-de-acao-de-gracas-no-mosteiro-das-clarissas-de-guaratingueta-da-inicia-ao-ano-jubilar-clariano.html","title":{"rendered":"Missa de A\u00e7\u00e3o de Gra\u00e7as no Mosteiro das Clarissas de Guaratinguet\u00e1 d\u00e1 in\u00edcia ao ano jubilar clariano"},"content":{"rendered":"<p><img loading=\"lazy\" title=\"2781_190712\" src=\"http:\/\/franciscanos.org.br\/wp-content\/uploads\/2012\/07\/2781_190712.jpg\" alt=\"\" width=\"830\" height=\"419\" border=\"0\" \/><br \/>\n<strong>Por Moacir Beggo<\/strong><\/p>\n<p><a href=\"http:\/\/franciscanos.org.br\/wp-content\/uploads\/2012\/07\/2777_190712.jpg\"><img loading=\"lazy\" class=\"alignright size-full wp-image-20626\" title=\"2777_190712\" src=\"http:\/\/franciscanos.org.br\/wp-content\/uploads\/2012\/07\/2777_190712.jpg\" alt=\"\" width=\"300\" height=\"169\" \/><\/a>No belo mosteiro Mater Christi, no interior da Fazenda da Esperan\u00e7a, em Guaratinguet\u00e1, a Prov\u00edncia Franciscana da Imaculada Concei\u00e7\u00e3o deu in\u00edcio \u00e0s celebra\u00e7\u00f5es do 8\u00ba centen\u00e1rio da consagra\u00e7\u00e3o de Santa Clara na Porci\u00fancula e, consequentemente, do 8\u00ba centen\u00e1rio de funda\u00e7\u00e3o da Segunda Ordem Franciscana, a das Irm\u00e3s Clarissas. O Ministro Provincial, Frei Fid\u00eancio Vanboemmel, presidiu a Missa de A\u00e7\u00e3o de Gra\u00e7as e lembrou que esta mesma celebra\u00e7\u00e3o, com gestos e formas diferentes, est\u00e1 se repetindo em todo o mundo, para exatamente mostrar \u00e0 Igreja de Deus e ao mundo a grandeza desta &#8220;figura t\u00e3o importante, t\u00e3o bonita, que n\u00f3s carinhosamente chamamos de\u00a0<em>Plantinha de S\u00e3o Francisco de Assis<\/em>. Uma plantinha que n\u00e3o cresceu \u00e0 sombra de S\u00e3o Francisco, mas que cresceu\u00a0com\u00a0S\u00e3o Francisco, no mesmo vigor e entusiasmo no seguimento de Jesus Cristo&#8221;.<\/p>\n<p><a href=\"http:\/\/franciscanos.org.br\/wp-content\/uploads\/2012\/07\/2778_190712.jpg\"><img loading=\"lazy\" class=\"alignleft size-full wp-image-20627\" title=\"2778_190712\" src=\"http:\/\/franciscanos.org.br\/wp-content\/uploads\/2012\/07\/2778_190712.jpg\" alt=\"\" width=\"300\" height=\"169\" \/><\/a>Frei Fid\u00eancio teve como concelebrantes Frei Raimundo Justiniano de Oliveira Castro, que \u00e9 assistente nacional da Federa\u00e7\u00e3o das Irm\u00e3s Clarissas; Frei Hans Stapel, um dos fundadores da Fazenda da Esperan\u00e7a; Frei Marco Ant\u00f4nio dos Santos, mestre dos postulantes do Semin\u00e1rio Frei Galv\u00e3o e assistentes das Clarissas de Guaratinguet\u00e1; e Frei Wilson Steiner, vice-mestre dos postulantes. Da cidade, participaram religiosos e religiosas, os postulantes, a Ordem Terceira Franciscana, as Irm\u00e3s de Siessen e todos os jovens atendidos no projeto da Fazenda da Esperan\u00e7a, Centro Masculino, que lotaram a capela.<\/p>\n<p>Para o mosteiro e suas 22 irm\u00e3s foi um momento de j\u00fabilo e muita alegria. A celebra\u00e7\u00e3o teve in\u00edcio \u00e0s 17 horas, do s\u00e1bado (16\/04), e foi marcada por muito simbolismo. Todo o altar foi decorado com ramos de palmeiras, que foram aben\u00e7oadas pelo celebrante e entregues pelos frades a cada uma das irm\u00e3s clarissas. Mas para uma delas, o momento foi especial: a jovem D\u00e9bora Alice foi acolhida pelo mosteiro para iniciar a experi\u00eancia que fez Santa Clara h\u00e1 800 anos. Frei Fid\u00eancio chamou-a para o altar, deu a b\u00ean\u00e7\u00e3o e lhe entregou um ramo. Em seguida, ela foi se juntar com as irm\u00e3s no claustro. J\u00e1 as irm\u00e3s professas fizeram a renova\u00e7\u00e3o dos votos.<\/p>\n<p><a href=\"http:\/\/franciscanos.org.br\/wp-content\/uploads\/2012\/07\/2780_190712.jpg\"><img loading=\"lazy\" class=\"alignright size-full wp-image-20628\" title=\"2780_190712\" src=\"http:\/\/franciscanos.org.br\/wp-content\/uploads\/2012\/07\/2780_190712.jpg\" alt=\"\" width=\"300\" height=\"502\" \/><\/a>Na sua homilia, Frei Fid\u00eancio explicou o significado daquele momento especial para as Clarissas e para a fam\u00edlia franciscana. &#8220;Santa Clara, bem no finalzinho de sua vida, retomou a historia da sua vida e recordou a origem da sua pr\u00f3pria voca\u00e7\u00e3o. Por isso, ela escreve no seu Testamento: entre tantos benef\u00edcios que diariamente recebemos do Deus da Miseric\u00f3rdia est\u00e1 a nossa voca\u00e7\u00e3o. A voca\u00e7\u00e3o \u00e9 o dom, a d\u00e1diva mais preciosa que recebemos de Deus. E, na sequ\u00eancia, ela diz que, quanto mais vivermos com intensidade e aperfei\u00e7oarmos dentro de n\u00f3s o dom da voca\u00e7\u00e3o, tanto mais necessitamos restituir esta d\u00e1diva a Deus. Se Deus nos deu o dom da voca\u00e7\u00e3o, n\u00f3s somos devedores dessa d\u00e1diva divina&#8221;, explicou Frei Fid\u00eancio.<br \/>\n&#8220;Mas como Clara descobriu essa voca\u00e7\u00e3o?&#8221;, perguntou. &#8220;Eu diria que, como S\u00e3o Francisco, ela deixou-se inquietar pelo Evangelho, isto \u00e9, pela pr\u00f3pria pessoa de Jesus Cristo&#8221;, acrescenta o Ministro Provincial que passa a narrar o momento da celebra\u00e7\u00e3o lit\u00fargica do Domingo de Ramos em que Clara recebe do bispo Guido a palma benta, gesto que pode ser interpretado como o consentimento da Igreja para com a decis\u00e3o Clara. Decis\u00e3o que vai ser ratificada no anoitecer daquele Domingo da Paix\u00e3o: Clara foge da casa paterna para abra\u00e7ar com toda a radicalidade o Santo Evangelho de Nosso Senhor Jesus Cristo.<\/p>\n<p>Na noite do Domingo de Ramos de 1212, a jovem nobre de Assis deixou a casa paterna para chegar \u00e0s escondidas \u00e0 pequena igreja da Porci\u00fancula (Assis), onde vivia Francisco com seus irm\u00e3os, com o desejo de seguir seu ideal evang\u00e9lico. Segundo Frei Fid\u00eancio, Clara, ent\u00e3o, humildemente prostrada faz a tonsura dos seus cabelos e, mais humildemente ainda, reveste-se com o h\u00e1bito da penit\u00eancia, ou seja, o pano pobre. &#8220;Clara, mulher leiga, se consagra a Deus pela media\u00e7\u00e3o de outro leigo, S\u00e3o Francisco de Assis! Um gesto de ousadia, porque quem podia receber naquele tempo uma virgem consagrada era s\u00f3 o bispo&#8221;, conta o Ministro. A partir daquele momento, com o cabelo tonsurado, Clara come\u00e7ou a viver sua vida de penit\u00eancia, primeiro no Mosteiro das Beneditinas de S\u00e3o Paulo e depois na Igreja de Santo Angelo de Panzo para, finalmente, terminar o seu projeto de vida no Conventinho de S\u00e3o Dami\u00e3o, em Assis.<\/p>\n<p>&#8220;Hoje, 800 anos depois, simplesmente queremos recordar e trazer para o presente, aquele gesto t\u00e3o importante: Clara rompe com o mundo para colocar sua inteira exist\u00eancia dentro do sonho de Deus&#8221;, frisou Frei Fid\u00eancio.<\/p>\n<p>Segundo ele, n\u00e3o foi um gesto f\u00e1cil, mas de muito amor: &#8220;H\u00e1 oitocentos anos, Clara fez este gesto para dizer que todos n\u00f3s tamb\u00e9m temos uma voca\u00e7\u00e3o e precisamos ser respons\u00e1veis por ela. N\u00f3s, frades menores, as irm\u00e3s clarissas, as irm\u00e3s e irm\u00e3os da Terceira Ordem Secular, as Irm\u00e3s de Siessen, a Fam\u00edlia da Fazenda da Esperan\u00e7a, os nossos postulantes que est\u00e3o iniciando a perfazer esse caminho, todos precisamos tomar nossa decis\u00e3o na vida crist\u00e3: seguir com radicalidade o Evangelho de Nosso Senhor&#8221;.<\/p>\n<p>Frei Fid\u00eancio lembra que a decis\u00e3o de Clara n\u00e3o teve mais volta. &#8220;Ela abra\u00e7ou essa causa. E foi se recolher no sil\u00eancio da clausura de S\u00e3o Dami\u00e3o. N\u00e3o para fugir do mundo, mas para, a partir da clausura, lembrar a todos n\u00f3s \u00a0grandeza da dimens\u00e3o orante&#8221;, completou.<\/p>\n<p><strong>A Ordem de Santa Clara no Brasil<\/strong><br \/>\nA partir daquele domingo de Ramos, nascia a Segunda Ordem Franciscana. Clara acolher\u00e1 imediatamente v\u00e1rias jovens da regi\u00e3o, animadas por seu mesmo desejo, e muito r\u00e1pido o movimento envolver\u00e1 mulheres de diversas classes sociais de todo o continente europeu. A originalidade da institui\u00e7\u00e3o evang\u00e9lica de Santa Clara impressiona entre outras coisas que haja sido a primeira mulher medieval a redigir uma regra para mulheres.<\/p>\n<p>Essa mesma originalidade faz com que a Segunda Ordem Franciscana continue atraindo jovens para seguir esta forma de vida. No Brasil, segundo a presidente da Federa\u00e7\u00e3o da Sagrada Fam\u00edlia, Ir. Maria Jos\u00e9 da Rosa M\u00edstica, a Ordem tem muitas voca\u00e7\u00f5es. No Mosteiro de Guaratinguet\u00e1, a sede da Federa\u00e7\u00e3o, vivem 22 irm\u00e3s. No Brasil, s\u00e3o cerca de 300 religiosas, espalhadas em 20 mosteiros. Atualmente as Clarissas chegam a vinte mil no mundo, em 986 Mosteiros.<\/p>\n<p>Mas por que essa vida de clausura e pobreza atraem as jovens? Segundo Ir. Maria Jos\u00e9, n\u00e3o h\u00e1 segredo de anima\u00e7\u00e3o vocacional: &#8220;\u00c9 o modo pelo qual abra\u00e7amos nossa forma de vida na radicalidade do Santo Evangelho&#8221;. As irm\u00e3s vivem sem nada de pr\u00f3prio e o seu sustento depende de doa\u00e7\u00f5es aos mosteiros. A maioria faz trabalhos artesanais e manuais para ajudar neste sustento.<\/p>\n<p>As festividades do Ano Jubilar apenas se iniciaram. Ser\u00e3o mais intensas a partir do in\u00edcio de agosto, quando se celebra o Dia de Santa Clara de Assis, em 11 de agosto.<\/p>\n","protected":false},"excerpt":{"rendered":"<p>Ano Jubilar Clariano<\/p>\n","protected":false},"author":1,"featured_media":199362,"comment_status":"closed","ping_status":"closed","sticky":false,"template":"","format":"standard","meta":[],"categories":[1],"tags":[293,171],"acf":[],"yoast_head":"<!-- This site is optimized with the Yoast SEO plugin v19.2 - https:\/\/yoast.com\/wordpress\/plugins\/seo\/ -->\n<title>Missa de A\u00e7\u00e3o de Gra\u00e7as no Mosteiro das Clarissas de Guaratinguet\u00e1 d\u00e1 in\u00edcia ao ano jubilar clariano - Not\u00edcias - Franciscanos<\/title>\n<meta name=\"robots\" content=\"index, follow, max-snippet:-1, max-image-preview:large, max-video-preview:-1\" \/>\n<link rel=\"canonical\" href=\"https:\/\/franciscanos.org.br\/noticias\/missa-de-acao-de-gracas-no-mosteiro-das-clarissas-de-guaratingueta-da-inicia-ao-ano-jubilar-clariano.html\" \/>\n<meta property=\"og:locale\" content=\"pt_BR\" \/>\n<meta property=\"og:type\" content=\"article\" \/>\n<meta property=\"og:title\" content=\"Missa de A\u00e7\u00e3o de Gra\u00e7as no Mosteiro das Clarissas de Guaratinguet\u00e1 d\u00e1 in\u00edcia ao ano jubilar clariano - Not\u00edcias - Franciscanos\" \/>\n<meta property=\"og:description\" content=\"Ano Jubilar Clariano\" \/>\n<meta property=\"og:url\" content=\"https:\/\/franciscanos.org.br\/noticias\/missa-de-acao-de-gracas-no-mosteiro-das-clarissas-de-guaratingueta-da-inicia-ao-ano-jubilar-clariano.html\" \/>\n<meta property=\"og:site_name\" content=\"Not\u00edcias - Franciscanos\" \/>\n<meta property=\"article:published_time\" content=\"2011-08-13T11:18:52+00:00\" \/>\n<meta property=\"article:modified_time\" content=\"2019-02-04T14:10:39+00:00\" \/>\n<meta property=\"og:image\" content=\"https:\/\/franciscanos.org.br\/noticias\/wp-content\/uploads\/2011\/08\/missa.jpg\" \/>\n\t<meta property=\"og:image:width\" content=\"273\" \/>\n\t<meta property=\"og:image:height\" content=\"181\" \/>\n\t<meta property=\"og:image:type\" content=\"image\/jpeg\" \/>\n<meta name=\"author\" content=\"admin\" \/>\n<meta name=\"twitter:card\" content=\"summary_large_image\" \/>\n<meta name=\"twitter:label1\" content=\"Escrito por\" \/>\n\t<meta name=\"twitter:data1\" content=\"admin\" \/>\n\t<meta name=\"twitter:label2\" content=\"Est. tempo de leitura\" \/>\n\t<meta name=\"twitter:data2\" content=\"6 minutos\" \/>\n<script type=\"application\/ld+json\" class=\"yoast-schema-graph\">{\"@context\":\"https:\/\/schema.org\",\"@graph\":[{\"@type\":\"WebSite\",\"@id\":\"https:\/\/franciscanos.org.br\/noticias\/#website\",\"url\":\"https:\/\/franciscanos.org.br\/noticias\/\",\"name\":\"Not\u00edcias - Franciscanos\",\"description\":\"Prov\u00edncia Franciscana da Imaculada Concei\u00e7\u00e3o do Brasil - Ordem dos Frades Menores - OFM\",\"potentialAction\":[{\"@type\":\"SearchAction\",\"target\":{\"@type\":\"EntryPoint\",\"urlTemplate\":\"https:\/\/franciscanos.org.br\/noticias\/?s={search_term_string}\"},\"query-input\":\"required name=search_term_string\"}],\"inLanguage\":\"pt-BR\"},{\"@type\":\"ImageObject\",\"inLanguage\":\"pt-BR\",\"@id\":\"https:\/\/franciscanos.org.br\/noticias\/missa-de-acao-de-gracas-no-mosteiro-das-clarissas-de-guaratingueta-da-inicia-ao-ano-jubilar-clariano.html#primaryimage\",\"url\":\"https:\/\/franciscanos.org.br\/noticias\/wp-content\/uploads\/2011\/08\/missa.jpg\",\"contentUrl\":\"https:\/\/franciscanos.org.br\/noticias\/wp-content\/uploads\/2011\/08\/missa.jpg\",\"width\":273,\"height\":181},{\"@type\":\"WebPage\",\"@id\":\"https:\/\/franciscanos.org.br\/noticias\/missa-de-acao-de-gracas-no-mosteiro-das-clarissas-de-guaratingueta-da-inicia-ao-ano-jubilar-clariano.html#webpage\",\"url\":\"https:\/\/franciscanos.org.br\/noticias\/missa-de-acao-de-gracas-no-mosteiro-das-clarissas-de-guaratingueta-da-inicia-ao-ano-jubilar-clariano.html\",\"name\":\"Missa de A\u00e7\u00e3o de Gra\u00e7as no Mosteiro das Clarissas de Guaratinguet\u00e1 d\u00e1 in\u00edcia ao ano jubilar clariano - Not\u00edcias - Franciscanos\",\"isPartOf\":{\"@id\":\"https:\/\/franciscanos.org.br\/noticias\/#website\"},\"primaryImageOfPage\":{\"@id\":\"https:\/\/franciscanos.org.br\/noticias\/missa-de-acao-de-gracas-no-mosteiro-das-clarissas-de-guaratingueta-da-inicia-ao-ano-jubilar-clariano.html#primaryimage\"},\"datePublished\":\"2011-08-13T11:18:52+00:00\",\"dateModified\":\"2019-02-04T14:10:39+00:00\",\"author\":{\"@id\":\"https:\/\/franciscanos.org.br\/noticias\/#\/schema\/person\/b38fbf43118f02820bd932f2e4b14ad3\"},\"breadcrumb\":{\"@id\":\"https:\/\/franciscanos.org.br\/noticias\/missa-de-acao-de-gracas-no-mosteiro-das-clarissas-de-guaratingueta-da-inicia-ao-ano-jubilar-clariano.html#breadcrumb\"},\"inLanguage\":\"pt-BR\",\"potentialAction\":[{\"@type\":\"ReadAction\",\"target\":[\"https:\/\/franciscanos.org.br\/noticias\/missa-de-acao-de-gracas-no-mosteiro-das-clarissas-de-guaratingueta-da-inicia-ao-ano-jubilar-clariano.html\"]}]},{\"@type\":\"BreadcrumbList\",\"@id\":\"https:\/\/franciscanos.org.br\/noticias\/missa-de-acao-de-gracas-no-mosteiro-das-clarissas-de-guaratingueta-da-inicia-ao-ano-jubilar-clariano.html#breadcrumb\",\"itemListElement\":[{\"@type\":\"ListItem\",\"position\":1,\"name\":\"Home\",\"item\":\"https:\/\/franciscanos.org.br\/noticias\"},{\"@type\":\"ListItem\",\"position\":2,\"name\":\"Missa de A\u00e7\u00e3o de Gra\u00e7as no Mosteiro das Clarissas de Guaratinguet\u00e1 d\u00e1 in\u00edcia ao ano jubilar clariano\"}]},{\"@type\":\"Person\",\"@id\":\"https:\/\/franciscanos.org.br\/noticias\/#\/schema\/person\/b38fbf43118f02820bd932f2e4b14ad3\",\"name\":\"admin\",\"image\":{\"@type\":\"ImageObject\",\"inLanguage\":\"pt-BR\",\"@id\":\"https:\/\/franciscanos.org.br\/noticias\/#\/schema\/person\/image\/\",\"url\":\"https:\/\/secure.gravatar.com\/avatar\/e8495742d34d0ba6448ea1c628263b3e?s=96&d=mm&r=g\",\"contentUrl\":\"https:\/\/secure.gravatar.com\/avatar\/e8495742d34d0ba6448ea1c628263b3e?s=96&d=mm&r=g\",\"caption\":\"admin\"},\"url\":\"https:\/\/franciscanos.org.br\/noticias\/author\/admin\"}]}<\/script>\n<!-- \/ Yoast SEO plugin. -->","yoast_head_json":{"title":"Missa de A\u00e7\u00e3o de Gra\u00e7as no Mosteiro das Clarissas de Guaratinguet\u00e1 d\u00e1 in\u00edcia ao ano jubilar clariano - Not\u00edcias - Franciscanos","robots":{"index":"index","follow":"follow","max-snippet":"max-snippet:-1","max-image-preview":"max-image-preview:large","max-video-preview":"max-video-preview:-1"},"canonical":"https:\/\/franciscanos.org.br\/noticias\/missa-de-acao-de-gracas-no-mosteiro-das-clarissas-de-guaratingueta-da-inicia-ao-ano-jubilar-clariano.html","og_locale":"pt_BR","og_type":"article","og_title":"Missa de A\u00e7\u00e3o de Gra\u00e7as no Mosteiro das Clarissas de Guaratinguet\u00e1 d\u00e1 in\u00edcia ao ano jubilar clariano - Not\u00edcias - Franciscanos","og_description":"Ano Jubilar Clariano","og_url":"https:\/\/franciscanos.org.br\/noticias\/missa-de-acao-de-gracas-no-mosteiro-das-clarissas-de-guaratingueta-da-inicia-ao-ano-jubilar-clariano.html","og_site_name":"Not\u00edcias - Franciscanos","article_published_time":"2011-08-13T11:18:52+00:00","article_modified_time":"2019-02-04T14:10:39+00:00","og_image":[{"width":273,"height":181,"url":"https:\/\/franciscanos.org.br\/noticias\/wp-content\/uploads\/2011\/08\/missa.jpg","type":"image\/jpeg"}],"author":"admin","twitter_card":"summary_large_image","twitter_misc":{"Escrito por":"admin","Est. tempo de leitura":"6 minutos"},"schema":{"@context":"https:\/\/schema.org","@graph":[{"@type":"WebSite","@id":"https:\/\/franciscanos.org.br\/noticias\/#website","url":"https:\/\/franciscanos.org.br\/noticias\/","name":"Not\u00edcias - Franciscanos","description":"Prov\u00edncia Franciscana da Imaculada Concei\u00e7\u00e3o do Brasil - Ordem dos Frades Menores - OFM","potentialAction":[{"@type":"SearchAction","target":{"@type":"EntryPoint","urlTemplate":"https:\/\/franciscanos.org.br\/noticias\/?s={search_term_string}"},"query-input":"required name=search_term_string"}],"inLanguage":"pt-BR"},{"@type":"ImageObject","inLanguage":"pt-BR","@id":"https:\/\/franciscanos.org.br\/noticias\/missa-de-acao-de-gracas-no-mosteiro-das-clarissas-de-guaratingueta-da-inicia-ao-ano-jubilar-clariano.html#primaryimage","url":"https:\/\/franciscanos.org.br\/noticias\/wp-content\/uploads\/2011\/08\/missa.jpg","contentUrl":"https:\/\/franciscanos.org.br\/noticias\/wp-content\/uploads\/2011\/08\/missa.jpg","width":273,"height":181},{"@type":"WebPage","@id":"https:\/\/franciscanos.org.br\/noticias\/missa-de-acao-de-gracas-no-mosteiro-das-clarissas-de-guaratingueta-da-inicia-ao-ano-jubilar-clariano.html#webpage","url":"https:\/\/franciscanos.org.br\/noticias\/missa-de-acao-de-gracas-no-mosteiro-das-clarissas-de-guaratingueta-da-inicia-ao-ano-jubilar-clariano.html","name":"Missa de A\u00e7\u00e3o de Gra\u00e7as no Mosteiro das Clarissas de Guaratinguet\u00e1 d\u00e1 in\u00edcia ao ano jubilar clariano - Not\u00edcias - Franciscanos","isPartOf":{"@id":"https:\/\/franciscanos.org.br\/noticias\/#website"},"primaryImageOfPage":{"@id":"https:\/\/franciscanos.org.br\/noticias\/missa-de-acao-de-gracas-no-mosteiro-das-clarissas-de-guaratingueta-da-inicia-ao-ano-jubilar-clariano.html#primaryimage"},"datePublished":"2011-08-13T11:18:52+00:00","dateModified":"2019-02-04T14:10:39+00:00","author":{"@id":"https:\/\/franciscanos.org.br\/noticias\/#\/schema\/person\/b38fbf43118f02820bd932f2e4b14ad3"},"breadcrumb":{"@id":"https:\/\/franciscanos.org.br\/noticias\/missa-de-acao-de-gracas-no-mosteiro-das-clarissas-de-guaratingueta-da-inicia-ao-ano-jubilar-clariano.html#breadcrumb"},"inLanguage":"pt-BR","potentialAction":[{"@type":"ReadAction","target":["https:\/\/franciscanos.org.br\/noticias\/missa-de-acao-de-gracas-no-mosteiro-das-clarissas-de-guaratingueta-da-inicia-ao-ano-jubilar-clariano.html"]}]},{"@type":"BreadcrumbList","@id":"https:\/\/franciscanos.org.br\/noticias\/missa-de-acao-de-gracas-no-mosteiro-das-clarissas-de-guaratingueta-da-inicia-ao-ano-jubilar-clariano.html#breadcrumb","itemListElement":[{"@type":"ListItem","position":1,"name":"Home","item":"https:\/\/franciscanos.org.br\/noticias"},{"@type":"ListItem","position":2,"name":"Missa de A\u00e7\u00e3o de Gra\u00e7as no Mosteiro das Clarissas de Guaratinguet\u00e1 d\u00e1 in\u00edcia ao ano jubilar clariano"}]},{"@type":"Person","@id":"https:\/\/franciscanos.org.br\/noticias\/#\/schema\/person\/b38fbf43118f02820bd932f2e4b14ad3","name":"admin","image":{"@type":"ImageObject","inLanguage":"pt-BR","@id":"https:\/\/franciscanos.org.br\/noticias\/#\/schema\/person\/image\/","url":"https:\/\/secure.gravatar.com\/avatar\/e8495742d34d0ba6448ea1c628263b3e?s=96&d=mm&r=g","contentUrl":"https:\/\/secure.gravatar.com\/avatar\/e8495742d34d0ba6448ea1c628263b3e?s=96&d=mm&r=g","caption":"admin"},"url":"https:\/\/franciscanos.org.br\/noticias\/author\/admin"}]}},"_links":{"self":[{"href":"https:\/\/franciscanos.org.br\/noticias\/wp-json\/wp\/v2\/posts\/20625"}],"collection":[{"href":"https:\/\/franciscanos.org.br\/noticias\/wp-json\/wp\/v2\/posts"}],"about":[{"href":"https:\/\/franciscanos.org.br\/noticias\/wp-json\/wp\/v2\/types\/post"}],"author":[{"embeddable":true,"href":"https:\/\/franciscanos.org.br\/noticias\/wp-json\/wp\/v2\/users\/1"}],"replies":[{"embeddable":true,"href":"https:\/\/franciscanos.org.br\/noticias\/wp-json\/wp\/v2\/comments?post=20625"}],"version-history":[{"count":0,"href":"https:\/\/franciscanos.org.br\/noticias\/wp-json\/wp\/v2\/posts\/20625\/revisions"}],"wp:featuredmedia":[{"embeddable":true,"href":"https:\/\/franciscanos.org.br\/noticias\/wp-json\/wp\/v2\/media\/199362"}],"wp:attachment":[{"href":"https:\/\/franciscanos.org.br\/noticias\/wp-json\/wp\/v2\/media?parent=20625"}],"wp:term":[{"taxonomy":"category","embeddable":true,"href":"https:\/\/franciscanos.org.br\/noticias\/wp-json\/wp\/v2\/categories?post=20625"},{"taxonomy":"post_tag","embeddable":true,"href":"https:\/\/franciscanos.org.br\/noticias\/wp-json\/wp\/v2\/tags?post=20625"}],"curies":[{"name":"wp","href":"https:\/\/api.w.org\/{rel}","templated":true}]}}