{"id":206073,"date":"2019-06-13T12:48:46","date_gmt":"2019-06-13T15:48:46","guid":{"rendered":"https:\/\/franciscanos.org.br\/noticias\/?p=206073"},"modified":"2019-06-13T17:59:19","modified_gmt":"2019-06-13T20:59:19","slug":"falece-frei-nestor-kuhn-em-angelina","status":"publish","type":"post","link":"https:\/\/franciscanos.org.br\/noticias\/falece-frei-nestor-kuhn-em-angelina.html","title":{"rendered":"Falece Frei Nestor Kuhn em Angelina"},"content":{"rendered":"<h3>* 25\/10\/1921 + 13\/06\/2019<\/h3>\n<p><img loading=\"lazy\" class=\"alignleft size-medium wp-image-206078\" src=\"https:\/\/franciscanos.org.br\/noticias\/wp-content\/uploads\/2019\/06\/NESTOR_2-450x334.jpg\" alt=\"\" width=\"450\" height=\"334\" srcset=\"https:\/\/franciscanos.org.br\/noticias\/wp-content\/uploads\/2019\/06\/NESTOR_2-450x334.jpg 450w, https:\/\/franciscanos.org.br\/noticias\/wp-content\/uploads\/2019\/06\/NESTOR_2-150x111.jpg 150w, https:\/\/franciscanos.org.br\/noticias\/wp-content\/uploads\/2019\/06\/NESTOR_2.jpg 600w\" sizes=\"(max-width: 450px) 100vw, 450px\" \/>Caros Irm\u00e3os,<\/p>\n<p>No dia em que muitas fraternidades da Prov\u00edncia celebram Santo Ant\u00f4nio, o Senhor chamou a si um de nossos confrades mais idosos: Frei Nestor Kuhn. Aos 97 anos, Frei Nestor faleceu em torno do meio-dia, neste 13 de junho, no Hospital de Ituporanga, onde estava internado na UTI, desde o dia 5, diagnosticado com pneumonia. Foi transferido para l\u00e1 vindo do Hospital de Angelina, onde permanecera em tratamento por 12 dias.<\/p>\n<p>A missa de Ex\u00e9quias de Frei Nestor ser\u00e1 celebrada \u00e0s 09h00 de amanh\u00e3, na igreja matriz de Angelina. Seu corpo ser\u00e1 sepultado no cemit\u00e9rio da Ordem Terceira, situado no in\u00edcio do caminho que leva at\u00e9 a gruta, atr\u00e1s da igreja.<\/p>\n<p>&nbsp;<\/p>\n<p><strong>Dados pessoais, forma\u00e7\u00e3o e atividades<\/strong><br \/>\n&#8211; Nascimento: 25.10.1921 (97 anos de idade)<br \/>\n&#8211; Natural de Alto Veado &#8211; Peritiba, SC.<br \/>\n&#8211; Vesti\u00e7\u00e3o: 20.12.1941 \u2013 Rodeio<br \/>\n&#8211; Primeira Profiss\u00e3o: 21.12.1942 (76 anos de Vida Franciscana)<br \/>\n&#8211; Profiss\u00e3o Solene: 21.06.1946<br \/>\n&#8211; Ordena\u00e7\u00e3o Presbiteral: 26.07.1948 (70 anos de Sacerd\u00f3cio)<br \/>\n&#8211; 1942 &#8211; 1943 \u2013 Curitiba \u2013 Estudos de Filosofia;<br \/>\n&#8211; 1944 &#8211; 1947 \u2013 Petr\u00f3polis \u2013 Estudos de Teologia;<br \/>\n&#8211; 24.01.1950 \u2013 Duque de Caxias \u2013 pastoral;<br \/>\n&#8211; 25.01.1951 \u2013 Nil\u00f3polis \u2013 pastoral;<br \/>\n&#8211; 26.09.1955 \u2013 S\u00e3o Paulo \u2013 Pari \u2013 bibliotec\u00e1rio e cronista;<br \/>\n&#8211; 28.01.1956 \u2013 Conc\u00f3rdia &#8211; discreto, bibliotec\u00e1rio, procurador vocacional;<br \/>\n&#8211; 03.12.1962 \u2013 Coronel Freitas \u2013 vig\u00e1rio paroquial;<br \/>\n&#8211; 11.02.1963 \u2013 Duque de Caxias \u2013 discreto e vig\u00e1rio paroquial;<br \/>\n&#8211; 07.02.1964 \u2013 Porto Uni\u00e3o \u2013 discreto;<br \/>\n&#8211; 23.04.1965 \u2013 Ituporanga \u2013 discreto e vig\u00e1rio paroquial;<br \/>\n&#8211; 20.07.1969 \u2013 Santos \u2013 vig\u00e1rio paroquial;<br \/>\n&#8211; 15.01.1971 \u2013 Guaratinguet\u00e1 \u2013 Gra\u00e7as \u2013 atendimento e vig\u00e1rio paroquial Pedregulho;<br \/>\n&#8211; 05.09.1972 \u2013 S\u00e3o Paulo \u2013 Vila Clementino \u2013 vig\u00e1rio paroquial;<br \/>\n&#8211; 03.03.1975 \u2013 Conc\u00f3rdia \u2013 vig\u00e1rio paroquial e vig\u00e1rio conventual;<br \/>\n&#8211; 04.12.1979 \u2013 Canoinhas \u2013 vig\u00e1rio paroquial;<br \/>\n&#8211; 01.09.1980 \u2013 Lages \u2013 vig\u00e1rio paroquial N. Sra. Aparecida; 18.01.1992: vig\u00e1rio da casa;<br \/>\n&#8211; Balne\u00e1rio Cambori\u00fa \u2013 vig\u00e1rio paroquial;<br \/>\n&#8211; 10.01.1995 \u2013 \u00c1gua Doce \u2013 vig\u00e1rio da casa e vig\u00e1rio paroquial;<br \/>\n&#8211; 10.10.1995 \u2013 Porto Uni\u00e3o \u2013 vig\u00e1rio paroquial;<br \/>\n&#8211; 29.11.1997 \u2013 Santo Amaro da Imperatriz \u2013 vig\u00e1rio da casa e vig\u00e1rio paroquial;<br \/>\n&#8211; 22.11.2000 \u2013 Angelina \u2013 vig\u00e1rio paroquial;<\/p>\n<p><strong>O frade menor<\/strong><\/p>\n<p><img loading=\"lazy\" class=\"alignleft size-medium wp-image-206074\" src=\"https:\/\/franciscanos.org.br\/noticias\/wp-content\/uploads\/2019\/06\/nestor-450x299.jpg\" alt=\"\" width=\"450\" height=\"299\" srcset=\"https:\/\/franciscanos.org.br\/noticias\/wp-content\/uploads\/2019\/06\/nestor-450x299.jpg 450w, https:\/\/franciscanos.org.br\/noticias\/wp-content\/uploads\/2019\/06\/nestor-150x100.jpg 150w, https:\/\/franciscanos.org.br\/noticias\/wp-content\/uploads\/2019\/06\/nestor.jpg 482w\" sizes=\"(max-width: 450px) 100vw, 450px\" \/>Entre os 12 filhos do sr. Jo\u00e3o e Albertina Mueller Kuhn (5 irm\u00e3os e 7 irm\u00e3s), Frei Nestor era o 5\u00ba. Seus pais eram ga\u00fachos vindos para Santa Catarina, profundamente cat\u00f3licos e ass\u00edduos assinantes de revistas e jornais que os tornassem atualizados em religi\u00e3o e vida social da regi\u00e3o e do mundo. Trinta parentes de Frei Nestor, de 1\u00ba e 2\u00ba graus, s\u00e3o contados nas fileiras da Vida Religiosa e Sacerdotal. Segundo consta em sua ficha autobiogr\u00e1fica, na fam\u00edlia Frei Nestor aprendeu a seriedade do trabalho, a virtude da religi\u00e3o, a for\u00e7a nas priva\u00e7\u00f5es e sacrif\u00edcios. Do pai herdou o car\u00e1ter sangu\u00edneo e o gosto pela m\u00fasica. Sua m\u00e3e foi exemplo de alegria, paci\u00eancia e compreens\u00e3o, de quem aprendeu tamb\u00e9m a confiar em Deus nas dificuldades.<\/p>\n<p>Frei Nestor se considerava inclinado mais \u00e0s coisas pr\u00e1ticas e n\u00e3o \u00e0s abstra\u00e7\u00f5es. Dizia-se frade feliz e realizado: \u201cNunca tive desejos inalcan\u00e7\u00e1veis. Portanto, na maioria do tempo, fui muito feliz\u201d.<\/p>\n<p>Na evangeliza\u00e7\u00e3o, Frei Nestor passou parte de seus anos em grandes e m\u00e9dias cidades, especialmente na periferia, e outra boa parte nas col\u00f4nias do Sul, trabalhando mais entre pessoas simples, colonos e oper\u00e1rios e crian\u00e7as. Seus trabalhos preferidos eram: visitar capelas, dar catequese, ensaiar cantos com o povo, tocar nos of\u00edcios divinos, ou mesmo s\u00f3 por prazer, improvisando no \u00f3rg\u00e3o. Em Angelina, nos \u00faltimos anos, al\u00e9m da acolhida aos romeiros, fazia v\u00e1rios outros pequenos servi\u00e7os na fraternidade. Ali\u00e1s, segundo ele, o exemplo da boa Fraternidade chama a aten\u00e7\u00e3o dos leigos(as), que notam como vivem os frades: \u201cpalavras convencem, exemplos arrastam\u201d.<\/p>\n<p>Na companhia de Santo Ant\u00f4nio e de tantos confrades que viveram com entrega, alegria e sabedoria a sua voca\u00e7\u00e3o franciscana neste mundo, possa agora Frei Nestor continuar no c\u00e9u seus acordes melodiosos de louvor a Deus, e possa interceder por n\u00f3s, que continuamos nossa caminhada por aqui.<\/p>\n<p>R.I.P.<\/p>\n","protected":false},"excerpt":{"rendered":"<p>Falecimento<\/p>\n","protected":false},"author":3,"featured_media":206075,"comment_status":"open","ping_status":"open","sticky":false,"template":"","format":"standard","meta":[],"categories":[1],"tags":[1160],"acf":[],"yoast_head":"<!-- This site is optimized with the Yoast SEO plugin v19.2 - https:\/\/yoast.com\/wordpress\/plugins\/seo\/ -->\n<title>Falece Frei Nestor Kuhn em Angelina - Not\u00edcias - Franciscanos<\/title>\n<meta name=\"robots\" content=\"index, follow, max-snippet:-1, max-image-preview:large, max-video-preview:-1\" \/>\n<link rel=\"canonical\" href=\"https:\/\/franciscanos.org.br\/noticias\/falece-frei-nestor-kuhn-em-angelina.html\" \/>\n<meta property=\"og:locale\" content=\"pt_BR\" \/>\n<meta property=\"og:type\" content=\"article\" \/>\n<meta property=\"og:title\" content=\"Falece Frei Nestor Kuhn em Angelina - Not\u00edcias - Franciscanos\" \/>\n<meta property=\"og:description\" content=\"Falecimento\" \/>\n<meta property=\"og:url\" content=\"https:\/\/franciscanos.org.br\/noticias\/falece-frei-nestor-kuhn-em-angelina.html\" \/>\n<meta property=\"og:site_name\" content=\"Not\u00edcias - Franciscanos\" \/>\n<meta property=\"article:published_time\" content=\"2019-06-13T15:48:46+00:00\" \/>\n<meta property=\"article:modified_time\" content=\"2019-06-13T20:59:19+00:00\" \/>\n<meta property=\"og:image\" content=\"https:\/\/franciscanos.org.br\/noticias\/wp-content\/uploads\/2019\/06\/nestor_d.jpg\" \/>\n\t<meta property=\"og:image:width\" content=\"273\" \/>\n\t<meta property=\"og:image:height\" content=\"181\" \/>\n\t<meta property=\"og:image:type\" content=\"image\/jpeg\" \/>\n<meta name=\"author\" content=\"moacir\" \/>\n<meta name=\"twitter:card\" content=\"summary_large_image\" \/>\n<meta name=\"twitter:label1\" content=\"Escrito por\" \/>\n\t<meta name=\"twitter:data1\" content=\"moacir\" \/>\n\t<meta name=\"twitter:label2\" content=\"Est. tempo de leitura\" \/>\n\t<meta name=\"twitter:data2\" content=\"3 minutos\" \/>\n<script type=\"application\/ld+json\" class=\"yoast-schema-graph\">{\"@context\":\"https:\/\/schema.org\",\"@graph\":[{\"@type\":\"WebSite\",\"@id\":\"https:\/\/franciscanos.org.br\/noticias\/#website\",\"url\":\"https:\/\/franciscanos.org.br\/noticias\/\",\"name\":\"Not\u00edcias - Franciscanos\",\"description\":\"Prov\u00edncia Franciscana da Imaculada Concei\u00e7\u00e3o do Brasil - Ordem dos Frades Menores - OFM\",\"potentialAction\":[{\"@type\":\"SearchAction\",\"target\":{\"@type\":\"EntryPoint\",\"urlTemplate\":\"https:\/\/franciscanos.org.br\/noticias\/?s={search_term_string}\"},\"query-input\":\"required name=search_term_string\"}],\"inLanguage\":\"pt-BR\"},{\"@type\":\"ImageObject\",\"inLanguage\":\"pt-BR\",\"@id\":\"https:\/\/franciscanos.org.br\/noticias\/falece-frei-nestor-kuhn-em-angelina.html#primaryimage\",\"url\":\"https:\/\/franciscanos.org.br\/noticias\/wp-content\/uploads\/2019\/06\/nestor_d.jpg\",\"contentUrl\":\"https:\/\/franciscanos.org.br\/noticias\/wp-content\/uploads\/2019\/06\/nestor_d.jpg\",\"width\":273,\"height\":181},{\"@type\":\"WebPage\",\"@id\":\"https:\/\/franciscanos.org.br\/noticias\/falece-frei-nestor-kuhn-em-angelina.html#webpage\",\"url\":\"https:\/\/franciscanos.org.br\/noticias\/falece-frei-nestor-kuhn-em-angelina.html\",\"name\":\"Falece Frei Nestor Kuhn em Angelina - Not\u00edcias - Franciscanos\",\"isPartOf\":{\"@id\":\"https:\/\/franciscanos.org.br\/noticias\/#website\"},\"primaryImageOfPage\":{\"@id\":\"https:\/\/franciscanos.org.br\/noticias\/falece-frei-nestor-kuhn-em-angelina.html#primaryimage\"},\"datePublished\":\"2019-06-13T15:48:46+00:00\",\"dateModified\":\"2019-06-13T20:59:19+00:00\",\"author\":{\"@id\":\"https:\/\/franciscanos.org.br\/noticias\/#\/schema\/person\/b5c8cba458c330ccff548b056e95a5d4\"},\"breadcrumb\":{\"@id\":\"https:\/\/franciscanos.org.br\/noticias\/falece-frei-nestor-kuhn-em-angelina.html#breadcrumb\"},\"inLanguage\":\"pt-BR\",\"potentialAction\":[{\"@type\":\"ReadAction\",\"target\":[\"https:\/\/franciscanos.org.br\/noticias\/falece-frei-nestor-kuhn-em-angelina.html\"]}]},{\"@type\":\"BreadcrumbList\",\"@id\":\"https:\/\/franciscanos.org.br\/noticias\/falece-frei-nestor-kuhn-em-angelina.html#breadcrumb\",\"itemListElement\":[{\"@type\":\"ListItem\",\"position\":1,\"name\":\"Home\",\"item\":\"https:\/\/franciscanos.org.br\/noticias\"},{\"@type\":\"ListItem\",\"position\":2,\"name\":\"Falece Frei Nestor Kuhn em Angelina\"}]},{\"@type\":\"Person\",\"@id\":\"https:\/\/franciscanos.org.br\/noticias\/#\/schema\/person\/b5c8cba458c330ccff548b056e95a5d4\",\"name\":\"moacir\",\"image\":{\"@type\":\"ImageObject\",\"inLanguage\":\"pt-BR\",\"@id\":\"https:\/\/franciscanos.org.br\/noticias\/#\/schema\/person\/image\/\",\"url\":\"https:\/\/secure.gravatar.com\/avatar\/d08aa2ce4c8dd416d4479aa8536fcf64?s=96&d=mm&r=g\",\"contentUrl\":\"https:\/\/secure.gravatar.com\/avatar\/d08aa2ce4c8dd416d4479aa8536fcf64?s=96&d=mm&r=g\",\"caption\":\"moacir\"},\"url\":\"https:\/\/franciscanos.org.br\/noticias\/author\/moacir\"}]}<\/script>\n<!-- \/ Yoast SEO plugin. -->","yoast_head_json":{"title":"Falece Frei Nestor Kuhn em Angelina - Not\u00edcias - Franciscanos","robots":{"index":"index","follow":"follow","max-snippet":"max-snippet:-1","max-image-preview":"max-image-preview:large","max-video-preview":"max-video-preview:-1"},"canonical":"https:\/\/franciscanos.org.br\/noticias\/falece-frei-nestor-kuhn-em-angelina.html","og_locale":"pt_BR","og_type":"article","og_title":"Falece Frei Nestor Kuhn em Angelina - Not\u00edcias - Franciscanos","og_description":"Falecimento","og_url":"https:\/\/franciscanos.org.br\/noticias\/falece-frei-nestor-kuhn-em-angelina.html","og_site_name":"Not\u00edcias - Franciscanos","article_published_time":"2019-06-13T15:48:46+00:00","article_modified_time":"2019-06-13T20:59:19+00:00","og_image":[{"width":273,"height":181,"url":"https:\/\/franciscanos.org.br\/noticias\/wp-content\/uploads\/2019\/06\/nestor_d.jpg","type":"image\/jpeg"}],"author":"moacir","twitter_card":"summary_large_image","twitter_misc":{"Escrito por":"moacir","Est. tempo de leitura":"3 minutos"},"schema":{"@context":"https:\/\/schema.org","@graph":[{"@type":"WebSite","@id":"https:\/\/franciscanos.org.br\/noticias\/#website","url":"https:\/\/franciscanos.org.br\/noticias\/","name":"Not\u00edcias - Franciscanos","description":"Prov\u00edncia Franciscana da Imaculada Concei\u00e7\u00e3o do Brasil - Ordem dos Frades Menores - OFM","potentialAction":[{"@type":"SearchAction","target":{"@type":"EntryPoint","urlTemplate":"https:\/\/franciscanos.org.br\/noticias\/?s={search_term_string}"},"query-input":"required name=search_term_string"}],"inLanguage":"pt-BR"},{"@type":"ImageObject","inLanguage":"pt-BR","@id":"https:\/\/franciscanos.org.br\/noticias\/falece-frei-nestor-kuhn-em-angelina.html#primaryimage","url":"https:\/\/franciscanos.org.br\/noticias\/wp-content\/uploads\/2019\/06\/nestor_d.jpg","contentUrl":"https:\/\/franciscanos.org.br\/noticias\/wp-content\/uploads\/2019\/06\/nestor_d.jpg","width":273,"height":181},{"@type":"WebPage","@id":"https:\/\/franciscanos.org.br\/noticias\/falece-frei-nestor-kuhn-em-angelina.html#webpage","url":"https:\/\/franciscanos.org.br\/noticias\/falece-frei-nestor-kuhn-em-angelina.html","name":"Falece Frei Nestor Kuhn em Angelina - Not\u00edcias - Franciscanos","isPartOf":{"@id":"https:\/\/franciscanos.org.br\/noticias\/#website"},"primaryImageOfPage":{"@id":"https:\/\/franciscanos.org.br\/noticias\/falece-frei-nestor-kuhn-em-angelina.html#primaryimage"},"datePublished":"2019-06-13T15:48:46+00:00","dateModified":"2019-06-13T20:59:19+00:00","author":{"@id":"https:\/\/franciscanos.org.br\/noticias\/#\/schema\/person\/b5c8cba458c330ccff548b056e95a5d4"},"breadcrumb":{"@id":"https:\/\/franciscanos.org.br\/noticias\/falece-frei-nestor-kuhn-em-angelina.html#breadcrumb"},"inLanguage":"pt-BR","potentialAction":[{"@type":"ReadAction","target":["https:\/\/franciscanos.org.br\/noticias\/falece-frei-nestor-kuhn-em-angelina.html"]}]},{"@type":"BreadcrumbList","@id":"https:\/\/franciscanos.org.br\/noticias\/falece-frei-nestor-kuhn-em-angelina.html#breadcrumb","itemListElement":[{"@type":"ListItem","position":1,"name":"Home","item":"https:\/\/franciscanos.org.br\/noticias"},{"@type":"ListItem","position":2,"name":"Falece Frei Nestor Kuhn em Angelina"}]},{"@type":"Person","@id":"https:\/\/franciscanos.org.br\/noticias\/#\/schema\/person\/b5c8cba458c330ccff548b056e95a5d4","name":"moacir","image":{"@type":"ImageObject","inLanguage":"pt-BR","@id":"https:\/\/franciscanos.org.br\/noticias\/#\/schema\/person\/image\/","url":"https:\/\/secure.gravatar.com\/avatar\/d08aa2ce4c8dd416d4479aa8536fcf64?s=96&d=mm&r=g","contentUrl":"https:\/\/secure.gravatar.com\/avatar\/d08aa2ce4c8dd416d4479aa8536fcf64?s=96&d=mm&r=g","caption":"moacir"},"url":"https:\/\/franciscanos.org.br\/noticias\/author\/moacir"}]}},"_links":{"self":[{"href":"https:\/\/franciscanos.org.br\/noticias\/wp-json\/wp\/v2\/posts\/206073"}],"collection":[{"href":"https:\/\/franciscanos.org.br\/noticias\/wp-json\/wp\/v2\/posts"}],"about":[{"href":"https:\/\/franciscanos.org.br\/noticias\/wp-json\/wp\/v2\/types\/post"}],"author":[{"embeddable":true,"href":"https:\/\/franciscanos.org.br\/noticias\/wp-json\/wp\/v2\/users\/3"}],"replies":[{"embeddable":true,"href":"https:\/\/franciscanos.org.br\/noticias\/wp-json\/wp\/v2\/comments?post=206073"}],"version-history":[{"count":0,"href":"https:\/\/franciscanos.org.br\/noticias\/wp-json\/wp\/v2\/posts\/206073\/revisions"}],"wp:featuredmedia":[{"embeddable":true,"href":"https:\/\/franciscanos.org.br\/noticias\/wp-json\/wp\/v2\/media\/206075"}],"wp:attachment":[{"href":"https:\/\/franciscanos.org.br\/noticias\/wp-json\/wp\/v2\/media?parent=206073"}],"wp:term":[{"taxonomy":"category","embeddable":true,"href":"https:\/\/franciscanos.org.br\/noticias\/wp-json\/wp\/v2\/categories?post=206073"},{"taxonomy":"post_tag","embeddable":true,"href":"https:\/\/franciscanos.org.br\/noticias\/wp-json\/wp\/v2\/tags?post=206073"}],"curies":[{"name":"wp","href":"https:\/\/api.w.org\/{rel}","templated":true}]}}