{"id":205978,"date":"2019-06-13T13:03:58","date_gmt":"2019-06-13T16:03:58","guid":{"rendered":"https:\/\/franciscanos.org.br\/noticias\/?p=205978"},"modified":"2019-06-13T13:04:37","modified_gmt":"2019-06-13T16:04:37","slug":"alegria-de-servir-a-festa-de-santo-antonio-no-largo-da-carioca","status":"publish","type":"post","link":"https:\/\/franciscanos.org.br\/noticias\/alegria-de-servir-a-festa-de-santo-antonio-no-largo-da-carioca.html","title":{"rendered":"Alegria de servir: a Festa de Santo Ant\u00f4nio no Largo da Carioca"},"content":{"rendered":"<p><img loading=\"lazy\" class=\"alignnone size-full wp-image-205979\" src=\"https:\/\/franciscanos.org.br\/noticias\/wp-content\/uploads\/2019\/06\/voluntarias_120619_4.jpg\" alt=\"\" width=\"890\" height=\"610\" srcset=\"https:\/\/franciscanos.org.br\/noticias\/wp-content\/uploads\/2019\/06\/voluntarias_120619_4.jpg 890w, https:\/\/franciscanos.org.br\/noticias\/wp-content\/uploads\/2019\/06\/voluntarias_120619_4-450x308.jpg 450w, https:\/\/franciscanos.org.br\/noticias\/wp-content\/uploads\/2019\/06\/voluntarias_120619_4-768x526.jpg 768w, https:\/\/franciscanos.org.br\/noticias\/wp-content\/uploads\/2019\/06\/voluntarias_120619_4-150x103.jpg 150w\" sizes=\"(max-width: 890px) 100vw, 890px\" \/><\/p>\n<p><strong>Moacir Beggo<\/strong><\/p>\n<p><strong>\u00a0<\/strong><strong>Rio de Janeiro (RJ)<\/strong> &#8211; D. Eunice de Lima Arouca era uma jovem de 20 anos quando come\u00e7ou a subir o Morro de Santo Ant\u00f4nio para alimentar uma devo\u00e7\u00e3o que tinha desde crian\u00e7a a Santo Ant\u00f4nio. Aos 81 anos, ela continua firme e forte nesta devo\u00e7\u00e3o ao Padroeiro do tradicional Convento do Largo da Carioca, que se divide na capela durante as celebra\u00e7\u00f5es e no trabalho para os festejos externos, que come\u00e7am bem antes. &#8220;No come\u00e7o de maio eu j\u00e1 estou aqui para limpar a canjica e deix\u00e1-la pronta para a Trezena&#8221;, conta D. Eunice, que representa, por sua dedica\u00e7\u00e3o e voluntariado, todo um grupo de cerca de 80 pessoas que se dedica e se doa para que o santo franciscano seja celebrado, no 13 de junho, como merece.<\/p>\n<div id=\"attachment_205980\" style=\"width: 342px\" class=\"wp-caption alignleft\"><img aria-describedby=\"caption-attachment-205980\" loading=\"lazy\" class=\"wp-image-205980\" src=\"https:\/\/franciscanos.org.br\/noticias\/wp-content\/uploads\/2019\/06\/voluntarias_120619_3-450x300.jpg\" alt=\"\" width=\"332\" height=\"221\" srcset=\"https:\/\/franciscanos.org.br\/noticias\/wp-content\/uploads\/2019\/06\/voluntarias_120619_3-450x300.jpg 450w, https:\/\/franciscanos.org.br\/noticias\/wp-content\/uploads\/2019\/06\/voluntarias_120619_3-768x512.jpg 768w, https:\/\/franciscanos.org.br\/noticias\/wp-content\/uploads\/2019\/06\/voluntarias_120619_3-150x100.jpg 150w, https:\/\/franciscanos.org.br\/noticias\/wp-content\/uploads\/2019\/06\/voluntarias_120619_3.jpg 890w\" sizes=\"(max-width: 332px) 100vw, 332px\" \/><p id=\"caption-attachment-205980\" class=\"wp-caption-text\"><em>D. Eunice Arouca<\/em><\/p><\/div>\n<p>Para D. Eunice, estes momentos fortes da comunidade s\u00e3o \u00fanicos na vida e merecem serem feitos com alegria, disponibilidade e desejo de servir. Para ela, a festa do Padroeiro renova a f\u00e9 dos devotos e mant\u00e9m viva essa comunidade de f\u00e9 h\u00e1 411 anos no centro da Cidade Maravilhosa.<\/p>\n<p>Segundo D. Eunice, esse grupo de senhoras tem como fundamento a Pia Uni\u00e3o de Santo Ant\u00f4nio, uma irmandade que foi criada no Convento em 1910. Hoje, j\u00e1 n\u00e3o \u00e9 mais t\u00e3o ativa a entidade, mas suas representantes est\u00e3o sempre prontas para ajudar o Convento na Festa e nas ter\u00e7as-feiras dedicadas ao santo. A Pia Uni\u00e3o foi criada com o compromisso de enaltecer a devo\u00e7\u00e3o ao Padroeiro. Sua principal fun\u00e7\u00e3o \u00e9 a distribui\u00e7\u00e3o dos p\u00e3ezinhos de Santo Ant\u00f4nio nas missas das ter\u00e7as-feiras, quando s\u00e3o aben\u00e7oados.<\/p>\n<p>M\u00e3e de tr\u00eas filhos &#8211; uma \u00e9 minha sobrinha que criei desde os 3 anos -, D. Eunice passou a morar com a filha no centro do Rio depois do falecimento de seu esposo, ficando mais pr\u00f3xima do Convento. &#8220;Temos um bom grupo de senhoras que ajudam aqui, mas o desafio \u00e9 encontrar pessoas mais jovens para continuar fazendo este trabalho&#8221;, avalia D. Eunice, para quem servir na festa \u00e9 uma obriga\u00e7\u00e3o: &#8220;Santo Ant\u00f4nio faz parte da minha vida&#8221;. Essa devo\u00e7\u00e3o est\u00e1 marcada no nome que escolheu para o \u00fanico filho: Ant\u00f4nio, que hoje reside nos Estados Unidos.<\/p>\n<div id=\"attachment_205981\" style=\"width: 410px\" class=\"wp-caption alignright\"><img aria-describedby=\"caption-attachment-205981\" loading=\"lazy\" class=\"wp-image-205981 size-full\" src=\"https:\/\/franciscanos.org.br\/noticias\/wp-content\/uploads\/2019\/06\/voluntarias_120619_6.jpg\" alt=\"\" width=\"400\" height=\"447\" srcset=\"https:\/\/franciscanos.org.br\/noticias\/wp-content\/uploads\/2019\/06\/voluntarias_120619_6.jpg 400w, https:\/\/franciscanos.org.br\/noticias\/wp-content\/uploads\/2019\/06\/voluntarias_120619_6-150x168.jpg 150w\" sizes=\"(max-width: 400px) 100vw, 400px\" \/><p id=\"caption-attachment-205981\" class=\"wp-caption-text\"><em>D. Maria Jos\u00e9<\/em><\/p><\/div>\n<p>Essas cerca de 80 pessoas est\u00e3o trabalhando na Festa, dividem-se nas barracas de canjica, cachorro quente, pastel, sopa, refrigerantes, p\u00e3ozinho e \u00e1gua benta, artigos religiosos e lembrancinhas. &#8220;Tem volunt\u00e1rias que trabalham o ano todo fazendo lembrancinhas para vender no dia da festa&#8221;, recorda D. Eunice.<\/p>\n<p>J\u00e1 D. Maria Jos\u00e9 est\u00e1 h\u00e1 mais de 20 anos na Pia Uni\u00e3o de Santo Ant\u00f4nio mas \u00e9 devota de Santo Ant\u00f4nio desde que festejou seus 15 anos no Convento Santo Ant\u00f4nio. Em agosto, ela completar\u00e1 95 anos. &#8220;Eu era professora e, quando eu me aposentei, passei a servir aqui todas as ter\u00e7as-feiras e durante as Trezenas&#8221;, conta, informando que a devo\u00e7\u00e3o a Santo Ant\u00f4nio vem da fam\u00edlia de origem portuguesa. Ela, contudo, casou com um espanhol e teve uma filha. Depois de participar da Missa, D. Maria Jos\u00e9 foi trabalhar na barraca do Bolo de Santo Ant\u00f4nio. Para ela, o mundo mudou muito e, infelizmente, tem pouco o que comemorar. &#8220;Hoje, com quase 100 anos de vida, a gente tem que ter uma toler\u00e2ncia muito grande porque sen\u00e3o n\u00e3o vive de jeito nenhum&#8221;, avalia.<\/p>\n<div id=\"attachment_205982\" style=\"width: 267px\" class=\"wp-caption alignleft\"><img aria-describedby=\"caption-attachment-205982\" loading=\"lazy\" class=\"wp-image-205982\" src=\"https:\/\/franciscanos.org.br\/noticias\/wp-content\/uploads\/2019\/06\/voluntarias_120619_2.jpg\" alt=\"\" width=\"257\" height=\"193\" srcset=\"https:\/\/franciscanos.org.br\/noticias\/wp-content\/uploads\/2019\/06\/voluntarias_120619_2.jpg 400w, https:\/\/franciscanos.org.br\/noticias\/wp-content\/uploads\/2019\/06\/voluntarias_120619_2-150x113.jpg 150w\" sizes=\"(max-width: 257px) 100vw, 257px\" \/><p id=\"caption-attachment-205982\" class=\"wp-caption-text\"><em>D. Isabel Maria<\/em><\/p><\/div>\n<p>Outra devota \u00e9 a paraense Isabel Maria Fonseca Fernandes, que frequenta o Convento h\u00e1 41 anos. &#8220;Quando cheguei de Bel\u00e9m, fiquei angustiada porque n\u00e3o encontrei igrejas abertas no centro do Rio. Mas a\u00ed encontrei o Convento e aqui estou&#8221;, contou D. Isabel, m\u00e3e de duas filhas. &#8220;Venho de uma fam\u00edlia religiosa. Meu tio \u00e9 padre e n\u00f3s fizemos parte de um grupo chamado Ema\u00fas que recolhia doa\u00e7\u00f5es nas ruas. Para mim \u00e9 uma grande b\u00ean\u00e7\u00e3o estar aqui&#8221;, revelou D. Isabel, enquanto garantia os past\u00e9is para os devotos.<\/p>\n<p>Al\u00e9m dos volunt\u00e1rios, o Convento conta com 16 colaboradores para a manuten\u00e7\u00e3o dos servi\u00e7os gerais. Deles, Francisco de Assis Felizardo \u00e9 o mais antigo com 58 anos. Dos 411 anos deste marco franciscano na cidade do Rio de Janeiro, ele viveu 41 anos e 7 meses (veja a mat\u00e9ria).<\/p>\n<div id=\"attachment_205983\" style=\"width: 460px\" class=\"wp-caption alignleft\"><img aria-describedby=\"caption-attachment-205983\" loading=\"lazy\" class=\"wp-image-205983 size-medium\" src=\"https:\/\/franciscanos.org.br\/noticias\/wp-content\/uploads\/2019\/06\/voluntarias_120619_5-450x248.jpg\" alt=\"\" width=\"450\" height=\"248\" srcset=\"https:\/\/franciscanos.org.br\/noticias\/wp-content\/uploads\/2019\/06\/voluntarias_120619_5-450x248.jpg 450w, https:\/\/franciscanos.org.br\/noticias\/wp-content\/uploads\/2019\/06\/voluntarias_120619_5-768x424.jpg 768w, https:\/\/franciscanos.org.br\/noticias\/wp-content\/uploads\/2019\/06\/voluntarias_120619_5-150x83.jpg 150w, https:\/\/franciscanos.org.br\/noticias\/wp-content\/uploads\/2019\/06\/voluntarias_120619_5.jpg 890w\" sizes=\"(max-width: 450px) 100vw, 450px\" \/><p id=\"caption-attachment-205983\" class=\"wp-caption-text\"><em>Leandro, funcion\u00e1rio do Convento<\/em><\/p><\/div>\n<p>O guardi\u00e3o Frei Jos\u00e9 Pereira n\u00e3o economiza em agradecimentos a todos os devotos, benfeitores, volunt\u00e1rios e colaboradores do Convento Santo Ant\u00f4nio. &#8220;Sentimo-nos fortalecidos e confortados quando realizamos o bem. \u00c9 isso que se v\u00ea durante a Trezena e a Festa de Santo Ant\u00f4nio, quando nos deparamos com um grupo de pessoas que doam parte de sua vida por uma causa e se revestem da gratuidade e da arte de servir. Lembra-nos o Papa Francisco que &#8216;cada pessoa \u00e9 uma miss\u00e3o no mundo!&#8217; Todos aqui t\u00eam essa miss\u00e3o: ser anunciadores do Amor de Deus no mundo. Que Deus retribua tanta generosidade, gratuidade e doa\u00e7\u00e3o!&#8221;, desejou Frei Jos\u00e9.<\/p>\n<p><img loading=\"lazy\" class=\"alignleft size-full wp-image-205984\" src=\"https:\/\/franciscanos.org.br\/noticias\/wp-content\/uploads\/2019\/06\/voluntarias_120619_1.jpg\" alt=\"\" width=\"890\" height=\"642\" srcset=\"https:\/\/franciscanos.org.br\/noticias\/wp-content\/uploads\/2019\/06\/voluntarias_120619_1.jpg 890w, https:\/\/franciscanos.org.br\/noticias\/wp-content\/uploads\/2019\/06\/voluntarias_120619_1-450x325.jpg 450w, https:\/\/franciscanos.org.br\/noticias\/wp-content\/uploads\/2019\/06\/voluntarias_120619_1-768x554.jpg 768w, https:\/\/franciscanos.org.br\/noticias\/wp-content\/uploads\/2019\/06\/voluntarias_120619_1-150x108.jpg 150w\" sizes=\"(max-width: 890px) 100vw, 890px\" \/><\/p>\n<p>Segundo Frei Jos\u00e9, n\u00e3o h\u00e1 como negar que o trabalho \u00e9 desgastante durante os 13 dias da Trezena e o dia do Padroeiro. &#8220;Mas \u00e9 muito confortador perceber que todos v\u00eam formar uma fam\u00edlia franciscana na alegria e n\u00e3o se sentindo obrigados, muito menos demonstrando cansa\u00e7o. H\u00e1 pouco, ouvi de devotos que fecham o escrit\u00f3rio de trabalho para se dedicarem a Santo Ant\u00f4nio. E todos dizem que \u00e9 gratificante poder colaborar!\u201d, avalia Frei Jos\u00e9.<\/p>\n<p>Segundo Frei Jos\u00e9, com a intercess\u00e3o de Santo Ant\u00f4nio, caminharemos como disc\u00edpulos mission\u00e1rios de Jesus, atentos \u00e0 sua Palavra.<\/p>\n<p><img loading=\"lazy\" class=\"alignleft size-full wp-image-205985\" src=\"https:\/\/franciscanos.org.br\/noticias\/wp-content\/uploads\/2019\/06\/voluntarias_120619.jpg\" alt=\"\" width=\"890\" height=\"364\" srcset=\"https:\/\/franciscanos.org.br\/noticias\/wp-content\/uploads\/2019\/06\/voluntarias_120619.jpg 890w, https:\/\/franciscanos.org.br\/noticias\/wp-content\/uploads\/2019\/06\/voluntarias_120619-450x184.jpg 450w, https:\/\/franciscanos.org.br\/noticias\/wp-content\/uploads\/2019\/06\/voluntarias_120619-768x314.jpg 768w, https:\/\/franciscanos.org.br\/noticias\/wp-content\/uploads\/2019\/06\/voluntarias_120619-150x61.jpg 150w\" sizes=\"(max-width: 890px) 100vw, 890px\" \/><\/p>\n","protected":false},"excerpt":{"rendered":"<p>Festa de Santo Ant\u00f4nio no Largo da Carioca<\/p>\n","protected":false},"author":3,"featured_media":205986,"comment_status":"open","ping_status":"open","sticky":false,"template":"","format":"standard","meta":[],"categories":[1],"tags":[1458],"acf":[],"yoast_head":"<!-- This site is optimized with the Yoast SEO plugin v19.2 - https:\/\/yoast.com\/wordpress\/plugins\/seo\/ -->\n<title>Alegria de servir: a Festa de Santo Ant\u00f4nio no Largo da Carioca - Not\u00edcias - Franciscanos<\/title>\n<meta name=\"robots\" content=\"index, follow, max-snippet:-1, max-image-preview:large, max-video-preview:-1\" \/>\n<link rel=\"canonical\" href=\"https:\/\/franciscanos.org.br\/noticias\/alegria-de-servir-a-festa-de-santo-antonio-no-largo-da-carioca.html\" \/>\n<meta property=\"og:locale\" content=\"pt_BR\" \/>\n<meta property=\"og:type\" content=\"article\" \/>\n<meta property=\"og:title\" content=\"Alegria de servir: a Festa de Santo Ant\u00f4nio no Largo da Carioca - Not\u00edcias - Franciscanos\" \/>\n<meta property=\"og:description\" content=\"Festa de Santo Ant\u00f4nio no Largo da Carioca\" \/>\n<meta property=\"og:url\" content=\"https:\/\/franciscanos.org.br\/noticias\/alegria-de-servir-a-festa-de-santo-antonio-no-largo-da-carioca.html\" \/>\n<meta property=\"og:site_name\" content=\"Not\u00edcias - Franciscanos\" \/>\n<meta property=\"article:published_time\" content=\"2019-06-13T16:03:58+00:00\" \/>\n<meta property=\"article:modified_time\" content=\"2019-06-13T16:04:37+00:00\" \/>\n<meta property=\"og:image\" content=\"https:\/\/franciscanos.org.br\/noticias\/wp-content\/uploads\/2019\/06\/voluntarias_120619_d.jpg\" \/>\n\t<meta property=\"og:image:width\" content=\"273\" \/>\n\t<meta property=\"og:image:height\" content=\"181\" \/>\n\t<meta property=\"og:image:type\" content=\"image\/jpeg\" \/>\n<meta name=\"author\" content=\"moacir\" \/>\n<meta name=\"twitter:card\" content=\"summary_large_image\" \/>\n<meta name=\"twitter:label1\" content=\"Escrito por\" \/>\n\t<meta name=\"twitter:data1\" content=\"moacir\" \/>\n\t<meta name=\"twitter:label2\" content=\"Est. tempo de leitura\" \/>\n\t<meta name=\"twitter:data2\" content=\"5 minutos\" \/>\n<script type=\"application\/ld+json\" class=\"yoast-schema-graph\">{\"@context\":\"https:\/\/schema.org\",\"@graph\":[{\"@type\":\"WebSite\",\"@id\":\"https:\/\/franciscanos.org.br\/noticias\/#website\",\"url\":\"https:\/\/franciscanos.org.br\/noticias\/\",\"name\":\"Not\u00edcias - Franciscanos\",\"description\":\"Prov\u00edncia Franciscana da Imaculada Concei\u00e7\u00e3o do Brasil - Ordem dos Frades Menores - OFM\",\"potentialAction\":[{\"@type\":\"SearchAction\",\"target\":{\"@type\":\"EntryPoint\",\"urlTemplate\":\"https:\/\/franciscanos.org.br\/noticias\/?s={search_term_string}\"},\"query-input\":\"required name=search_term_string\"}],\"inLanguage\":\"pt-BR\"},{\"@type\":\"ImageObject\",\"inLanguage\":\"pt-BR\",\"@id\":\"https:\/\/franciscanos.org.br\/noticias\/alegria-de-servir-a-festa-de-santo-antonio-no-largo-da-carioca.html#primaryimage\",\"url\":\"https:\/\/franciscanos.org.br\/noticias\/wp-content\/uploads\/2019\/06\/voluntarias_120619_d.jpg\",\"contentUrl\":\"https:\/\/franciscanos.org.br\/noticias\/wp-content\/uploads\/2019\/06\/voluntarias_120619_d.jpg\",\"width\":273,\"height\":181},{\"@type\":\"WebPage\",\"@id\":\"https:\/\/franciscanos.org.br\/noticias\/alegria-de-servir-a-festa-de-santo-antonio-no-largo-da-carioca.html#webpage\",\"url\":\"https:\/\/franciscanos.org.br\/noticias\/alegria-de-servir-a-festa-de-santo-antonio-no-largo-da-carioca.html\",\"name\":\"Alegria de servir: a Festa de Santo Ant\u00f4nio no Largo da Carioca - Not\u00edcias - Franciscanos\",\"isPartOf\":{\"@id\":\"https:\/\/franciscanos.org.br\/noticias\/#website\"},\"primaryImageOfPage\":{\"@id\":\"https:\/\/franciscanos.org.br\/noticias\/alegria-de-servir-a-festa-de-santo-antonio-no-largo-da-carioca.html#primaryimage\"},\"datePublished\":\"2019-06-13T16:03:58+00:00\",\"dateModified\":\"2019-06-13T16:04:37+00:00\",\"author\":{\"@id\":\"https:\/\/franciscanos.org.br\/noticias\/#\/schema\/person\/b5c8cba458c330ccff548b056e95a5d4\"},\"breadcrumb\":{\"@id\":\"https:\/\/franciscanos.org.br\/noticias\/alegria-de-servir-a-festa-de-santo-antonio-no-largo-da-carioca.html#breadcrumb\"},\"inLanguage\":\"pt-BR\",\"potentialAction\":[{\"@type\":\"ReadAction\",\"target\":[\"https:\/\/franciscanos.org.br\/noticias\/alegria-de-servir-a-festa-de-santo-antonio-no-largo-da-carioca.html\"]}]},{\"@type\":\"BreadcrumbList\",\"@id\":\"https:\/\/franciscanos.org.br\/noticias\/alegria-de-servir-a-festa-de-santo-antonio-no-largo-da-carioca.html#breadcrumb\",\"itemListElement\":[{\"@type\":\"ListItem\",\"position\":1,\"name\":\"Home\",\"item\":\"https:\/\/franciscanos.org.br\/noticias\"},{\"@type\":\"ListItem\",\"position\":2,\"name\":\"Alegria de servir: a Festa de Santo Ant\u00f4nio no Largo da Carioca\"}]},{\"@type\":\"Person\",\"@id\":\"https:\/\/franciscanos.org.br\/noticias\/#\/schema\/person\/b5c8cba458c330ccff548b056e95a5d4\",\"name\":\"moacir\",\"image\":{\"@type\":\"ImageObject\",\"inLanguage\":\"pt-BR\",\"@id\":\"https:\/\/franciscanos.org.br\/noticias\/#\/schema\/person\/image\/\",\"url\":\"https:\/\/secure.gravatar.com\/avatar\/d08aa2ce4c8dd416d4479aa8536fcf64?s=96&d=mm&r=g\",\"contentUrl\":\"https:\/\/secure.gravatar.com\/avatar\/d08aa2ce4c8dd416d4479aa8536fcf64?s=96&d=mm&r=g\",\"caption\":\"moacir\"},\"url\":\"https:\/\/franciscanos.org.br\/noticias\/author\/moacir\"}]}<\/script>\n<!-- \/ Yoast SEO plugin. -->","yoast_head_json":{"title":"Alegria de servir: a Festa de Santo Ant\u00f4nio no Largo da Carioca - Not\u00edcias - Franciscanos","robots":{"index":"index","follow":"follow","max-snippet":"max-snippet:-1","max-image-preview":"max-image-preview:large","max-video-preview":"max-video-preview:-1"},"canonical":"https:\/\/franciscanos.org.br\/noticias\/alegria-de-servir-a-festa-de-santo-antonio-no-largo-da-carioca.html","og_locale":"pt_BR","og_type":"article","og_title":"Alegria de servir: a Festa de Santo Ant\u00f4nio no Largo da Carioca - Not\u00edcias - Franciscanos","og_description":"Festa de Santo Ant\u00f4nio no Largo da Carioca","og_url":"https:\/\/franciscanos.org.br\/noticias\/alegria-de-servir-a-festa-de-santo-antonio-no-largo-da-carioca.html","og_site_name":"Not\u00edcias - Franciscanos","article_published_time":"2019-06-13T16:03:58+00:00","article_modified_time":"2019-06-13T16:04:37+00:00","og_image":[{"width":273,"height":181,"url":"https:\/\/franciscanos.org.br\/noticias\/wp-content\/uploads\/2019\/06\/voluntarias_120619_d.jpg","type":"image\/jpeg"}],"author":"moacir","twitter_card":"summary_large_image","twitter_misc":{"Escrito por":"moacir","Est. tempo de leitura":"5 minutos"},"schema":{"@context":"https:\/\/schema.org","@graph":[{"@type":"WebSite","@id":"https:\/\/franciscanos.org.br\/noticias\/#website","url":"https:\/\/franciscanos.org.br\/noticias\/","name":"Not\u00edcias - Franciscanos","description":"Prov\u00edncia Franciscana da Imaculada Concei\u00e7\u00e3o do Brasil - Ordem dos Frades Menores - OFM","potentialAction":[{"@type":"SearchAction","target":{"@type":"EntryPoint","urlTemplate":"https:\/\/franciscanos.org.br\/noticias\/?s={search_term_string}"},"query-input":"required name=search_term_string"}],"inLanguage":"pt-BR"},{"@type":"ImageObject","inLanguage":"pt-BR","@id":"https:\/\/franciscanos.org.br\/noticias\/alegria-de-servir-a-festa-de-santo-antonio-no-largo-da-carioca.html#primaryimage","url":"https:\/\/franciscanos.org.br\/noticias\/wp-content\/uploads\/2019\/06\/voluntarias_120619_d.jpg","contentUrl":"https:\/\/franciscanos.org.br\/noticias\/wp-content\/uploads\/2019\/06\/voluntarias_120619_d.jpg","width":273,"height":181},{"@type":"WebPage","@id":"https:\/\/franciscanos.org.br\/noticias\/alegria-de-servir-a-festa-de-santo-antonio-no-largo-da-carioca.html#webpage","url":"https:\/\/franciscanos.org.br\/noticias\/alegria-de-servir-a-festa-de-santo-antonio-no-largo-da-carioca.html","name":"Alegria de servir: a Festa de Santo Ant\u00f4nio no Largo da Carioca - Not\u00edcias - Franciscanos","isPartOf":{"@id":"https:\/\/franciscanos.org.br\/noticias\/#website"},"primaryImageOfPage":{"@id":"https:\/\/franciscanos.org.br\/noticias\/alegria-de-servir-a-festa-de-santo-antonio-no-largo-da-carioca.html#primaryimage"},"datePublished":"2019-06-13T16:03:58+00:00","dateModified":"2019-06-13T16:04:37+00:00","author":{"@id":"https:\/\/franciscanos.org.br\/noticias\/#\/schema\/person\/b5c8cba458c330ccff548b056e95a5d4"},"breadcrumb":{"@id":"https:\/\/franciscanos.org.br\/noticias\/alegria-de-servir-a-festa-de-santo-antonio-no-largo-da-carioca.html#breadcrumb"},"inLanguage":"pt-BR","potentialAction":[{"@type":"ReadAction","target":["https:\/\/franciscanos.org.br\/noticias\/alegria-de-servir-a-festa-de-santo-antonio-no-largo-da-carioca.html"]}]},{"@type":"BreadcrumbList","@id":"https:\/\/franciscanos.org.br\/noticias\/alegria-de-servir-a-festa-de-santo-antonio-no-largo-da-carioca.html#breadcrumb","itemListElement":[{"@type":"ListItem","position":1,"name":"Home","item":"https:\/\/franciscanos.org.br\/noticias"},{"@type":"ListItem","position":2,"name":"Alegria de servir: a Festa de Santo Ant\u00f4nio no Largo da Carioca"}]},{"@type":"Person","@id":"https:\/\/franciscanos.org.br\/noticias\/#\/schema\/person\/b5c8cba458c330ccff548b056e95a5d4","name":"moacir","image":{"@type":"ImageObject","inLanguage":"pt-BR","@id":"https:\/\/franciscanos.org.br\/noticias\/#\/schema\/person\/image\/","url":"https:\/\/secure.gravatar.com\/avatar\/d08aa2ce4c8dd416d4479aa8536fcf64?s=96&d=mm&r=g","contentUrl":"https:\/\/secure.gravatar.com\/avatar\/d08aa2ce4c8dd416d4479aa8536fcf64?s=96&d=mm&r=g","caption":"moacir"},"url":"https:\/\/franciscanos.org.br\/noticias\/author\/moacir"}]}},"_links":{"self":[{"href":"https:\/\/franciscanos.org.br\/noticias\/wp-json\/wp\/v2\/posts\/205978"}],"collection":[{"href":"https:\/\/franciscanos.org.br\/noticias\/wp-json\/wp\/v2\/posts"}],"about":[{"href":"https:\/\/franciscanos.org.br\/noticias\/wp-json\/wp\/v2\/types\/post"}],"author":[{"embeddable":true,"href":"https:\/\/franciscanos.org.br\/noticias\/wp-json\/wp\/v2\/users\/3"}],"replies":[{"embeddable":true,"href":"https:\/\/franciscanos.org.br\/noticias\/wp-json\/wp\/v2\/comments?post=205978"}],"version-history":[{"count":0,"href":"https:\/\/franciscanos.org.br\/noticias\/wp-json\/wp\/v2\/posts\/205978\/revisions"}],"wp:featuredmedia":[{"embeddable":true,"href":"https:\/\/franciscanos.org.br\/noticias\/wp-json\/wp\/v2\/media\/205986"}],"wp:attachment":[{"href":"https:\/\/franciscanos.org.br\/noticias\/wp-json\/wp\/v2\/media?parent=205978"}],"wp:term":[{"taxonomy":"category","embeddable":true,"href":"https:\/\/franciscanos.org.br\/noticias\/wp-json\/wp\/v2\/categories?post=205978"},{"taxonomy":"post_tag","embeddable":true,"href":"https:\/\/franciscanos.org.br\/noticias\/wp-json\/wp\/v2\/tags?post=205978"}],"curies":[{"name":"wp","href":"https:\/\/api.w.org\/{rel}","templated":true}]}}