{"id":205838,"date":"2019-06-11T08:46:18","date_gmt":"2019-06-11T11:46:18","guid":{"rendered":"https:\/\/franciscanos.org.br\/noticias\/?p=205838"},"modified":"2020-06-05T13:34:43","modified_gmt":"2020-06-05T16:34:43","slug":"papa-nao-devemos-negociar-com-deus","status":"publish","type":"post","link":"https:\/\/franciscanos.org.br\/noticias\/papa-nao-devemos-negociar-com-deus.html","title":{"rendered":"Papa: N\u00e3o devemos negociar com Deus"},"content":{"rendered":"<p><img loading=\"lazy\" class=\"alignnone wp-image-205839 size-full\" src=\"https:\/\/franciscanos.org.br\/noticias\/wp-content\/uploads\/2019\/06\/marta_110619.jpg\" alt=\"\" width=\"890\" height=\"501\" srcset=\"https:\/\/franciscanos.org.br\/noticias\/wp-content\/uploads\/2019\/06\/marta_110619.jpg 890w, https:\/\/franciscanos.org.br\/noticias\/wp-content\/uploads\/2019\/06\/marta_110619-450x253.jpg 450w, https:\/\/franciscanos.org.br\/noticias\/wp-content\/uploads\/2019\/06\/marta_110619-768x432.jpg 768w, https:\/\/franciscanos.org.br\/noticias\/wp-content\/uploads\/2019\/06\/marta_110619-150x84.jpg 150w\" sizes=\"(max-width: 890px) 100vw, 890px\" \/><\/p>\n<p><strong>Cidade do Vaticano<\/strong> &#8211; D\u00ea de gra\u00e7a o que voc\u00ea recebeu de Deus de gra\u00e7a. A homilia do Papa Francisco nesta manh\u00e3 na Casa Santa Marta \u00e9 toda sobre a gratuidade de Deus e, portanto, sobre a gratuidade a ter com os outros, seja com o testemunho seja com o servi\u00e7o. O convite \u00e9, portanto, a alargar o cora\u00e7\u00e3o para que a gra\u00e7a venha. A gra\u00e7a, de fato, n\u00e3o se compra. E a servir o povo de Deus, n\u00e3o us\u00e1-lo.<\/p>\n<p>A reflex\u00e3o do Papa Francisco parte da passagem do Evangelho de hoje (Mt 10,7-13) sobre a miss\u00e3o dos ap\u00f3stolos, a miss\u00e3o de cada um dos crist\u00e3os, ser enviado. Um crist\u00e3o n\u00e3o pode ficar parado&#8221;, a vida crist\u00e3 \u00e9 &#8220;abrir caminho, sempre&#8221;, recorda o Papa comentando as palavras de Jesus no Evangelho: &#8220;No vosso caminho, pro\u00adclamai: \u2018O Reino dos C\u00e9us est\u00e1 pr\u00f3ximo\u2019. Cu\u00adrai doentes, ressuscitai mortos, puri\u00adficai leprosos, expulsai dem\u00f4nios\u201d. Esta \u00e9, portanto, a miss\u00e3o e se trata de uma &#8220;vida de servi\u00e7o&#8221;.<\/p>\n<p>A vida crist\u00e3 \u00e9 para servir. \u00c9 muito triste quando encontramos crist\u00e3os que, no in\u00edcio da sua convers\u00e3o ou da sua consci\u00eancia de serem crist\u00e3os, servem, est\u00e3o abertos a servir, servem o povo de Deus, e depois acabam usando o povo de Deus. Isto faz tanto mal, tanto mal ao povo de Deus. A voca\u00e7\u00e3o \u00e9 para &#8220;servir&#8221;, n\u00e3o para &#8220;usar&#8221;.<\/p>\n<p><strong>Alargar o cora\u00e7\u00e3o<\/strong><br \/>\nA vida crist\u00e3 \u00e9 ent\u00e3o &#8220;uma vida de gratuidade&#8221;. Ainda na passagem evang\u00e9lica proposta pela Liturgia de hoje, o Senhor vai ao cora\u00e7\u00e3o da salva\u00e7\u00e3o: &#8220;De gra\u00e7a re\u00adce\u00adbestes, de gra\u00e7a deveis dar\u201d. A salva\u00e7\u00e3o, &#8220;n\u00e3o se compra&#8221;, &#8220;\u00e9-nos dada gratuitamente&#8221;, recorda-nos o Papa, sublinhando que Deus, de fato, &#8220;nos salva gratuitamente&#8221;, &#8220;n\u00e3o nos faz pagar&#8221;. E como Deus fez conosco, assim &#8220;devemos fazer com os outros&#8221;. E precisamente esta gratuidade de Deus &#8220;\u00e9 uma das coisas mais belas&#8221;.<\/p>\n<p>Saber que o Senhor \u00e9 cheio de dons para nos dar. Somente, pede uma coisa: que o nosso cora\u00e7\u00e3o se abra. Quando dizemos &#8220;Pai nosso&#8221; e rezamos, abrimos o cora\u00e7\u00e3o para que esta gratuidade venha. N\u00e3o h\u00e1 rela\u00e7\u00e3o com Deus fora da gratuidade. \u00c0s vezes, quando precisamos de algo espiritual ou de uma gra\u00e7a, dizemos: &#8220;Bem, agora vou jejuar, vou fazer uma penit\u00eancia, vou fazer uma novena&#8230;&#8221;. Certo, mas tenham cuidado: isto n\u00e3o \u00e9 para &#8220;pagar pela gra\u00e7a, para &#8220;adquirir&#8221; gra\u00e7a; isto \u00e9 para ampliar seu cora\u00e7\u00e3o para que a gra\u00e7a possa vir. A gra\u00e7a \u00e9 gratuita.<\/p>\n<p>Todos os bens de Deus s\u00e3o gratuitos &#8211; continua o Papa Francisco &#8211; mas adverte que o problema \u00e9 que &#8220;o cora\u00e7\u00e3o se encolhe, se fecha&#8221; e n\u00e3o \u00e9 capaz de receber &#8220;tanto amor gratuito&#8221;. N\u00e3o devemos negociar com Deus, recorda o Papa, &#8220;com Deus n\u00e3o se negocia&#8221;.<\/p>\n<p><strong>Dar gratuitamente<\/strong><br \/>\nDepois o convite para dar de gra\u00e7a. E isto, sublinha o Papa, \u00e9 especialmente &#8220;para n\u00f3s, pastores da Igreja&#8221;, &#8220;para n\u00e3o vender a gra\u00e7a&#8221;. \u201cD\u00f3i muito, disse, quando h\u00e1 pastores&#8221; que fazem neg\u00f3cios com a gra\u00e7a de Deus: &#8220;Eu fa\u00e7o isto, mas isto custa tanto, tanto&#8230;&#8221;. A gra\u00e7a do Senhor \u00e9 gratuita e &#8220;voc\u00ea &#8211; disse &#8211; deve d\u00e1-la gratuitamente&#8221;.<\/p>\n<p>Na nossa vida espiritual temos sempre o perigo de escorregar no pagamento, sempre, mesmo falando com o Senhor, como se quis\u00e9ssemos dar um suborno ao Senhor. N\u00e3o! A coisa n\u00e3o vai por ali! N\u00e3o vai por esse caminho. &#8220;Senhor, se me fizeres isto, eu dou-te isto,&#8221; n\u00e3o. Eu fa\u00e7o essa promessa, mas isso alarga meu cora\u00e7\u00e3o para receber o que est\u00e1 l\u00e1, gratuito para n\u00f3s. Esta rela\u00e7\u00e3o de gratuidade com Deus \u00e9 a que nos ajudar\u00e1 depois a t\u00ea-la com os outros, seja no nosso testemunho crist\u00e3o seja no servi\u00e7o crist\u00e3o e na vida pastoral daqueles que s\u00e3o pastores do povo de Deus. No caminho. A vida crist\u00e3 \u00e9 caminhar. Pregar, servir, n\u00e3o &#8220;fazer uso de&#8221;. Sirvam e deem de gra\u00e7a o que receberam de gra\u00e7a. Que a nossa vida de santidade seja este ampliar o cora\u00e7\u00e3o, para que a gratuidade de Deus, as gra\u00e7as de Deus que est\u00e3o ali, gratuitas, que Ele quer nos dar, possam chegar ao nosso cora\u00e7\u00e3o. Que assim seja.<\/p>\n<hr \/>\n<p><em>Fonte: Vatican News<\/em><\/p>\n","protected":false},"excerpt":{"rendered":"<p>Papa Francisco na Missa em Santa Marta<\/p>\n","protected":false},"author":3,"featured_media":205840,"comment_status":"open","ping_status":"open","sticky":false,"template":"","format":"standard","meta":[],"categories":[1428],"tags":[829],"acf":[],"yoast_head":"<!-- This site is optimized with the Yoast SEO plugin v19.2 - https:\/\/yoast.com\/wordpress\/plugins\/seo\/ -->\n<title>Papa: N\u00e3o devemos negociar com Deus - Not\u00edcias - Franciscanos<\/title>\n<meta name=\"robots\" content=\"index, follow, max-snippet:-1, max-image-preview:large, max-video-preview:-1\" \/>\n<link rel=\"canonical\" href=\"https:\/\/franciscanos.org.br\/noticias\/papa-nao-devemos-negociar-com-deus.html\" \/>\n<meta property=\"og:locale\" content=\"pt_BR\" \/>\n<meta property=\"og:type\" content=\"article\" \/>\n<meta property=\"og:title\" content=\"Papa: N\u00e3o devemos negociar com Deus - Not\u00edcias - Franciscanos\" \/>\n<meta property=\"og:description\" content=\"Papa Francisco na Missa em Santa Marta\" \/>\n<meta property=\"og:url\" content=\"https:\/\/franciscanos.org.br\/noticias\/papa-nao-devemos-negociar-com-deus.html\" \/>\n<meta property=\"og:site_name\" content=\"Not\u00edcias - Franciscanos\" \/>\n<meta property=\"article:published_time\" content=\"2019-06-11T11:46:18+00:00\" \/>\n<meta property=\"article:modified_time\" content=\"2020-06-05T16:34:43+00:00\" \/>\n<meta property=\"og:image\" content=\"https:\/\/franciscanos.org.br\/noticias\/wp-content\/uploads\/2019\/06\/marta_110619d.jpg\" \/>\n\t<meta property=\"og:image:width\" content=\"273\" \/>\n\t<meta property=\"og:image:height\" content=\"181\" \/>\n\t<meta property=\"og:image:type\" content=\"image\/jpeg\" \/>\n<meta name=\"author\" content=\"moacir\" \/>\n<meta name=\"twitter:card\" content=\"summary_large_image\" \/>\n<meta name=\"twitter:label1\" content=\"Escrito por\" \/>\n\t<meta name=\"twitter:data1\" content=\"moacir\" \/>\n\t<meta name=\"twitter:label2\" content=\"Est. tempo de leitura\" \/>\n\t<meta name=\"twitter:data2\" content=\"4 minutos\" \/>\n<script type=\"application\/ld+json\" class=\"yoast-schema-graph\">{\"@context\":\"https:\/\/schema.org\",\"@graph\":[{\"@type\":\"WebSite\",\"@id\":\"https:\/\/franciscanos.org.br\/noticias\/#website\",\"url\":\"https:\/\/franciscanos.org.br\/noticias\/\",\"name\":\"Not\u00edcias - Franciscanos\",\"description\":\"Prov\u00edncia Franciscana da Imaculada Concei\u00e7\u00e3o do Brasil - Ordem dos Frades Menores - OFM\",\"potentialAction\":[{\"@type\":\"SearchAction\",\"target\":{\"@type\":\"EntryPoint\",\"urlTemplate\":\"https:\/\/franciscanos.org.br\/noticias\/?s={search_term_string}\"},\"query-input\":\"required name=search_term_string\"}],\"inLanguage\":\"pt-BR\"},{\"@type\":\"ImageObject\",\"inLanguage\":\"pt-BR\",\"@id\":\"https:\/\/franciscanos.org.br\/noticias\/papa-nao-devemos-negociar-com-deus.html#primaryimage\",\"url\":\"https:\/\/franciscanos.org.br\/noticias\/wp-content\/uploads\/2019\/06\/marta_110619d.jpg\",\"contentUrl\":\"https:\/\/franciscanos.org.br\/noticias\/wp-content\/uploads\/2019\/06\/marta_110619d.jpg\",\"width\":273,\"height\":181},{\"@type\":\"WebPage\",\"@id\":\"https:\/\/franciscanos.org.br\/noticias\/papa-nao-devemos-negociar-com-deus.html#webpage\",\"url\":\"https:\/\/franciscanos.org.br\/noticias\/papa-nao-devemos-negociar-com-deus.html\",\"name\":\"Papa: N\u00e3o devemos negociar com Deus - Not\u00edcias - Franciscanos\",\"isPartOf\":{\"@id\":\"https:\/\/franciscanos.org.br\/noticias\/#website\"},\"primaryImageOfPage\":{\"@id\":\"https:\/\/franciscanos.org.br\/noticias\/papa-nao-devemos-negociar-com-deus.html#primaryimage\"},\"datePublished\":\"2019-06-11T11:46:18+00:00\",\"dateModified\":\"2020-06-05T16:34:43+00:00\",\"author\":{\"@id\":\"https:\/\/franciscanos.org.br\/noticias\/#\/schema\/person\/b5c8cba458c330ccff548b056e95a5d4\"},\"breadcrumb\":{\"@id\":\"https:\/\/franciscanos.org.br\/noticias\/papa-nao-devemos-negociar-com-deus.html#breadcrumb\"},\"inLanguage\":\"pt-BR\",\"potentialAction\":[{\"@type\":\"ReadAction\",\"target\":[\"https:\/\/franciscanos.org.br\/noticias\/papa-nao-devemos-negociar-com-deus.html\"]}]},{\"@type\":\"BreadcrumbList\",\"@id\":\"https:\/\/franciscanos.org.br\/noticias\/papa-nao-devemos-negociar-com-deus.html#breadcrumb\",\"itemListElement\":[{\"@type\":\"ListItem\",\"position\":1,\"name\":\"Home\",\"item\":\"https:\/\/franciscanos.org.br\/noticias\"},{\"@type\":\"ListItem\",\"position\":2,\"name\":\"Papa: N\u00e3o devemos negociar com Deus\"}]},{\"@type\":\"Person\",\"@id\":\"https:\/\/franciscanos.org.br\/noticias\/#\/schema\/person\/b5c8cba458c330ccff548b056e95a5d4\",\"name\":\"moacir\",\"image\":{\"@type\":\"ImageObject\",\"inLanguage\":\"pt-BR\",\"@id\":\"https:\/\/franciscanos.org.br\/noticias\/#\/schema\/person\/image\/\",\"url\":\"https:\/\/secure.gravatar.com\/avatar\/d08aa2ce4c8dd416d4479aa8536fcf64?s=96&d=mm&r=g\",\"contentUrl\":\"https:\/\/secure.gravatar.com\/avatar\/d08aa2ce4c8dd416d4479aa8536fcf64?s=96&d=mm&r=g\",\"caption\":\"moacir\"},\"url\":\"https:\/\/franciscanos.org.br\/noticias\/author\/moacir\"}]}<\/script>\n<!-- \/ Yoast SEO plugin. -->","yoast_head_json":{"title":"Papa: N\u00e3o devemos negociar com Deus - Not\u00edcias - Franciscanos","robots":{"index":"index","follow":"follow","max-snippet":"max-snippet:-1","max-image-preview":"max-image-preview:large","max-video-preview":"max-video-preview:-1"},"canonical":"https:\/\/franciscanos.org.br\/noticias\/papa-nao-devemos-negociar-com-deus.html","og_locale":"pt_BR","og_type":"article","og_title":"Papa: N\u00e3o devemos negociar com Deus - Not\u00edcias - Franciscanos","og_description":"Papa Francisco na Missa em Santa Marta","og_url":"https:\/\/franciscanos.org.br\/noticias\/papa-nao-devemos-negociar-com-deus.html","og_site_name":"Not\u00edcias - Franciscanos","article_published_time":"2019-06-11T11:46:18+00:00","article_modified_time":"2020-06-05T16:34:43+00:00","og_image":[{"width":273,"height":181,"url":"https:\/\/franciscanos.org.br\/noticias\/wp-content\/uploads\/2019\/06\/marta_110619d.jpg","type":"image\/jpeg"}],"author":"moacir","twitter_card":"summary_large_image","twitter_misc":{"Escrito por":"moacir","Est. tempo de leitura":"4 minutos"},"schema":{"@context":"https:\/\/schema.org","@graph":[{"@type":"WebSite","@id":"https:\/\/franciscanos.org.br\/noticias\/#website","url":"https:\/\/franciscanos.org.br\/noticias\/","name":"Not\u00edcias - Franciscanos","description":"Prov\u00edncia Franciscana da Imaculada Concei\u00e7\u00e3o do Brasil - Ordem dos Frades Menores - OFM","potentialAction":[{"@type":"SearchAction","target":{"@type":"EntryPoint","urlTemplate":"https:\/\/franciscanos.org.br\/noticias\/?s={search_term_string}"},"query-input":"required name=search_term_string"}],"inLanguage":"pt-BR"},{"@type":"ImageObject","inLanguage":"pt-BR","@id":"https:\/\/franciscanos.org.br\/noticias\/papa-nao-devemos-negociar-com-deus.html#primaryimage","url":"https:\/\/franciscanos.org.br\/noticias\/wp-content\/uploads\/2019\/06\/marta_110619d.jpg","contentUrl":"https:\/\/franciscanos.org.br\/noticias\/wp-content\/uploads\/2019\/06\/marta_110619d.jpg","width":273,"height":181},{"@type":"WebPage","@id":"https:\/\/franciscanos.org.br\/noticias\/papa-nao-devemos-negociar-com-deus.html#webpage","url":"https:\/\/franciscanos.org.br\/noticias\/papa-nao-devemos-negociar-com-deus.html","name":"Papa: N\u00e3o devemos negociar com Deus - Not\u00edcias - Franciscanos","isPartOf":{"@id":"https:\/\/franciscanos.org.br\/noticias\/#website"},"primaryImageOfPage":{"@id":"https:\/\/franciscanos.org.br\/noticias\/papa-nao-devemos-negociar-com-deus.html#primaryimage"},"datePublished":"2019-06-11T11:46:18+00:00","dateModified":"2020-06-05T16:34:43+00:00","author":{"@id":"https:\/\/franciscanos.org.br\/noticias\/#\/schema\/person\/b5c8cba458c330ccff548b056e95a5d4"},"breadcrumb":{"@id":"https:\/\/franciscanos.org.br\/noticias\/papa-nao-devemos-negociar-com-deus.html#breadcrumb"},"inLanguage":"pt-BR","potentialAction":[{"@type":"ReadAction","target":["https:\/\/franciscanos.org.br\/noticias\/papa-nao-devemos-negociar-com-deus.html"]}]},{"@type":"BreadcrumbList","@id":"https:\/\/franciscanos.org.br\/noticias\/papa-nao-devemos-negociar-com-deus.html#breadcrumb","itemListElement":[{"@type":"ListItem","position":1,"name":"Home","item":"https:\/\/franciscanos.org.br\/noticias"},{"@type":"ListItem","position":2,"name":"Papa: N\u00e3o devemos negociar com Deus"}]},{"@type":"Person","@id":"https:\/\/franciscanos.org.br\/noticias\/#\/schema\/person\/b5c8cba458c330ccff548b056e95a5d4","name":"moacir","image":{"@type":"ImageObject","inLanguage":"pt-BR","@id":"https:\/\/franciscanos.org.br\/noticias\/#\/schema\/person\/image\/","url":"https:\/\/secure.gravatar.com\/avatar\/d08aa2ce4c8dd416d4479aa8536fcf64?s=96&d=mm&r=g","contentUrl":"https:\/\/secure.gravatar.com\/avatar\/d08aa2ce4c8dd416d4479aa8536fcf64?s=96&d=mm&r=g","caption":"moacir"},"url":"https:\/\/franciscanos.org.br\/noticias\/author\/moacir"}]}},"_links":{"self":[{"href":"https:\/\/franciscanos.org.br\/noticias\/wp-json\/wp\/v2\/posts\/205838"}],"collection":[{"href":"https:\/\/franciscanos.org.br\/noticias\/wp-json\/wp\/v2\/posts"}],"about":[{"href":"https:\/\/franciscanos.org.br\/noticias\/wp-json\/wp\/v2\/types\/post"}],"author":[{"embeddable":true,"href":"https:\/\/franciscanos.org.br\/noticias\/wp-json\/wp\/v2\/users\/3"}],"replies":[{"embeddable":true,"href":"https:\/\/franciscanos.org.br\/noticias\/wp-json\/wp\/v2\/comments?post=205838"}],"version-history":[{"count":1,"href":"https:\/\/franciscanos.org.br\/noticias\/wp-json\/wp\/v2\/posts\/205838\/revisions"}],"predecessor-version":[{"id":224253,"href":"https:\/\/franciscanos.org.br\/noticias\/wp-json\/wp\/v2\/posts\/205838\/revisions\/224253"}],"wp:featuredmedia":[{"embeddable":true,"href":"https:\/\/franciscanos.org.br\/noticias\/wp-json\/wp\/v2\/media\/205840"}],"wp:attachment":[{"href":"https:\/\/franciscanos.org.br\/noticias\/wp-json\/wp\/v2\/media?parent=205838"}],"wp:term":[{"taxonomy":"category","embeddable":true,"href":"https:\/\/franciscanos.org.br\/noticias\/wp-json\/wp\/v2\/categories?post=205838"},{"taxonomy":"post_tag","embeddable":true,"href":"https:\/\/franciscanos.org.br\/noticias\/wp-json\/wp\/v2\/tags?post=205838"}],"curies":[{"name":"wp","href":"https:\/\/api.w.org\/{rel}","templated":true}]}}