{"id":205821,"date":"2019-07-17T00:00:19","date_gmt":"2019-07-17T03:00:19","guid":{"rendered":"https:\/\/franciscanos.org.br\/noticias\/?p=205821"},"modified":"2019-07-17T10:48:47","modified_gmt":"2019-07-17T13:48:47","slug":"inscricoes-para-missoes-franciscanas-da-juventude-terminam-dia-15","status":"publish","type":"post","link":"https:\/\/franciscanos.org.br\/noticias\/inscricoes-para-missoes-franciscanas-da-juventude-terminam-dia-15.html","title":{"rendered":"Miss\u00f5es Franciscanas da Juventude chegam ao Rio"},"content":{"rendered":"<p><img loading=\"lazy\" class=\"size-full wp-image-207005 aligncenter\" src=\"https:\/\/franciscanos.org.br\/noticias\/wp-content\/uploads\/2019\/06\/logo.jpg\" alt=\"\" width=\"890\" height=\"1238\" srcset=\"https:\/\/franciscanos.org.br\/noticias\/wp-content\/uploads\/2019\/06\/logo.jpg 890w, https:\/\/franciscanos.org.br\/noticias\/wp-content\/uploads\/2019\/06\/logo-324x450.jpg 324w, https:\/\/franciscanos.org.br\/noticias\/wp-content\/uploads\/2019\/06\/logo-768x1068.jpg 768w, https:\/\/franciscanos.org.br\/noticias\/wp-content\/uploads\/2019\/06\/logo-736x1024.jpg 736w, https:\/\/franciscanos.org.br\/noticias\/wp-content\/uploads\/2019\/06\/logo-150x209.jpg 150w\" sizes=\"(max-width: 890px) 100vw, 890px\" \/><\/p>\n<p>Um desejo gestado no cora\u00e7\u00e3o de muitos frades e muitos jovens est\u00e1 para se realizar. Entre os dias 17 e 21 de julho, o Rio de Janeiro acolher\u00e1 a 6\u00aa edi\u00e7\u00e3o das Miss\u00f5es Franciscanas da Juventude. Com o tema <strong><em>\u201cProfetas do di\u00e1logo e do respeito: ternura que acolhe a paz, com o vigor que supera a viol\u00eancia\u201d<\/em><\/strong><em>, <\/em>os jovens mission\u00e1rios far\u00e3o uma bonita experi\u00eancia, diferente de tudo o que j\u00e1 foi vivido nas edi\u00e7\u00f5es anteriores.<\/p>\n<p>Para o coordenador do Servi\u00e7o de Anima\u00e7\u00e3o Vocacional (SAV), Frei Diego Melo, h\u00e1 muito tempo havia o desejo de trazer as Miss\u00f5es para o Rio de Janeiro. \u201cDesde longa data quer\u00edamos fazer uma Miss\u00e3o no Rio. Primeiro porque temos uma forte presen\u00e7a franciscana l\u00e1 e h\u00e1 um campo de trabalho muito grande. Em segundo lugar, porque sentimos que muitos jovens fluminenses t\u00eam dificuldade de participar dos eventos provinciais, sobretudo quando eles acontecem no Sul\u201d, afirmou o frade. Para ele, a quest\u00e3o econ\u00f4mica e social \u00e9 a causa desta aus\u00eancia. Apesar de a dist\u00e2ncia ser a mesma, a realidade social do Rio de Janeiro acaba tornando-se um impeditivo para estes jovens estarem nas atividades provinciais.<\/p>\n<p>Esta \u00e9 a segunda vez que as Miss\u00f5es Franciscanas da Juventude ser\u00e3o realizadas no Sudeste. No ano passado, as cidades de Agudos e Bauru receberam o evento, que acolheu 600 jovens. Esta \u00e9 tamb\u00e9m a segunda vez que a atividade \u00e9 realizada numa capital. Em 2017, Curitiba foi a sede do evento. O ponto de partida da experi\u00eancia em 2019 ser\u00e1 a Catedral de S\u00e3o Sebasti\u00e3o do Rio de Janeiro e o quarto centen\u00e1rio do Convento Santo Ant\u00f4nio, localizado no Largo da Carioca. No encerramento, os mission\u00e1rios celebrar\u00e3o a Missa na Praia de S\u00e3o Conrado, na Zona Sul, de onde sair\u00e3o em caminhada para a Par\u00f3quia Nossa Senhora da Boa Viagem, na Rocinha.<\/p>\n<p>Um grande diferencial das Miss\u00f5es Franciscanas deste ano \u00e9 o envolvimento de todas as Par\u00f3quias e Fraternidades do Estado. Para Frei Diego, vivenciar as diferentes realidades sociais e eclesiais de cada cidade tornar\u00e1 a experi\u00eancia ainda mais frutuosa. \u201cTemos par\u00f3quias localizadas no centro da cidade, em bairros nobres, na Baixada Fluminense e na Rocinha, que s\u00e3o realidades de periferia, de viol\u00eancia e conflito. Isto ir\u00e1 proporcionar aos jovens viv\u00eancias de realidades muito distintas numa \u00fanica miss\u00e3o\u201d, assegura Frei Diego.<\/p>\n<p><strong>Uma experi\u00eancia constru\u00edda a muitas m\u00e3os<\/strong><\/p>\n<p>Esta \u00e9 a primeira atividade provincial realizada ap\u00f3s a cria\u00e7\u00e3o do Conselho Provincial de Juventude, em fevereiro deste ano. Uma das miss\u00f5es do grupo \u00e9 ajudar a pensar o processo formativo da juventude e definir crit\u00e9rios e objetivos das atividades. Para esta edi\u00e7\u00e3o das Miss\u00f5es, foi colocado como crit\u00e9rio de participa\u00e7\u00e3o ter mais de 14 anos. Para Frei Diego, a presen\u00e7a do Conselho \u00e9 importante para ajudar a otimizar a participa\u00e7\u00e3o dos jovens. \u201cEles t\u00eam nos ajudado a refletir, amadurecer e a fazer um evento que seja fruto de uma experi\u00eancia de todos\u201d, ponderou.<\/p>\n<p>Al\u00e9m da equipe do SAV, composta por dois frades e um leigo, um grupo de jovens do Rio de Janeiro formam a equipe de prepara\u00e7\u00e3o das Miss\u00f5es. De S\u00e3o Paulo, Frei Vitor Am\u00e2ncio, que est\u00e1 no SAV durante seu ano mission\u00e1rio, tem auxiliado nos preparativos do evento. Para ele, a experi\u00eancia tem sido desafiadora, mas ao mesmo tempo, um tempo de gra\u00e7a e viv\u00eancia fraterna. \u201c\u00c9 um desafio por conta da dimens\u00e3o que as Miss\u00f5es est\u00e3o tomando e tamb\u00e9m por ser a primeira vez que a atividade abrange todas as nossas presen\u00e7as franciscanas no Estado em que as Miss\u00f5es acontecem. Outro desafio \u00e9 a realidade social na qual o Rio se encontra, as fragilidades e lugares de fratura social onde iremos atuar junto a juventude, afirmou o frade.<\/p>\n<p>Para ele, \u00e9 uma gra\u00e7a presenciar a empolga\u00e7\u00e3o da juventude do Rio de Janeiro com a prepara\u00e7\u00e3o do evento. \u00c9 um per\u00edodo de muito trabalho, mas tamb\u00e9m tempo onde a gra\u00e7a de Deus se manifesta. \u201cVimos muitas portas sendo abertas, muitos momentos em que testemunhamos a a\u00e7\u00e3o de Deus nos guiando neste caminho\u201d, relatou Frei Vitor.<\/p>\n<p>Para Frei Diego, s\u00e3o muitos desafios que envolvem a organiza\u00e7\u00e3o de um evento deste porte. Al\u00e9m da quest\u00e3o log\u00edstica e burocr\u00e1tica, os organizadores percebem uma grande resist\u00eancia por parte dos mission\u00e1rios e suas fam\u00edlias, devido ao local onde as Miss\u00f5es acontecer\u00e3o. \u201cVivemos um momento em que o Rio de Janeiro est\u00e1 nos grandes notici\u00e1rios como sin\u00f4nimo de viol\u00eancia, tr\u00e1fico, local de abandono p\u00fablico e inseguran\u00e7a, al\u00e9m da interven\u00e7\u00e3o militar federal. \u00c9 desafiador convencer os jovens, seus pais e respons\u00e1veis, de que, n\u00e3o obstante esta realidade, existe um povo que trabalha, estuda, caminha, reza, re\u00fane-se e que a vida continua acontecendo. O grande desafio &#8211; e essa \u00e9 uma das justificativas de termos um n\u00famero relativamente baixo de ades\u00e3o dos jovens &#8211; \u00e9 que muitos querem participar, mas, em fun\u00e7\u00e3o deste imagin\u00e1rio coletivo que se criou acerca do Rio de Janeiro, de uma realidade extremamente violenta, \u00e9 que muitos pais n\u00e3o autorizaram e n\u00e3o permitiram que os jovens fossem para o Rio.<\/p>\n<p><strong>Uma Igreja jovem e em sa\u00edda<\/strong><\/p>\n<p>Durante os dias de encontro, os jovens s\u00e3o convidados a uma experi\u00eancia de encontro pessoal com o outro e com Deus, forma\u00e7\u00e3o, ora\u00e7\u00e3o, contato com a espiritualidade franciscana e an\u00fancio do Evangelho. Com os p\u00e9s na realidade, os mission\u00e1rios s\u00e3o chamados a dar testemunho da experi\u00eancia com o Cristo Ressuscitado. Neste ano, em que celebramos os 800 anos do encontro de S\u00e3o Francisco com o Sult\u00e3o em Damietta, no Egito, os jovens franciscanos s\u00e3o convocados a serem profetas do di\u00e1logo e do respeito em uma realidade desafiadora, como \u00e9 a realidade fluminense. Ser profeta \u00e9 anunciar uma realidade nova, plena de esperan\u00e7a, a partir da Luz da Palavra de Deus. \u00c9 esta a convoca\u00e7\u00e3o aos participantes desta edi\u00e7\u00e3o das Miss\u00f5es Franciscanas: ser uma Igreja jovem e em sa\u00edda, ir ao encontro dos afastados e mesmo dos que n\u00e3o comungam de nossa religi\u00e3o. Assim como Francisco fez no Egito, os mission\u00e1rios s\u00e3o chamados a ir ao encontro do pr\u00f3ximo, desarmados de preconceitos, para levarem uma mensagem de paz e esperan\u00e7a a todos, sem distin\u00e7\u00e3o.<\/p>\n<hr \/>\n<p><strong>IDENTIDADE VISUAL<\/strong><\/p>\n<p>Os tra\u00e7os da logotipo da MFJ j\u00e1 indicam: o Rio \u00e9 Franciscano. No fundo encontra-se a uni\u00e3o entre o Cristo Redentor, s\u00edmbolo do Rio de Janeiro e a silhueta da Cruz de S\u00e3o Dami\u00e3o, s\u00edmbolo franciscano.\u00a0Os dois est\u00e3o \u201cem um s\u00f3 cora\u00e7\u00e3o\u201d que j\u00e1 indica um novo elemento na logo: as escritas \u201cPaz e Bem\u201d inspiradas no Profeta Gentileza, que deixou suas marcas de paz e otimismo pelas ruas da Cidade Maravilhosa.\u00a0Nesta comunidade, uma crian\u00e7a corre livre empinando a sua pipa, pois esta brincadeira revela o modo de ser infantil, que neste aspecto combina com o mission\u00e1rio: ambos est\u00e3o na terra, mas sonham alto, sentem-se numa liberdade profunda de quem v\u00ea a vida com leveza e alegria, caracter\u00edsticas puramente franciscanas.\u00a0A pipa tamb\u00e9m nos revela a dimens\u00e3o da ora\u00e7\u00e3o, nossos olhos se voltam para o c\u00e9u, mas \u00e9 na terra que estamos pisando.<\/p>\n<p>A arte foi desenvolvida pelos jovens frades Frei Gabriel Dellandrea e Frei Roger Strapazzon, que residem na Fraternidade Sagrado Cora\u00e7\u00e3o de Jesus, em Petr\u00f3polis\/RJ.<\/p>\n<hr \/>\n<p><strong>ORA\u00c7\u00c3O DA MFJ 2019<\/strong><\/p>\n<p>\u00d3 Deus Pai de amor, tu nos convocas nessa terra aben\u00e7oada por teu Filho, redentor da humanidade, a procurar a paz que \u00e9 fruto do di\u00e1logo e do respeito. Ajuda-nos a perceber que n\u00e3o estamos sozinhos neste mundo e que ir ao encontro do pr\u00f3ximo \u00e9 ir ao encontro do amor-n\u00e3o-amado que \u00e9s Tu mesmo. Senhor Jesus Cristo, Redentor, que te fizeste pequeno entre os grandes, que a teu exemplo possamos tamb\u00e9m n\u00f3s, tornar-nos profetas do novo Reino, reino de paz e de justi\u00e7a. Que o Esp\u00edrito Santo que conduz o nosso carisma reacenda em nossos cora\u00e7\u00f5es a for\u00e7a que acolhe e transmite a paz e que rejeita qualquer tipo de \u00f3dio e viol\u00eancia. D\u00e1-nos, Senhor, a ternura de sermos, a exemplo de Francisco de Assis, jovens corajosos, abertos \u00e0 escuta e atentos ao Santo Evangelho, nos libertando de toda a indiferen\u00e7a que traz a morte. Pedimos-te por nosso Papa Francisco e por todas as nossas igrejas abertas \u00e0 nova evangeliza\u00e7\u00e3o. Aben\u00e7oa e ilumina a todos e todas que trabalham para acolher os mission\u00e1rios e mission\u00e1rias dessa Miss\u00e3o Franciscana da Juventude Rio 2019. Que Maria Imaculada, Nosso Pai Ser\u00e1fico S\u00e3o Francisco de Assis e nossa M\u00e3e Santa Clara possam interceder, a fim de que n\u00f3s, \u201cpossamos acolher a Paz, com o vigor que supera a Viol\u00eancia\u201d. Am\u00e9m.<\/p>\n<hr \/>\n<h3 style=\"text-align: left;\">SERVI\u00c7O:<\/h3>\n<p><strong>DATA\u00a0<\/strong><br \/>\n17 a 21 de julho, com in\u00edcio na Catedral Metropolitana do Rio de Janeiro (Av. Chile, 245 \u2013 Centro \u2013 Rio de Janeiro\/RJ).<br \/>\n<strong>DESPESAS\u00a0<\/strong><br \/>\nDevido aos custos de hospedagem e alimenta\u00e7\u00e3o, pedimos a colabora\u00e7\u00e3o de R$ 50,00 por participante.<br \/>\n<strong>APLICATIVO:<\/strong><br \/>\nPara mais informa\u00e7\u00f5es baixe o aplicativo \u2018Miss\u00f5es Franciscanas\u2019 no seu smartphone.<br \/>\n<strong>ACOMPANHE:<\/strong><br \/>\nInstagram:<a href=\"https:\/\/www.instagram.com\/juventudesdaprovincia\/\"> https:\/\/www.instagram.com\/juventudesdaprovincia\/<\/a><br \/>\nFacebook: <a href=\"https:\/\/www.facebook.com\/missoesfranciscanasjuventude\/\">https:\/\/www.facebook.com\/missoesfranciscanasjuventude\/<\/a><br \/>\n<strong>MAIS INFORMA\u00c7OES:<\/strong><br \/>\nPelo e-mail sav@franciscanos.org.br ou pela WhatsApp (11) 96607-3441<\/p>\n<p><strong>VEJA O V\u00cdDEO DA V EDI\u00c7\u00c3O DAS MISS\u00d5ES FRANCISCANAS DA JUVENTUDE<\/strong><br \/>\n<iframe loading=\"lazy\" src=\"https:\/\/www.youtube.com\/embed\/rc36-Nm0mlM\" width=\"100%\" height=\"480\" frameborder=\"0\" allowfullscreen=\"allowfullscreen\"><span data-mce-type=\"bookmark\" style=\"display: inline-block; width: 0px; overflow: hidden; line-height: 0;\" class=\"mce_SELRES_start\">\ufeff<\/span><\/iframe><\/p>\n","protected":false},"excerpt":{"rendered":"<p>Miss\u00f5es Franciscanas da Juventude<\/p>\n","protected":false},"author":3,"featured_media":207007,"comment_status":"open","ping_status":"open","sticky":false,"template":"","format":"standard","meta":[],"categories":[1],"tags":[1206],"acf":[],"yoast_head":"<!-- This site is optimized with the Yoast SEO plugin v19.2 - https:\/\/yoast.com\/wordpress\/plugins\/seo\/ -->\n<title>Miss\u00f5es Franciscanas da Juventude chegam ao Rio - Not\u00edcias - Franciscanos<\/title>\n<meta name=\"robots\" content=\"index, follow, max-snippet:-1, max-image-preview:large, max-video-preview:-1\" \/>\n<link rel=\"canonical\" href=\"https:\/\/franciscanos.org.br\/noticias\/inscricoes-para-missoes-franciscanas-da-juventude-terminam-dia-15.html\" \/>\n<meta property=\"og:locale\" content=\"pt_BR\" \/>\n<meta property=\"og:type\" content=\"article\" \/>\n<meta property=\"og:title\" content=\"Miss\u00f5es Franciscanas da Juventude chegam ao Rio - Not\u00edcias - Franciscanos\" \/>\n<meta property=\"og:description\" content=\"Miss\u00f5es Franciscanas da Juventude\" \/>\n<meta property=\"og:url\" content=\"https:\/\/franciscanos.org.br\/noticias\/inscricoes-para-missoes-franciscanas-da-juventude-terminam-dia-15.html\" \/>\n<meta property=\"og:site_name\" content=\"Not\u00edcias - Franciscanos\" \/>\n<meta property=\"article:published_time\" content=\"2019-07-17T03:00:19+00:00\" \/>\n<meta property=\"article:modified_time\" content=\"2019-07-17T13:48:47+00:00\" \/>\n<meta property=\"og:image\" content=\"https:\/\/franciscanos.org.br\/noticias\/wp-content\/uploads\/2019\/06\/missao_0107.jpg\" \/>\n\t<meta property=\"og:image:width\" content=\"273\" \/>\n\t<meta property=\"og:image:height\" content=\"181\" \/>\n\t<meta property=\"og:image:type\" content=\"image\/jpeg\" \/>\n<meta name=\"author\" content=\"moacir\" \/>\n<meta name=\"twitter:card\" content=\"summary_large_image\" \/>\n<meta name=\"twitter:label1\" content=\"Escrito por\" \/>\n\t<meta name=\"twitter:data1\" content=\"moacir\" \/>\n\t<meta name=\"twitter:label2\" content=\"Est. tempo de leitura\" \/>\n\t<meta name=\"twitter:data2\" content=\"8 minutos\" \/>\n<script type=\"application\/ld+json\" class=\"yoast-schema-graph\">{\"@context\":\"https:\/\/schema.org\",\"@graph\":[{\"@type\":\"WebSite\",\"@id\":\"https:\/\/franciscanos.org.br\/noticias\/#website\",\"url\":\"https:\/\/franciscanos.org.br\/noticias\/\",\"name\":\"Not\u00edcias - Franciscanos\",\"description\":\"Prov\u00edncia Franciscana da Imaculada Concei\u00e7\u00e3o do Brasil - Ordem dos Frades Menores - OFM\",\"potentialAction\":[{\"@type\":\"SearchAction\",\"target\":{\"@type\":\"EntryPoint\",\"urlTemplate\":\"https:\/\/franciscanos.org.br\/noticias\/?s={search_term_string}\"},\"query-input\":\"required name=search_term_string\"}],\"inLanguage\":\"pt-BR\"},{\"@type\":\"ImageObject\",\"inLanguage\":\"pt-BR\",\"@id\":\"https:\/\/franciscanos.org.br\/noticias\/inscricoes-para-missoes-franciscanas-da-juventude-terminam-dia-15.html#primaryimage\",\"url\":\"https:\/\/franciscanos.org.br\/noticias\/wp-content\/uploads\/2019\/06\/missao_0107.jpg\",\"contentUrl\":\"https:\/\/franciscanos.org.br\/noticias\/wp-content\/uploads\/2019\/06\/missao_0107.jpg\",\"width\":273,\"height\":181},{\"@type\":\"WebPage\",\"@id\":\"https:\/\/franciscanos.org.br\/noticias\/inscricoes-para-missoes-franciscanas-da-juventude-terminam-dia-15.html#webpage\",\"url\":\"https:\/\/franciscanos.org.br\/noticias\/inscricoes-para-missoes-franciscanas-da-juventude-terminam-dia-15.html\",\"name\":\"Miss\u00f5es Franciscanas da Juventude chegam ao Rio - Not\u00edcias - Franciscanos\",\"isPartOf\":{\"@id\":\"https:\/\/franciscanos.org.br\/noticias\/#website\"},\"primaryImageOfPage\":{\"@id\":\"https:\/\/franciscanos.org.br\/noticias\/inscricoes-para-missoes-franciscanas-da-juventude-terminam-dia-15.html#primaryimage\"},\"datePublished\":\"2019-07-17T03:00:19+00:00\",\"dateModified\":\"2019-07-17T13:48:47+00:00\",\"author\":{\"@id\":\"https:\/\/franciscanos.org.br\/noticias\/#\/schema\/person\/b5c8cba458c330ccff548b056e95a5d4\"},\"breadcrumb\":{\"@id\":\"https:\/\/franciscanos.org.br\/noticias\/inscricoes-para-missoes-franciscanas-da-juventude-terminam-dia-15.html#breadcrumb\"},\"inLanguage\":\"pt-BR\",\"potentialAction\":[{\"@type\":\"ReadAction\",\"target\":[\"https:\/\/franciscanos.org.br\/noticias\/inscricoes-para-missoes-franciscanas-da-juventude-terminam-dia-15.html\"]}]},{\"@type\":\"BreadcrumbList\",\"@id\":\"https:\/\/franciscanos.org.br\/noticias\/inscricoes-para-missoes-franciscanas-da-juventude-terminam-dia-15.html#breadcrumb\",\"itemListElement\":[{\"@type\":\"ListItem\",\"position\":1,\"name\":\"Home\",\"item\":\"https:\/\/franciscanos.org.br\/noticias\"},{\"@type\":\"ListItem\",\"position\":2,\"name\":\"Miss\u00f5es Franciscanas da Juventude chegam ao Rio\"}]},{\"@type\":\"Person\",\"@id\":\"https:\/\/franciscanos.org.br\/noticias\/#\/schema\/person\/b5c8cba458c330ccff548b056e95a5d4\",\"name\":\"moacir\",\"image\":{\"@type\":\"ImageObject\",\"inLanguage\":\"pt-BR\",\"@id\":\"https:\/\/franciscanos.org.br\/noticias\/#\/schema\/person\/image\/\",\"url\":\"https:\/\/secure.gravatar.com\/avatar\/d08aa2ce4c8dd416d4479aa8536fcf64?s=96&d=mm&r=g\",\"contentUrl\":\"https:\/\/secure.gravatar.com\/avatar\/d08aa2ce4c8dd416d4479aa8536fcf64?s=96&d=mm&r=g\",\"caption\":\"moacir\"},\"url\":\"https:\/\/franciscanos.org.br\/noticias\/author\/moacir\"}]}<\/script>\n<!-- \/ Yoast SEO plugin. -->","yoast_head_json":{"title":"Miss\u00f5es Franciscanas da Juventude chegam ao Rio - Not\u00edcias - Franciscanos","robots":{"index":"index","follow":"follow","max-snippet":"max-snippet:-1","max-image-preview":"max-image-preview:large","max-video-preview":"max-video-preview:-1"},"canonical":"https:\/\/franciscanos.org.br\/noticias\/inscricoes-para-missoes-franciscanas-da-juventude-terminam-dia-15.html","og_locale":"pt_BR","og_type":"article","og_title":"Miss\u00f5es Franciscanas da Juventude chegam ao Rio - Not\u00edcias - Franciscanos","og_description":"Miss\u00f5es Franciscanas da Juventude","og_url":"https:\/\/franciscanos.org.br\/noticias\/inscricoes-para-missoes-franciscanas-da-juventude-terminam-dia-15.html","og_site_name":"Not\u00edcias - Franciscanos","article_published_time":"2019-07-17T03:00:19+00:00","article_modified_time":"2019-07-17T13:48:47+00:00","og_image":[{"width":273,"height":181,"url":"https:\/\/franciscanos.org.br\/noticias\/wp-content\/uploads\/2019\/06\/missao_0107.jpg","type":"image\/jpeg"}],"author":"moacir","twitter_card":"summary_large_image","twitter_misc":{"Escrito por":"moacir","Est. tempo de leitura":"8 minutos"},"schema":{"@context":"https:\/\/schema.org","@graph":[{"@type":"WebSite","@id":"https:\/\/franciscanos.org.br\/noticias\/#website","url":"https:\/\/franciscanos.org.br\/noticias\/","name":"Not\u00edcias - Franciscanos","description":"Prov\u00edncia Franciscana da Imaculada Concei\u00e7\u00e3o do Brasil - Ordem dos Frades Menores - OFM","potentialAction":[{"@type":"SearchAction","target":{"@type":"EntryPoint","urlTemplate":"https:\/\/franciscanos.org.br\/noticias\/?s={search_term_string}"},"query-input":"required name=search_term_string"}],"inLanguage":"pt-BR"},{"@type":"ImageObject","inLanguage":"pt-BR","@id":"https:\/\/franciscanos.org.br\/noticias\/inscricoes-para-missoes-franciscanas-da-juventude-terminam-dia-15.html#primaryimage","url":"https:\/\/franciscanos.org.br\/noticias\/wp-content\/uploads\/2019\/06\/missao_0107.jpg","contentUrl":"https:\/\/franciscanos.org.br\/noticias\/wp-content\/uploads\/2019\/06\/missao_0107.jpg","width":273,"height":181},{"@type":"WebPage","@id":"https:\/\/franciscanos.org.br\/noticias\/inscricoes-para-missoes-franciscanas-da-juventude-terminam-dia-15.html#webpage","url":"https:\/\/franciscanos.org.br\/noticias\/inscricoes-para-missoes-franciscanas-da-juventude-terminam-dia-15.html","name":"Miss\u00f5es Franciscanas da Juventude chegam ao Rio - Not\u00edcias - Franciscanos","isPartOf":{"@id":"https:\/\/franciscanos.org.br\/noticias\/#website"},"primaryImageOfPage":{"@id":"https:\/\/franciscanos.org.br\/noticias\/inscricoes-para-missoes-franciscanas-da-juventude-terminam-dia-15.html#primaryimage"},"datePublished":"2019-07-17T03:00:19+00:00","dateModified":"2019-07-17T13:48:47+00:00","author":{"@id":"https:\/\/franciscanos.org.br\/noticias\/#\/schema\/person\/b5c8cba458c330ccff548b056e95a5d4"},"breadcrumb":{"@id":"https:\/\/franciscanos.org.br\/noticias\/inscricoes-para-missoes-franciscanas-da-juventude-terminam-dia-15.html#breadcrumb"},"inLanguage":"pt-BR","potentialAction":[{"@type":"ReadAction","target":["https:\/\/franciscanos.org.br\/noticias\/inscricoes-para-missoes-franciscanas-da-juventude-terminam-dia-15.html"]}]},{"@type":"BreadcrumbList","@id":"https:\/\/franciscanos.org.br\/noticias\/inscricoes-para-missoes-franciscanas-da-juventude-terminam-dia-15.html#breadcrumb","itemListElement":[{"@type":"ListItem","position":1,"name":"Home","item":"https:\/\/franciscanos.org.br\/noticias"},{"@type":"ListItem","position":2,"name":"Miss\u00f5es Franciscanas da Juventude chegam ao Rio"}]},{"@type":"Person","@id":"https:\/\/franciscanos.org.br\/noticias\/#\/schema\/person\/b5c8cba458c330ccff548b056e95a5d4","name":"moacir","image":{"@type":"ImageObject","inLanguage":"pt-BR","@id":"https:\/\/franciscanos.org.br\/noticias\/#\/schema\/person\/image\/","url":"https:\/\/secure.gravatar.com\/avatar\/d08aa2ce4c8dd416d4479aa8536fcf64?s=96&d=mm&r=g","contentUrl":"https:\/\/secure.gravatar.com\/avatar\/d08aa2ce4c8dd416d4479aa8536fcf64?s=96&d=mm&r=g","caption":"moacir"},"url":"https:\/\/franciscanos.org.br\/noticias\/author\/moacir"}]}},"_links":{"self":[{"href":"https:\/\/franciscanos.org.br\/noticias\/wp-json\/wp\/v2\/posts\/205821"}],"collection":[{"href":"https:\/\/franciscanos.org.br\/noticias\/wp-json\/wp\/v2\/posts"}],"about":[{"href":"https:\/\/franciscanos.org.br\/noticias\/wp-json\/wp\/v2\/types\/post"}],"author":[{"embeddable":true,"href":"https:\/\/franciscanos.org.br\/noticias\/wp-json\/wp\/v2\/users\/3"}],"replies":[{"embeddable":true,"href":"https:\/\/franciscanos.org.br\/noticias\/wp-json\/wp\/v2\/comments?post=205821"}],"version-history":[{"count":0,"href":"https:\/\/franciscanos.org.br\/noticias\/wp-json\/wp\/v2\/posts\/205821\/revisions"}],"wp:featuredmedia":[{"embeddable":true,"href":"https:\/\/franciscanos.org.br\/noticias\/wp-json\/wp\/v2\/media\/207007"}],"wp:attachment":[{"href":"https:\/\/franciscanos.org.br\/noticias\/wp-json\/wp\/v2\/media?parent=205821"}],"wp:term":[{"taxonomy":"category","embeddable":true,"href":"https:\/\/franciscanos.org.br\/noticias\/wp-json\/wp\/v2\/categories?post=205821"},{"taxonomy":"post_tag","embeddable":true,"href":"https:\/\/franciscanos.org.br\/noticias\/wp-json\/wp\/v2\/tags?post=205821"}],"curies":[{"name":"wp","href":"https:\/\/api.w.org\/{rel}","templated":true}]}}