{"id":205730,"date":"2019-06-28T15:08:29","date_gmt":"2019-06-28T18:08:29","guid":{"rendered":"https:\/\/franciscanos.org.br\/noticias\/?p=205730"},"modified":"2019-06-28T16:06:06","modified_gmt":"2019-06-28T19:06:06","slug":"ministro-geral-se-despede-neste-domingo-do-brasil","status":"publish","type":"post","link":"https:\/\/franciscanos.org.br\/noticias\/ministro-geral-se-despede-neste-domingo-do-brasil.html","title":{"rendered":"Ministro Geral se despede neste domingo do Brasil"},"content":{"rendered":"<p><img loading=\"lazy\" class=\"alignnone size-full wp-image-206584\" src=\"https:\/\/franciscanos.org.br\/noticias\/wp-content\/uploads\/2019\/06\/santo-antonio_280619.jpg\" alt=\"\" width=\"890\" height=\"500\" srcset=\"https:\/\/franciscanos.org.br\/noticias\/wp-content\/uploads\/2019\/06\/santo-antonio_280619.jpg 890w, https:\/\/franciscanos.org.br\/noticias\/wp-content\/uploads\/2019\/06\/santo-antonio_280619-450x253.jpg 450w, https:\/\/franciscanos.org.br\/noticias\/wp-content\/uploads\/2019\/06\/santo-antonio_280619-768x431.jpg 768w, https:\/\/franciscanos.org.br\/noticias\/wp-content\/uploads\/2019\/06\/santo-antonio_280619-150x84.jpg 150w\" sizes=\"(max-width: 890px) 100vw, 890px\" \/><\/p>\n<p>Encerrando a \u00faltima etapa de sua visita ao Brasil, o Ministro Geral, Frei Michael Perry, acompanhado de Frei Valmir Ramos, Definidor da Ordem para a Am\u00e9rica Latina, visitam desde o \u00faltimo dia 22 de junho a <strong>Prov\u00edncia Santo Ant\u00f4nio<\/strong>, que abrange os Estados de Alagoas, Bahia, Cear\u00e1, Para\u00edba, Pernambuco, Par\u00e1, Rio Grande do Norte e Sergipe.<\/p>\n<p>Na primeira parte da visita, Frei Michael e Frei Valmir estiveram em Salvador (BA), com os frades da Bahia e Sergipe. Na ocasi\u00e3o, eles estiveram no Mosteiro Nossa Senhora da Concei\u00e7\u00e3o, das Irm\u00e3s Concepcionistas (OIC). Na segunda parte, os frades estiveram em Lagoa Seca (PB), com os frades de Alagoas, Pernambuco e Para\u00edba. Na manh\u00e3 do dia 25, eles visitaram Campina Grande (PB), no Mosteiro das Irm\u00e3s Clarissas. Na terceira e \u00faltima parte, eles visitam a cidade de Canind\u00e9 (CE), onde encontrar\u00e3o os frades do Rio Grande do Norte e Cear\u00e1.<\/p>\n<p>Na manh\u00e3 desta sexta-feira, 28, os frades reuniram-se no Santu\u00e1rio S\u00e3o Francisco das Chagas, em Canind\u00e9 (CE), para celebrar a Solenidade do Sagrado Cora\u00e7\u00e3o de Jesus. A Missa foi transmitida ao vivo pelo N\u00facleo Televisivo do Santu\u00e1rio.<\/p>\n<p>Em sua homilia, Frei Valmir Ramos afirmou que a Solenidade celebrada neste dia \u00e9 uma reflex\u00e3o sobre a bondade infinita de Deus com cada ser humano. \u201c\u00c9 o amor que impulsiona Deus para estar muito perto de n\u00f3s. Por isso, entendemos que o amor brota do cora\u00e7\u00e3o, porque nele h\u00e1 vida, \u00e9 o cora\u00e7\u00e3o que faz todo nosso corpo manter-se em vida\u201d, afirmou o Definidor.<\/p>\n<p><img loading=\"lazy\" class=\"alignnone size-full wp-image-206585\" src=\"https:\/\/franciscanos.org.br\/noticias\/wp-content\/uploads\/2019\/06\/santoantonio-280619-2.jpg\" alt=\"\" width=\"890\" height=\"501\" srcset=\"https:\/\/franciscanos.org.br\/noticias\/wp-content\/uploads\/2019\/06\/santoantonio-280619-2.jpg 890w, https:\/\/franciscanos.org.br\/noticias\/wp-content\/uploads\/2019\/06\/santoantonio-280619-2-450x253.jpg 450w, https:\/\/franciscanos.org.br\/noticias\/wp-content\/uploads\/2019\/06\/santoantonio-280619-2-768x432.jpg 768w, https:\/\/franciscanos.org.br\/noticias\/wp-content\/uploads\/2019\/06\/santoantonio-280619-2-150x84.jpg 150w\" sizes=\"(max-width: 890px) 100vw, 890px\" \/><\/p>\n<p>\u201cEm seu infinito amor, Jesus deu Sua Vida por Seu Projeto, que \u00e9 a salva\u00e7\u00e3o de todos os filhos e filhas de Deus. Um projeto de paz, justi\u00e7a, amor, miseric\u00f3rdia, fraternidade e partilha. Um Reino onde todas as pessoas t\u00eam gosto pela vida\u201d, acrescentou Frei Valmir.<\/p>\n<p>Para o frade, a devo\u00e7\u00e3o ao Sagrado Cora\u00e7\u00e3o de Jesus deve ser colocada em pr\u00e1tica atrav\u00e9s de gestos concretos, de compaix\u00e3o e partilha. \u201cA nossa miss\u00e3o hoje \u00e9 viver o amor intensamente, n\u00e3o somente de palavras, mas em a\u00e7\u00f5es concretas, n\u00e3o deixando que ningu\u00e9m sofra sem a nossa ajuda, que ningu\u00e9m viva na solid\u00e3o sem a nossa presen\u00e7a, que n\u00e3o sofram injusti\u00e7a sem a nossa colabora\u00e7\u00e3o para a justi\u00e7a, sem que ningu\u00e9m passe fome sem a nossa partilha, n\u00e3o deixando que nenhum filho de Deus sinta-se desemparado, sem a nossa presen\u00e7a de irm\u00e3o e irm\u00e3\u201d, concluiu o pregador.<\/p>\n<p>A visita termina no pr\u00f3ximo domingo, dia 30.<\/p>\n<hr \/>\n<h3><strong>Cust\u00f3dia Sagrado Cora\u00e7\u00e3o de Jesus<\/strong><\/h3>\n<p><img loading=\"lazy\" class=\"alignnone size-full wp-image-206496\" src=\"https:\/\/franciscanos.org.br\/noticias\/wp-content\/uploads\/2019\/06\/sagrado_250619_1.jpg\" alt=\"\" width=\"980\" height=\"660\" srcset=\"https:\/\/franciscanos.org.br\/noticias\/wp-content\/uploads\/2019\/06\/sagrado_250619_1.jpg 980w, https:\/\/franciscanos.org.br\/noticias\/wp-content\/uploads\/2019\/06\/sagrado_250619_1-450x303.jpg 450w, https:\/\/franciscanos.org.br\/noticias\/wp-content\/uploads\/2019\/06\/sagrado_250619_1-768x517.jpg 768w, https:\/\/franciscanos.org.br\/noticias\/wp-content\/uploads\/2019\/06\/sagrado_250619_1-150x101.jpg 150w\" sizes=\"(max-width: 980px) 100vw, 980px\" \/><\/p>\n<p>De 15 a 20 de junho, Frei Michael Perry e Frei Valmir Ramos visitaram a<strong> Cust\u00f3dia Sagrado Cora\u00e7\u00e3o de Jesus<\/strong>. Eles iniciaram a visita na Cust\u00f3dia Sagrado Cora\u00e7\u00e3o de Jesus em Uberl\u00e2ndia (MG), onde foram recebidos pelo Cust\u00f3dio, Frei Fernando Aparecido dos Santos, e reuniram-se com as Clarissas do Mosteiro Monte Alverne, onde celebraram juntos a Eucaristia. A Cust\u00f3dia est\u00e1 presente no Nordeste e Centro-Oeste do Estado de S\u00e3o Paulo, o Tri\u00e2ngulo Mineiro e Alto do Parana\u00edba.<\/p>\n<p>Em Uberl\u00e2ndia, ele visitou um bairro na periferia, onde os frades acompanham a luta de mais de 700 fam\u00edlias para obter uma moradia com dignidade. No domingo, 16 de junho, celebraram a Missa com a comunidade paroquial e a Fam\u00edlia Franciscana e encontram-se fraternalmente com os frades e religiosas franciscanas. \u00c0 tarde, estiveram com um numeroso grupo de jovens que frequentam a Par\u00f3quia e realizam atividades evangelizadoras.<\/p>\n<p>Na segunda-feira, dia 17, Frei Michael e Frei Valmir foram a Bebedouro, em S\u00e3o Paulo, onde visitaram as obras sociais assistidas pelos frades. A primeira visita foi \u00e0 Casa de Clara, que acolhe crian\u00e7as e adolescentes abandonados ou retirados de suas fam\u00edlias devido \u00e0 viol\u00eancia, neglig\u00eancia ou consumo de drogas. \u00c0 tarde, Frei Michael esteve com a Fam\u00edlia Franciscana local.<\/p>\n<p>No dia 18, o Ministro Geral visitou o Educand\u00e1rio Santo Ant\u00f4nio, outra obra social na cidade de Bebedouro, que h\u00e1 mais de 50 anos atende quase 300 crian\u00e7as e jovens carentes, promovendo atividades educacionais, culturais e esportivas.<\/p>\n<p><img loading=\"lazy\" class=\"alignnone size-full wp-image-206497\" src=\"https:\/\/franciscanos.org.br\/noticias\/wp-content\/uploads\/2019\/06\/sagrado-250619.jpg\" alt=\"\" width=\"980\" height=\"500\" srcset=\"https:\/\/franciscanos.org.br\/noticias\/wp-content\/uploads\/2019\/06\/sagrado-250619.jpg 980w, https:\/\/franciscanos.org.br\/noticias\/wp-content\/uploads\/2019\/06\/sagrado-250619-450x230.jpg 450w, https:\/\/franciscanos.org.br\/noticias\/wp-content\/uploads\/2019\/06\/sagrado-250619-768x392.jpg 768w, https:\/\/franciscanos.org.br\/noticias\/wp-content\/uploads\/2019\/06\/sagrado-250619-150x77.jpg 150w\" sizes=\"(max-width: 980px) 100vw, 980px\" \/><\/p>\n<p>Neste mesmo dia, Frei Michael foi a Franca (SP), onde est\u00e1 a Sede da Cust\u00f3dia, onde no dia seguinte visitou uma creche com 98 crian\u00e7as. Na parte da manh\u00e3, reuniu-se com os jovens frades da Forma\u00e7\u00e3o Inicial e \u00e0 tarde esteve com quase todos os frades da Cust\u00f3dia.<\/p>\n<p>Na tarde do dia 19, presidiu a Eucaristia e recebeu os votos solenes de Frei Everton Leandro Piotto na igreja S\u00e3o Judas Tadeu, em Franca (SP).<\/p>\n<p>No \u00faltimo dia da visita \u00e0 Cust\u00f3dia, depois de celebrar a Solenidade de Corpus Christi em uma \u00e1rea pastoral, o grupo dirigiu-se a Ribeir\u00e3o Preto (SP), onde reuniu-se com a Fam\u00edlia Franciscana local, de onde seguiram para a \u00faltima parada da visita, na Prov\u00edncia Santo Ant\u00f4nio, com sede em Recife (PE).<\/p>\n<hr \/>\n<p><strong>CONFIRA AS VISITAS ANTERIORES:<\/strong><\/p>\n<h3>Prov\u00edncia S\u00e3o Francisco<\/h3>\n<p><img loading=\"lazy\" class=\"alignnone size-full wp-image-205756\" src=\"https:\/\/franciscanos.org.br\/noticias\/wp-content\/uploads\/2019\/06\/michael_100619G2-1.jpg\" alt=\"\" width=\"980\" height=\"500\" srcset=\"https:\/\/franciscanos.org.br\/noticias\/wp-content\/uploads\/2019\/06\/michael_100619G2-1.jpg 980w, https:\/\/franciscanos.org.br\/noticias\/wp-content\/uploads\/2019\/06\/michael_100619G2-1-450x230.jpg 450w, https:\/\/franciscanos.org.br\/noticias\/wp-content\/uploads\/2019\/06\/michael_100619G2-1-768x392.jpg 768w, https:\/\/franciscanos.org.br\/noticias\/wp-content\/uploads\/2019\/06\/michael_100619G2-1-150x77.jpg 150w\" sizes=\"(max-width: 980px) 100vw, 980px\" \/><\/p>\n<p>De 2 a 8 de junho, Frei Michael esteve na <strong>Prov\u00edncia S\u00e3o Francisco<\/strong>, no Rio Grande do Sul. Na C\u00faria Provincial, ele esteve com os frades idosos e enfermos. No mesmo local, reuniu-se com o Definit\u00f3rio Provincial para partilhar os desafios da Ordem. No dia 4 de junho, o Ministro Geral visitou o Centro de Promo\u00e7\u00e3o da Crian\u00e7a e do Adolescente (CPCA), trabalho social coordenado pelos frades, localizado no sub\u00farbio de Porto Alegre. O CPCA mant\u00e9m v\u00e1rios projetos para a prote\u00e7\u00e3o e desenvolvimento de milhares de crian\u00e7as e adolescentes em situa\u00e7\u00e3o de vulnerabilidade social.<\/p>\n<p>No dia 5, Frei Michael encontrou-se com os frades na cidade de Daltro Filho (RS), onde refletiu sobre a identidade franciscana, a miss\u00e3o dos frades hoje e alguns desafios da Ordem diante das r\u00e1pidas mudan\u00e7as no mundo e na Igreja. Frei In\u00e1cio Dellazari, Ministro Provincial, e os demais frades da tiveram a oportunidade de falar sobre os desafios da Prov\u00edncia S\u00e3o Francisco.<\/p>\n<p>No dia 6, retornando a Porto Alegre, Frei Michael celebrou com a Fam\u00edlia Franciscana na Par\u00f3quia S\u00e3o Francisco e participou de uma confraterniza\u00e7\u00e3o. Al\u00e9m da Ordem Franciscana Secular, estiveram presentes religiosas de outros cinco institutos franciscanos e leigos da Par\u00f3quia.<\/p>\n<p>Na manh\u00e3 do dia 7, Frei Michael visitou o Instituto de Estudos Superiores dos Frades Capuchinhos e a Escola Superior de Teologia Franciscana (ESTEF), onde os frades estudantes fazem sua forma\u00e7\u00e3o em Teologia e de Espiritualidade Franciscana e onde alguns frades professos d\u00e3o aulas.<\/p>\n<p>Ao final da visita, Frei Michael celebrou com as Clarissas no Mosteiro de S\u00e3o Dami\u00e3o em Porto Alegre. Em seu anivers\u00e1rio, 7 de junho, o Ministro Provincial celebrou com os frades na C\u00faria Provincial.<strong><br \/>\n<\/strong><\/p>\n<h3>Prov\u00edncia Santa Cruz<\/h3>\n<p><img loading=\"lazy\" class=\"alignnone size-full wp-image-206433\" src=\"https:\/\/franciscanos.org.br\/noticias\/wp-content\/uploads\/2019\/06\/geral_180619.jpg\" alt=\"\" width=\"980\" height=\"550\" srcset=\"https:\/\/franciscanos.org.br\/noticias\/wp-content\/uploads\/2019\/06\/geral_180619.jpg 980w, https:\/\/franciscanos.org.br\/noticias\/wp-content\/uploads\/2019\/06\/geral_180619-450x253.jpg 450w, https:\/\/franciscanos.org.br\/noticias\/wp-content\/uploads\/2019\/06\/geral_180619-768x431.jpg 768w, https:\/\/franciscanos.org.br\/noticias\/wp-content\/uploads\/2019\/06\/geral_180619-150x84.jpg 150w\" sizes=\"(max-width: 980px) 100vw, 980px\" \/><\/p>\n<p>Entre os dias 9 e 14 de junho, Frei Michael Perry e Frei Valmir Ramos estiveram na Prov\u00edncia Santa Cruz. No dia 8, chegaram a Belo Horizonte, onde est\u00e1 a C\u00faria Provincial e foram recebidos por Frei Hilton Faria de Souza, Ministro Provincial, e pelos frades da fraternidade local, incluindo os frades enfermos que vivem ali.<\/p>\n<p>No dia 10, reuniram-se com os frades Under Ten para uma conversa. Frei Michael escutou suas partilhas e falou sobre a necessidade de estarem sempre abertos ao acompanhamento e a import\u00e2ncia da cria\u00e7\u00e3o de espa\u00e7os de di\u00e1logo interno e externos.<\/p>\n<p>No dia 11, Frei Michael visitou o noviciado da Prov\u00edncia, onde tamb\u00e9m vivem os novi\u00e7os da Prov\u00edncia S\u00e3o Francisco e da Cust\u00f3dia S\u00e3o Benedito da Amaz\u00f4nia. Ali tamb\u00e9m reuniu-se com os frades da zona Norte de Minas Gerais.<\/p>\n<p>Na manh\u00e3 do dia 12, Frei Michael visitou e celebrou a Eucaristia no Santu\u00e1rio da Serra da Piedade, no alto da montanha. Ali se reuniu com os guardi\u00e3es da Prov\u00edncia e escutou seus desafios na assist\u00eancia das fraternidades.<\/p>\n<p><img loading=\"lazy\" class=\"alignnone size-full wp-image-206434\" src=\"https:\/\/franciscanos.org.br\/noticias\/wp-content\/uploads\/2019\/06\/geral_180619_2.jpg\" alt=\"\" width=\"980\" height=\"550\" srcset=\"https:\/\/franciscanos.org.br\/noticias\/wp-content\/uploads\/2019\/06\/geral_180619_2.jpg 980w, https:\/\/franciscanos.org.br\/noticias\/wp-content\/uploads\/2019\/06\/geral_180619_2-450x253.jpg 450w, https:\/\/franciscanos.org.br\/noticias\/wp-content\/uploads\/2019\/06\/geral_180619_2-768x431.jpg 768w, https:\/\/franciscanos.org.br\/noticias\/wp-content\/uploads\/2019\/06\/geral_180619_2-150x84.jpg 150w\" sizes=\"(max-width: 980px) 100vw, 980px\" \/><\/p>\n<p>Na parte da tarde, de volta a Belo Horizonte, o Ministro geral participou de uma reuni\u00e3o com membros de uma comunidade isl\u00e2mica e outras religi\u00f5es para comemorar os 800 anos do encontro de S\u00e3o Francisco com o Sult\u00e3o.<\/p>\n<p>No dia 13 de junho, Frei Michael e Frei Valmir estiveram em Divin\u00f3polis, reunidos com os frades da parte central e sul do Estado e com frades estudantes de diversas etapas da forma\u00e7\u00e3o. \u00c0 noite, Frei Michael presidiu a solene celebra\u00e7\u00e3o de Santo Ant\u00f4nio, com a igreja repleta de devotos.<\/p>\n<p>Fotos e informa\u00e7\u00f5es: <a href=\"https:\/\/ofm.org\/news-media\/\" target=\"_blank\" rel=\"noopener noreferrer\">Site da OFM<\/a><\/p>\n","protected":false},"excerpt":{"rendered":"<p>Frei Michael Perry est\u00e1 em visita no Brasil<\/p>\n","protected":false},"author":1,"featured_media":206587,"comment_status":"open","ping_status":"open","sticky":false,"template":"","format":"standard","meta":[],"categories":[1],"tags":[397],"acf":[],"yoast_head":"<!-- This site is optimized with the Yoast SEO plugin v19.2 - https:\/\/yoast.com\/wordpress\/plugins\/seo\/ -->\n<title>Ministro Geral se despede neste domingo do Brasil - Not\u00edcias - Franciscanos<\/title>\n<meta name=\"robots\" content=\"index, follow, max-snippet:-1, max-image-preview:large, max-video-preview:-1\" \/>\n<link rel=\"canonical\" href=\"https:\/\/franciscanos.org.br\/noticias\/ministro-geral-se-despede-neste-domingo-do-brasil.html\" \/>\n<meta property=\"og:locale\" content=\"pt_BR\" \/>\n<meta property=\"og:type\" content=\"article\" \/>\n<meta property=\"og:title\" content=\"Ministro Geral se despede neste domingo do Brasil - Not\u00edcias - Franciscanos\" \/>\n<meta property=\"og:description\" content=\"Frei Michael Perry est\u00e1 em visita no Brasil\" \/>\n<meta property=\"og:url\" content=\"https:\/\/franciscanos.org.br\/noticias\/ministro-geral-se-despede-neste-domingo-do-brasil.html\" \/>\n<meta property=\"og:site_name\" content=\"Not\u00edcias - Franciscanos\" \/>\n<meta property=\"article:published_time\" content=\"2019-06-28T18:08:29+00:00\" \/>\n<meta property=\"article:modified_time\" content=\"2019-06-28T19:06:06+00:00\" \/>\n<meta property=\"og:image\" content=\"https:\/\/franciscanos.org.br\/noticias\/wp-content\/uploads\/2019\/06\/santoantonio-280619-p.jpg\" \/>\n\t<meta property=\"og:image:width\" content=\"273\" \/>\n\t<meta property=\"og:image:height\" content=\"181\" \/>\n\t<meta property=\"og:image:type\" content=\"image\/jpeg\" \/>\n<meta name=\"author\" content=\"admin\" \/>\n<meta name=\"twitter:card\" content=\"summary_large_image\" \/>\n<meta name=\"twitter:label1\" content=\"Escrito por\" \/>\n\t<meta name=\"twitter:data1\" content=\"admin\" \/>\n\t<meta name=\"twitter:label2\" content=\"Est. tempo de leitura\" \/>\n\t<meta name=\"twitter:data2\" content=\"7 minutos\" \/>\n<script type=\"application\/ld+json\" class=\"yoast-schema-graph\">{\"@context\":\"https:\/\/schema.org\",\"@graph\":[{\"@type\":\"WebSite\",\"@id\":\"https:\/\/franciscanos.org.br\/noticias\/#website\",\"url\":\"https:\/\/franciscanos.org.br\/noticias\/\",\"name\":\"Not\u00edcias - Franciscanos\",\"description\":\"Prov\u00edncia Franciscana da Imaculada Concei\u00e7\u00e3o do Brasil - Ordem dos Frades Menores - OFM\",\"potentialAction\":[{\"@type\":\"SearchAction\",\"target\":{\"@type\":\"EntryPoint\",\"urlTemplate\":\"https:\/\/franciscanos.org.br\/noticias\/?s={search_term_string}\"},\"query-input\":\"required name=search_term_string\"}],\"inLanguage\":\"pt-BR\"},{\"@type\":\"ImageObject\",\"inLanguage\":\"pt-BR\",\"@id\":\"https:\/\/franciscanos.org.br\/noticias\/ministro-geral-se-despede-neste-domingo-do-brasil.html#primaryimage\",\"url\":\"https:\/\/franciscanos.org.br\/noticias\/wp-content\/uploads\/2019\/06\/santoantonio-280619-p.jpg\",\"contentUrl\":\"https:\/\/franciscanos.org.br\/noticias\/wp-content\/uploads\/2019\/06\/santoantonio-280619-p.jpg\",\"width\":273,\"height\":181},{\"@type\":\"WebPage\",\"@id\":\"https:\/\/franciscanos.org.br\/noticias\/ministro-geral-se-despede-neste-domingo-do-brasil.html#webpage\",\"url\":\"https:\/\/franciscanos.org.br\/noticias\/ministro-geral-se-despede-neste-domingo-do-brasil.html\",\"name\":\"Ministro Geral se despede neste domingo do Brasil - Not\u00edcias - Franciscanos\",\"isPartOf\":{\"@id\":\"https:\/\/franciscanos.org.br\/noticias\/#website\"},\"primaryImageOfPage\":{\"@id\":\"https:\/\/franciscanos.org.br\/noticias\/ministro-geral-se-despede-neste-domingo-do-brasil.html#primaryimage\"},\"datePublished\":\"2019-06-28T18:08:29+00:00\",\"dateModified\":\"2019-06-28T19:06:06+00:00\",\"author\":{\"@id\":\"https:\/\/franciscanos.org.br\/noticias\/#\/schema\/person\/b38fbf43118f02820bd932f2e4b14ad3\"},\"breadcrumb\":{\"@id\":\"https:\/\/franciscanos.org.br\/noticias\/ministro-geral-se-despede-neste-domingo-do-brasil.html#breadcrumb\"},\"inLanguage\":\"pt-BR\",\"potentialAction\":[{\"@type\":\"ReadAction\",\"target\":[\"https:\/\/franciscanos.org.br\/noticias\/ministro-geral-se-despede-neste-domingo-do-brasil.html\"]}]},{\"@type\":\"BreadcrumbList\",\"@id\":\"https:\/\/franciscanos.org.br\/noticias\/ministro-geral-se-despede-neste-domingo-do-brasil.html#breadcrumb\",\"itemListElement\":[{\"@type\":\"ListItem\",\"position\":1,\"name\":\"Home\",\"item\":\"https:\/\/franciscanos.org.br\/noticias\"},{\"@type\":\"ListItem\",\"position\":2,\"name\":\"Ministro Geral se despede neste domingo do Brasil\"}]},{\"@type\":\"Person\",\"@id\":\"https:\/\/franciscanos.org.br\/noticias\/#\/schema\/person\/b38fbf43118f02820bd932f2e4b14ad3\",\"name\":\"admin\",\"image\":{\"@type\":\"ImageObject\",\"inLanguage\":\"pt-BR\",\"@id\":\"https:\/\/franciscanos.org.br\/noticias\/#\/schema\/person\/image\/\",\"url\":\"https:\/\/secure.gravatar.com\/avatar\/e8495742d34d0ba6448ea1c628263b3e?s=96&d=mm&r=g\",\"contentUrl\":\"https:\/\/secure.gravatar.com\/avatar\/e8495742d34d0ba6448ea1c628263b3e?s=96&d=mm&r=g\",\"caption\":\"admin\"},\"url\":\"https:\/\/franciscanos.org.br\/noticias\/author\/admin\"}]}<\/script>\n<!-- \/ Yoast SEO plugin. -->","yoast_head_json":{"title":"Ministro Geral se despede neste domingo do Brasil - Not\u00edcias - Franciscanos","robots":{"index":"index","follow":"follow","max-snippet":"max-snippet:-1","max-image-preview":"max-image-preview:large","max-video-preview":"max-video-preview:-1"},"canonical":"https:\/\/franciscanos.org.br\/noticias\/ministro-geral-se-despede-neste-domingo-do-brasil.html","og_locale":"pt_BR","og_type":"article","og_title":"Ministro Geral se despede neste domingo do Brasil - Not\u00edcias - Franciscanos","og_description":"Frei Michael Perry est\u00e1 em visita no Brasil","og_url":"https:\/\/franciscanos.org.br\/noticias\/ministro-geral-se-despede-neste-domingo-do-brasil.html","og_site_name":"Not\u00edcias - Franciscanos","article_published_time":"2019-06-28T18:08:29+00:00","article_modified_time":"2019-06-28T19:06:06+00:00","og_image":[{"width":273,"height":181,"url":"https:\/\/franciscanos.org.br\/noticias\/wp-content\/uploads\/2019\/06\/santoantonio-280619-p.jpg","type":"image\/jpeg"}],"author":"admin","twitter_card":"summary_large_image","twitter_misc":{"Escrito por":"admin","Est. tempo de leitura":"7 minutos"},"schema":{"@context":"https:\/\/schema.org","@graph":[{"@type":"WebSite","@id":"https:\/\/franciscanos.org.br\/noticias\/#website","url":"https:\/\/franciscanos.org.br\/noticias\/","name":"Not\u00edcias - Franciscanos","description":"Prov\u00edncia Franciscana da Imaculada Concei\u00e7\u00e3o do Brasil - Ordem dos Frades Menores - OFM","potentialAction":[{"@type":"SearchAction","target":{"@type":"EntryPoint","urlTemplate":"https:\/\/franciscanos.org.br\/noticias\/?s={search_term_string}"},"query-input":"required name=search_term_string"}],"inLanguage":"pt-BR"},{"@type":"ImageObject","inLanguage":"pt-BR","@id":"https:\/\/franciscanos.org.br\/noticias\/ministro-geral-se-despede-neste-domingo-do-brasil.html#primaryimage","url":"https:\/\/franciscanos.org.br\/noticias\/wp-content\/uploads\/2019\/06\/santoantonio-280619-p.jpg","contentUrl":"https:\/\/franciscanos.org.br\/noticias\/wp-content\/uploads\/2019\/06\/santoantonio-280619-p.jpg","width":273,"height":181},{"@type":"WebPage","@id":"https:\/\/franciscanos.org.br\/noticias\/ministro-geral-se-despede-neste-domingo-do-brasil.html#webpage","url":"https:\/\/franciscanos.org.br\/noticias\/ministro-geral-se-despede-neste-domingo-do-brasil.html","name":"Ministro Geral se despede neste domingo do Brasil - Not\u00edcias - Franciscanos","isPartOf":{"@id":"https:\/\/franciscanos.org.br\/noticias\/#website"},"primaryImageOfPage":{"@id":"https:\/\/franciscanos.org.br\/noticias\/ministro-geral-se-despede-neste-domingo-do-brasil.html#primaryimage"},"datePublished":"2019-06-28T18:08:29+00:00","dateModified":"2019-06-28T19:06:06+00:00","author":{"@id":"https:\/\/franciscanos.org.br\/noticias\/#\/schema\/person\/b38fbf43118f02820bd932f2e4b14ad3"},"breadcrumb":{"@id":"https:\/\/franciscanos.org.br\/noticias\/ministro-geral-se-despede-neste-domingo-do-brasil.html#breadcrumb"},"inLanguage":"pt-BR","potentialAction":[{"@type":"ReadAction","target":["https:\/\/franciscanos.org.br\/noticias\/ministro-geral-se-despede-neste-domingo-do-brasil.html"]}]},{"@type":"BreadcrumbList","@id":"https:\/\/franciscanos.org.br\/noticias\/ministro-geral-se-despede-neste-domingo-do-brasil.html#breadcrumb","itemListElement":[{"@type":"ListItem","position":1,"name":"Home","item":"https:\/\/franciscanos.org.br\/noticias"},{"@type":"ListItem","position":2,"name":"Ministro Geral se despede neste domingo do Brasil"}]},{"@type":"Person","@id":"https:\/\/franciscanos.org.br\/noticias\/#\/schema\/person\/b38fbf43118f02820bd932f2e4b14ad3","name":"admin","image":{"@type":"ImageObject","inLanguage":"pt-BR","@id":"https:\/\/franciscanos.org.br\/noticias\/#\/schema\/person\/image\/","url":"https:\/\/secure.gravatar.com\/avatar\/e8495742d34d0ba6448ea1c628263b3e?s=96&d=mm&r=g","contentUrl":"https:\/\/secure.gravatar.com\/avatar\/e8495742d34d0ba6448ea1c628263b3e?s=96&d=mm&r=g","caption":"admin"},"url":"https:\/\/franciscanos.org.br\/noticias\/author\/admin"}]}},"_links":{"self":[{"href":"https:\/\/franciscanos.org.br\/noticias\/wp-json\/wp\/v2\/posts\/205730"}],"collection":[{"href":"https:\/\/franciscanos.org.br\/noticias\/wp-json\/wp\/v2\/posts"}],"about":[{"href":"https:\/\/franciscanos.org.br\/noticias\/wp-json\/wp\/v2\/types\/post"}],"author":[{"embeddable":true,"href":"https:\/\/franciscanos.org.br\/noticias\/wp-json\/wp\/v2\/users\/1"}],"replies":[{"embeddable":true,"href":"https:\/\/franciscanos.org.br\/noticias\/wp-json\/wp\/v2\/comments?post=205730"}],"version-history":[{"count":0,"href":"https:\/\/franciscanos.org.br\/noticias\/wp-json\/wp\/v2\/posts\/205730\/revisions"}],"wp:featuredmedia":[{"embeddable":true,"href":"https:\/\/franciscanos.org.br\/noticias\/wp-json\/wp\/v2\/media\/206587"}],"wp:attachment":[{"href":"https:\/\/franciscanos.org.br\/noticias\/wp-json\/wp\/v2\/media?parent=205730"}],"wp:term":[{"taxonomy":"category","embeddable":true,"href":"https:\/\/franciscanos.org.br\/noticias\/wp-json\/wp\/v2\/categories?post=205730"},{"taxonomy":"post_tag","embeddable":true,"href":"https:\/\/franciscanos.org.br\/noticias\/wp-json\/wp\/v2\/tags?post=205730"}],"curies":[{"name":"wp","href":"https:\/\/api.w.org\/{rel}","templated":true}]}}