{"id":205726,"date":"2019-06-10T14:24:25","date_gmt":"2019-06-10T17:24:25","guid":{"rendered":"https:\/\/franciscanos.org.br\/noticias\/?p=205726"},"modified":"2019-06-10T14:41:45","modified_gmt":"2019-06-10T17:41:45","slug":"antonio-e-maria-viveram-e-geraram-o-amor","status":"publish","type":"post","link":"https:\/\/franciscanos.org.br\/noticias\/antonio-e-maria-viveram-e-geraram-o-amor.html","title":{"rendered":"Ant\u00f4nio e Maria viveram e geraram o Amor"},"content":{"rendered":"<p><img loading=\"lazy\" class=\"alignnone wp-image-205727 size-full\" src=\"https:\/\/franciscanos.org.br\/noticias\/wp-content\/uploads\/2019\/06\/trezenaonze_10619.jpg\" alt=\"\" width=\"890\" height=\"668\" srcset=\"https:\/\/franciscanos.org.br\/noticias\/wp-content\/uploads\/2019\/06\/trezenaonze_10619.jpg 890w, https:\/\/franciscanos.org.br\/noticias\/wp-content\/uploads\/2019\/06\/trezenaonze_10619-450x338.jpg 450w, https:\/\/franciscanos.org.br\/noticias\/wp-content\/uploads\/2019\/06\/trezenaonze_10619-768x576.jpg 768w, https:\/\/franciscanos.org.br\/noticias\/wp-content\/uploads\/2019\/06\/trezenaonze_10619-150x113.jpg 150w\" sizes=\"(max-width: 890px) 100vw, 890px\" \/><\/p>\n<p><strong>Moacir Beggo<\/strong><\/p>\n<p><strong>\u00a0<\/strong><strong>Rio de Janeiro (RJ)<\/strong> &#8211; O d\u00e9cimo primeiro dia da Trezena de Santo Ant\u00f4nio no Convento do Largo da Carioca, nesta segunda-feira, 10 de junho, teve como pregadora a Ministra da Ordem Franciscana Secular da Fraternidade do Convento, Patr\u00edcia de Moraes, para falar sobre o tema &#8220;Santo Ant\u00f4nio e Maria, m\u00e3e da Igreja&#8221;.<\/p>\n<p>O guardi\u00e3o do Convento, Frei Jos\u00e9 Pereira, presidiu a Celebra\u00e7\u00e3o Eucaristica e explicou que hoje, a Igreja celebra a mem\u00f3ria da \u201cBem-aventurada Virgem, M\u00e3e da Igreja\u201d, inscrita no Calend\u00e1rio Romano Geral pelo Papa Francisco no ano passado. No Decreto &#8220;<em>Ecclesia Mater<\/em>&#8220;, Francisco descreve o decreto para favorecer o crescimento do sentido materno da Igreja nos pastores, nos religiosos e nos fi\u00e9is, como, tamb\u00e9m, da genu\u00edna piedade mariana.<\/p>\n<p>Patr\u00edcia, que \u00e9 mestra em Teologia B\u00edblica, fez a sua reflex\u00e3o a partir da sua pr\u00f3pria experi\u00eancia de m\u00e3e. &#8220;Toda menina sonha um amor. Toda menina cuida de sua bonequinha como se fosse um beb\u00ea e embala um sonho de maternidade em seu pensamento. Quando cresce um pouco mais, cultiva em seu cora\u00e7\u00e3o esta possibilidade, ainda que inconscientemente, e, j\u00e1 adulta, pode enfim realizar seu sonho. A menina torna-se ent\u00e3o m\u00e3e biol\u00f3gica, m\u00e3e do cora\u00e7\u00e3o ou m\u00e3e espiritual. N\u00e3o foi diferente com Maria. Maria n\u00e3o s\u00f3 sonhou um amor mas gestou em sua carne o <strong>amor por excel\u00eancia<\/strong>, deu \u00e0 luz \u00e0 <strong>grande luz<\/strong>, o sol da santidade, luz a qual o mundo n\u00e3o pode conter&#8221;, disse.<\/p>\n<p><img loading=\"lazy\" class=\"alignnone wp-image-205728 size-full\" src=\"https:\/\/franciscanos.org.br\/noticias\/wp-content\/uploads\/2019\/06\/trezenaonze_10619_1.jpg\" alt=\"\" width=\"890\" height=\"1059\" srcset=\"https:\/\/franciscanos.org.br\/noticias\/wp-content\/uploads\/2019\/06\/trezenaonze_10619_1.jpg 890w, https:\/\/franciscanos.org.br\/noticias\/wp-content\/uploads\/2019\/06\/trezenaonze_10619_1-378x450.jpg 378w, https:\/\/franciscanos.org.br\/noticias\/wp-content\/uploads\/2019\/06\/trezenaonze_10619_1-768x914.jpg 768w, https:\/\/franciscanos.org.br\/noticias\/wp-content\/uploads\/2019\/06\/trezenaonze_10619_1-861x1024.jpg 861w, https:\/\/franciscanos.org.br\/noticias\/wp-content\/uploads\/2019\/06\/trezenaonze_10619_1-150x178.jpg 150w\" sizes=\"(max-width: 890px) 100vw, 890px\" \/><\/p>\n<p>Segundo a ministra da OFS,\u00a0 Maria tornou-se a m\u00e3e do Amor. &#8220;E o Amor \u00e9, em si mesmo, esvaziamento, doa\u00e7\u00e3o, entrega total at\u00e9 as \u00faltimas consequ\u00eancias. Maria acompanhou o Amor e, em sua dor, quando n\u00e3o conseguia entender a grandiosidade do Mist\u00e9rio, contemplava e guardava tudo em seu cora\u00e7\u00e3o, no ba\u00fa da f\u00e9. Tornou-se disc\u00edpula do Amor. Serva humilde e fiel. Ao p\u00e9 da cruz, no seu sim incondicional do in\u00edcio ao fim, gerou novos filhos, tamb\u00e9m eles, disc\u00edpulos do Amor&#8221;, acrescentou.<\/p>\n<p>Segundo a pregadora, Maria agora j\u00e1 n\u00e3o \u00e9 do g\u00eanero feminino ou do g\u00eanero masculino. &#8220;Ela \u00e9 do g\u00eanero humano!&#8221;.<\/p>\n<p>&#8220;Maria \u00e9 m\u00e3e biol\u00f3gica, m\u00e3e do cora\u00e7\u00e3o, m\u00e3e espiritual. Do seu sim incondicional, do in\u00edcio ao fim, em comunh\u00e3o plena com o Amor, Maria tornou-se a m\u00e3e de todos os filhos que nasceram do sim dado pelo Amor, Maria tornou-se a M\u00e3e da Igreja&#8221;, refletiu.<\/p>\n<p><img loading=\"lazy\" class=\"alignnone size-full wp-image-205729\" src=\"https:\/\/franciscanos.org.br\/noticias\/wp-content\/uploads\/2019\/06\/trezenaonze_10619_3.jpg\" alt=\"\" width=\"890\" height=\"588\" srcset=\"https:\/\/franciscanos.org.br\/noticias\/wp-content\/uploads\/2019\/06\/trezenaonze_10619_3.jpg 890w, https:\/\/franciscanos.org.br\/noticias\/wp-content\/uploads\/2019\/06\/trezenaonze_10619_3-450x297.jpg 450w, https:\/\/franciscanos.org.br\/noticias\/wp-content\/uploads\/2019\/06\/trezenaonze_10619_3-768x507.jpg 768w, https:\/\/franciscanos.org.br\/noticias\/wp-content\/uploads\/2019\/06\/trezenaonze_10619_3-150x99.jpg 150w\" sizes=\"(max-width: 890px) 100vw, 890px\" \/><\/p>\n<p>Patr\u00edcia destaca que Maria, enquanto m\u00e3e, carrega o Menino no ventre; Santo Ant\u00f4nio carrega o Menino no colo. &#8220;A vida do santo \u00e9 um espelho da vida da santa. Santo Ant\u00f4nio viveu o caminho do discipulado, da f\u00e9 e das virtudes marianas. O grande te\u00f3logo, Doutor da Igreja, viveu louvando Maria porque de sua maternidade humana e divina o Amor se encarnou entre n\u00f3s e nos redimiu, morreu entoando a ant\u00edfona mariana, rezada na ora\u00e7\u00e3o da manh\u00e3 das festas de Nossa Senhora. Ambos geraram e viveram o Amor. Que essa reflex\u00e3o possa fazer com que tamb\u00e9m n\u00f3s possamos gerar e viver o Amor&#8221;, completou.<\/p>\n<p><strong>COMO SER FRANCISCANO SECULAR?<\/strong><\/p>\n<p>O Cap\u00edtulo 1 da Ordem Franciscana Secular define assim a vida e miss\u00e3o dos leigos que professam na terceira Ordem de S\u00e3o Francisco de Assis. &#8220;Entre as fam\u00edlias espirituais, suscitadas pelo Esp\u00edrito Santo na Igreja, a Fam\u00edlia Franciscana re\u00fane todos aqueles membros do Povo de Deus, leigos, religiosos e sacerdotes, que se sentem chamados ao seguimento do Cristo, \u00e0 maneira de S\u00e3o Francisco de Assis. Por modos e formas diversas, mas em rec\u00edproca comunh\u00e3o vital, eles querem tornar presente o carisma do comum Pai Ser\u00e1fico na vida e na miss\u00e3o da Igreja. No seio da dita fam\u00edlia, ocupa posi\u00e7\u00e3o espec\u00edfica a Ordem Franciscana Secular que se configura como uma uni\u00e3o org\u00e2nica de todas as fraternidades cat\u00f3licas espalhadas pelo mundo e abertas a todos os grupos e fi\u00e9is. Nelas, os irm\u00e3os e as irm\u00e3s, impulsionados pelo Esp\u00edrito a atingir a perfei\u00e7\u00e3o da caridade no pr\u00f3prio estado secular, s\u00e3o empenhados pela Profiss\u00e3o a viver o Evangelho \u00e0 maneira de S\u00e3o Francisco e mediante esta Regra confirmada pela Igreja&#8221;.<\/p>\n<p>Escreva para o Convento Santo Ant\u00f4nio ou para a sede nacional da OFS, no Rio de Janeiro pedindo informa\u00e7\u00f5es.<\/p>\n<hr \/>\n<p><strong>Convento Santo Ant\u00f4nio<\/strong><br \/>\nLargo da Carioca s\/n, Rio de Janeiro \u2013 RJ<br \/>\nFone (21) 2262-0129<br \/>\nofssantoantoniocarioca@gmail.com<\/p>\n<p><strong>Ordem Franciscana Secular do Brasil<\/strong><br \/>\nRua Adro de S\u00e3o Francisco, s\/n, Sa\u00fade,<br \/>\nZona Portu\u00e1ria, Rio de Janeiro \u2013 RJ.<br \/>\nCEP 20081-290 &#8211; Fone: 55 (21) 2240-4565<br \/>\nofsbr@terra.com.br<\/p>\n<hr \/>\n<p><strong>VEJA MAIS IMAGENS DA CELEBRA\u00c7\u00c3O EUCAR\u00cdSTICA DA TREZENA DE SANTO ANT\u00d4NIO<\/strong><\/p>\n\n\t\t<style type=\"text\/css\">\n\t\t\t#gallery-1 {\n\t\t\t\tmargin: auto;\n\t\t\t}\n\t\t\t#gallery-1 .gallery-item {\n\t\t\t\tfloat: left;\n\t\t\t\tmargin-top: 10px;\n\t\t\t\ttext-align: center;\n\t\t\t\twidth: 25%;\n\t\t\t}\n\t\t\t#gallery-1 img {\n\t\t\t\tborder: 2px solid #cfcfcf;\n\t\t\t}\n\t\t\t#gallery-1 .gallery-caption {\n\t\t\t\tmargin-left: 0;\n\t\t\t}\n\t\t\t\/* see gallery_shortcode() in wp-includes\/media.php *\/\n\t\t<\/style>\n\t\t<div id='gallery-1' class='gallery galleryid-205726 gallery-columns-4 gallery-size-thumbnail'><dl class='gallery-item'>\n\t\t\t<dt class='gallery-icon portrait'>\n\t\t\t\t<a href='https:\/\/franciscanos.org.br\/noticias\/wp-content\/uploads\/2019\/06\/trezena-1-7.jpg'><img width=\"300\" height=\"300\" src=\"https:\/\/franciscanos.org.br\/noticias\/wp-content\/uploads\/2019\/06\/trezena-1-7-300x300.jpg\" class=\"attachment-thumbnail size-thumbnail\" alt=\"\" loading=\"lazy\" srcset=\"https:\/\/franciscanos.org.br\/noticias\/wp-content\/uploads\/2019\/06\/trezena-1-7-300x300.jpg 300w, https:\/\/franciscanos.org.br\/noticias\/wp-content\/uploads\/2019\/06\/trezena-1-7-400x400.jpg 400w\" sizes=\"(max-width: 300px) 100vw, 300px\" \/><\/a>\n\t\t\t<\/dt><\/dl><dl class='gallery-item'>\n\t\t\t<dt class='gallery-icon landscape'>\n\t\t\t\t<a href='https:\/\/franciscanos.org.br\/noticias\/wp-content\/uploads\/2019\/06\/trezena-2-7.jpg'><img width=\"300\" height=\"300\" src=\"https:\/\/franciscanos.org.br\/noticias\/wp-content\/uploads\/2019\/06\/trezena-2-7-300x300.jpg\" class=\"attachment-thumbnail size-thumbnail\" alt=\"\" loading=\"lazy\" srcset=\"https:\/\/franciscanos.org.br\/noticias\/wp-content\/uploads\/2019\/06\/trezena-2-7-300x300.jpg 300w, https:\/\/franciscanos.org.br\/noticias\/wp-content\/uploads\/2019\/06\/trezena-2-7-400x400.jpg 400w\" sizes=\"(max-width: 300px) 100vw, 300px\" \/><\/a>\n\t\t\t<\/dt><\/dl><dl class='gallery-item'>\n\t\t\t<dt class='gallery-icon portrait'>\n\t\t\t\t<a href='https:\/\/franciscanos.org.br\/noticias\/wp-content\/uploads\/2019\/06\/trezena-3-7.jpg'><img width=\"300\" height=\"300\" src=\"https:\/\/franciscanos.org.br\/noticias\/wp-content\/uploads\/2019\/06\/trezena-3-7-300x300.jpg\" class=\"attachment-thumbnail size-thumbnail\" alt=\"\" loading=\"lazy\" srcset=\"https:\/\/franciscanos.org.br\/noticias\/wp-content\/uploads\/2019\/06\/trezena-3-7-300x300.jpg 300w, https:\/\/franciscanos.org.br\/noticias\/wp-content\/uploads\/2019\/06\/trezena-3-7-400x400.jpg 400w\" sizes=\"(max-width: 300px) 100vw, 300px\" \/><\/a>\n\t\t\t<\/dt><\/dl><dl class='gallery-item'>\n\t\t\t<dt class='gallery-icon landscape'>\n\t\t\t\t<a href='https:\/\/franciscanos.org.br\/noticias\/wp-content\/uploads\/2019\/06\/trezena-4-7.jpg'><img width=\"300\" height=\"300\" src=\"https:\/\/franciscanos.org.br\/noticias\/wp-content\/uploads\/2019\/06\/trezena-4-7-300x300.jpg\" class=\"attachment-thumbnail size-thumbnail\" alt=\"\" loading=\"lazy\" srcset=\"https:\/\/franciscanos.org.br\/noticias\/wp-content\/uploads\/2019\/06\/trezena-4-7-300x300.jpg 300w, https:\/\/franciscanos.org.br\/noticias\/wp-content\/uploads\/2019\/06\/trezena-4-7-400x400.jpg 400w\" sizes=\"(max-width: 300px) 100vw, 300px\" \/><\/a>\n\t\t\t<\/dt><\/dl><br style=\"clear: both\" \/><dl class='gallery-item'>\n\t\t\t<dt class='gallery-icon landscape'>\n\t\t\t\t<a href='https:\/\/franciscanos.org.br\/noticias\/wp-content\/uploads\/2019\/06\/trezena-5-7.jpg'><img width=\"300\" height=\"300\" src=\"https:\/\/franciscanos.org.br\/noticias\/wp-content\/uploads\/2019\/06\/trezena-5-7-300x300.jpg\" class=\"attachment-thumbnail size-thumbnail\" alt=\"\" loading=\"lazy\" srcset=\"https:\/\/franciscanos.org.br\/noticias\/wp-content\/uploads\/2019\/06\/trezena-5-7-300x300.jpg 300w, https:\/\/franciscanos.org.br\/noticias\/wp-content\/uploads\/2019\/06\/trezena-5-7-400x400.jpg 400w\" sizes=\"(max-width: 300px) 100vw, 300px\" \/><\/a>\n\t\t\t<\/dt><\/dl><dl class='gallery-item'>\n\t\t\t<dt class='gallery-icon portrait'>\n\t\t\t\t<a href='https:\/\/franciscanos.org.br\/noticias\/wp-content\/uploads\/2019\/06\/trezena-6-7.jpg'><img width=\"300\" height=\"300\" src=\"https:\/\/franciscanos.org.br\/noticias\/wp-content\/uploads\/2019\/06\/trezena-6-7-300x300.jpg\" class=\"attachment-thumbnail size-thumbnail\" alt=\"\" loading=\"lazy\" srcset=\"https:\/\/franciscanos.org.br\/noticias\/wp-content\/uploads\/2019\/06\/trezena-6-7-300x300.jpg 300w, https:\/\/franciscanos.org.br\/noticias\/wp-content\/uploads\/2019\/06\/trezena-6-7-400x400.jpg 400w\" sizes=\"(max-width: 300px) 100vw, 300px\" \/><\/a>\n\t\t\t<\/dt><\/dl><dl class='gallery-item'>\n\t\t\t<dt class='gallery-icon landscape'>\n\t\t\t\t<a href='https:\/\/franciscanos.org.br\/noticias\/wp-content\/uploads\/2019\/06\/trezena-10-7.jpg'><img width=\"300\" height=\"300\" src=\"https:\/\/franciscanos.org.br\/noticias\/wp-content\/uploads\/2019\/06\/trezena-10-7-300x300.jpg\" class=\"attachment-thumbnail size-thumbnail\" alt=\"\" loading=\"lazy\" srcset=\"https:\/\/franciscanos.org.br\/noticias\/wp-content\/uploads\/2019\/06\/trezena-10-7-300x300.jpg 300w, https:\/\/franciscanos.org.br\/noticias\/wp-content\/uploads\/2019\/06\/trezena-10-7-400x400.jpg 400w\" sizes=\"(max-width: 300px) 100vw, 300px\" \/><\/a>\n\t\t\t<\/dt><\/dl><dl class='gallery-item'>\n\t\t\t<dt class='gallery-icon landscape'>\n\t\t\t\t<a href='https:\/\/franciscanos.org.br\/noticias\/wp-content\/uploads\/2019\/06\/trezena-12-7.jpg'><img width=\"300\" height=\"300\" src=\"https:\/\/franciscanos.org.br\/noticias\/wp-content\/uploads\/2019\/06\/trezena-12-7-300x300.jpg\" class=\"attachment-thumbnail size-thumbnail\" alt=\"\" loading=\"lazy\" srcset=\"https:\/\/franciscanos.org.br\/noticias\/wp-content\/uploads\/2019\/06\/trezena-12-7-300x300.jpg 300w, https:\/\/franciscanos.org.br\/noticias\/wp-content\/uploads\/2019\/06\/trezena-12-7-400x400.jpg 400w\" sizes=\"(max-width: 300px) 100vw, 300px\" \/><\/a>\n\t\t\t<\/dt><\/dl><br style=\"clear: both\" \/><dl class='gallery-item'>\n\t\t\t<dt class='gallery-icon landscape'>\n\t\t\t\t<a href='https:\/\/franciscanos.org.br\/noticias\/wp-content\/uploads\/2019\/06\/trezena-13-7.jpg'><img width=\"300\" height=\"300\" src=\"https:\/\/franciscanos.org.br\/noticias\/wp-content\/uploads\/2019\/06\/trezena-13-7-300x300.jpg\" class=\"attachment-thumbnail size-thumbnail\" alt=\"\" loading=\"lazy\" srcset=\"https:\/\/franciscanos.org.br\/noticias\/wp-content\/uploads\/2019\/06\/trezena-13-7-300x300.jpg 300w, https:\/\/franciscanos.org.br\/noticias\/wp-content\/uploads\/2019\/06\/trezena-13-7-400x400.jpg 400w\" sizes=\"(max-width: 300px) 100vw, 300px\" \/><\/a>\n\t\t\t<\/dt><\/dl><dl class='gallery-item'>\n\t\t\t<dt class='gallery-icon landscape'>\n\t\t\t\t<a href='https:\/\/franciscanos.org.br\/noticias\/wp-content\/uploads\/2019\/06\/trezena-15-7.jpg'><img width=\"300\" height=\"300\" src=\"https:\/\/franciscanos.org.br\/noticias\/wp-content\/uploads\/2019\/06\/trezena-15-7-300x300.jpg\" class=\"attachment-thumbnail size-thumbnail\" alt=\"\" loading=\"lazy\" srcset=\"https:\/\/franciscanos.org.br\/noticias\/wp-content\/uploads\/2019\/06\/trezena-15-7-300x300.jpg 300w, https:\/\/franciscanos.org.br\/noticias\/wp-content\/uploads\/2019\/06\/trezena-15-7-400x400.jpg 400w\" sizes=\"(max-width: 300px) 100vw, 300px\" \/><\/a>\n\t\t\t<\/dt><\/dl><dl class='gallery-item'>\n\t\t\t<dt class='gallery-icon landscape'>\n\t\t\t\t<a href='https:\/\/franciscanos.org.br\/noticias\/wp-content\/uploads\/2019\/06\/trezena-16-7.jpg'><img width=\"300\" height=\"300\" src=\"https:\/\/franciscanos.org.br\/noticias\/wp-content\/uploads\/2019\/06\/trezena-16-7-300x300.jpg\" class=\"attachment-thumbnail size-thumbnail\" alt=\"\" loading=\"lazy\" srcset=\"https:\/\/franciscanos.org.br\/noticias\/wp-content\/uploads\/2019\/06\/trezena-16-7-300x300.jpg 300w, https:\/\/franciscanos.org.br\/noticias\/wp-content\/uploads\/2019\/06\/trezena-16-7-400x400.jpg 400w\" sizes=\"(max-width: 300px) 100vw, 300px\" \/><\/a>\n\t\t\t<\/dt><\/dl><dl class='gallery-item'>\n\t\t\t<dt class='gallery-icon landscape'>\n\t\t\t\t<a href='https:\/\/franciscanos.org.br\/noticias\/wp-content\/uploads\/2019\/06\/trezena-17-6.jpg'><img width=\"300\" height=\"300\" src=\"https:\/\/franciscanos.org.br\/noticias\/wp-content\/uploads\/2019\/06\/trezena-17-6-300x300.jpg\" class=\"attachment-thumbnail size-thumbnail\" alt=\"\" loading=\"lazy\" srcset=\"https:\/\/franciscanos.org.br\/noticias\/wp-content\/uploads\/2019\/06\/trezena-17-6-300x300.jpg 300w, https:\/\/franciscanos.org.br\/noticias\/wp-content\/uploads\/2019\/06\/trezena-17-6-400x400.jpg 400w\" sizes=\"(max-width: 300px) 100vw, 300px\" \/><\/a>\n\t\t\t<\/dt><\/dl><br style=\"clear: both\" \/><dl class='gallery-item'>\n\t\t\t<dt class='gallery-icon landscape'>\n\t\t\t\t<a href='https:\/\/franciscanos.org.br\/noticias\/wp-content\/uploads\/2019\/06\/trezena-18-6.jpg'><img width=\"300\" height=\"300\" src=\"https:\/\/franciscanos.org.br\/noticias\/wp-content\/uploads\/2019\/06\/trezena-18-6-300x300.jpg\" class=\"attachment-thumbnail size-thumbnail\" alt=\"\" loading=\"lazy\" srcset=\"https:\/\/franciscanos.org.br\/noticias\/wp-content\/uploads\/2019\/06\/trezena-18-6-300x300.jpg 300w, https:\/\/franciscanos.org.br\/noticias\/wp-content\/uploads\/2019\/06\/trezena-18-6-400x400.jpg 400w\" sizes=\"(max-width: 300px) 100vw, 300px\" \/><\/a>\n\t\t\t<\/dt><\/dl><dl class='gallery-item'>\n\t\t\t<dt class='gallery-icon landscape'>\n\t\t\t\t<a href='https:\/\/franciscanos.org.br\/noticias\/wp-content\/uploads\/2019\/06\/trezena-19-6.jpg'><img width=\"300\" height=\"300\" src=\"https:\/\/franciscanos.org.br\/noticias\/wp-content\/uploads\/2019\/06\/trezena-19-6-300x300.jpg\" class=\"attachment-thumbnail size-thumbnail\" alt=\"\" loading=\"lazy\" srcset=\"https:\/\/franciscanos.org.br\/noticias\/wp-content\/uploads\/2019\/06\/trezena-19-6-300x300.jpg 300w, https:\/\/franciscanos.org.br\/noticias\/wp-content\/uploads\/2019\/06\/trezena-19-6-400x400.jpg 400w\" sizes=\"(max-width: 300px) 100vw, 300px\" \/><\/a>\n\t\t\t<\/dt><\/dl><dl class='gallery-item'>\n\t\t\t<dt class='gallery-icon landscape'>\n\t\t\t\t<a href='https:\/\/franciscanos.org.br\/noticias\/wp-content\/uploads\/2019\/06\/trezena-20-6.jpg'><img width=\"300\" height=\"300\" src=\"https:\/\/franciscanos.org.br\/noticias\/wp-content\/uploads\/2019\/06\/trezena-20-6-300x300.jpg\" class=\"attachment-thumbnail size-thumbnail\" alt=\"\" loading=\"lazy\" srcset=\"https:\/\/franciscanos.org.br\/noticias\/wp-content\/uploads\/2019\/06\/trezena-20-6-300x300.jpg 300w, https:\/\/franciscanos.org.br\/noticias\/wp-content\/uploads\/2019\/06\/trezena-20-6-400x400.jpg 400w\" sizes=\"(max-width: 300px) 100vw, 300px\" \/><\/a>\n\t\t\t<\/dt><\/dl><dl class='gallery-item'>\n\t\t\t<dt class='gallery-icon landscape'>\n\t\t\t\t<a href='https:\/\/franciscanos.org.br\/noticias\/wp-content\/uploads\/2019\/06\/trezena-21-5.jpg'><img width=\"300\" height=\"300\" src=\"https:\/\/franciscanos.org.br\/noticias\/wp-content\/uploads\/2019\/06\/trezena-21-5-300x300.jpg\" class=\"attachment-thumbnail size-thumbnail\" alt=\"\" loading=\"lazy\" srcset=\"https:\/\/franciscanos.org.br\/noticias\/wp-content\/uploads\/2019\/06\/trezena-21-5-300x300.jpg 300w, https:\/\/franciscanos.org.br\/noticias\/wp-content\/uploads\/2019\/06\/trezena-21-5-400x400.jpg 400w\" sizes=\"(max-width: 300px) 100vw, 300px\" \/><\/a>\n\t\t\t<\/dt><\/dl><br style=\"clear: both\" \/><dl class='gallery-item'>\n\t\t\t<dt class='gallery-icon landscape'>\n\t\t\t\t<a href='https:\/\/franciscanos.org.br\/noticias\/wp-content\/uploads\/2019\/06\/trezena-22-5.jpg'><img width=\"300\" height=\"300\" src=\"https:\/\/franciscanos.org.br\/noticias\/wp-content\/uploads\/2019\/06\/trezena-22-5-300x300.jpg\" class=\"attachment-thumbnail size-thumbnail\" alt=\"\" loading=\"lazy\" srcset=\"https:\/\/franciscanos.org.br\/noticias\/wp-content\/uploads\/2019\/06\/trezena-22-5-300x300.jpg 300w, https:\/\/franciscanos.org.br\/noticias\/wp-content\/uploads\/2019\/06\/trezena-22-5-400x400.jpg 400w\" sizes=\"(max-width: 300px) 100vw, 300px\" \/><\/a>\n\t\t\t<\/dt><\/dl><dl class='gallery-item'>\n\t\t\t<dt class='gallery-icon landscape'>\n\t\t\t\t<a href='https:\/\/franciscanos.org.br\/noticias\/wp-content\/uploads\/2019\/06\/trezena-23-5.jpg'><img width=\"300\" height=\"300\" src=\"https:\/\/franciscanos.org.br\/noticias\/wp-content\/uploads\/2019\/06\/trezena-23-5-300x300.jpg\" class=\"attachment-thumbnail size-thumbnail\" alt=\"\" loading=\"lazy\" srcset=\"https:\/\/franciscanos.org.br\/noticias\/wp-content\/uploads\/2019\/06\/trezena-23-5-300x300.jpg 300w, https:\/\/franciscanos.org.br\/noticias\/wp-content\/uploads\/2019\/06\/trezena-23-5-400x400.jpg 400w\" sizes=\"(max-width: 300px) 100vw, 300px\" \/><\/a>\n\t\t\t<\/dt><\/dl><dl class='gallery-item'>\n\t\t\t<dt class='gallery-icon landscape'>\n\t\t\t\t<a href='https:\/\/franciscanos.org.br\/noticias\/wp-content\/uploads\/2019\/06\/trezena-24-5.jpg'><img width=\"300\" height=\"300\" src=\"https:\/\/franciscanos.org.br\/noticias\/wp-content\/uploads\/2019\/06\/trezena-24-5-300x300.jpg\" class=\"attachment-thumbnail size-thumbnail\" alt=\"\" loading=\"lazy\" srcset=\"https:\/\/franciscanos.org.br\/noticias\/wp-content\/uploads\/2019\/06\/trezena-24-5-300x300.jpg 300w, https:\/\/franciscanos.org.br\/noticias\/wp-content\/uploads\/2019\/06\/trezena-24-5-400x400.jpg 400w\" sizes=\"(max-width: 300px) 100vw, 300px\" \/><\/a>\n\t\t\t<\/dt><\/dl><dl class='gallery-item'>\n\t\t\t<dt class='gallery-icon portrait'>\n\t\t\t\t<a href='https:\/\/franciscanos.org.br\/noticias\/wp-content\/uploads\/2019\/06\/trezena-25-5.jpg'><img width=\"300\" height=\"300\" src=\"https:\/\/franciscanos.org.br\/noticias\/wp-content\/uploads\/2019\/06\/trezena-25-5-300x300.jpg\" class=\"attachment-thumbnail size-thumbnail\" alt=\"\" loading=\"lazy\" srcset=\"https:\/\/franciscanos.org.br\/noticias\/wp-content\/uploads\/2019\/06\/trezena-25-5-300x300.jpg 300w, https:\/\/franciscanos.org.br\/noticias\/wp-content\/uploads\/2019\/06\/trezena-25-5-400x400.jpg 400w\" sizes=\"(max-width: 300px) 100vw, 300px\" \/><\/a>\n\t\t\t<\/dt><\/dl><br style=\"clear: both\" \/>\n\t\t<\/div>\n\n","protected":false},"excerpt":{"rendered":"<p>11\u00ba dia da Trezena de Santo Ant\u00f4nio no Convento do Largo da Carioca<\/p>\n","protected":false},"author":3,"featured_media":205752,"comment_status":"open","ping_status":"open","sticky":false,"template":"","format":"standard","meta":[],"categories":[1],"tags":[389],"acf":[],"yoast_head":"<!-- This site is optimized with the Yoast SEO plugin v19.2 - https:\/\/yoast.com\/wordpress\/plugins\/seo\/ -->\n<title>Ant\u00f4nio e Maria viveram e geraram o Amor - Not\u00edcias - Franciscanos<\/title>\n<meta name=\"robots\" content=\"index, follow, max-snippet:-1, max-image-preview:large, max-video-preview:-1\" \/>\n<link rel=\"canonical\" href=\"https:\/\/franciscanos.org.br\/noticias\/antonio-e-maria-viveram-e-geraram-o-amor.html\" \/>\n<meta property=\"og:locale\" content=\"pt_BR\" \/>\n<meta property=\"og:type\" content=\"article\" \/>\n<meta property=\"og:title\" content=\"Ant\u00f4nio e Maria viveram e geraram o Amor - Not\u00edcias - Franciscanos\" \/>\n<meta property=\"og:description\" content=\"11\u00ba dia da Trezena de Santo Ant\u00f4nio no Convento do Largo da Carioca\" \/>\n<meta property=\"og:url\" content=\"https:\/\/franciscanos.org.br\/noticias\/antonio-e-maria-viveram-e-geraram-o-amor.html\" \/>\n<meta property=\"og:site_name\" content=\"Not\u00edcias - Franciscanos\" \/>\n<meta property=\"article:published_time\" content=\"2019-06-10T17:24:25+00:00\" \/>\n<meta property=\"article:modified_time\" content=\"2019-06-10T17:41:45+00:00\" \/>\n<meta property=\"og:image\" content=\"https:\/\/franciscanos.org.br\/noticias\/wp-content\/uploads\/2019\/06\/trezenaonze_10619d.jpg\" \/>\n\t<meta property=\"og:image:width\" content=\"273\" \/>\n\t<meta property=\"og:image:height\" content=\"181\" \/>\n\t<meta property=\"og:image:type\" content=\"image\/jpeg\" \/>\n<meta name=\"author\" content=\"moacir\" \/>\n<meta name=\"twitter:card\" content=\"summary_large_image\" \/>\n<meta name=\"twitter:label1\" content=\"Escrito por\" \/>\n\t<meta name=\"twitter:data1\" content=\"moacir\" \/>\n\t<meta name=\"twitter:label2\" content=\"Est. tempo de leitura\" \/>\n\t<meta name=\"twitter:data2\" content=\"4 minutos\" \/>\n<script type=\"application\/ld+json\" class=\"yoast-schema-graph\">{\"@context\":\"https:\/\/schema.org\",\"@graph\":[{\"@type\":\"WebSite\",\"@id\":\"https:\/\/franciscanos.org.br\/noticias\/#website\",\"url\":\"https:\/\/franciscanos.org.br\/noticias\/\",\"name\":\"Not\u00edcias - Franciscanos\",\"description\":\"Prov\u00edncia Franciscana da Imaculada Concei\u00e7\u00e3o do Brasil - Ordem dos Frades Menores - OFM\",\"potentialAction\":[{\"@type\":\"SearchAction\",\"target\":{\"@type\":\"EntryPoint\",\"urlTemplate\":\"https:\/\/franciscanos.org.br\/noticias\/?s={search_term_string}\"},\"query-input\":\"required name=search_term_string\"}],\"inLanguage\":\"pt-BR\"},{\"@type\":\"ImageObject\",\"inLanguage\":\"pt-BR\",\"@id\":\"https:\/\/franciscanos.org.br\/noticias\/antonio-e-maria-viveram-e-geraram-o-amor.html#primaryimage\",\"url\":\"https:\/\/franciscanos.org.br\/noticias\/wp-content\/uploads\/2019\/06\/trezenaonze_10619d.jpg\",\"contentUrl\":\"https:\/\/franciscanos.org.br\/noticias\/wp-content\/uploads\/2019\/06\/trezenaonze_10619d.jpg\",\"width\":273,\"height\":181},{\"@type\":\"WebPage\",\"@id\":\"https:\/\/franciscanos.org.br\/noticias\/antonio-e-maria-viveram-e-geraram-o-amor.html#webpage\",\"url\":\"https:\/\/franciscanos.org.br\/noticias\/antonio-e-maria-viveram-e-geraram-o-amor.html\",\"name\":\"Ant\u00f4nio e Maria viveram e geraram o Amor - Not\u00edcias - Franciscanos\",\"isPartOf\":{\"@id\":\"https:\/\/franciscanos.org.br\/noticias\/#website\"},\"primaryImageOfPage\":{\"@id\":\"https:\/\/franciscanos.org.br\/noticias\/antonio-e-maria-viveram-e-geraram-o-amor.html#primaryimage\"},\"datePublished\":\"2019-06-10T17:24:25+00:00\",\"dateModified\":\"2019-06-10T17:41:45+00:00\",\"author\":{\"@id\":\"https:\/\/franciscanos.org.br\/noticias\/#\/schema\/person\/b5c8cba458c330ccff548b056e95a5d4\"},\"breadcrumb\":{\"@id\":\"https:\/\/franciscanos.org.br\/noticias\/antonio-e-maria-viveram-e-geraram-o-amor.html#breadcrumb\"},\"inLanguage\":\"pt-BR\",\"potentialAction\":[{\"@type\":\"ReadAction\",\"target\":[\"https:\/\/franciscanos.org.br\/noticias\/antonio-e-maria-viveram-e-geraram-o-amor.html\"]}]},{\"@type\":\"BreadcrumbList\",\"@id\":\"https:\/\/franciscanos.org.br\/noticias\/antonio-e-maria-viveram-e-geraram-o-amor.html#breadcrumb\",\"itemListElement\":[{\"@type\":\"ListItem\",\"position\":1,\"name\":\"Home\",\"item\":\"https:\/\/franciscanos.org.br\/noticias\"},{\"@type\":\"ListItem\",\"position\":2,\"name\":\"Ant\u00f4nio e Maria viveram e geraram o Amor\"}]},{\"@type\":\"Person\",\"@id\":\"https:\/\/franciscanos.org.br\/noticias\/#\/schema\/person\/b5c8cba458c330ccff548b056e95a5d4\",\"name\":\"moacir\",\"image\":{\"@type\":\"ImageObject\",\"inLanguage\":\"pt-BR\",\"@id\":\"https:\/\/franciscanos.org.br\/noticias\/#\/schema\/person\/image\/\",\"url\":\"https:\/\/secure.gravatar.com\/avatar\/d08aa2ce4c8dd416d4479aa8536fcf64?s=96&d=mm&r=g\",\"contentUrl\":\"https:\/\/secure.gravatar.com\/avatar\/d08aa2ce4c8dd416d4479aa8536fcf64?s=96&d=mm&r=g\",\"caption\":\"moacir\"},\"url\":\"https:\/\/franciscanos.org.br\/noticias\/author\/moacir\"}]}<\/script>\n<!-- \/ Yoast SEO plugin. -->","yoast_head_json":{"title":"Ant\u00f4nio e Maria viveram e geraram o Amor - Not\u00edcias - Franciscanos","robots":{"index":"index","follow":"follow","max-snippet":"max-snippet:-1","max-image-preview":"max-image-preview:large","max-video-preview":"max-video-preview:-1"},"canonical":"https:\/\/franciscanos.org.br\/noticias\/antonio-e-maria-viveram-e-geraram-o-amor.html","og_locale":"pt_BR","og_type":"article","og_title":"Ant\u00f4nio e Maria viveram e geraram o Amor - Not\u00edcias - Franciscanos","og_description":"11\u00ba dia da Trezena de Santo Ant\u00f4nio no Convento do Largo da Carioca","og_url":"https:\/\/franciscanos.org.br\/noticias\/antonio-e-maria-viveram-e-geraram-o-amor.html","og_site_name":"Not\u00edcias - Franciscanos","article_published_time":"2019-06-10T17:24:25+00:00","article_modified_time":"2019-06-10T17:41:45+00:00","og_image":[{"width":273,"height":181,"url":"https:\/\/franciscanos.org.br\/noticias\/wp-content\/uploads\/2019\/06\/trezenaonze_10619d.jpg","type":"image\/jpeg"}],"author":"moacir","twitter_card":"summary_large_image","twitter_misc":{"Escrito por":"moacir","Est. tempo de leitura":"4 minutos"},"schema":{"@context":"https:\/\/schema.org","@graph":[{"@type":"WebSite","@id":"https:\/\/franciscanos.org.br\/noticias\/#website","url":"https:\/\/franciscanos.org.br\/noticias\/","name":"Not\u00edcias - Franciscanos","description":"Prov\u00edncia Franciscana da Imaculada Concei\u00e7\u00e3o do Brasil - Ordem dos Frades Menores - OFM","potentialAction":[{"@type":"SearchAction","target":{"@type":"EntryPoint","urlTemplate":"https:\/\/franciscanos.org.br\/noticias\/?s={search_term_string}"},"query-input":"required name=search_term_string"}],"inLanguage":"pt-BR"},{"@type":"ImageObject","inLanguage":"pt-BR","@id":"https:\/\/franciscanos.org.br\/noticias\/antonio-e-maria-viveram-e-geraram-o-amor.html#primaryimage","url":"https:\/\/franciscanos.org.br\/noticias\/wp-content\/uploads\/2019\/06\/trezenaonze_10619d.jpg","contentUrl":"https:\/\/franciscanos.org.br\/noticias\/wp-content\/uploads\/2019\/06\/trezenaonze_10619d.jpg","width":273,"height":181},{"@type":"WebPage","@id":"https:\/\/franciscanos.org.br\/noticias\/antonio-e-maria-viveram-e-geraram-o-amor.html#webpage","url":"https:\/\/franciscanos.org.br\/noticias\/antonio-e-maria-viveram-e-geraram-o-amor.html","name":"Ant\u00f4nio e Maria viveram e geraram o Amor - Not\u00edcias - Franciscanos","isPartOf":{"@id":"https:\/\/franciscanos.org.br\/noticias\/#website"},"primaryImageOfPage":{"@id":"https:\/\/franciscanos.org.br\/noticias\/antonio-e-maria-viveram-e-geraram-o-amor.html#primaryimage"},"datePublished":"2019-06-10T17:24:25+00:00","dateModified":"2019-06-10T17:41:45+00:00","author":{"@id":"https:\/\/franciscanos.org.br\/noticias\/#\/schema\/person\/b5c8cba458c330ccff548b056e95a5d4"},"breadcrumb":{"@id":"https:\/\/franciscanos.org.br\/noticias\/antonio-e-maria-viveram-e-geraram-o-amor.html#breadcrumb"},"inLanguage":"pt-BR","potentialAction":[{"@type":"ReadAction","target":["https:\/\/franciscanos.org.br\/noticias\/antonio-e-maria-viveram-e-geraram-o-amor.html"]}]},{"@type":"BreadcrumbList","@id":"https:\/\/franciscanos.org.br\/noticias\/antonio-e-maria-viveram-e-geraram-o-amor.html#breadcrumb","itemListElement":[{"@type":"ListItem","position":1,"name":"Home","item":"https:\/\/franciscanos.org.br\/noticias"},{"@type":"ListItem","position":2,"name":"Ant\u00f4nio e Maria viveram e geraram o Amor"}]},{"@type":"Person","@id":"https:\/\/franciscanos.org.br\/noticias\/#\/schema\/person\/b5c8cba458c330ccff548b056e95a5d4","name":"moacir","image":{"@type":"ImageObject","inLanguage":"pt-BR","@id":"https:\/\/franciscanos.org.br\/noticias\/#\/schema\/person\/image\/","url":"https:\/\/secure.gravatar.com\/avatar\/d08aa2ce4c8dd416d4479aa8536fcf64?s=96&d=mm&r=g","contentUrl":"https:\/\/secure.gravatar.com\/avatar\/d08aa2ce4c8dd416d4479aa8536fcf64?s=96&d=mm&r=g","caption":"moacir"},"url":"https:\/\/franciscanos.org.br\/noticias\/author\/moacir"}]}},"_links":{"self":[{"href":"https:\/\/franciscanos.org.br\/noticias\/wp-json\/wp\/v2\/posts\/205726"}],"collection":[{"href":"https:\/\/franciscanos.org.br\/noticias\/wp-json\/wp\/v2\/posts"}],"about":[{"href":"https:\/\/franciscanos.org.br\/noticias\/wp-json\/wp\/v2\/types\/post"}],"author":[{"embeddable":true,"href":"https:\/\/franciscanos.org.br\/noticias\/wp-json\/wp\/v2\/users\/3"}],"replies":[{"embeddable":true,"href":"https:\/\/franciscanos.org.br\/noticias\/wp-json\/wp\/v2\/comments?post=205726"}],"version-history":[{"count":0,"href":"https:\/\/franciscanos.org.br\/noticias\/wp-json\/wp\/v2\/posts\/205726\/revisions"}],"wp:featuredmedia":[{"embeddable":true,"href":"https:\/\/franciscanos.org.br\/noticias\/wp-json\/wp\/v2\/media\/205752"}],"wp:attachment":[{"href":"https:\/\/franciscanos.org.br\/noticias\/wp-json\/wp\/v2\/media?parent=205726"}],"wp:term":[{"taxonomy":"category","embeddable":true,"href":"https:\/\/franciscanos.org.br\/noticias\/wp-json\/wp\/v2\/categories?post=205726"},{"taxonomy":"post_tag","embeddable":true,"href":"https:\/\/franciscanos.org.br\/noticias\/wp-json\/wp\/v2\/tags?post=205726"}],"curies":[{"name":"wp","href":"https:\/\/api.w.org\/{rel}","templated":true}]}}