{"id":205672,"date":"2019-06-09T09:43:35","date_gmt":"2019-06-09T12:43:35","guid":{"rendered":"https:\/\/franciscanos.org.br\/noticias\/?p=205672"},"modified":"2020-08-24T14:37:29","modified_gmt":"2020-08-24T17:37:29","slug":"sem-o-espirito-a-igreja-e-uma-organizacao-a-missao-e-propaganda","status":"publish","type":"post","link":"https:\/\/franciscanos.org.br\/noticias\/sem-o-espirito-a-igreja-e-uma-organizacao-a-missao-e-propaganda.html","title":{"rendered":"Sem o Esp\u00edrito, a Igreja \u00e9 uma organiza\u00e7\u00e3o, a miss\u00e3o \u00e9 propaganda"},"content":{"rendered":"<div id=\"attachment_205673\" style=\"width: 900px\" class=\"wp-caption alignnone\"><img aria-describedby=\"caption-attachment-205673\" loading=\"lazy\" class=\"wp-image-205673 size-full\" src=\"https:\/\/franciscanos.org.br\/noticias\/wp-content\/uploads\/2019\/06\/pentecostes_090619_1.jpg\" alt=\"\" width=\"890\" height=\"593\" srcset=\"https:\/\/franciscanos.org.br\/noticias\/wp-content\/uploads\/2019\/06\/pentecostes_090619_1.jpg 890w, https:\/\/franciscanos.org.br\/noticias\/wp-content\/uploads\/2019\/06\/pentecostes_090619_1-450x300.jpg 450w, https:\/\/franciscanos.org.br\/noticias\/wp-content\/uploads\/2019\/06\/pentecostes_090619_1-768x512.jpg 768w, https:\/\/franciscanos.org.br\/noticias\/wp-content\/uploads\/2019\/06\/pentecostes_090619_1-150x100.jpg 150w\" sizes=\"(max-width: 890px) 100vw, 890px\" \/><p id=\"caption-attachment-205673\" class=\"wp-caption-text\">\u00a0 \u00a0 \u00a0 \u00a0 \u00a0 \u00a0 \u00a0 \u00a0 \u00a0 \u00a0 \u00a0 \u00a0 \u00a0 \u00a0 \u00a0 \u00a0 \u00a0 \u00a0 \u00a0 \u00a0 \u00a0 \u00a0 \u00a0 \u00a0 \u00a0 \u00a0 \u00a0 \u00a0 \u00a0 \u00a0 \u00a0 \u00a0 \u00a0 \u00a0 \u00a0 \u00a0 \u00a0 \u00a0 \u00a0 \u00a0 \u00a0 \u00a0 \u00a0 \u00a0 \u00a0 \u00a0 \u00a0 \u00a0 \u00a0 \u00a0 \u00a0 \u00a0 \u00a0 \u00a0 \u00a0 \u00a0 \u00a0 \u00a0 \u00a0 \u00a0 \u00a0 \u00a0 \u00a0 \u00a0 \u00a0 \u00a0 \u00a0 \u00a0 \u00a0 \u00a0 \u00a0 \u00a0 \u00a0 \u00a0 \u00a0 \u00a0 \u00a0 \u00a0 \u00a0 \u00a0 \u00a0 \u00a0<em> \u00a0 \u00a0 \u00a0 \u00a0 \u00a0Imagem: Vatican Media<\/em><\/p><\/div>\n<p>Na Solenidade de Pentecostes, o Papa Francisco presidiu a Celebra\u00e7\u00e3o Eucar\u00edstica na Pra\u00e7a S\u00e3o Pedro, na presen\u00e7a de milhares de peregrinos. Confira sua homilia na \u00edntegra:<\/p>\n<p>&#8220;O Pentecostes chegou, para os disc\u00edpulos, depois de cinquenta dias incertos. Por um lado, Jesus ressuscitara: cheios de alegria, tinham-No visto, escutado e at\u00e9 comido com Ele. Por outro, ainda n\u00e3o superaram d\u00favidas e temores: estavam com as portas fechadas (cf. Jo 20, 19.26), com perspetivas reduzidas, incapazes de anunciar o Vivente. Depois, chega o Esp\u00edrito Santo e as preocupa\u00e7\u00f5es desaparecem: agora os Ap\u00f3stolos n\u00e3o t\u00eam medo nem sequer \u00e0 vista de quem os prende; antes, preocupados por salvar a sua vida, agora j\u00e1 n\u00e3o t\u00eam medo de morrer; antes, fechados no Cen\u00e1culo, agora levam o an\u00fancio a todas as na\u00e7\u00f5es.<\/p>\n<p>At\u00e9 \u00e0 Ascens\u00e3o de Jesus, aguardavam um Reino de Deus para eles (cf. At 1, 6), agora est\u00e3o ansiosos por alcan\u00e7ar fronteiras desconhecidas. Antes, quase nunca falaram em p\u00fablico e muitas vezes, quando o fizeram, criaram problemas como Pedro que renegou Jesus; agora falam corajosamente a todos. Em resumo, a hist\u00f3ria dos disc\u00edpulos, que parecia ter chegado ao fim, \u00e9 renovada pela juventude do Esp\u00edrito: aqueles jovens, que dominados pela incerteza se sentiam no fim, foram transformados por uma alegria que os fez renascer.<\/p>\n<p>Foi o Esp\u00edrito Santo que fez isto. O Esp\u00edrito n\u00e3o \u00e9, como poderia parecer, uma coisa abstrata; \u00e9 a Pessoa mais concreta, mais pr\u00f3xima, aquela que muda a nossa vida. E como faz? Vejamos os Ap\u00f3stolos. O Esp\u00edrito n\u00e3o lhes tornou as coisas mais f\u00e1ceis, n\u00e3o fez milagres espetaculares, n\u00e3o eliminou problemas nem opositores. Mas o Esp\u00edrito trouxe para a vida dos disc\u00edpulos uma harmonia que faltava: a Sua, porque Ele \u00e9 harmonia.<\/p>\n<p><img loading=\"lazy\" class=\"alignnone size-full wp-image-205674\" src=\"https:\/\/franciscanos.org.br\/noticias\/wp-content\/uploads\/2019\/06\/pentecostes_090619.jpg\" alt=\"\" width=\"890\" height=\"591\" srcset=\"https:\/\/franciscanos.org.br\/noticias\/wp-content\/uploads\/2019\/06\/pentecostes_090619.jpg 890w, https:\/\/franciscanos.org.br\/noticias\/wp-content\/uploads\/2019\/06\/pentecostes_090619-450x299.jpg 450w, https:\/\/franciscanos.org.br\/noticias\/wp-content\/uploads\/2019\/06\/pentecostes_090619-768x510.jpg 768w, https:\/\/franciscanos.org.br\/noticias\/wp-content\/uploads\/2019\/06\/pentecostes_090619-150x100.jpg 150w\" sizes=\"(max-width: 890px) 100vw, 890px\" \/><\/p>\n<p>Harmonia dentro do homem. Era dentro, no cora\u00e7\u00e3o, que os disc\u00edpulos precisavam de ser mudados. A sua hist\u00f3ria diz-nos que a pr\u00f3pria vis\u00e3o do Ressuscitado n\u00e3o basta; \u00e9 preciso acolh\u00ea-Lo no cora\u00e7\u00e3o. De nada aproveita saber que o Ressuscitado est\u00e1 vivo, se n\u00e3o se vive como ressuscitados. E \u00e9 o Esp\u00edrito que faz viver e ressurgir Jesus em n\u00f3s, que nos ressuscita dentro. Por isso Jesus, ao encontrar os Seus, repete: \u00abA paz esteja convosco\u00bb (Jo 20, 19.21) e d\u00e1 o Esp\u00edrito. A paz n\u00e3o consiste em resolver os problemas a partir de fora \u2013 Deus n\u00e3o tira aos Seus tribula\u00e7\u00f5es e persegui\u00e7\u00f5es \u2013, mas em receber o Esp\u00edrito Santo.<\/p>\n<p>Nisto consiste a paz, aquela paz dada aos Ap\u00f3stolos, aquela paz que n\u00e3o livra dos problemas, mas, nos problemas, \u00e9 oferecida a cada um de n\u00f3s. \u00c9 uma paz que torna o cora\u00e7\u00e3o semelhante ao mar profundo: permanece tranquilo, mesmo quando as ondas est\u00e3o revoltas \u00e0 superf\u00edcie. \u00c9 uma harmonia t\u00e3o profunda que pode at\u00e9 transformar as persegui\u00e7\u00f5es em bem-aventuran\u00e7a. Mas, em vez disso, quantas vezes permanecemos \u00e0 superf\u00edcie!<\/p>\n<p>Em vez de procurar o Esp\u00edrito, tentamos flutuar, pensando que tudo ficar\u00e1 bem se certo problema passar, se n\u00e3o virmos mais tal pessoa, se melhorar aquela situa\u00e7\u00e3o. Mas isto \u00e9 permanecer \u00e0 superf\u00edcie: superado um problema, chegar\u00e1 outro; e a ansiedade voltar\u00e1. N\u00e3o \u00e9 afastando-nos de quem pensa diferente de n\u00f3s que ficaremos tranquilos, n\u00e3o \u00e9 resolvendo o problema presente que estaremos em paz. O ponto de mudan\u00e7a \u00e9 a paz de Jesus, \u00e9 a harmonia do Esp\u00edrito.<\/p>\n<p>Com a pressa que o nosso tempo nos imp\u00f5e, parece que a harmonia esteja posta de lado: reclamados por uma infinidade de coisas, arriscamo-nos a explodir, solicitados por um nervosismo cont\u00ednuo que nos faz reagir mal a tudo. E procura-se a solu\u00e7\u00e3o r\u00e1pida: uma pastilha atr\u00e1s doutra para continuar, uma emo\u00e7\u00e3o atr\u00e1s doutra para se sentir vivo, quando na verdade aquilo de que precisamos \u00e9 sobretudo o Esp\u00edrito.<\/p>\n<p>\u00c9 Ele que coloca ordem neste frenesi. \u00c9 paz na ansiedade, confian\u00e7a no des\u00e2nimo, alegria na tristeza, juventude na velhice, coragem na prova. \u00c9 Ele que, no meio das correntes tempestuosas da vida, mant\u00e9m firme a \u00e2ncora da esperan\u00e7a. Como nos diz hoje S\u00e3o Paulo, \u00e9 o Esp\u00edrito que nos impede de recair no medo, fazendo-nos sentir filhos amados (cf. Rm 8, 15). \u00c9 o Consolador, que nos transmite a ternura de Deus. Sem o Esp\u00edrito, a vida crist\u00e3 desfia-se, privada do amor que tudo une.<\/p>\n<p>Sem o Esp\u00edrito, Jesus permanece um personagem do passado; com o Esp\u00edrito, \u00e9 pessoa viva hoje. Sem o Esp\u00edrito, a Escritura \u00e9 letra morta; com o Esp\u00edrito, \u00e9 Palavra de vida. Um cristianismo sem o Esp\u00edrito \u00e9 um moralismo sem alegria; com o Esp\u00edrito, \u00e9 vida.<\/p>\n<p><img loading=\"lazy\" class=\"alignnone size-full wp-image-205675\" src=\"https:\/\/franciscanos.org.br\/noticias\/wp-content\/uploads\/2019\/06\/pentecostes_090619_3.jpg\" alt=\"\" width=\"890\" height=\"593\" srcset=\"https:\/\/franciscanos.org.br\/noticias\/wp-content\/uploads\/2019\/06\/pentecostes_090619_3.jpg 890w, https:\/\/franciscanos.org.br\/noticias\/wp-content\/uploads\/2019\/06\/pentecostes_090619_3-450x300.jpg 450w, https:\/\/franciscanos.org.br\/noticias\/wp-content\/uploads\/2019\/06\/pentecostes_090619_3-768x512.jpg 768w, https:\/\/franciscanos.org.br\/noticias\/wp-content\/uploads\/2019\/06\/pentecostes_090619_3-150x100.jpg 150w\" sizes=\"(max-width: 890px) 100vw, 890px\" \/><\/p>\n<p>O Esp\u00edrito Santo produz harmonia n\u00e3o s\u00f3 dentro, mas tamb\u00e9m fora, entre os homens. Faz-nos Igreja, comp\u00f5e partes distintas num \u00fanico edif\u00edcio harm\u00f3nico. Explica-o bem S\u00e3o Paulo que, ao falar da Igreja, repete muitas vezes a palavra \u00abdiferente\u00bb: \u00abdiferentes carismas, diferentes atividades, diferentes minist\u00e9rios\u00bb (cf. 1 Cor 12, 4-6). Somos diferentes, na variedade das qualidades e dos dons. O Esp\u00edrito distribui-os com criatividade, sem rebaixar nem nivelar. E, a partir desta diversidade, constr\u00f3i a unidade. Assim procede desde a cria\u00e7\u00e3o, porque \u00e9 especialista em transformar o caos em cosmo, em criar harmonia. \u00c9 especialista em criar as diversidades, as riquezas; cada um a sua, diferente. Ele \u00e9 o criador desta diversidade e, ao mesmo tempo, \u00e9 aquele que harmoniza, que d\u00e1 a harmonia e d\u00e1 a diversidade. Somente Ele pode fazer estas duas coisas.<\/p>\n<p>Hoje, no mundo, as desarmonias tornaram-se verdadeiras divis\u00f5es: h\u00e1 quem tenha demais e h\u00e1 quem n\u00e3o tem nada, h\u00e1 quem procure viver cem anos e quem n\u00e3o pode vir \u00e0 luz. Na era dos computadores, permanece-se \u00e0 dist\u00e2ncia: mais &#8220;social&#8221;, mas menos sociais. Precisamos do Esp\u00edrito de unidade, que nos regenere como Igreja, como Povo de Deus e como humanidade inteira. H\u00e1 sempre a tenta\u00e7\u00e3o de construir \u00abninhos\u00bb: reunir-se \u00e0 volta do pr\u00f3prio grupo, das pr\u00f3prias prefer\u00eancias, o semelhante com o semelhante, al\u00e9rgicos a toda a contamina\u00e7\u00e3o.<\/p>\n<p>E do ninho \u00e0 seita, o passo \u00e9 curto, tamb\u00e9m dentro da Igreja. Quantas vezes se define a pr\u00f3pria identidade contra algu\u00e9m ou contra alguma coisa! Pelo contr\u00e1rio, o Esp\u00edrito Santo junta os distantes, une os afastados, reconduz os dispersos. Funde tonalidades diferentes numa \u00fanica harmonia, porque em primeiro lugar v\u00ea o bem, v\u00ea o homem antes dos seus erros, as pessoas antes das suas a\u00e7\u00f5es. O Esp\u00edrito molda a Igreja, molda o mundo como espa\u00e7os de filhos e de irm\u00e3os. Filhos e irm\u00e3os: substantivos que v\u00eam antes de qualquer adjetivo.<\/p>\n<p>Est\u00e1 na moda adjetivar, se n\u00e3o mesmo, infelizmente, insultar. Podemos dizer que vivemos uma cultura do adjetivo que esquece o substantitvo das coisas; e tamb\u00e9m em uma cultura do insulto, que \u00e9 a primeira resposta a uma opini\u00e3o com a qual eu n\u00e3o compartilho. Depois damo-nos conta de que faz mal a quem \u00e9 insultado, mas tamb\u00e9m a quem insulta. Retribuindo o mal com mal, passando de v\u00edtimas a verdugos, n\u00e3o se vive bem. Pelo contr\u00e1rio, quem vive segundo o Esp\u00edrito leva paz onde h\u00e1 disc\u00f3rdia, conc\u00f3rdia onde h\u00e1 conflito. Os homens espirituais retribuem o mal com bem, respondem \u00e0 arrog\u00e2ncia com a mansid\u00e3o, \u00e0 maldade com a bondade, \u00e0 barafunda com o sil\u00eancio, \u00e0s maledic\u00eancias com a ora\u00e7\u00e3o, ao derrotismo com o sorriso.<\/p>\n<p>Para ser espirituais, para saborear a harmonia do Esp\u00edrito, \u00e9 preciso colocar a sua vis\u00e3o \u00e0 frente da nossa. Ent\u00e3o as coisas mudam: com o Esp\u00edrito, a Igreja \u00e9 o Povo santo de Deus, a miss\u00e3o \u00e9 o cont\u00e1gio da alegria, n\u00e3o o proselitismo, os outros s\u00e3o irm\u00e3os e irm\u00e3s amados pelo mesmo Pai. Mas, sem o Esp\u00edrito, a Igreja \u00e9 uma organiza\u00e7\u00e3o, a miss\u00e3o \u00e9 propaganda, a comunh\u00e3o \u00e9 um esfor\u00e7o. E tantas Igrejas fazem a\u00e7\u00f5es program\u00e1ticas neste sentido de planos pastorais, de discuss\u00f5es sobre todas as coisas. Parace ser aquele o caminho a nos unir, mas este n\u00e3o \u00e9 o caminho do Esp\u00edrito, \u00e9 o caminho da divis\u00e3o. A primeira e a derradeira necessidade da Igreja \u00e9 o Esp\u00edrito (cf. S\u00e3o Paulo VI, Catequese na Audi\u00eancia Geral de 29\/XI\/1972). Ele \u00abvem aonde \u00e9 amado, aonde \u00e9 convidado, aonde \u00e9 esperado\u00bb (S\u00e3o Boaventura, Serm\u00e3o para o IV Domingo depois da P\u00e1scoa).<\/p>\n<p>Irm\u00e3os e irm\u00e3s, rezemos-Lhe diariamente. Esp\u00edrito Santo, harmonia de Deus! V\u00f3s que transformais o medo em confian\u00e7a e o fechamento em dom, vinde a n\u00f3s. Dai-nos a alegria da ressurrei\u00e7\u00e3o, a perene juventude do cora\u00e7\u00e3o. Esp\u00edrito Santo, nossa harmonia! V\u00f3s que fazeis de n\u00f3s um s\u00f3 corpo, infundi a vossa paz na Igreja e no mundo. Esp\u00edrito santo, tornai-nos artes\u00e3os de conc\u00f3rdia, semeadores de bem, ap\u00f3stolos de esperan\u00e7a.<\/p>\n","protected":false},"excerpt":{"rendered":"<p>Papa Francisco na Missa de Pentecostes<\/p>\n","protected":false},"author":3,"featured_media":205676,"comment_status":"open","ping_status":"open","sticky":false,"template":"","format":"standard","meta":[],"categories":[1428],"tags":[55],"acf":[],"yoast_head":"<!-- This site is optimized with the Yoast SEO plugin v19.2 - https:\/\/yoast.com\/wordpress\/plugins\/seo\/ -->\n<title>Sem o Esp\u00edrito, a Igreja \u00e9 uma organiza\u00e7\u00e3o, a miss\u00e3o \u00e9 propaganda - Not\u00edcias - Franciscanos<\/title>\n<meta name=\"robots\" content=\"index, follow, max-snippet:-1, max-image-preview:large, max-video-preview:-1\" \/>\n<link rel=\"canonical\" href=\"https:\/\/franciscanos.org.br\/noticias\/sem-o-espirito-a-igreja-e-uma-organizacao-a-missao-e-propaganda.html\" \/>\n<meta property=\"og:locale\" content=\"pt_BR\" \/>\n<meta property=\"og:type\" content=\"article\" \/>\n<meta property=\"og:title\" content=\"Sem o Esp\u00edrito, a Igreja \u00e9 uma organiza\u00e7\u00e3o, a miss\u00e3o \u00e9 propaganda - Not\u00edcias - Franciscanos\" \/>\n<meta property=\"og:description\" content=\"Papa Francisco na Missa de Pentecostes\" \/>\n<meta property=\"og:url\" content=\"https:\/\/franciscanos.org.br\/noticias\/sem-o-espirito-a-igreja-e-uma-organizacao-a-missao-e-propaganda.html\" \/>\n<meta property=\"og:site_name\" content=\"Not\u00edcias - Franciscanos\" \/>\n<meta property=\"article:published_time\" content=\"2019-06-09T12:43:35+00:00\" \/>\n<meta property=\"article:modified_time\" content=\"2020-08-24T17:37:29+00:00\" \/>\n<meta property=\"og:image\" content=\"https:\/\/franciscanos.org.br\/noticias\/wp-content\/uploads\/2019\/06\/pentecostes_090619d.jpg\" \/>\n\t<meta property=\"og:image:width\" content=\"273\" \/>\n\t<meta property=\"og:image:height\" content=\"181\" \/>\n\t<meta property=\"og:image:type\" content=\"image\/jpeg\" \/>\n<meta name=\"author\" content=\"moacir\" \/>\n<meta name=\"twitter:card\" content=\"summary_large_image\" \/>\n<meta name=\"twitter:label1\" content=\"Escrito por\" \/>\n\t<meta name=\"twitter:data1\" content=\"moacir\" \/>\n\t<meta name=\"twitter:label2\" content=\"Est. tempo de leitura\" \/>\n\t<meta name=\"twitter:data2\" content=\"8 minutos\" \/>\n<script type=\"application\/ld+json\" class=\"yoast-schema-graph\">{\"@context\":\"https:\/\/schema.org\",\"@graph\":[{\"@type\":\"WebSite\",\"@id\":\"https:\/\/franciscanos.org.br\/noticias\/#website\",\"url\":\"https:\/\/franciscanos.org.br\/noticias\/\",\"name\":\"Not\u00edcias - Franciscanos\",\"description\":\"Prov\u00edncia Franciscana da Imaculada Concei\u00e7\u00e3o do Brasil - Ordem dos Frades Menores - OFM\",\"potentialAction\":[{\"@type\":\"SearchAction\",\"target\":{\"@type\":\"EntryPoint\",\"urlTemplate\":\"https:\/\/franciscanos.org.br\/noticias\/?s={search_term_string}\"},\"query-input\":\"required name=search_term_string\"}],\"inLanguage\":\"pt-BR\"},{\"@type\":\"ImageObject\",\"inLanguage\":\"pt-BR\",\"@id\":\"https:\/\/franciscanos.org.br\/noticias\/sem-o-espirito-a-igreja-e-uma-organizacao-a-missao-e-propaganda.html#primaryimage\",\"url\":\"https:\/\/franciscanos.org.br\/noticias\/wp-content\/uploads\/2019\/06\/pentecostes_090619d.jpg\",\"contentUrl\":\"https:\/\/franciscanos.org.br\/noticias\/wp-content\/uploads\/2019\/06\/pentecostes_090619d.jpg\",\"width\":273,\"height\":181},{\"@type\":\"WebPage\",\"@id\":\"https:\/\/franciscanos.org.br\/noticias\/sem-o-espirito-a-igreja-e-uma-organizacao-a-missao-e-propaganda.html#webpage\",\"url\":\"https:\/\/franciscanos.org.br\/noticias\/sem-o-espirito-a-igreja-e-uma-organizacao-a-missao-e-propaganda.html\",\"name\":\"Sem o Esp\u00edrito, a Igreja \u00e9 uma organiza\u00e7\u00e3o, a miss\u00e3o \u00e9 propaganda - Not\u00edcias - Franciscanos\",\"isPartOf\":{\"@id\":\"https:\/\/franciscanos.org.br\/noticias\/#website\"},\"primaryImageOfPage\":{\"@id\":\"https:\/\/franciscanos.org.br\/noticias\/sem-o-espirito-a-igreja-e-uma-organizacao-a-missao-e-propaganda.html#primaryimage\"},\"datePublished\":\"2019-06-09T12:43:35+00:00\",\"dateModified\":\"2020-08-24T17:37:29+00:00\",\"author\":{\"@id\":\"https:\/\/franciscanos.org.br\/noticias\/#\/schema\/person\/b5c8cba458c330ccff548b056e95a5d4\"},\"breadcrumb\":{\"@id\":\"https:\/\/franciscanos.org.br\/noticias\/sem-o-espirito-a-igreja-e-uma-organizacao-a-missao-e-propaganda.html#breadcrumb\"},\"inLanguage\":\"pt-BR\",\"potentialAction\":[{\"@type\":\"ReadAction\",\"target\":[\"https:\/\/franciscanos.org.br\/noticias\/sem-o-espirito-a-igreja-e-uma-organizacao-a-missao-e-propaganda.html\"]}]},{\"@type\":\"BreadcrumbList\",\"@id\":\"https:\/\/franciscanos.org.br\/noticias\/sem-o-espirito-a-igreja-e-uma-organizacao-a-missao-e-propaganda.html#breadcrumb\",\"itemListElement\":[{\"@type\":\"ListItem\",\"position\":1,\"name\":\"Home\",\"item\":\"https:\/\/franciscanos.org.br\/noticias\"},{\"@type\":\"ListItem\",\"position\":2,\"name\":\"Sem o Esp\u00edrito, a Igreja \u00e9 uma organiza\u00e7\u00e3o, a miss\u00e3o \u00e9 propaganda\"}]},{\"@type\":\"Person\",\"@id\":\"https:\/\/franciscanos.org.br\/noticias\/#\/schema\/person\/b5c8cba458c330ccff548b056e95a5d4\",\"name\":\"moacir\",\"image\":{\"@type\":\"ImageObject\",\"inLanguage\":\"pt-BR\",\"@id\":\"https:\/\/franciscanos.org.br\/noticias\/#\/schema\/person\/image\/\",\"url\":\"https:\/\/secure.gravatar.com\/avatar\/d08aa2ce4c8dd416d4479aa8536fcf64?s=96&d=mm&r=g\",\"contentUrl\":\"https:\/\/secure.gravatar.com\/avatar\/d08aa2ce4c8dd416d4479aa8536fcf64?s=96&d=mm&r=g\",\"caption\":\"moacir\"},\"url\":\"https:\/\/franciscanos.org.br\/noticias\/author\/moacir\"}]}<\/script>\n<!-- \/ Yoast SEO plugin. -->","yoast_head_json":{"title":"Sem o Esp\u00edrito, a Igreja \u00e9 uma organiza\u00e7\u00e3o, a miss\u00e3o \u00e9 propaganda - Not\u00edcias - Franciscanos","robots":{"index":"index","follow":"follow","max-snippet":"max-snippet:-1","max-image-preview":"max-image-preview:large","max-video-preview":"max-video-preview:-1"},"canonical":"https:\/\/franciscanos.org.br\/noticias\/sem-o-espirito-a-igreja-e-uma-organizacao-a-missao-e-propaganda.html","og_locale":"pt_BR","og_type":"article","og_title":"Sem o Esp\u00edrito, a Igreja \u00e9 uma organiza\u00e7\u00e3o, a miss\u00e3o \u00e9 propaganda - Not\u00edcias - Franciscanos","og_description":"Papa Francisco na Missa de Pentecostes","og_url":"https:\/\/franciscanos.org.br\/noticias\/sem-o-espirito-a-igreja-e-uma-organizacao-a-missao-e-propaganda.html","og_site_name":"Not\u00edcias - Franciscanos","article_published_time":"2019-06-09T12:43:35+00:00","article_modified_time":"2020-08-24T17:37:29+00:00","og_image":[{"width":273,"height":181,"url":"https:\/\/franciscanos.org.br\/noticias\/wp-content\/uploads\/2019\/06\/pentecostes_090619d.jpg","type":"image\/jpeg"}],"author":"moacir","twitter_card":"summary_large_image","twitter_misc":{"Escrito por":"moacir","Est. tempo de leitura":"8 minutos"},"schema":{"@context":"https:\/\/schema.org","@graph":[{"@type":"WebSite","@id":"https:\/\/franciscanos.org.br\/noticias\/#website","url":"https:\/\/franciscanos.org.br\/noticias\/","name":"Not\u00edcias - Franciscanos","description":"Prov\u00edncia Franciscana da Imaculada Concei\u00e7\u00e3o do Brasil - Ordem dos Frades Menores - OFM","potentialAction":[{"@type":"SearchAction","target":{"@type":"EntryPoint","urlTemplate":"https:\/\/franciscanos.org.br\/noticias\/?s={search_term_string}"},"query-input":"required name=search_term_string"}],"inLanguage":"pt-BR"},{"@type":"ImageObject","inLanguage":"pt-BR","@id":"https:\/\/franciscanos.org.br\/noticias\/sem-o-espirito-a-igreja-e-uma-organizacao-a-missao-e-propaganda.html#primaryimage","url":"https:\/\/franciscanos.org.br\/noticias\/wp-content\/uploads\/2019\/06\/pentecostes_090619d.jpg","contentUrl":"https:\/\/franciscanos.org.br\/noticias\/wp-content\/uploads\/2019\/06\/pentecostes_090619d.jpg","width":273,"height":181},{"@type":"WebPage","@id":"https:\/\/franciscanos.org.br\/noticias\/sem-o-espirito-a-igreja-e-uma-organizacao-a-missao-e-propaganda.html#webpage","url":"https:\/\/franciscanos.org.br\/noticias\/sem-o-espirito-a-igreja-e-uma-organizacao-a-missao-e-propaganda.html","name":"Sem o Esp\u00edrito, a Igreja \u00e9 uma organiza\u00e7\u00e3o, a miss\u00e3o \u00e9 propaganda - Not\u00edcias - Franciscanos","isPartOf":{"@id":"https:\/\/franciscanos.org.br\/noticias\/#website"},"primaryImageOfPage":{"@id":"https:\/\/franciscanos.org.br\/noticias\/sem-o-espirito-a-igreja-e-uma-organizacao-a-missao-e-propaganda.html#primaryimage"},"datePublished":"2019-06-09T12:43:35+00:00","dateModified":"2020-08-24T17:37:29+00:00","author":{"@id":"https:\/\/franciscanos.org.br\/noticias\/#\/schema\/person\/b5c8cba458c330ccff548b056e95a5d4"},"breadcrumb":{"@id":"https:\/\/franciscanos.org.br\/noticias\/sem-o-espirito-a-igreja-e-uma-organizacao-a-missao-e-propaganda.html#breadcrumb"},"inLanguage":"pt-BR","potentialAction":[{"@type":"ReadAction","target":["https:\/\/franciscanos.org.br\/noticias\/sem-o-espirito-a-igreja-e-uma-organizacao-a-missao-e-propaganda.html"]}]},{"@type":"BreadcrumbList","@id":"https:\/\/franciscanos.org.br\/noticias\/sem-o-espirito-a-igreja-e-uma-organizacao-a-missao-e-propaganda.html#breadcrumb","itemListElement":[{"@type":"ListItem","position":1,"name":"Home","item":"https:\/\/franciscanos.org.br\/noticias"},{"@type":"ListItem","position":2,"name":"Sem o Esp\u00edrito, a Igreja \u00e9 uma organiza\u00e7\u00e3o, a miss\u00e3o \u00e9 propaganda"}]},{"@type":"Person","@id":"https:\/\/franciscanos.org.br\/noticias\/#\/schema\/person\/b5c8cba458c330ccff548b056e95a5d4","name":"moacir","image":{"@type":"ImageObject","inLanguage":"pt-BR","@id":"https:\/\/franciscanos.org.br\/noticias\/#\/schema\/person\/image\/","url":"https:\/\/secure.gravatar.com\/avatar\/d08aa2ce4c8dd416d4479aa8536fcf64?s=96&d=mm&r=g","contentUrl":"https:\/\/secure.gravatar.com\/avatar\/d08aa2ce4c8dd416d4479aa8536fcf64?s=96&d=mm&r=g","caption":"moacir"},"url":"https:\/\/franciscanos.org.br\/noticias\/author\/moacir"}]}},"_links":{"self":[{"href":"https:\/\/franciscanos.org.br\/noticias\/wp-json\/wp\/v2\/posts\/205672"}],"collection":[{"href":"https:\/\/franciscanos.org.br\/noticias\/wp-json\/wp\/v2\/posts"}],"about":[{"href":"https:\/\/franciscanos.org.br\/noticias\/wp-json\/wp\/v2\/types\/post"}],"author":[{"embeddable":true,"href":"https:\/\/franciscanos.org.br\/noticias\/wp-json\/wp\/v2\/users\/3"}],"replies":[{"embeddable":true,"href":"https:\/\/franciscanos.org.br\/noticias\/wp-json\/wp\/v2\/comments?post=205672"}],"version-history":[{"count":1,"href":"https:\/\/franciscanos.org.br\/noticias\/wp-json\/wp\/v2\/posts\/205672\/revisions"}],"predecessor-version":[{"id":227980,"href":"https:\/\/franciscanos.org.br\/noticias\/wp-json\/wp\/v2\/posts\/205672\/revisions\/227980"}],"wp:featuredmedia":[{"embeddable":true,"href":"https:\/\/franciscanos.org.br\/noticias\/wp-json\/wp\/v2\/media\/205676"}],"wp:attachment":[{"href":"https:\/\/franciscanos.org.br\/noticias\/wp-json\/wp\/v2\/media?parent=205672"}],"wp:term":[{"taxonomy":"category","embeddable":true,"href":"https:\/\/franciscanos.org.br\/noticias\/wp-json\/wp\/v2\/categories?post=205672"},{"taxonomy":"post_tag","embeddable":true,"href":"https:\/\/franciscanos.org.br\/noticias\/wp-json\/wp\/v2\/tags?post=205672"}],"curies":[{"name":"wp","href":"https:\/\/api.w.org\/{rel}","templated":true}]}}