{"id":205575,"date":"2019-06-08T15:00:38","date_gmt":"2019-06-08T18:00:38","guid":{"rendered":"https:\/\/franciscanos.org.br\/noticias\/?p=205575"},"modified":"2021-05-27T19:48:24","modified_gmt":"2021-05-27T22:48:24","slug":"pastor-israel-pede-mais-unidade-crista-durante-a-trezena","status":"publish","type":"post","link":"https:\/\/franciscanos.org.br\/noticias\/pastor-israel-pede-mais-unidade-crista-durante-a-trezena.html","title":{"rendered":"Nono dia marca o encerramento da Semana de Ora\u00e7\u00e3o pela Unidade Crist\u00e3"},"content":{"rendered":"<p><img loading=\"lazy\" class=\"alignright size-full wp-image-232188\" src=\"https:\/\/franciscanos.org.br\/noticias\/wp-content\/uploads\/2019\/06\/trezena_080619_3-1.jpg\" alt=\"\" width=\"890\" height=\"668\" srcset=\"https:\/\/franciscanos.org.br\/noticias\/wp-content\/uploads\/2019\/06\/trezena_080619_3-1.jpg 890w, https:\/\/franciscanos.org.br\/noticias\/wp-content\/uploads\/2019\/06\/trezena_080619_3-1-450x338.jpg 450w, https:\/\/franciscanos.org.br\/noticias\/wp-content\/uploads\/2019\/06\/trezena_080619_3-1-768x576.jpg 768w, https:\/\/franciscanos.org.br\/noticias\/wp-content\/uploads\/2019\/06\/trezena_080619_3-1-150x113.jpg 150w, https:\/\/franciscanos.org.br\/noticias\/wp-content\/uploads\/2019\/06\/trezena_080619_3-1-600x450.jpg 600w\" sizes=\"(max-width: 890px) 100vw, 890px\" \/><\/p>\n<p><strong>Moacir Beggo<\/strong><\/p>\n<p><strong>\u00a0<\/strong><strong>Rio de Janeiro (RJ)<\/strong> &#8211; O nono dia da Trezena de Santo Ant\u00f4nio no Convento do Largo da Carioca marcou o encerramento da Semana de Ora\u00e7\u00e3o pela Unidade Crist\u00e3, neste s\u00e1bado, 8 de junho. Crist\u00e3os e crist\u00e3s de todo o Brasil foram convidados pelo Conselho Nacional de Igrejas Crist\u00e3s (Conic) a celebrar o di\u00e1logo entre igrejas crist\u00e3s, a conviv\u00eancia pac\u00edfica e o respeito pela diversidade.<\/p>\n<p>Frei Od\u00e9cio presidiu a Missa, concelebrada por Frei Neylor.<\/p>\n<p><img loading=\"lazy\" class=\"alignnone size-full wp-image-205579\" src=\"https:\/\/franciscanos.org.br\/noticias\/wp-content\/uploads\/2019\/06\/trezena_080619_2.jpg\" alt=\"\" width=\"890\" height=\"668\" srcset=\"https:\/\/franciscanos.org.br\/noticias\/wp-content\/uploads\/2019\/06\/trezena_080619_2.jpg 890w, https:\/\/franciscanos.org.br\/noticias\/wp-content\/uploads\/2019\/06\/trezena_080619_2-450x338.jpg 450w, https:\/\/franciscanos.org.br\/noticias\/wp-content\/uploads\/2019\/06\/trezena_080619_2-768x576.jpg 768w, https:\/\/franciscanos.org.br\/noticias\/wp-content\/uploads\/2019\/06\/trezena_080619_2-150x113.jpg 150w\" sizes=\"(max-width: 890px) 100vw, 890px\" \/><\/p>\n<p>Para Frei Od\u00e9cio, somos chamados a estar algemados no bem. &#8220;Quando n\u00f3s pensamos em algemas, pensamos em sermos libertados. Percebam que Paulo, em nenhum momento da 1\u00aa leitura falou que queria ser liberto daquelas algemas, porque elas eram algemas do amor: &#8216;Eu n\u00e3o fiz nada de errado contra o meu povo&#8221;, explicou o frade.<\/p>\n<p>&#8220;Cristo tamb\u00e9m, quando realiza a maior a\u00e7\u00e3o de liberta\u00e7\u00e3o est\u00e1 pregado, est\u00e1 algemado, \u00e0 cruz. E assim somos chamados a vivermos essa liga\u00e7\u00e3o indissol\u00favel&#8221;, acrescentou Frei Od\u00e9cio. Para ele, hoje, jogamos fora as algemas do bem, do compromisso, da responsabilidade, da caridade, da obedi\u00eancia. &#8220;Tudo isso n\u00f3s queremos renunciar e abra\u00e7ar as algemas f\u00e1ceis, que s\u00e3o imorais, como na falta de compromisso, do imobilismo, do pecado que nos leva a nada. Cristo \u00e9 tudo, diz S\u00e3o Francisco. O pecado \u00e9 a morte, o nada. Quem est\u00e1 algemado na morte, est\u00e1 no nada. Quem est\u00e1 algemado em Cristo, est\u00e1 ligado para sempre ao Deus da vida&#8221;, completou Frei Od\u00e9cio.<\/p>\n<p>Para fugir desse pecado, Frei Neylor terminou com um pensamento de Santo Ant\u00f4nio: \u201cSer\u00e1s queimado no fogo que tiveres acendido para ti neste mundo. Queres dele escapar? N\u00e3o o acendas; ou, se o acendeste, apaga-o, extingue o inc\u00eandio do pecado\u201d.<\/p>\n<p>Neste domingo, no d\u00e9cimo dia da Trezena, o tema \u00e9 &#8220;Santo Ant\u00f4nio e a Coragem de Viver&#8221;.<\/p>\n","protected":false},"excerpt":{"rendered":"<p>Nono dia da Trezena de Santo Ant\u00f4nio no Largo da Carioca<\/p>\n","protected":false},"author":3,"featured_media":232188,"comment_status":"open","ping_status":"open","sticky":false,"template":"","format":"standard","meta":[],"categories":[1],"tags":[389],"acf":[],"yoast_head":"<!-- This site is optimized with the Yoast SEO plugin v19.2 - https:\/\/yoast.com\/wordpress\/plugins\/seo\/ -->\n<title>Nono dia marca o encerramento da Semana de Ora\u00e7\u00e3o pela Unidade Crist\u00e3 - Not\u00edcias - Franciscanos<\/title>\n<meta name=\"robots\" content=\"index, follow, max-snippet:-1, max-image-preview:large, max-video-preview:-1\" \/>\n<link rel=\"canonical\" href=\"https:\/\/franciscanos.org.br\/noticias\/pastor-israel-pede-mais-unidade-crista-durante-a-trezena.html\" \/>\n<meta property=\"og:locale\" content=\"pt_BR\" \/>\n<meta property=\"og:type\" content=\"article\" \/>\n<meta property=\"og:title\" content=\"Nono dia marca o encerramento da Semana de Ora\u00e7\u00e3o pela Unidade Crist\u00e3 - Not\u00edcias - Franciscanos\" \/>\n<meta property=\"og:description\" content=\"Nono dia da Trezena de Santo Ant\u00f4nio no Largo da Carioca\" \/>\n<meta property=\"og:url\" content=\"https:\/\/franciscanos.org.br\/noticias\/pastor-israel-pede-mais-unidade-crista-durante-a-trezena.html\" \/>\n<meta property=\"og:site_name\" content=\"Not\u00edcias - Franciscanos\" \/>\n<meta property=\"article:published_time\" content=\"2019-06-08T18:00:38+00:00\" \/>\n<meta property=\"article:modified_time\" content=\"2021-05-27T22:48:24+00:00\" \/>\n<meta property=\"og:image\" content=\"https:\/\/franciscanos.org.br\/noticias\/wp-content\/uploads\/2019\/06\/trezena_080619_3-1.jpg\" \/>\n\t<meta property=\"og:image:width\" content=\"890\" \/>\n\t<meta property=\"og:image:height\" content=\"668\" \/>\n\t<meta property=\"og:image:type\" content=\"image\/jpeg\" \/>\n<meta name=\"author\" content=\"moacir\" \/>\n<meta name=\"twitter:card\" content=\"summary_large_image\" \/>\n<meta name=\"twitter:label1\" content=\"Escrito por\" \/>\n\t<meta name=\"twitter:data1\" content=\"moacir\" \/>\n\t<meta name=\"twitter:label2\" content=\"Est. tempo de leitura\" \/>\n\t<meta name=\"twitter:data2\" content=\"2 minutos\" \/>\n<script type=\"application\/ld+json\" class=\"yoast-schema-graph\">{\"@context\":\"https:\/\/schema.org\",\"@graph\":[{\"@type\":\"WebSite\",\"@id\":\"https:\/\/franciscanos.org.br\/noticias\/#website\",\"url\":\"https:\/\/franciscanos.org.br\/noticias\/\",\"name\":\"Not\u00edcias - Franciscanos\",\"description\":\"Prov\u00edncia Franciscana da Imaculada Concei\u00e7\u00e3o do Brasil - Ordem dos Frades Menores - OFM\",\"potentialAction\":[{\"@type\":\"SearchAction\",\"target\":{\"@type\":\"EntryPoint\",\"urlTemplate\":\"https:\/\/franciscanos.org.br\/noticias\/?s={search_term_string}\"},\"query-input\":\"required name=search_term_string\"}],\"inLanguage\":\"pt-BR\"},{\"@type\":\"ImageObject\",\"inLanguage\":\"pt-BR\",\"@id\":\"https:\/\/franciscanos.org.br\/noticias\/pastor-israel-pede-mais-unidade-crista-durante-a-trezena.html#primaryimage\",\"url\":\"https:\/\/franciscanos.org.br\/noticias\/wp-content\/uploads\/2019\/06\/trezena_080619_3-1.jpg\",\"contentUrl\":\"https:\/\/franciscanos.org.br\/noticias\/wp-content\/uploads\/2019\/06\/trezena_080619_3-1.jpg\",\"width\":890,\"height\":668},{\"@type\":\"WebPage\",\"@id\":\"https:\/\/franciscanos.org.br\/noticias\/pastor-israel-pede-mais-unidade-crista-durante-a-trezena.html#webpage\",\"url\":\"https:\/\/franciscanos.org.br\/noticias\/pastor-israel-pede-mais-unidade-crista-durante-a-trezena.html\",\"name\":\"Nono dia marca o encerramento da Semana de Ora\u00e7\u00e3o pela Unidade Crist\u00e3 - Not\u00edcias - Franciscanos\",\"isPartOf\":{\"@id\":\"https:\/\/franciscanos.org.br\/noticias\/#website\"},\"primaryImageOfPage\":{\"@id\":\"https:\/\/franciscanos.org.br\/noticias\/pastor-israel-pede-mais-unidade-crista-durante-a-trezena.html#primaryimage\"},\"datePublished\":\"2019-06-08T18:00:38+00:00\",\"dateModified\":\"2021-05-27T22:48:24+00:00\",\"author\":{\"@id\":\"https:\/\/franciscanos.org.br\/noticias\/#\/schema\/person\/b5c8cba458c330ccff548b056e95a5d4\"},\"breadcrumb\":{\"@id\":\"https:\/\/franciscanos.org.br\/noticias\/pastor-israel-pede-mais-unidade-crista-durante-a-trezena.html#breadcrumb\"},\"inLanguage\":\"pt-BR\",\"potentialAction\":[{\"@type\":\"ReadAction\",\"target\":[\"https:\/\/franciscanos.org.br\/noticias\/pastor-israel-pede-mais-unidade-crista-durante-a-trezena.html\"]}]},{\"@type\":\"BreadcrumbList\",\"@id\":\"https:\/\/franciscanos.org.br\/noticias\/pastor-israel-pede-mais-unidade-crista-durante-a-trezena.html#breadcrumb\",\"itemListElement\":[{\"@type\":\"ListItem\",\"position\":1,\"name\":\"Home\",\"item\":\"https:\/\/franciscanos.org.br\/noticias\"},{\"@type\":\"ListItem\",\"position\":2,\"name\":\"Nono dia marca o encerramento da Semana de Ora\u00e7\u00e3o pela Unidade Crist\u00e3\"}]},{\"@type\":\"Person\",\"@id\":\"https:\/\/franciscanos.org.br\/noticias\/#\/schema\/person\/b5c8cba458c330ccff548b056e95a5d4\",\"name\":\"moacir\",\"image\":{\"@type\":\"ImageObject\",\"inLanguage\":\"pt-BR\",\"@id\":\"https:\/\/franciscanos.org.br\/noticias\/#\/schema\/person\/image\/\",\"url\":\"https:\/\/secure.gravatar.com\/avatar\/d08aa2ce4c8dd416d4479aa8536fcf64?s=96&d=mm&r=g\",\"contentUrl\":\"https:\/\/secure.gravatar.com\/avatar\/d08aa2ce4c8dd416d4479aa8536fcf64?s=96&d=mm&r=g\",\"caption\":\"moacir\"},\"url\":\"https:\/\/franciscanos.org.br\/noticias\/author\/moacir\"}]}<\/script>\n<!-- \/ Yoast SEO plugin. -->","yoast_head_json":{"title":"Nono dia marca o encerramento da Semana de Ora\u00e7\u00e3o pela Unidade Crist\u00e3 - Not\u00edcias - Franciscanos","robots":{"index":"index","follow":"follow","max-snippet":"max-snippet:-1","max-image-preview":"max-image-preview:large","max-video-preview":"max-video-preview:-1"},"canonical":"https:\/\/franciscanos.org.br\/noticias\/pastor-israel-pede-mais-unidade-crista-durante-a-trezena.html","og_locale":"pt_BR","og_type":"article","og_title":"Nono dia marca o encerramento da Semana de Ora\u00e7\u00e3o pela Unidade Crist\u00e3 - Not\u00edcias - Franciscanos","og_description":"Nono dia da Trezena de Santo Ant\u00f4nio no Largo da Carioca","og_url":"https:\/\/franciscanos.org.br\/noticias\/pastor-israel-pede-mais-unidade-crista-durante-a-trezena.html","og_site_name":"Not\u00edcias - Franciscanos","article_published_time":"2019-06-08T18:00:38+00:00","article_modified_time":"2021-05-27T22:48:24+00:00","og_image":[{"width":890,"height":668,"url":"https:\/\/franciscanos.org.br\/noticias\/wp-content\/uploads\/2019\/06\/trezena_080619_3-1.jpg","type":"image\/jpeg"}],"author":"moacir","twitter_card":"summary_large_image","twitter_misc":{"Escrito por":"moacir","Est. tempo de leitura":"2 minutos"},"schema":{"@context":"https:\/\/schema.org","@graph":[{"@type":"WebSite","@id":"https:\/\/franciscanos.org.br\/noticias\/#website","url":"https:\/\/franciscanos.org.br\/noticias\/","name":"Not\u00edcias - Franciscanos","description":"Prov\u00edncia Franciscana da Imaculada Concei\u00e7\u00e3o do Brasil - Ordem dos Frades Menores - OFM","potentialAction":[{"@type":"SearchAction","target":{"@type":"EntryPoint","urlTemplate":"https:\/\/franciscanos.org.br\/noticias\/?s={search_term_string}"},"query-input":"required name=search_term_string"}],"inLanguage":"pt-BR"},{"@type":"ImageObject","inLanguage":"pt-BR","@id":"https:\/\/franciscanos.org.br\/noticias\/pastor-israel-pede-mais-unidade-crista-durante-a-trezena.html#primaryimage","url":"https:\/\/franciscanos.org.br\/noticias\/wp-content\/uploads\/2019\/06\/trezena_080619_3-1.jpg","contentUrl":"https:\/\/franciscanos.org.br\/noticias\/wp-content\/uploads\/2019\/06\/trezena_080619_3-1.jpg","width":890,"height":668},{"@type":"WebPage","@id":"https:\/\/franciscanos.org.br\/noticias\/pastor-israel-pede-mais-unidade-crista-durante-a-trezena.html#webpage","url":"https:\/\/franciscanos.org.br\/noticias\/pastor-israel-pede-mais-unidade-crista-durante-a-trezena.html","name":"Nono dia marca o encerramento da Semana de Ora\u00e7\u00e3o pela Unidade Crist\u00e3 - Not\u00edcias - Franciscanos","isPartOf":{"@id":"https:\/\/franciscanos.org.br\/noticias\/#website"},"primaryImageOfPage":{"@id":"https:\/\/franciscanos.org.br\/noticias\/pastor-israel-pede-mais-unidade-crista-durante-a-trezena.html#primaryimage"},"datePublished":"2019-06-08T18:00:38+00:00","dateModified":"2021-05-27T22:48:24+00:00","author":{"@id":"https:\/\/franciscanos.org.br\/noticias\/#\/schema\/person\/b5c8cba458c330ccff548b056e95a5d4"},"breadcrumb":{"@id":"https:\/\/franciscanos.org.br\/noticias\/pastor-israel-pede-mais-unidade-crista-durante-a-trezena.html#breadcrumb"},"inLanguage":"pt-BR","potentialAction":[{"@type":"ReadAction","target":["https:\/\/franciscanos.org.br\/noticias\/pastor-israel-pede-mais-unidade-crista-durante-a-trezena.html"]}]},{"@type":"BreadcrumbList","@id":"https:\/\/franciscanos.org.br\/noticias\/pastor-israel-pede-mais-unidade-crista-durante-a-trezena.html#breadcrumb","itemListElement":[{"@type":"ListItem","position":1,"name":"Home","item":"https:\/\/franciscanos.org.br\/noticias"},{"@type":"ListItem","position":2,"name":"Nono dia marca o encerramento da Semana de Ora\u00e7\u00e3o pela Unidade Crist\u00e3"}]},{"@type":"Person","@id":"https:\/\/franciscanos.org.br\/noticias\/#\/schema\/person\/b5c8cba458c330ccff548b056e95a5d4","name":"moacir","image":{"@type":"ImageObject","inLanguage":"pt-BR","@id":"https:\/\/franciscanos.org.br\/noticias\/#\/schema\/person\/image\/","url":"https:\/\/secure.gravatar.com\/avatar\/d08aa2ce4c8dd416d4479aa8536fcf64?s=96&d=mm&r=g","contentUrl":"https:\/\/secure.gravatar.com\/avatar\/d08aa2ce4c8dd416d4479aa8536fcf64?s=96&d=mm&r=g","caption":"moacir"},"url":"https:\/\/franciscanos.org.br\/noticias\/author\/moacir"}]}},"_links":{"self":[{"href":"https:\/\/franciscanos.org.br\/noticias\/wp-json\/wp\/v2\/posts\/205575"}],"collection":[{"href":"https:\/\/franciscanos.org.br\/noticias\/wp-json\/wp\/v2\/posts"}],"about":[{"href":"https:\/\/franciscanos.org.br\/noticias\/wp-json\/wp\/v2\/types\/post"}],"author":[{"embeddable":true,"href":"https:\/\/franciscanos.org.br\/noticias\/wp-json\/wp\/v2\/users\/3"}],"replies":[{"embeddable":true,"href":"https:\/\/franciscanos.org.br\/noticias\/wp-json\/wp\/v2\/comments?post=205575"}],"version-history":[{"count":5,"href":"https:\/\/franciscanos.org.br\/noticias\/wp-json\/wp\/v2\/posts\/205575\/revisions"}],"predecessor-version":[{"id":232192,"href":"https:\/\/franciscanos.org.br\/noticias\/wp-json\/wp\/v2\/posts\/205575\/revisions\/232192"}],"wp:featuredmedia":[{"embeddable":true,"href":"https:\/\/franciscanos.org.br\/noticias\/wp-json\/wp\/v2\/media\/232188"}],"wp:attachment":[{"href":"https:\/\/franciscanos.org.br\/noticias\/wp-json\/wp\/v2\/media?parent=205575"}],"wp:term":[{"taxonomy":"category","embeddable":true,"href":"https:\/\/franciscanos.org.br\/noticias\/wp-json\/wp\/v2\/categories?post=205575"},{"taxonomy":"post_tag","embeddable":true,"href":"https:\/\/franciscanos.org.br\/noticias\/wp-json\/wp\/v2\/tags?post=205575"}],"curies":[{"name":"wp","href":"https:\/\/api.w.org\/{rel}","templated":true}]}}