{"id":205533,"date":"2019-06-07T08:22:53","date_gmt":"2019-06-07T11:22:53","guid":{"rendered":"https:\/\/franciscanos.org.br\/noticias\/?p=205533"},"modified":"2020-09-01T10:36:02","modified_gmt":"2020-09-01T13:36:02","slug":"nao-se-pode-trabalhar-pelas-vocacoes-sem-se-cansar","status":"publish","type":"post","link":"https:\/\/franciscanos.org.br\/noticias\/nao-se-pode-trabalhar-pelas-vocacoes-sem-se-cansar.html","title":{"rendered":"N\u00e3o se pode trabalhar pelas voca\u00e7\u00f5es sem se cansar"},"content":{"rendered":"<p><img loading=\"lazy\" class=\"alignnone size-full wp-image-205534\" src=\"https:\/\/franciscanos.org.br\/noticias\/wp-content\/uploads\/2019\/06\/papa_070619.jpg\" alt=\"\" width=\"890\" height=\"501\" srcset=\"https:\/\/franciscanos.org.br\/noticias\/wp-content\/uploads\/2019\/06\/papa_070619.jpg 890w, https:\/\/franciscanos.org.br\/noticias\/wp-content\/uploads\/2019\/06\/papa_070619-450x253.jpg 450w, https:\/\/franciscanos.org.br\/noticias\/wp-content\/uploads\/2019\/06\/papa_070619-768x432.jpg 768w, https:\/\/franciscanos.org.br\/noticias\/wp-content\/uploads\/2019\/06\/papa_070619-150x84.jpg 150w\" sizes=\"(max-width: 890px) 100vw, 890px\" \/><\/p>\n<p>Para ajudar um jovem a descobrir sua voca\u00e7\u00e3o, \u00e9 preciso &#8220;paci\u00eancia e capacidade de escuta&#8221;, um desejo de &#8220;cansar-se&#8221;, sabendo que os jovens de hoje &#8220;sabem tanto sobre contatos, mas n\u00e3o se comunicam&#8221;. Ao acolher na Sala do Consist\u00f3rio os participantes do Congresso dos Centros Nacionais para as Voca\u00e7\u00f5es das Igrejas da Europa, o Papa Francisco decidiu entregar o discurso previsto e expressar alguns conceitos improvisando algumas palavras. Em primeiro lugar, recordou que trabalhar &#8220;pelas voca\u00e7\u00f5es&#8221; n\u00e3o significa &#8220;procurar novos membros para um clube&#8221;: &#8220;O crescimento da Igreja &#8211; assinalou, recordando as palavras de Bento XVI &#8211; \u00e9 por atra\u00e7\u00e3o, n\u00e3o por proselitismo&#8221;.<\/p>\n<p><strong>Uma vida sempre conectada<\/strong><br \/>\nOs jovens, continuou, &#8220;s\u00e3o diferentes uns dos outros, s\u00e3o diferentes em todos os lugares, mas s\u00e3o os mesmos na inquieta\u00e7\u00e3o, na sede de grandeza, no desejo de fazer o bem&#8221;. E para chegarmos ao cora\u00e7\u00e3o deles \u00e9 preciso, antes de mais nada, falar uma l\u00edngua compreens\u00edvel, sem esperar que compreendam &#8220;o esperanto&#8221;.<\/p>\n<p>\u201cComunicar \u00e9 talvez o desafio que devemos ter com os jovens. A comunica\u00e7\u00e3o, a comunh\u00e3o. Ensinar-lhes que a inform\u00e1tica \u00e9 algo bom, sim, ter algum contato, mas n\u00e3o \u00e9 essa a linguagem: \u00e9 uma linguagem &#8220;gasosa&#8221;. A verdadeira linguagem \u00e9 comunicar. Comunicar, falar&#8230; E esta \u00e9 uma obra de filigrana, de fazer &#8220;renda&#8221; como dizem aqui. \u00c9 um trabalho a ser feito passo a passo. Quem trabalha com os jovens, portanto, n\u00e3o deve impor, mas sim &#8220;acompanhar, guiar e ajudar para que o encontro com o Senhor os fa\u00e7a ver qual \u00e9 o caminho da vida&#8221;.<\/p>\n<p><strong>Paci\u00eancia e capacidade de rejuvenescimento<\/strong><br \/>\nO Pont\u00edfice reconhece que &#8220;trabalhar com os jovens requer muita paci\u00eancia&#8221;, &#8220;escuta&#8221; e, n\u00e3o menos importante, a capacidade de &#8220;rejuvenescer-se: isto \u00e9, p\u00f4r-se em movimento, mover-se com eles&#8221;.<\/p>\n<p>\u201cHoje os jovens est\u00e3o em movimento e devemos trabalhar com eles em movimento e tentar ajud\u00e1-los a encontrar sua voca\u00e7\u00e3o em suas vidas. Isso cansa&#8230; \u00c9 preciso se cansar! N\u00e3o se pode trabalhar pelas voca\u00e7\u00f5es sem se cansar.<\/p>\n<p>Neste caminho articulado de partilha, n\u00e3o menos importante \u00e9 a atitude de &#8220;recolher-se em si mesmo&#8221;, para poder dialogar com o Senhor.<\/p>\n<p>\u201cA escolha da voca\u00e7\u00e3o deve vir do di\u00e1logo com o Senhor, qualquer que seja a voca\u00e7\u00e3o. O Senhor inspira-me a avan\u00e7ar na vida desta forma, por este caminho. E isto significa um bom trabalho para voc\u00eas: ajudar o di\u00e1logo. \u00c9 claro que, se n\u00e3o dialogarmos com o Senhor, ser\u00e1 dif\u00edcil ensinar os outros a dialogar sobre este ponto.<\/p>\n<p>O Papa entregou aos presente um texto escrito. Eis a s\u00edntese do seu discurso: Os jovens e a Exorta\u00e7\u00e3o Apost\u00f3lica <em>Christus vivit<\/em> foram tema da audi\u00eancia que o Papa Francisco concedeu na manh\u00e3 de quinta-feira (06\/06) aos respons\u00e1veis pela pastoral vocacional na Europa.<\/p>\n<p>A eles, o Pont\u00edfice indicou tr\u00eas palavras para impulsionar o trabalho no chamado \u201cVelho Continente\u201d: santidade, comunh\u00e3o e voca\u00e7\u00e3o. A vida, recordou o Papa, \u00e9 feita para produzir fruto na caridade e isso diz respeito \u00e0 chamada de santidade que o Senhor faz a todos.<\/p>\n<p>A pastoral, prosseguiu, se faz \u201ccaminhando juntos\u201d, na sinodalidade. E a sinodalidade \u00e9 fruto da comunh\u00e3o. Trata-se, portanto, de viver mais a filialidade e a fraternidade. Mas foi \u00e0 palavra \u201cvoca\u00e7\u00e3o\u201d que Francisco dedicou a maior parte de seu discurso. Esta palavra, afirmou, n\u00e3o caiu em desuso; pelo contr\u00e1rio, foi retomada com \u00eanfase no \u00faltimo S\u00ednodo.<\/p>\n<p><strong>Voca\u00e7\u00f5es apaixonadas<\/strong><br \/>\nAlgumas comunidades escolheram n\u00e3o mais pronunciar a palavra \u201cvoca\u00e7\u00e3o\u201d em suas propostas juvenis com medo de afastar os jovens. \u201cEsta \u00e9 uma estrat\u00e9gia falimentar: excluir do vocabul\u00e1rio de f\u00e9 a palavra \u2018voca\u00e7\u00e3o\u2019 significa mutilar o l\u00e9xico, correndo o risco, mais cedo ou tarde, da incompreens\u00e3o. Ao inv\u00e9s, precisamos de homens e mulheres, leigos e consagrados, apaixonados.\u201d<\/p>\n<p>O Papa reconhece que a palavra \u201cvoca\u00e7\u00e3o\u201d pode assustar os jovens, porque muitas \u00e9 confundida com um projeto que tira a liberdade. \u201cDeus, ao inv\u00e9s, encoraja a liberdade de cada um.\u201d Sem liberdade n\u00e3o h\u00e1 crescimento, a vida fica sufocada e acaba por se tornar infantil.<\/p>\n<p><strong>A voca\u00e7\u00e3o \u00e9 &#8220;para e com&#8221; os outros<\/strong><br \/>\nFrancisco recorda ainda que a voca\u00e7\u00e3o nunca \u00e9 somente \u201cminha\u201d, mas \u00e9 sempre \u201cpara e com os outros\u201d. O Senhor nos chama no interior de uma comunidade e \u00e9 um bem t\u00ea-lo presente porque renova a consci\u00eancia de que na Igreja nada se faz sozinho. \u201cA pastoral vocacional n\u00e3o pode ser tarefa somente de alguns l\u00edderes, mas da comunidade.\u201d<\/p>\n<p>Por fim, o Papa faz um encorajamento: \u201cN\u00e3o tenham medo de aceitar o desafio de anunciar ainda a voca\u00e7\u00e3o \u00e0 vida consagrada e ao minist\u00e9rio ordenado. A Igreja necessita desta voca\u00e7\u00e3o! \u201d<\/p>\n<p>Diante de um contexto em que a vida est\u00e1 fragmentada e, \u00e0s vezes, ferida, inclusive no interior da Igreja, para Francisco acompanhar e formar a voca\u00e7\u00e3o \u00e9 permitir que Cristo atue de forma artesanal. \u201cArraigar-se em Cristo \u00e9 a via mestra para deixar que a sua obra nos recomponha. Ent\u00e3o, coragem! Cristo nos quer vivos!\u201d<\/p>\n","protected":false},"excerpt":{"rendered":"<p>Papa Francisco aos participantes do Congresso dos Centros Nacionais para as Voca\u00e7\u00f5es das Igrejas da Europa<\/p>\n","protected":false},"author":3,"featured_media":205535,"comment_status":"open","ping_status":"open","sticky":false,"template":"","format":"standard","meta":[],"categories":[1428],"tags":[55],"acf":[],"yoast_head":"<!-- This site is optimized with the Yoast SEO plugin v19.2 - https:\/\/yoast.com\/wordpress\/plugins\/seo\/ -->\n<title>N\u00e3o se pode trabalhar pelas voca\u00e7\u00f5es sem se cansar - Not\u00edcias - Franciscanos<\/title>\n<meta name=\"robots\" content=\"index, follow, max-snippet:-1, max-image-preview:large, max-video-preview:-1\" \/>\n<link rel=\"canonical\" href=\"https:\/\/franciscanos.org.br\/noticias\/nao-se-pode-trabalhar-pelas-vocacoes-sem-se-cansar.html\" \/>\n<meta property=\"og:locale\" content=\"pt_BR\" \/>\n<meta property=\"og:type\" content=\"article\" \/>\n<meta property=\"og:title\" content=\"N\u00e3o se pode trabalhar pelas voca\u00e7\u00f5es sem se cansar - Not\u00edcias - Franciscanos\" \/>\n<meta property=\"og:description\" content=\"Papa Francisco aos participantes do Congresso dos Centros Nacionais para as Voca\u00e7\u00f5es das Igrejas da Europa\" \/>\n<meta property=\"og:url\" content=\"https:\/\/franciscanos.org.br\/noticias\/nao-se-pode-trabalhar-pelas-vocacoes-sem-se-cansar.html\" \/>\n<meta property=\"og:site_name\" content=\"Not\u00edcias - Franciscanos\" \/>\n<meta property=\"article:published_time\" content=\"2019-06-07T11:22:53+00:00\" \/>\n<meta property=\"article:modified_time\" content=\"2020-09-01T13:36:02+00:00\" \/>\n<meta property=\"og:image\" content=\"https:\/\/franciscanos.org.br\/noticias\/wp-content\/uploads\/2019\/06\/papa_070619d.jpg\" \/>\n\t<meta property=\"og:image:width\" content=\"273\" \/>\n\t<meta property=\"og:image:height\" content=\"181\" \/>\n\t<meta property=\"og:image:type\" content=\"image\/jpeg\" \/>\n<meta name=\"author\" content=\"moacir\" \/>\n<meta name=\"twitter:card\" content=\"summary_large_image\" \/>\n<meta name=\"twitter:label1\" content=\"Escrito por\" \/>\n\t<meta name=\"twitter:data1\" content=\"moacir\" \/>\n\t<meta name=\"twitter:label2\" content=\"Est. tempo de leitura\" \/>\n\t<meta name=\"twitter:data2\" content=\"4 minutos\" \/>\n<script type=\"application\/ld+json\" class=\"yoast-schema-graph\">{\"@context\":\"https:\/\/schema.org\",\"@graph\":[{\"@type\":\"WebSite\",\"@id\":\"https:\/\/franciscanos.org.br\/noticias\/#website\",\"url\":\"https:\/\/franciscanos.org.br\/noticias\/\",\"name\":\"Not\u00edcias - Franciscanos\",\"description\":\"Prov\u00edncia Franciscana da Imaculada Concei\u00e7\u00e3o do Brasil - Ordem dos Frades Menores - OFM\",\"potentialAction\":[{\"@type\":\"SearchAction\",\"target\":{\"@type\":\"EntryPoint\",\"urlTemplate\":\"https:\/\/franciscanos.org.br\/noticias\/?s={search_term_string}\"},\"query-input\":\"required name=search_term_string\"}],\"inLanguage\":\"pt-BR\"},{\"@type\":\"ImageObject\",\"inLanguage\":\"pt-BR\",\"@id\":\"https:\/\/franciscanos.org.br\/noticias\/nao-se-pode-trabalhar-pelas-vocacoes-sem-se-cansar.html#primaryimage\",\"url\":\"https:\/\/franciscanos.org.br\/noticias\/wp-content\/uploads\/2019\/06\/papa_070619d.jpg\",\"contentUrl\":\"https:\/\/franciscanos.org.br\/noticias\/wp-content\/uploads\/2019\/06\/papa_070619d.jpg\",\"width\":273,\"height\":181},{\"@type\":\"WebPage\",\"@id\":\"https:\/\/franciscanos.org.br\/noticias\/nao-se-pode-trabalhar-pelas-vocacoes-sem-se-cansar.html#webpage\",\"url\":\"https:\/\/franciscanos.org.br\/noticias\/nao-se-pode-trabalhar-pelas-vocacoes-sem-se-cansar.html\",\"name\":\"N\u00e3o se pode trabalhar pelas voca\u00e7\u00f5es sem se cansar - Not\u00edcias - Franciscanos\",\"isPartOf\":{\"@id\":\"https:\/\/franciscanos.org.br\/noticias\/#website\"},\"primaryImageOfPage\":{\"@id\":\"https:\/\/franciscanos.org.br\/noticias\/nao-se-pode-trabalhar-pelas-vocacoes-sem-se-cansar.html#primaryimage\"},\"datePublished\":\"2019-06-07T11:22:53+00:00\",\"dateModified\":\"2020-09-01T13:36:02+00:00\",\"author\":{\"@id\":\"https:\/\/franciscanos.org.br\/noticias\/#\/schema\/person\/b5c8cba458c330ccff548b056e95a5d4\"},\"breadcrumb\":{\"@id\":\"https:\/\/franciscanos.org.br\/noticias\/nao-se-pode-trabalhar-pelas-vocacoes-sem-se-cansar.html#breadcrumb\"},\"inLanguage\":\"pt-BR\",\"potentialAction\":[{\"@type\":\"ReadAction\",\"target\":[\"https:\/\/franciscanos.org.br\/noticias\/nao-se-pode-trabalhar-pelas-vocacoes-sem-se-cansar.html\"]}]},{\"@type\":\"BreadcrumbList\",\"@id\":\"https:\/\/franciscanos.org.br\/noticias\/nao-se-pode-trabalhar-pelas-vocacoes-sem-se-cansar.html#breadcrumb\",\"itemListElement\":[{\"@type\":\"ListItem\",\"position\":1,\"name\":\"Home\",\"item\":\"https:\/\/franciscanos.org.br\/noticias\"},{\"@type\":\"ListItem\",\"position\":2,\"name\":\"N\u00e3o se pode trabalhar pelas voca\u00e7\u00f5es sem se cansar\"}]},{\"@type\":\"Person\",\"@id\":\"https:\/\/franciscanos.org.br\/noticias\/#\/schema\/person\/b5c8cba458c330ccff548b056e95a5d4\",\"name\":\"moacir\",\"image\":{\"@type\":\"ImageObject\",\"inLanguage\":\"pt-BR\",\"@id\":\"https:\/\/franciscanos.org.br\/noticias\/#\/schema\/person\/image\/\",\"url\":\"https:\/\/secure.gravatar.com\/avatar\/d08aa2ce4c8dd416d4479aa8536fcf64?s=96&d=mm&r=g\",\"contentUrl\":\"https:\/\/secure.gravatar.com\/avatar\/d08aa2ce4c8dd416d4479aa8536fcf64?s=96&d=mm&r=g\",\"caption\":\"moacir\"},\"url\":\"https:\/\/franciscanos.org.br\/noticias\/author\/moacir\"}]}<\/script>\n<!-- \/ Yoast SEO plugin. -->","yoast_head_json":{"title":"N\u00e3o se pode trabalhar pelas voca\u00e7\u00f5es sem se cansar - Not\u00edcias - Franciscanos","robots":{"index":"index","follow":"follow","max-snippet":"max-snippet:-1","max-image-preview":"max-image-preview:large","max-video-preview":"max-video-preview:-1"},"canonical":"https:\/\/franciscanos.org.br\/noticias\/nao-se-pode-trabalhar-pelas-vocacoes-sem-se-cansar.html","og_locale":"pt_BR","og_type":"article","og_title":"N\u00e3o se pode trabalhar pelas voca\u00e7\u00f5es sem se cansar - Not\u00edcias - Franciscanos","og_description":"Papa Francisco aos participantes do Congresso dos Centros Nacionais para as Voca\u00e7\u00f5es das Igrejas da Europa","og_url":"https:\/\/franciscanos.org.br\/noticias\/nao-se-pode-trabalhar-pelas-vocacoes-sem-se-cansar.html","og_site_name":"Not\u00edcias - Franciscanos","article_published_time":"2019-06-07T11:22:53+00:00","article_modified_time":"2020-09-01T13:36:02+00:00","og_image":[{"width":273,"height":181,"url":"https:\/\/franciscanos.org.br\/noticias\/wp-content\/uploads\/2019\/06\/papa_070619d.jpg","type":"image\/jpeg"}],"author":"moacir","twitter_card":"summary_large_image","twitter_misc":{"Escrito por":"moacir","Est. tempo de leitura":"4 minutos"},"schema":{"@context":"https:\/\/schema.org","@graph":[{"@type":"WebSite","@id":"https:\/\/franciscanos.org.br\/noticias\/#website","url":"https:\/\/franciscanos.org.br\/noticias\/","name":"Not\u00edcias - Franciscanos","description":"Prov\u00edncia Franciscana da Imaculada Concei\u00e7\u00e3o do Brasil - Ordem dos Frades Menores - OFM","potentialAction":[{"@type":"SearchAction","target":{"@type":"EntryPoint","urlTemplate":"https:\/\/franciscanos.org.br\/noticias\/?s={search_term_string}"},"query-input":"required name=search_term_string"}],"inLanguage":"pt-BR"},{"@type":"ImageObject","inLanguage":"pt-BR","@id":"https:\/\/franciscanos.org.br\/noticias\/nao-se-pode-trabalhar-pelas-vocacoes-sem-se-cansar.html#primaryimage","url":"https:\/\/franciscanos.org.br\/noticias\/wp-content\/uploads\/2019\/06\/papa_070619d.jpg","contentUrl":"https:\/\/franciscanos.org.br\/noticias\/wp-content\/uploads\/2019\/06\/papa_070619d.jpg","width":273,"height":181},{"@type":"WebPage","@id":"https:\/\/franciscanos.org.br\/noticias\/nao-se-pode-trabalhar-pelas-vocacoes-sem-se-cansar.html#webpage","url":"https:\/\/franciscanos.org.br\/noticias\/nao-se-pode-trabalhar-pelas-vocacoes-sem-se-cansar.html","name":"N\u00e3o se pode trabalhar pelas voca\u00e7\u00f5es sem se cansar - Not\u00edcias - Franciscanos","isPartOf":{"@id":"https:\/\/franciscanos.org.br\/noticias\/#website"},"primaryImageOfPage":{"@id":"https:\/\/franciscanos.org.br\/noticias\/nao-se-pode-trabalhar-pelas-vocacoes-sem-se-cansar.html#primaryimage"},"datePublished":"2019-06-07T11:22:53+00:00","dateModified":"2020-09-01T13:36:02+00:00","author":{"@id":"https:\/\/franciscanos.org.br\/noticias\/#\/schema\/person\/b5c8cba458c330ccff548b056e95a5d4"},"breadcrumb":{"@id":"https:\/\/franciscanos.org.br\/noticias\/nao-se-pode-trabalhar-pelas-vocacoes-sem-se-cansar.html#breadcrumb"},"inLanguage":"pt-BR","potentialAction":[{"@type":"ReadAction","target":["https:\/\/franciscanos.org.br\/noticias\/nao-se-pode-trabalhar-pelas-vocacoes-sem-se-cansar.html"]}]},{"@type":"BreadcrumbList","@id":"https:\/\/franciscanos.org.br\/noticias\/nao-se-pode-trabalhar-pelas-vocacoes-sem-se-cansar.html#breadcrumb","itemListElement":[{"@type":"ListItem","position":1,"name":"Home","item":"https:\/\/franciscanos.org.br\/noticias"},{"@type":"ListItem","position":2,"name":"N\u00e3o se pode trabalhar pelas voca\u00e7\u00f5es sem se cansar"}]},{"@type":"Person","@id":"https:\/\/franciscanos.org.br\/noticias\/#\/schema\/person\/b5c8cba458c330ccff548b056e95a5d4","name":"moacir","image":{"@type":"ImageObject","inLanguage":"pt-BR","@id":"https:\/\/franciscanos.org.br\/noticias\/#\/schema\/person\/image\/","url":"https:\/\/secure.gravatar.com\/avatar\/d08aa2ce4c8dd416d4479aa8536fcf64?s=96&d=mm&r=g","contentUrl":"https:\/\/secure.gravatar.com\/avatar\/d08aa2ce4c8dd416d4479aa8536fcf64?s=96&d=mm&r=g","caption":"moacir"},"url":"https:\/\/franciscanos.org.br\/noticias\/author\/moacir"}]}},"_links":{"self":[{"href":"https:\/\/franciscanos.org.br\/noticias\/wp-json\/wp\/v2\/posts\/205533"}],"collection":[{"href":"https:\/\/franciscanos.org.br\/noticias\/wp-json\/wp\/v2\/posts"}],"about":[{"href":"https:\/\/franciscanos.org.br\/noticias\/wp-json\/wp\/v2\/types\/post"}],"author":[{"embeddable":true,"href":"https:\/\/franciscanos.org.br\/noticias\/wp-json\/wp\/v2\/users\/3"}],"replies":[{"embeddable":true,"href":"https:\/\/franciscanos.org.br\/noticias\/wp-json\/wp\/v2\/comments?post=205533"}],"version-history":[{"count":1,"href":"https:\/\/franciscanos.org.br\/noticias\/wp-json\/wp\/v2\/posts\/205533\/revisions"}],"predecessor-version":[{"id":228090,"href":"https:\/\/franciscanos.org.br\/noticias\/wp-json\/wp\/v2\/posts\/205533\/revisions\/228090"}],"wp:featuredmedia":[{"embeddable":true,"href":"https:\/\/franciscanos.org.br\/noticias\/wp-json\/wp\/v2\/media\/205535"}],"wp:attachment":[{"href":"https:\/\/franciscanos.org.br\/noticias\/wp-json\/wp\/v2\/media?parent=205533"}],"wp:term":[{"taxonomy":"category","embeddable":true,"href":"https:\/\/franciscanos.org.br\/noticias\/wp-json\/wp\/v2\/categories?post=205533"},{"taxonomy":"post_tag","embeddable":true,"href":"https:\/\/franciscanos.org.br\/noticias\/wp-json\/wp\/v2\/tags?post=205533"}],"curies":[{"name":"wp","href":"https:\/\/api.w.org\/{rel}","templated":true}]}}