{"id":205486,"date":"2019-06-06T14:53:45","date_gmt":"2019-06-06T17:53:45","guid":{"rendered":"https:\/\/franciscanos.org.br\/noticias\/?p=205486"},"modified":"2019-06-06T16:20:50","modified_gmt":"2019-06-06T19:20:50","slug":"maio-um-mes-intenso-no-pro-vocacoes-e-missoes-franciscanas","status":"publish","type":"post","link":"https:\/\/franciscanos.org.br\/noticias\/maio-um-mes-intenso-no-pro-vocacoes-e-missoes-franciscanas.html","title":{"rendered":"Maio: m\u00eas intenso no Pr\u00f3-Voca\u00e7\u00f5es e Miss\u00f5es Franciscanas"},"content":{"rendered":"<p><img loading=\"lazy\" class=\"alignnone size-full wp-image-205488\" src=\"https:\/\/franciscanos.org.br\/noticias\/wp-content\/uploads\/2019\/06\/campanha_060619.png\" alt=\"\" width=\"980\" height=\"550\" srcset=\"https:\/\/franciscanos.org.br\/noticias\/wp-content\/uploads\/2019\/06\/campanha_060619.png 980w, https:\/\/franciscanos.org.br\/noticias\/wp-content\/uploads\/2019\/06\/campanha_060619-450x253.png 450w, https:\/\/franciscanos.org.br\/noticias\/wp-content\/uploads\/2019\/06\/campanha_060619-768x431.png 768w, https:\/\/franciscanos.org.br\/noticias\/wp-content\/uploads\/2019\/06\/campanha_060619-150x84.png 150w\" sizes=\"(max-width: 980px) 100vw, 980px\" \/><\/p>\n<p><strong>S\u00e3o Paulo (SP) &#8211;<\/strong> O m\u00eas de maio \u00e9 marcado por uma comemora\u00e7\u00e3o muito especial, o dia das m\u00e3es. Tamb\u00e9m tempo de muitas devo\u00e7\u00f5es marianas: ter\u00e7o, ladainhas e no final do m\u00eas, a Coroa\u00e7\u00e3o de Nossa Senhora. Em muitas de nossas fraternidades, foram momentos \u00edmpares de profunda manifesta\u00e7\u00e3o do sagrado na vida das pessoas e das comunidades de f\u00e9.<\/p>\n<p>Para esta frente, dedicada a divulgar o carisma e a espiritualidade de Francisco de Assis e tamb\u00e9m motivar os nossos paroquianos a corresponsabilidade na ajuda na forma\u00e7\u00e3o e miss\u00f5es franciscanas, foram dias de visitas e encontros nas fraternidades, em quatro cidades do estado de Santa Catarina.<\/p>\n<p>A primeira cidade visitada foi <strong>Santo Amaro da Imperatriz<\/strong>. Os frades, como sempre, acolheram-nos muito bem. Foram dias de agrad\u00e1vel conv\u00edvio, partilha e experi\u00eancias junto ao povo daquela linda cidade catarinense. Destacamos as lindas celebra\u00e7\u00f5es pela passagem do dia das m\u00e3es e novenas em prepara\u00e7\u00e3o \u00e0 Festa do Divino. O povo, como sempre, muito atento e generoso ao convite para ser um benfeitor franciscano. Agradecemos a todos os cora\u00e7\u00f5es generosos e na pr\u00f3xima visita queremos passar tamb\u00e9m por algumas comunidades dos bairros e arredores do centro da cidade.<\/p>\n<p>Em seguida, nosso GPS estava programado para visitar a cidade de <strong>Rodeio<\/strong>. Para n\u00f3s, franciscanos, um lugar especial, pois ali recebemos pela primeira vez o h\u00e1bito franciscano. Fomos fraternalmente acolhidos entre os dias 16 e 19 de maio pelos frades da fraternidade do noviciado, pelos novi\u00e7os e pelos frades da Par\u00f3quia S\u00e3o Francisco. Ao povo desta linda cidade catarinense, incrustada ente as montanhas no vale do Itaja\u00ed, nosso fraterno abra\u00e7o.<\/p>\n<p>De l\u00e1, fomos \u00e0 serra catarinense e descemos ao famoso Vale das Gra\u00e7as, a conhecida cidade de <strong>Angelina<\/strong>. Chegamos numa manh\u00e3 chuvosa e fria, mas a acolhida carinhosa e fraterna dos confrades aqueceu o cora\u00e7\u00e3o. Ali permanecemos v\u00e1rios dias para preparar o Encontro Regional de Benfeitores, que foi realizado no dia 26. Muitos agradecimentos aos frades e colaboradores da par\u00f3quia, tamb\u00e9m aos cora\u00e7\u00f5es generosos que se dispuseram a nos ajudar.<\/p>\n<p>Nos \u00faltimos dias de maio e primeiros dias de junho, visitamos a Fraternidade Santo Ant\u00f4nio e o Santu\u00e1rio Nossa Senhora Aparecida, em <strong>Blumenau<\/strong>. Fomos acolhidos pelos frades e pelo povo de Deus que se demostrou muito cort\u00eas e interessado em ajudar na forma\u00e7\u00e3o dos jovens frades franciscanos. Frei Nelson Jos\u00e9 Hillesheim apresentou \u00e0 comunidade os cinco jovens que est\u00e3o se preparando e explicou que do noviciado em diante, a forma\u00e7\u00e3o \u00e9 custeada pela Prov\u00edncia. Ele afirmou que gra\u00e7as \u00e0 generosidade e partilha do povo de Deus, \u00e9 poss\u00edvel oferecer uma boa forma\u00e7\u00e3o aos candidatos \u00e0 vida religiosa franciscana.<\/p>\n<p>\u00c0 fraternidade e aos blumenauenses, catarinenses e gente de toda a federa\u00e7\u00e3o que l\u00e1 residem, o nosso fraterno abra\u00e7o e muito obrigado.<\/p>\n<p>Nossas pr\u00f3ximas visitas est\u00e3o agendadas para o m\u00eas de julho em Lages, Curitibanos, Xaxim e Coronel Freitas e em Vila Velha (ES). Rezemos sempre pelas voca\u00e7\u00f5es e Miss\u00f5es Franciscanas, para que possamos, em fraternidade, crescer na minoridade evang\u00e9lica e no servi\u00e7o ao Reino de Deus.<\/p>\n<p><strong>Frei Alexandre Rohling<\/strong><br \/>\n<strong>Pr\u00f3-Voca\u00e7\u00f5es e Miss\u00f5es Franciscanas<\/strong><\/p>\n<p><strong><a href=\"https:\/\/franciscanos.org.br\/vocacional\/pvf\/\" target=\"_blank\" rel=\"noopener noreferrer\">Seja voc\u00ea tamb\u00e9m um benfeitor franciscano<\/a><\/strong><\/p>\n","protected":false},"excerpt":{"rendered":"<p>Pr\u00f3-Voca\u00e7\u00f5es e Miss\u00f5es Franciscanas<\/p>\n","protected":false},"author":1,"featured_media":205489,"comment_status":"open","ping_status":"open","sticky":false,"template":"","format":"standard","meta":[],"categories":[1],"tags":[254],"acf":[],"yoast_head":"<!-- This site is optimized with the Yoast SEO plugin v19.2 - https:\/\/yoast.com\/wordpress\/plugins\/seo\/ -->\n<title>Maio: m\u00eas intenso no Pr\u00f3-Voca\u00e7\u00f5es e Miss\u00f5es Franciscanas - Not\u00edcias - Franciscanos<\/title>\n<meta name=\"robots\" content=\"index, follow, max-snippet:-1, max-image-preview:large, max-video-preview:-1\" \/>\n<link rel=\"canonical\" href=\"https:\/\/franciscanos.org.br\/noticias\/maio-um-mes-intenso-no-pro-vocacoes-e-missoes-franciscanas.html\" \/>\n<meta property=\"og:locale\" content=\"pt_BR\" \/>\n<meta property=\"og:type\" content=\"article\" \/>\n<meta property=\"og:title\" content=\"Maio: m\u00eas intenso no Pr\u00f3-Voca\u00e7\u00f5es e Miss\u00f5es Franciscanas - Not\u00edcias - Franciscanos\" \/>\n<meta property=\"og:description\" content=\"Pr\u00f3-Voca\u00e7\u00f5es e Miss\u00f5es Franciscanas\" \/>\n<meta property=\"og:url\" content=\"https:\/\/franciscanos.org.br\/noticias\/maio-um-mes-intenso-no-pro-vocacoes-e-missoes-franciscanas.html\" \/>\n<meta property=\"og:site_name\" content=\"Not\u00edcias - Franciscanos\" \/>\n<meta property=\"article:published_time\" content=\"2019-06-06T17:53:45+00:00\" \/>\n<meta property=\"article:modified_time\" content=\"2019-06-06T19:20:50+00:00\" \/>\n<meta property=\"og:image\" content=\"https:\/\/franciscanos.org.br\/noticias\/wp-content\/uploads\/2019\/06\/campanha_060619P.png\" \/>\n\t<meta property=\"og:image:width\" content=\"273\" \/>\n\t<meta property=\"og:image:height\" content=\"181\" \/>\n\t<meta property=\"og:image:type\" content=\"image\/png\" \/>\n<meta name=\"author\" content=\"admin\" \/>\n<meta name=\"twitter:card\" content=\"summary_large_image\" \/>\n<meta name=\"twitter:label1\" content=\"Escrito por\" \/>\n\t<meta name=\"twitter:data1\" content=\"admin\" \/>\n\t<meta name=\"twitter:label2\" content=\"Est. tempo de leitura\" \/>\n\t<meta name=\"twitter:data2\" content=\"3 minutos\" \/>\n<script type=\"application\/ld+json\" class=\"yoast-schema-graph\">{\"@context\":\"https:\/\/schema.org\",\"@graph\":[{\"@type\":\"WebSite\",\"@id\":\"https:\/\/franciscanos.org.br\/noticias\/#website\",\"url\":\"https:\/\/franciscanos.org.br\/noticias\/\",\"name\":\"Not\u00edcias - Franciscanos\",\"description\":\"Prov\u00edncia Franciscana da Imaculada Concei\u00e7\u00e3o do Brasil - Ordem dos Frades Menores - OFM\",\"potentialAction\":[{\"@type\":\"SearchAction\",\"target\":{\"@type\":\"EntryPoint\",\"urlTemplate\":\"https:\/\/franciscanos.org.br\/noticias\/?s={search_term_string}\"},\"query-input\":\"required name=search_term_string\"}],\"inLanguage\":\"pt-BR\"},{\"@type\":\"ImageObject\",\"inLanguage\":\"pt-BR\",\"@id\":\"https:\/\/franciscanos.org.br\/noticias\/maio-um-mes-intenso-no-pro-vocacoes-e-missoes-franciscanas.html#primaryimage\",\"url\":\"https:\/\/franciscanos.org.br\/noticias\/wp-content\/uploads\/2019\/06\/campanha_060619P.png\",\"contentUrl\":\"https:\/\/franciscanos.org.br\/noticias\/wp-content\/uploads\/2019\/06\/campanha_060619P.png\",\"width\":273,\"height\":181},{\"@type\":\"WebPage\",\"@id\":\"https:\/\/franciscanos.org.br\/noticias\/maio-um-mes-intenso-no-pro-vocacoes-e-missoes-franciscanas.html#webpage\",\"url\":\"https:\/\/franciscanos.org.br\/noticias\/maio-um-mes-intenso-no-pro-vocacoes-e-missoes-franciscanas.html\",\"name\":\"Maio: m\u00eas intenso no Pr\u00f3-Voca\u00e7\u00f5es e Miss\u00f5es Franciscanas - Not\u00edcias - Franciscanos\",\"isPartOf\":{\"@id\":\"https:\/\/franciscanos.org.br\/noticias\/#website\"},\"primaryImageOfPage\":{\"@id\":\"https:\/\/franciscanos.org.br\/noticias\/maio-um-mes-intenso-no-pro-vocacoes-e-missoes-franciscanas.html#primaryimage\"},\"datePublished\":\"2019-06-06T17:53:45+00:00\",\"dateModified\":\"2019-06-06T19:20:50+00:00\",\"author\":{\"@id\":\"https:\/\/franciscanos.org.br\/noticias\/#\/schema\/person\/b38fbf43118f02820bd932f2e4b14ad3\"},\"breadcrumb\":{\"@id\":\"https:\/\/franciscanos.org.br\/noticias\/maio-um-mes-intenso-no-pro-vocacoes-e-missoes-franciscanas.html#breadcrumb\"},\"inLanguage\":\"pt-BR\",\"potentialAction\":[{\"@type\":\"ReadAction\",\"target\":[\"https:\/\/franciscanos.org.br\/noticias\/maio-um-mes-intenso-no-pro-vocacoes-e-missoes-franciscanas.html\"]}]},{\"@type\":\"BreadcrumbList\",\"@id\":\"https:\/\/franciscanos.org.br\/noticias\/maio-um-mes-intenso-no-pro-vocacoes-e-missoes-franciscanas.html#breadcrumb\",\"itemListElement\":[{\"@type\":\"ListItem\",\"position\":1,\"name\":\"Home\",\"item\":\"https:\/\/franciscanos.org.br\/noticias\"},{\"@type\":\"ListItem\",\"position\":2,\"name\":\"Maio: m\u00eas intenso no Pr\u00f3-Voca\u00e7\u00f5es e Miss\u00f5es Franciscanas\"}]},{\"@type\":\"Person\",\"@id\":\"https:\/\/franciscanos.org.br\/noticias\/#\/schema\/person\/b38fbf43118f02820bd932f2e4b14ad3\",\"name\":\"admin\",\"image\":{\"@type\":\"ImageObject\",\"inLanguage\":\"pt-BR\",\"@id\":\"https:\/\/franciscanos.org.br\/noticias\/#\/schema\/person\/image\/\",\"url\":\"https:\/\/secure.gravatar.com\/avatar\/e8495742d34d0ba6448ea1c628263b3e?s=96&d=mm&r=g\",\"contentUrl\":\"https:\/\/secure.gravatar.com\/avatar\/e8495742d34d0ba6448ea1c628263b3e?s=96&d=mm&r=g\",\"caption\":\"admin\"},\"url\":\"https:\/\/franciscanos.org.br\/noticias\/author\/admin\"}]}<\/script>\n<!-- \/ Yoast SEO plugin. -->","yoast_head_json":{"title":"Maio: m\u00eas intenso no Pr\u00f3-Voca\u00e7\u00f5es e Miss\u00f5es Franciscanas - Not\u00edcias - Franciscanos","robots":{"index":"index","follow":"follow","max-snippet":"max-snippet:-1","max-image-preview":"max-image-preview:large","max-video-preview":"max-video-preview:-1"},"canonical":"https:\/\/franciscanos.org.br\/noticias\/maio-um-mes-intenso-no-pro-vocacoes-e-missoes-franciscanas.html","og_locale":"pt_BR","og_type":"article","og_title":"Maio: m\u00eas intenso no Pr\u00f3-Voca\u00e7\u00f5es e Miss\u00f5es Franciscanas - Not\u00edcias - Franciscanos","og_description":"Pr\u00f3-Voca\u00e7\u00f5es e Miss\u00f5es Franciscanas","og_url":"https:\/\/franciscanos.org.br\/noticias\/maio-um-mes-intenso-no-pro-vocacoes-e-missoes-franciscanas.html","og_site_name":"Not\u00edcias - Franciscanos","article_published_time":"2019-06-06T17:53:45+00:00","article_modified_time":"2019-06-06T19:20:50+00:00","og_image":[{"width":273,"height":181,"url":"https:\/\/franciscanos.org.br\/noticias\/wp-content\/uploads\/2019\/06\/campanha_060619P.png","type":"image\/png"}],"author":"admin","twitter_card":"summary_large_image","twitter_misc":{"Escrito por":"admin","Est. tempo de leitura":"3 minutos"},"schema":{"@context":"https:\/\/schema.org","@graph":[{"@type":"WebSite","@id":"https:\/\/franciscanos.org.br\/noticias\/#website","url":"https:\/\/franciscanos.org.br\/noticias\/","name":"Not\u00edcias - Franciscanos","description":"Prov\u00edncia Franciscana da Imaculada Concei\u00e7\u00e3o do Brasil - Ordem dos Frades Menores - OFM","potentialAction":[{"@type":"SearchAction","target":{"@type":"EntryPoint","urlTemplate":"https:\/\/franciscanos.org.br\/noticias\/?s={search_term_string}"},"query-input":"required name=search_term_string"}],"inLanguage":"pt-BR"},{"@type":"ImageObject","inLanguage":"pt-BR","@id":"https:\/\/franciscanos.org.br\/noticias\/maio-um-mes-intenso-no-pro-vocacoes-e-missoes-franciscanas.html#primaryimage","url":"https:\/\/franciscanos.org.br\/noticias\/wp-content\/uploads\/2019\/06\/campanha_060619P.png","contentUrl":"https:\/\/franciscanos.org.br\/noticias\/wp-content\/uploads\/2019\/06\/campanha_060619P.png","width":273,"height":181},{"@type":"WebPage","@id":"https:\/\/franciscanos.org.br\/noticias\/maio-um-mes-intenso-no-pro-vocacoes-e-missoes-franciscanas.html#webpage","url":"https:\/\/franciscanos.org.br\/noticias\/maio-um-mes-intenso-no-pro-vocacoes-e-missoes-franciscanas.html","name":"Maio: m\u00eas intenso no Pr\u00f3-Voca\u00e7\u00f5es e Miss\u00f5es Franciscanas - Not\u00edcias - Franciscanos","isPartOf":{"@id":"https:\/\/franciscanos.org.br\/noticias\/#website"},"primaryImageOfPage":{"@id":"https:\/\/franciscanos.org.br\/noticias\/maio-um-mes-intenso-no-pro-vocacoes-e-missoes-franciscanas.html#primaryimage"},"datePublished":"2019-06-06T17:53:45+00:00","dateModified":"2019-06-06T19:20:50+00:00","author":{"@id":"https:\/\/franciscanos.org.br\/noticias\/#\/schema\/person\/b38fbf43118f02820bd932f2e4b14ad3"},"breadcrumb":{"@id":"https:\/\/franciscanos.org.br\/noticias\/maio-um-mes-intenso-no-pro-vocacoes-e-missoes-franciscanas.html#breadcrumb"},"inLanguage":"pt-BR","potentialAction":[{"@type":"ReadAction","target":["https:\/\/franciscanos.org.br\/noticias\/maio-um-mes-intenso-no-pro-vocacoes-e-missoes-franciscanas.html"]}]},{"@type":"BreadcrumbList","@id":"https:\/\/franciscanos.org.br\/noticias\/maio-um-mes-intenso-no-pro-vocacoes-e-missoes-franciscanas.html#breadcrumb","itemListElement":[{"@type":"ListItem","position":1,"name":"Home","item":"https:\/\/franciscanos.org.br\/noticias"},{"@type":"ListItem","position":2,"name":"Maio: m\u00eas intenso no Pr\u00f3-Voca\u00e7\u00f5es e Miss\u00f5es Franciscanas"}]},{"@type":"Person","@id":"https:\/\/franciscanos.org.br\/noticias\/#\/schema\/person\/b38fbf43118f02820bd932f2e4b14ad3","name":"admin","image":{"@type":"ImageObject","inLanguage":"pt-BR","@id":"https:\/\/franciscanos.org.br\/noticias\/#\/schema\/person\/image\/","url":"https:\/\/secure.gravatar.com\/avatar\/e8495742d34d0ba6448ea1c628263b3e?s=96&d=mm&r=g","contentUrl":"https:\/\/secure.gravatar.com\/avatar\/e8495742d34d0ba6448ea1c628263b3e?s=96&d=mm&r=g","caption":"admin"},"url":"https:\/\/franciscanos.org.br\/noticias\/author\/admin"}]}},"_links":{"self":[{"href":"https:\/\/franciscanos.org.br\/noticias\/wp-json\/wp\/v2\/posts\/205486"}],"collection":[{"href":"https:\/\/franciscanos.org.br\/noticias\/wp-json\/wp\/v2\/posts"}],"about":[{"href":"https:\/\/franciscanos.org.br\/noticias\/wp-json\/wp\/v2\/types\/post"}],"author":[{"embeddable":true,"href":"https:\/\/franciscanos.org.br\/noticias\/wp-json\/wp\/v2\/users\/1"}],"replies":[{"embeddable":true,"href":"https:\/\/franciscanos.org.br\/noticias\/wp-json\/wp\/v2\/comments?post=205486"}],"version-history":[{"count":0,"href":"https:\/\/franciscanos.org.br\/noticias\/wp-json\/wp\/v2\/posts\/205486\/revisions"}],"wp:featuredmedia":[{"embeddable":true,"href":"https:\/\/franciscanos.org.br\/noticias\/wp-json\/wp\/v2\/media\/205489"}],"wp:attachment":[{"href":"https:\/\/franciscanos.org.br\/noticias\/wp-json\/wp\/v2\/media?parent=205486"}],"wp:term":[{"taxonomy":"category","embeddable":true,"href":"https:\/\/franciscanos.org.br\/noticias\/wp-json\/wp\/v2\/categories?post=205486"},{"taxonomy":"post_tag","embeddable":true,"href":"https:\/\/franciscanos.org.br\/noticias\/wp-json\/wp\/v2\/tags?post=205486"}],"curies":[{"name":"wp","href":"https:\/\/api.w.org\/{rel}","templated":true}]}}