{"id":205474,"date":"2019-06-06T22:54:54","date_gmt":"2019-06-07T01:54:54","guid":{"rendered":"https:\/\/franciscanos.org.br\/noticias\/?p=205474"},"modified":"2019-06-07T15:38:06","modified_gmt":"2019-06-07T18:38:06","slug":"d-claudio-e-preciso-uma-conversao-ecologica","status":"publish","type":"post","link":"https:\/\/franciscanos.org.br\/noticias\/d-claudio-e-preciso-uma-conversao-ecologica.html","title":{"rendered":"D. Cl\u00e1udio: \u201c\u00c9 preciso uma convers\u00e3o ecol\u00f3gica\u201d"},"content":{"rendered":"<p><strong><img loading=\"lazy\" class=\"alignnone size-full wp-image-205475\" src=\"https:\/\/franciscanos.org.br\/noticias\/wp-content\/uploads\/2019\/06\/sinodo_060619_2.jpg\" alt=\"\" width=\"980\" height=\"550\" srcset=\"https:\/\/franciscanos.org.br\/noticias\/wp-content\/uploads\/2019\/06\/sinodo_060619_2.jpg 980w, https:\/\/franciscanos.org.br\/noticias\/wp-content\/uploads\/2019\/06\/sinodo_060619_2-450x253.jpg 450w, https:\/\/franciscanos.org.br\/noticias\/wp-content\/uploads\/2019\/06\/sinodo_060619_2-768x431.jpg 768w, https:\/\/franciscanos.org.br\/noticias\/wp-content\/uploads\/2019\/06\/sinodo_060619_2-150x84.jpg 150w\" sizes=\"(max-width: 980px) 100vw, 980px\" \/><\/strong><\/p>\n<p><strong>\u00c9rika Augusto<\/strong><\/p>\n<p><strong>S\u00e3o Paulo (SP) \u2013<\/strong> Na noite de quarta-feira (5), o audit\u00f3rio Paulo Autran, localizado nas depend\u00eancias do Col\u00e9gio Marista Arquidiocesano, em S\u00e3o Paulo (SP), recebeu cerca de 50 pessoas, entre religiosos, agentes de pastoral e lideran\u00e7as de Movimentos Sociais do Brasil e do Equador, para uma forma\u00e7\u00e3o promovida pelo V F\u00f3rum da Confer\u00eancia de Aparecida, com o objetivo aprofundar as quest\u00f5es sobre o S\u00ednodo para a Amaz\u00f4nia. O encontro contou com a assessoria de Dom Cl\u00e1udio Hummes, relator geral do S\u00ednodo. Padre Oscar Beozzo, coordenador do Centro Ecum\u00eanico de Servi\u00e7os \u00e0 Evangeliza\u00e7\u00e3o e Educa\u00e7\u00e3o Popular (Ceseep), fez a apresenta\u00e7\u00e3o e a modera\u00e7\u00e3o da forma\u00e7\u00e3o. \u00a0O S\u00ednodo acontece de 6 e 27 de outubro, no Vaticano, com o tema \u201cAmaz\u00f4nia: novos caminho para a Igreja e por uma ecologia integral\u201d.<\/p>\n<p>Dom Cl\u00e1udio, que \u00e9 frade da Prov\u00edncia S\u00e3o Francisco, do Rio Grande do Sul, confessou que sempre teve o desejo ser mission\u00e1rio na Amaz\u00f4nia, mas que por conta das atribui\u00e7\u00f5es que assumiu ao longo da vida religiosa, nunca conseguiu realiz\u00e1-lo. Ap\u00f3s tornar-se arcebispo em\u00e9rito, recebeu da Confer\u00eancia Nacional dos Bispos do Brasil (CNBB) a miss\u00e3o de presidir a Comiss\u00e3o Episcopal para a Amaz\u00f4nia. Por isso, nos \u00faltimos anos, Dom Cl\u00e1udio tem dedicado boa parte de seus esfor\u00e7os para conhecer a realidade eclesial local. Ele tamb\u00e9m \u00e9 presidente da Rede Eclesial Panamaz\u00f4nica (Repam).<\/p>\n<p>Dom Cl\u00e1udio afirmou que, ao assumir a Comiss\u00e3o Episcopal, sentiu a necessidade de conhecer de perto a realidade amaz\u00f4nica. Desde ent\u00e3o, o arcebispo &#8211; que est\u00e1 com 84 anos &#8211; visitou 38 locais, entre dioceses e prelazias, celebrando com o povo, reunindo-se com o clero e as comunidades. Com a cria\u00e7\u00e3o da Repam, em 2014, ele passou a visitar tamb\u00e9m as dioceses dos pa\u00edses vizinhos que comp\u00f5em a Amaz\u00f4nia.<\/p>\n<p><img loading=\"lazy\" class=\"alignnone size-full wp-image-205476\" src=\"https:\/\/franciscanos.org.br\/noticias\/wp-content\/uploads\/2019\/06\/sinodo_060619G.jpg\" alt=\"\" width=\"980\" height=\"550\" srcset=\"https:\/\/franciscanos.org.br\/noticias\/wp-content\/uploads\/2019\/06\/sinodo_060619G.jpg 980w, https:\/\/franciscanos.org.br\/noticias\/wp-content\/uploads\/2019\/06\/sinodo_060619G-450x253.jpg 450w, https:\/\/franciscanos.org.br\/noticias\/wp-content\/uploads\/2019\/06\/sinodo_060619G-768x431.jpg 768w, https:\/\/franciscanos.org.br\/noticias\/wp-content\/uploads\/2019\/06\/sinodo_060619G-150x84.jpg 150w\" sizes=\"(max-width: 980px) 100vw, 980px\" \/><\/p>\n<p>Em sua fala, o cardeal destacou a import\u00e2ncia da Enc\u00edclica <em>Laudato Si\u2019,<\/em> n\u00e3o s\u00f3 para os cat\u00f3licos, para toda a sociedade, sobretudo para os grupos que trabalham a quest\u00e3o ambiental. Ele afirmou que o Papa Francisco passou a interessar-se pela Amaz\u00f4nia ao participar da V Confer\u00eancia Geral do Episcopado Latino-americano e do Caribe (Celam), ocorrida em 2007, em Aparecida (SP), quando ainda era cardeal em Buenos Aires. Foi a partir da fala dos bispos brasileiros que o ent\u00e3o Cardeal Jorge Mario Bergoglio trouxe a causa em seu cora\u00e7\u00e3o. Em 2013, na Jornada Mundial da Juventude do Rio de Janeiro, o Papa Francisco falou aos bispos sobre a import\u00e2ncia da Amaz\u00f4nia para o futuro do planeta. \u201cA Amaz\u00f4nia est\u00e1 num momento decisivo e a Igreja n\u00e3o pode errar\u201d, disse na ocasi\u00e3o.<\/p>\n<p>\u201cO Papa quer relan\u00e7ar a Igreja na Amaz\u00f4nia. Precisamos ser uma Igreja que est\u00e1 perto, n\u00e3o ser uma pastoral de visita, mas uma pastoral de conviv\u00eancia, de presen\u00e7a\u201d, afirmou Hummes. Ele apontou que mais de 70% das comunidades amaz\u00f4nicas n\u00e3o vivem os sacramentos regularmente, como por exemplo, a Eucaristia. Em muitos locais, os fi\u00e9is comungam apenas uma vez no ano. Situa\u00e7\u00f5es como esta fazem com que as comunidades sintam-se marginalizadas da Igreja, isoladas em suas realidades. \u201c\u00c9 nosso dever, n\u00f3s os batizamos e prometemos que ir\u00edamos oferecer a eles todos os meios que a Igreja oferece aos batizados, \u00e9 nossa responsabilidade\u201d, pontuou o cardeal.<\/p>\n<p>Outra quest\u00e3o central para o S\u00ednodo da Amaz\u00f4nia \u00e9 a incultura\u00e7\u00e3o. \u201cComo a Igreja vai se inculturar se n\u00e3o houver clero ind\u00edgena? S\u00f3 teremos verdadeira chance de uma Igreja inculturada se houver ministros ordenados ind\u00edgenas, vivendo sua f\u00e9 dentro de sua cultura e identidade\u201d, afirmou Dom Cl\u00e1udio. No processo de escuta para a elabora\u00e7\u00e3o do instrumento de trabalho que ser\u00e1 utilizado pelos participantes do S\u00ednodo, foram ouvidas 172 comunidades ind\u00edgenas. Ele recordou tamb\u00e9m a visita do Papa Francisco a Puerto Maldonado, em 2018, durante Visita Apost\u00f3lica ao Chile e Peru. Na ocasi\u00e3o, o Papa colocou-se como ouvinte dos povos ind\u00edgenas, afirmando que estes povos s\u00e3o \u201cinterlocutores insubstitu\u00edveis\u201d.<\/p>\n<p><img loading=\"lazy\" class=\"alignnone size-full wp-image-205479\" src=\"https:\/\/franciscanos.org.br\/noticias\/wp-content\/uploads\/2019\/06\/sinodo_060619_3.jpg\" alt=\"\" width=\"980\" height=\"550\" srcset=\"https:\/\/franciscanos.org.br\/noticias\/wp-content\/uploads\/2019\/06\/sinodo_060619_3.jpg 980w, https:\/\/franciscanos.org.br\/noticias\/wp-content\/uploads\/2019\/06\/sinodo_060619_3-450x253.jpg 450w, https:\/\/franciscanos.org.br\/noticias\/wp-content\/uploads\/2019\/06\/sinodo_060619_3-768x431.jpg 768w, https:\/\/franciscanos.org.br\/noticias\/wp-content\/uploads\/2019\/06\/sinodo_060619_3-150x84.jpg 150w\" sizes=\"(max-width: 980px) 100vw, 980px\" \/><\/p>\n<p>Diante da realidade pol\u00edtica atual, com a falta de garantia dos direitos dos ind\u00edgenas e retrocesso nas importantes conquistas relacionadas \u00e0 preserva\u00e7\u00e3o do meio ambiente, Dom Cl\u00e1udio afirmou que a Igreja precisa ser prof\u00e9tica. &#8220;Em primeiro lugar, a Igreja precisa buscar o di\u00e1logo, escutar a outra parte. O di\u00e1logo \u00e9 fundamental, mas se n\u00e3o houver di\u00e1logo, deve-se denunciar. Neste sentido, a Igreja tem que ser prof\u00e9tica, denunciar sem viol\u00eancia e sem raiva, mas dizer o que est\u00e1 acontecendo\u201d, aconselhou.<\/p>\n<p>Ao ser perguntado sobre como a Igreja em geral pode contribuir para o S\u00ednodo, Dom Cl\u00e1udio afirmou que atrav\u00e9s da ora\u00e7\u00e3o e da abertura ao que ser\u00e1 proposto pelo S\u00ednodo, como as a\u00e7\u00f5es necess\u00e1rias para reverter a crise clim\u00e1tica \u2013 que ser\u00e1 um tema crucial trabalhado pelos padres sinodais. \u00c9 preciso mudar a consci\u00eancia na rela\u00e7\u00e3o com o meio ambiente, com o consumo, o descarte do lixo, o uso da \u00e1gua e energia. Dom Cl\u00e1udio citou o exemplo de uma pesquisa feita numa escola do Ensino M\u00e9dio em Manaus, onde 90% dos estudantes afirmaram que a floresta impede o crescimento da cidade. Para ele, \u00e9 preciso uma mudan\u00e7a urgente na forma de pensar e de se relacionar com o meio ambiente, al\u00e9m do investimento financeiro de todos os pa\u00edses na busca de novas formas de energia, a fim de revertermos o cen\u00e1rio atual, que \u00e9 preocupante. \u201cO futuro do planeta \u00e9 n\u00e3o ter futuro?\u201d, questionou o franciscano.<\/p>\n","protected":false},"excerpt":{"rendered":"<p>S\u00ednodo para a Amaz\u00f4nia <\/p>\n","protected":false},"author":1,"featured_media":205477,"comment_status":"open","ping_status":"open","sticky":false,"template":"","format":"standard","meta":[],"categories":[1],"tags":[834],"acf":[],"yoast_head":"<!-- This site is optimized with the Yoast SEO plugin v19.2 - https:\/\/yoast.com\/wordpress\/plugins\/seo\/ -->\n<title>D. Cl\u00e1udio: \u201c\u00c9 preciso uma convers\u00e3o ecol\u00f3gica\u201d - Not\u00edcias - Franciscanos<\/title>\n<meta name=\"robots\" content=\"index, follow, max-snippet:-1, max-image-preview:large, max-video-preview:-1\" \/>\n<link rel=\"canonical\" href=\"https:\/\/franciscanos.org.br\/noticias\/d-claudio-e-preciso-uma-conversao-ecologica.html\" \/>\n<meta property=\"og:locale\" content=\"pt_BR\" \/>\n<meta property=\"og:type\" content=\"article\" \/>\n<meta property=\"og:title\" content=\"D. Cl\u00e1udio: \u201c\u00c9 preciso uma convers\u00e3o ecol\u00f3gica\u201d - Not\u00edcias - Franciscanos\" \/>\n<meta property=\"og:description\" content=\"S\u00ednodo para a Amaz\u00f4nia\" \/>\n<meta property=\"og:url\" content=\"https:\/\/franciscanos.org.br\/noticias\/d-claudio-e-preciso-uma-conversao-ecologica.html\" \/>\n<meta property=\"og:site_name\" content=\"Not\u00edcias - Franciscanos\" \/>\n<meta property=\"article:published_time\" content=\"2019-06-07T01:54:54+00:00\" \/>\n<meta property=\"article:modified_time\" content=\"2019-06-07T18:38:06+00:00\" \/>\n<meta property=\"og:image\" content=\"https:\/\/franciscanos.org.br\/noticias\/wp-content\/uploads\/2019\/06\/sinodo_060619p.jpg\" \/>\n\t<meta property=\"og:image:width\" content=\"273\" \/>\n\t<meta property=\"og:image:height\" content=\"181\" \/>\n\t<meta property=\"og:image:type\" content=\"image\/jpeg\" \/>\n<meta name=\"author\" content=\"admin\" \/>\n<meta name=\"twitter:card\" content=\"summary_large_image\" \/>\n<meta name=\"twitter:label1\" content=\"Escrito por\" \/>\n\t<meta name=\"twitter:data1\" content=\"admin\" \/>\n\t<meta name=\"twitter:label2\" content=\"Est. tempo de leitura\" \/>\n\t<meta name=\"twitter:data2\" content=\"5 minutos\" \/>\n<script type=\"application\/ld+json\" class=\"yoast-schema-graph\">{\"@context\":\"https:\/\/schema.org\",\"@graph\":[{\"@type\":\"WebSite\",\"@id\":\"https:\/\/franciscanos.org.br\/noticias\/#website\",\"url\":\"https:\/\/franciscanos.org.br\/noticias\/\",\"name\":\"Not\u00edcias - Franciscanos\",\"description\":\"Prov\u00edncia Franciscana da Imaculada Concei\u00e7\u00e3o do Brasil - Ordem dos Frades Menores - OFM\",\"potentialAction\":[{\"@type\":\"SearchAction\",\"target\":{\"@type\":\"EntryPoint\",\"urlTemplate\":\"https:\/\/franciscanos.org.br\/noticias\/?s={search_term_string}\"},\"query-input\":\"required name=search_term_string\"}],\"inLanguage\":\"pt-BR\"},{\"@type\":\"ImageObject\",\"inLanguage\":\"pt-BR\",\"@id\":\"https:\/\/franciscanos.org.br\/noticias\/d-claudio-e-preciso-uma-conversao-ecologica.html#primaryimage\",\"url\":\"https:\/\/franciscanos.org.br\/noticias\/wp-content\/uploads\/2019\/06\/sinodo_060619p.jpg\",\"contentUrl\":\"https:\/\/franciscanos.org.br\/noticias\/wp-content\/uploads\/2019\/06\/sinodo_060619p.jpg\",\"width\":273,\"height\":181},{\"@type\":\"WebPage\",\"@id\":\"https:\/\/franciscanos.org.br\/noticias\/d-claudio-e-preciso-uma-conversao-ecologica.html#webpage\",\"url\":\"https:\/\/franciscanos.org.br\/noticias\/d-claudio-e-preciso-uma-conversao-ecologica.html\",\"name\":\"D. Cl\u00e1udio: \u201c\u00c9 preciso uma convers\u00e3o ecol\u00f3gica\u201d - Not\u00edcias - Franciscanos\",\"isPartOf\":{\"@id\":\"https:\/\/franciscanos.org.br\/noticias\/#website\"},\"primaryImageOfPage\":{\"@id\":\"https:\/\/franciscanos.org.br\/noticias\/d-claudio-e-preciso-uma-conversao-ecologica.html#primaryimage\"},\"datePublished\":\"2019-06-07T01:54:54+00:00\",\"dateModified\":\"2019-06-07T18:38:06+00:00\",\"author\":{\"@id\":\"https:\/\/franciscanos.org.br\/noticias\/#\/schema\/person\/b38fbf43118f02820bd932f2e4b14ad3\"},\"breadcrumb\":{\"@id\":\"https:\/\/franciscanos.org.br\/noticias\/d-claudio-e-preciso-uma-conversao-ecologica.html#breadcrumb\"},\"inLanguage\":\"pt-BR\",\"potentialAction\":[{\"@type\":\"ReadAction\",\"target\":[\"https:\/\/franciscanos.org.br\/noticias\/d-claudio-e-preciso-uma-conversao-ecologica.html\"]}]},{\"@type\":\"BreadcrumbList\",\"@id\":\"https:\/\/franciscanos.org.br\/noticias\/d-claudio-e-preciso-uma-conversao-ecologica.html#breadcrumb\",\"itemListElement\":[{\"@type\":\"ListItem\",\"position\":1,\"name\":\"Home\",\"item\":\"https:\/\/franciscanos.org.br\/noticias\"},{\"@type\":\"ListItem\",\"position\":2,\"name\":\"D. Cl\u00e1udio: \u201c\u00c9 preciso uma convers\u00e3o ecol\u00f3gica\u201d\"}]},{\"@type\":\"Person\",\"@id\":\"https:\/\/franciscanos.org.br\/noticias\/#\/schema\/person\/b38fbf43118f02820bd932f2e4b14ad3\",\"name\":\"admin\",\"image\":{\"@type\":\"ImageObject\",\"inLanguage\":\"pt-BR\",\"@id\":\"https:\/\/franciscanos.org.br\/noticias\/#\/schema\/person\/image\/\",\"url\":\"https:\/\/secure.gravatar.com\/avatar\/e8495742d34d0ba6448ea1c628263b3e?s=96&d=mm&r=g\",\"contentUrl\":\"https:\/\/secure.gravatar.com\/avatar\/e8495742d34d0ba6448ea1c628263b3e?s=96&d=mm&r=g\",\"caption\":\"admin\"},\"url\":\"https:\/\/franciscanos.org.br\/noticias\/author\/admin\"}]}<\/script>\n<!-- \/ Yoast SEO plugin. -->","yoast_head_json":{"title":"D. Cl\u00e1udio: \u201c\u00c9 preciso uma convers\u00e3o ecol\u00f3gica\u201d - Not\u00edcias - Franciscanos","robots":{"index":"index","follow":"follow","max-snippet":"max-snippet:-1","max-image-preview":"max-image-preview:large","max-video-preview":"max-video-preview:-1"},"canonical":"https:\/\/franciscanos.org.br\/noticias\/d-claudio-e-preciso-uma-conversao-ecologica.html","og_locale":"pt_BR","og_type":"article","og_title":"D. Cl\u00e1udio: \u201c\u00c9 preciso uma convers\u00e3o ecol\u00f3gica\u201d - Not\u00edcias - Franciscanos","og_description":"S\u00ednodo para a Amaz\u00f4nia","og_url":"https:\/\/franciscanos.org.br\/noticias\/d-claudio-e-preciso-uma-conversao-ecologica.html","og_site_name":"Not\u00edcias - Franciscanos","article_published_time":"2019-06-07T01:54:54+00:00","article_modified_time":"2019-06-07T18:38:06+00:00","og_image":[{"width":273,"height":181,"url":"https:\/\/franciscanos.org.br\/noticias\/wp-content\/uploads\/2019\/06\/sinodo_060619p.jpg","type":"image\/jpeg"}],"author":"admin","twitter_card":"summary_large_image","twitter_misc":{"Escrito por":"admin","Est. tempo de leitura":"5 minutos"},"schema":{"@context":"https:\/\/schema.org","@graph":[{"@type":"WebSite","@id":"https:\/\/franciscanos.org.br\/noticias\/#website","url":"https:\/\/franciscanos.org.br\/noticias\/","name":"Not\u00edcias - Franciscanos","description":"Prov\u00edncia Franciscana da Imaculada Concei\u00e7\u00e3o do Brasil - Ordem dos Frades Menores - OFM","potentialAction":[{"@type":"SearchAction","target":{"@type":"EntryPoint","urlTemplate":"https:\/\/franciscanos.org.br\/noticias\/?s={search_term_string}"},"query-input":"required name=search_term_string"}],"inLanguage":"pt-BR"},{"@type":"ImageObject","inLanguage":"pt-BR","@id":"https:\/\/franciscanos.org.br\/noticias\/d-claudio-e-preciso-uma-conversao-ecologica.html#primaryimage","url":"https:\/\/franciscanos.org.br\/noticias\/wp-content\/uploads\/2019\/06\/sinodo_060619p.jpg","contentUrl":"https:\/\/franciscanos.org.br\/noticias\/wp-content\/uploads\/2019\/06\/sinodo_060619p.jpg","width":273,"height":181},{"@type":"WebPage","@id":"https:\/\/franciscanos.org.br\/noticias\/d-claudio-e-preciso-uma-conversao-ecologica.html#webpage","url":"https:\/\/franciscanos.org.br\/noticias\/d-claudio-e-preciso-uma-conversao-ecologica.html","name":"D. Cl\u00e1udio: \u201c\u00c9 preciso uma convers\u00e3o ecol\u00f3gica\u201d - Not\u00edcias - Franciscanos","isPartOf":{"@id":"https:\/\/franciscanos.org.br\/noticias\/#website"},"primaryImageOfPage":{"@id":"https:\/\/franciscanos.org.br\/noticias\/d-claudio-e-preciso-uma-conversao-ecologica.html#primaryimage"},"datePublished":"2019-06-07T01:54:54+00:00","dateModified":"2019-06-07T18:38:06+00:00","author":{"@id":"https:\/\/franciscanos.org.br\/noticias\/#\/schema\/person\/b38fbf43118f02820bd932f2e4b14ad3"},"breadcrumb":{"@id":"https:\/\/franciscanos.org.br\/noticias\/d-claudio-e-preciso-uma-conversao-ecologica.html#breadcrumb"},"inLanguage":"pt-BR","potentialAction":[{"@type":"ReadAction","target":["https:\/\/franciscanos.org.br\/noticias\/d-claudio-e-preciso-uma-conversao-ecologica.html"]}]},{"@type":"BreadcrumbList","@id":"https:\/\/franciscanos.org.br\/noticias\/d-claudio-e-preciso-uma-conversao-ecologica.html#breadcrumb","itemListElement":[{"@type":"ListItem","position":1,"name":"Home","item":"https:\/\/franciscanos.org.br\/noticias"},{"@type":"ListItem","position":2,"name":"D. Cl\u00e1udio: \u201c\u00c9 preciso uma convers\u00e3o ecol\u00f3gica\u201d"}]},{"@type":"Person","@id":"https:\/\/franciscanos.org.br\/noticias\/#\/schema\/person\/b38fbf43118f02820bd932f2e4b14ad3","name":"admin","image":{"@type":"ImageObject","inLanguage":"pt-BR","@id":"https:\/\/franciscanos.org.br\/noticias\/#\/schema\/person\/image\/","url":"https:\/\/secure.gravatar.com\/avatar\/e8495742d34d0ba6448ea1c628263b3e?s=96&d=mm&r=g","contentUrl":"https:\/\/secure.gravatar.com\/avatar\/e8495742d34d0ba6448ea1c628263b3e?s=96&d=mm&r=g","caption":"admin"},"url":"https:\/\/franciscanos.org.br\/noticias\/author\/admin"}]}},"_links":{"self":[{"href":"https:\/\/franciscanos.org.br\/noticias\/wp-json\/wp\/v2\/posts\/205474"}],"collection":[{"href":"https:\/\/franciscanos.org.br\/noticias\/wp-json\/wp\/v2\/posts"}],"about":[{"href":"https:\/\/franciscanos.org.br\/noticias\/wp-json\/wp\/v2\/types\/post"}],"author":[{"embeddable":true,"href":"https:\/\/franciscanos.org.br\/noticias\/wp-json\/wp\/v2\/users\/1"}],"replies":[{"embeddable":true,"href":"https:\/\/franciscanos.org.br\/noticias\/wp-json\/wp\/v2\/comments?post=205474"}],"version-history":[{"count":0,"href":"https:\/\/franciscanos.org.br\/noticias\/wp-json\/wp\/v2\/posts\/205474\/revisions"}],"wp:featuredmedia":[{"embeddable":true,"href":"https:\/\/franciscanos.org.br\/noticias\/wp-json\/wp\/v2\/media\/205477"}],"wp:attachment":[{"href":"https:\/\/franciscanos.org.br\/noticias\/wp-json\/wp\/v2\/media?parent=205474"}],"wp:term":[{"taxonomy":"category","embeddable":true,"href":"https:\/\/franciscanos.org.br\/noticias\/wp-json\/wp\/v2\/categories?post=205474"},{"taxonomy":"post_tag","embeddable":true,"href":"https:\/\/franciscanos.org.br\/noticias\/wp-json\/wp\/v2\/tags?post=205474"}],"curies":[{"name":"wp","href":"https:\/\/api.w.org\/{rel}","templated":true}]}}