{"id":205435,"date":"2019-06-04T20:58:27","date_gmt":"2019-06-04T23:58:27","guid":{"rendered":"https:\/\/franciscanos.org.br\/noticias\/?p=205435"},"modified":"2019-06-04T20:58:57","modified_gmt":"2019-06-04T23:58:57","slug":"papa-aos-juizes-nao-existe-democracia-com-fome","status":"publish","type":"post","link":"https:\/\/franciscanos.org.br\/noticias\/papa-aos-juizes-nao-existe-democracia-com-fome.html","title":{"rendered":"Papa aos ju\u00edzes: \u201cN\u00e3o existe democracia com fome&#8221;"},"content":{"rendered":"<p><img loading=\"lazy\" class=\"alignnone size-full wp-image-205436\" src=\"https:\/\/franciscanos.org.br\/noticias\/wp-content\/uploads\/2019\/06\/papa_040619.jpg\" alt=\"\" width=\"890\" height=\"501\" srcset=\"https:\/\/franciscanos.org.br\/noticias\/wp-content\/uploads\/2019\/06\/papa_040619.jpg 890w, https:\/\/franciscanos.org.br\/noticias\/wp-content\/uploads\/2019\/06\/papa_040619-450x253.jpg 450w, https:\/\/franciscanos.org.br\/noticias\/wp-content\/uploads\/2019\/06\/papa_040619-768x432.jpg 768w, https:\/\/franciscanos.org.br\/noticias\/wp-content\/uploads\/2019\/06\/papa_040619-150x84.jpg 150w\" sizes=\"(max-width: 890px) 100vw, 890px\" \/><\/p>\n<p><strong>Cidade do Vaticano<\/strong> &#8211; \u201cNos cabe viver uma etapa hist\u00f3rica de transforma\u00e7\u00f5es em que se coloca em jogo a alma de nossos povos\u201d: este \u00e9 um trecho do amplo discurso que o Papa Francisco dirigiu a ju\u00edzes, advogados, assessores e defensores que participaram no Vaticano de um encontro sobre \u201cDireitos Sociais e Doutrina Franciscana\u201d.<\/p>\n<p>Na tarde desta ter\u00e7a-feira, o Pont\u00edfice foi at\u00e9 a sede da Pontif\u00edcia Academia das Ci\u00eancias Sociais, na Casina Pio IV (nos Jardins Vaticanos), para encerrar o evento que reuniu especialistas pan-americanos nos dias 3 e 4 de junho.<\/p>\n<p><strong>Lideran\u00e7as valentes<\/strong><br \/>\nNesta etapa hist\u00f3rica de transforma\u00e7\u00f5es, o Papa falou da import\u00e2ncia de lideran\u00e7as \u201cvalentes\u201d capazes de abrir caminhos \u00e0s gera\u00e7\u00f5es atuais, e tamb\u00e9m futuras, criando condi\u00e7\u00f5es para superar as din\u00e2micas de exclus\u00e3o e segrega\u00e7\u00e3o, de modo que a injusti\u00e7a n\u00e3o tenha a \u00faltima palavra.<\/p>\n<p>Francisco manifestou a sua preocupa\u00e7\u00e3o com alguns \u201cdoutrin\u00e1rios\u201d, que consideram os direitos sociais como algo antigo e, deste modo, confirmam pol\u00edticas econ\u00f4micas e sociais que levam \u00e0 aceita\u00e7\u00e3o e justifica\u00e7\u00e3o da desigualdade e da indignidade. Desta forma, cria-se uma \u201cinjusti\u00e7a social naturalizada\u201d.<\/p>\n<p>\u201cA injusti\u00e7a e a falta de oportunidades tang\u00edveis e concretas \u00e9 tamb\u00e9m uma forma de gerar viol\u00eancia: silenciosa, mas viol\u00eancia\u201d.<\/p>\n<p>Para o Papa, um sistema pol\u00edtico-econ\u00f4mico precisa garantir que a democracia n\u00e3o seja somente nominal, mas seja marcada por a\u00e7\u00f5es concretas que velem pela dignidade de todos os seus habitantes. Isso exige esfor\u00e7os por parte das autoridades para reduzir a dist\u00e2ncia entre o reconhecimento jur\u00eddico e a pr\u00e1tica do mesmo. \u201cN\u00e3o existe democracia com fome, desenvolvimento com pobreza nem justi\u00e7a com iniquidade.\u201d<\/p>\n<p>A igualdade perante a lei, advertiu Francisco, n\u00e3o pode degenerar em propens\u00e3o \u00e0 injusti\u00e7a. \u201cNum mundo de transforma\u00e7\u00e3o e fragmenta\u00e7\u00e3o, os direitos sociais n\u00e3o podem ser somente exortativos ou apelativos nominais, mas farol e b\u00fassola para o caminho.\u201d<\/p>\n<p>O Papa recordou ainda que os setores populares n\u00e3o s\u00e3o um problema, mas parte ativa dos rostos de nossas comunidades e na\u00e7\u00f5es, e t\u00eam todo o direito de participar na busca e constru\u00e7\u00e3o de solu\u00e7\u00f5es inclusivas.<\/p>\n<p><strong>Forma\u00e7\u00e3o em contato com a realidade<\/strong><br \/>\nPor isso, \u00e9 importante estimular que desde o in\u00edcio de sua forma\u00e7\u00e3o, os advogados possam faz\u00ea-la em contato com as realidades que um dia servir\u00e3o, conhecendo-as em primeira m\u00e3o e compreendendo as injusti\u00e7as contra as quais um dia ter\u00e3o que combater.<\/p>\n<p>O Pont\u00edfice declarou-se preocupado com uma nova forma de interven\u00e7\u00e3o ex\u00f3gena nos cen\u00e1rios pol\u00edticos dos pa\u00edses atrav\u00e9s do uso indevido de procedimentos legais e tipifica\u00e7\u00f5es judiciais, pr\u00e1tica conhecida como \u201clawfare\u201d, e com o isolamento dos ju\u00edzes. Por isso, aprova uma das finalidades do encontro no Vaticano, que \u00e9 criar um Comit\u00ea Permanente Pan-americano de Ju\u00edzes e Ju\u00edzas pelos Direitos Sociais.<\/p>\n<p><strong>Francisco ent\u00e3o concluiu:<\/strong><\/p>\n<p>\u201cEstimados magistrados: voc\u00eas t\u00eam um papel essencial, s\u00e3o tamb\u00e9m poetas sociais quando n\u00e3o t\u00eam medo de ser \u2018protagonistas na transforma\u00e7\u00e3o do sistema judicial baseado no valor, na justi\u00e7a e na primazia da dignidade da pessoa humana\u2019 sobre qualquer outro tipo de interesse ou justifica\u00e7\u00e3o. \u201d<\/p>\n<p>O Papa Francisco desperta em qualquer pessoa o melhor de humanidade que a gente possa ter: palavras da Dra. Kenarik Boujikian Felippe, rec\u00e9m-aposentada do Tribunal de Justi\u00e7a de S\u00e3o Paulo do cargo de desembargadora da Corte.<\/p>\n<hr \/>\n<p><strong>Despertar a humanidade em n\u00f3s<\/strong><\/p>\n<p>A Dra. Kenarik \u00e9 uma das brasileiras convidadas a participar, no Vaticano, do encontro \u201cDireitos Sociais e Doutrina Franciscana\u201d, organizado pela Pontif\u00edcia Academia das Ci\u00eancias Sociais.<\/p>\n<p>O evento nos Jardins Vaticanos se encerra com o pronunciamento do Papa Francisco, com quem Kenarik Boujikian j\u00e1 esteve em outras ocasi\u00f5es, nos encontros com os movimentos sociais:<\/p>\n<p>O Papa Francisco desperta em qualquer pessoa o melhor de humanidade que a gente possa ter. Este encontro que ele prop\u00f5e com os ju\u00edzes parte desta premissa: vamos despertar esta humanidade em n\u00f3s, vendo a humanidade em todas as pessoas. A palavra do Papa Francisco \u00e9 de enorme valor para toda a humanidade. \u00c9 uma grande lideran\u00e7a no mundo inteiro e ele, com certeza, vai nos dar luz para que a gente possa seguir caminhando num mundo melhor.<\/p>\n<p><strong>Direitos sociais e doutrina franciscana<\/strong><br \/>\nOutro participante brasileiro \u00e9 o Defensor P\u00fablico Federal Jair Soares J\u00fanior. Em entrevista ao Vatican News, ele explica o tema do encontro: Direitos sociais e a doutrina franciscana:<\/p>\n<p>Os Direitos econ\u00f4micos, sociais, culturais e ambientais t\u00eam uma rela\u00e7\u00e3o muito forte com a doutrina franciscana e com a pr\u00f3pria doutrina propagada pelo Papa Francisco. Os Direitos sociais sempre foram colocados pelo modelo de Estado liberal como um direito de segundo plano, de segunda categoria, no qual nem mesma a justiciabilidade estaria integralmente garantida. Pela doutrina franciscana e pela doutrina moderna atual, estes Direitos s\u00e3o ampliados por uma intensa carga de fundamentalidade, ou seja, s\u00e3o Direitos fundamentais, que garantem a dignidade da pessoa humana. E o ser humano, como uma pessoa integral, n\u00e3o pode estar dissociado de seus Diretos econ\u00f4micos, sociais e culturais, sob pena de os Direitos de liberdade n\u00e3o serem assegurados.<\/p>\n<hr \/>\n<p><strong>Vice-procurador-geral da Rep\u00fablica: direitos dos \u00edndios ser\u00e3o respeitados<\/strong><\/p>\n<p>A Pontif\u00edcia Academia das Ci\u00eancias Sociais, no Vaticano, est\u00e1 promovendo um encontro de ju\u00edzes, magistrados, advogados e defensores p\u00fablicos ao redor do tema \u201cDireitos Sociais e Doutrina Franciscana\u201d. O grupo ser\u00e1 recebido pelo Papa Francisco nesta ter\u00e7a-feira, 4 de junho.<\/p>\n<p><strong>Direitos sociais e doutrina franciscana: encontro re\u00fane ju\u00edzes no Vaticano<\/strong><br \/>\nUm dos v\u00e1rios participantes brasileiros no encontro \u00e9 o vice-procurador-geral da Rep\u00fablica Luciano Mariz Maia, que j\u00e1 foi coordenador da 6\u00aa C\u00e2mara na Procuradoria Geral da Rep\u00fablica, tratando temas relacionados aos Povos ind\u00edgenas e popula\u00e7\u00f5es tradicionais. Ele concedeu uma entrevista a Bianca Fraccalvieri.<\/p>\n<p><strong>O direito dos \u00edndios \u00e0 terra, estabelecido pela Constitui\u00e7\u00e3o de 1988, sofre amea\u00e7as, mas a Lei vai proteg\u00ea-lo<\/strong><br \/>\n\u201cAtuamos junto ao Supremo Tribunal Federal defendendo a aplica\u00e7\u00e3o da Constitui\u00e7\u00e3o, que assegura e reconhece aos \u00edndios o direito \u00e0s suas terras de ocupa\u00e7\u00e3o tradicional; e determina o dever da Uni\u00e3o de demarcar suas terras. Nossa atua\u00e7\u00e3o \u00e9 firme no sentido da defesa integral dos direitos dos \u00edndios \u00e0 terra, \u00e0 sa\u00fade e \u00e0 educa\u00e7\u00e3o, respeitada a diversidade \u00e9tnica e cultural\u201d.<\/p>\n<p>\u201cNo Brasil, a maior parte das viola\u00e7\u00f5es d\u00e1 por indiv\u00edduos privados e empresas, espalhados pelo pa\u00eds inteiro. Como lembra o Papa Francisco, a luta por justi\u00e7a \u00e9 uma luta di\u00e1ria, permanente. Os direitos dos \u00edndios na Constitui\u00e7\u00e3o s\u00e3o e continuar\u00e3o sendo respeitados pelo Supremo Tribunal Federal e pelo Poder Judici\u00e1rio\u201d.<\/p>\n<p><strong>O compromisso da Igreja no Brasil e o engajamento do Papa Francisco com os temas da justi\u00e7a social<\/strong><br \/>\n\u201cO Conselho Indigenista Mission\u00e1rio (CIMI) \u00e9 a maior Organiza\u00e7\u00e3o n\u00e3o-Governamental de defesa dos direitos dos \u00edndios. Faz um trabalho de defesa da humanidade, da igualdade na diferen\u00e7a dos \u00edndios e, portanto, contribuindo para que o pr\u00f3prio Estado e todos aqueles que queiram atuar na defesa da Constitui\u00e7\u00e3o, das Leis e da Justi\u00e7a tenham conhecimento dos fatos como eles s\u00e3o\u201d.<\/p>\n<p>\u201cA iniciativa do Papa se soma fortemente ao dever de realizar justi\u00e7a aqui e agora. \u00c9 uma Igreja que continua vinculada com a humanidade concreta a cada momento. Tamb\u00e9m lembra, nesta perspectiva religiosa, que todos temos o dever de agir com os outros com o sentido de justi\u00e7a. E como lembra o Profeta Isa\u00edas, se queremos a paz, ela deve ser fruto da justi\u00e7a\u201d.<\/p>\n","protected":false},"excerpt":{"rendered":"<p>\u201cDireitos Sociais e Doutrina Franciscana\u201d<\/p>\n","protected":false},"author":3,"featured_media":205437,"comment_status":"open","ping_status":"open","sticky":false,"template":"","format":"standard","meta":[],"categories":[1428],"tags":[55],"acf":[],"yoast_head":"<!-- This site is optimized with the Yoast SEO plugin v19.2 - https:\/\/yoast.com\/wordpress\/plugins\/seo\/ -->\n<title>Papa aos ju\u00edzes: \u201cN\u00e3o existe democracia com fome&quot; - Not\u00edcias - Franciscanos<\/title>\n<meta name=\"robots\" content=\"index, follow, max-snippet:-1, max-image-preview:large, max-video-preview:-1\" \/>\n<link rel=\"canonical\" href=\"https:\/\/franciscanos.org.br\/noticias\/papa-aos-juizes-nao-existe-democracia-com-fome.html\" \/>\n<meta property=\"og:locale\" content=\"pt_BR\" \/>\n<meta property=\"og:type\" content=\"article\" \/>\n<meta property=\"og:title\" content=\"Papa aos ju\u00edzes: \u201cN\u00e3o existe democracia com fome&quot; - Not\u00edcias - Franciscanos\" \/>\n<meta property=\"og:description\" content=\"\u201cDireitos Sociais e Doutrina Franciscana\u201d\" \/>\n<meta property=\"og:url\" content=\"https:\/\/franciscanos.org.br\/noticias\/papa-aos-juizes-nao-existe-democracia-com-fome.html\" \/>\n<meta property=\"og:site_name\" content=\"Not\u00edcias - Franciscanos\" \/>\n<meta property=\"article:published_time\" content=\"2019-06-04T23:58:27+00:00\" \/>\n<meta property=\"article:modified_time\" content=\"2019-06-04T23:58:57+00:00\" \/>\n<meta property=\"og:image\" content=\"https:\/\/franciscanos.org.br\/noticias\/wp-content\/uploads\/2019\/06\/papa_040619d.jpg\" \/>\n\t<meta property=\"og:image:width\" content=\"273\" \/>\n\t<meta property=\"og:image:height\" content=\"181\" \/>\n\t<meta property=\"og:image:type\" content=\"image\/jpeg\" \/>\n<meta name=\"author\" content=\"moacir\" \/>\n<meta name=\"twitter:card\" content=\"summary_large_image\" \/>\n<meta name=\"twitter:label1\" content=\"Escrito por\" \/>\n\t<meta name=\"twitter:data1\" content=\"moacir\" \/>\n\t<meta name=\"twitter:label2\" content=\"Est. tempo de leitura\" \/>\n\t<meta name=\"twitter:data2\" content=\"7 minutos\" \/>\n<script type=\"application\/ld+json\" class=\"yoast-schema-graph\">{\"@context\":\"https:\/\/schema.org\",\"@graph\":[{\"@type\":\"WebSite\",\"@id\":\"https:\/\/franciscanos.org.br\/noticias\/#website\",\"url\":\"https:\/\/franciscanos.org.br\/noticias\/\",\"name\":\"Not\u00edcias - Franciscanos\",\"description\":\"Prov\u00edncia Franciscana da Imaculada Concei\u00e7\u00e3o do Brasil - Ordem dos Frades Menores - OFM\",\"potentialAction\":[{\"@type\":\"SearchAction\",\"target\":{\"@type\":\"EntryPoint\",\"urlTemplate\":\"https:\/\/franciscanos.org.br\/noticias\/?s={search_term_string}\"},\"query-input\":\"required name=search_term_string\"}],\"inLanguage\":\"pt-BR\"},{\"@type\":\"ImageObject\",\"inLanguage\":\"pt-BR\",\"@id\":\"https:\/\/franciscanos.org.br\/noticias\/papa-aos-juizes-nao-existe-democracia-com-fome.html#primaryimage\",\"url\":\"https:\/\/franciscanos.org.br\/noticias\/wp-content\/uploads\/2019\/06\/papa_040619d.jpg\",\"contentUrl\":\"https:\/\/franciscanos.org.br\/noticias\/wp-content\/uploads\/2019\/06\/papa_040619d.jpg\",\"width\":273,\"height\":181},{\"@type\":\"WebPage\",\"@id\":\"https:\/\/franciscanos.org.br\/noticias\/papa-aos-juizes-nao-existe-democracia-com-fome.html#webpage\",\"url\":\"https:\/\/franciscanos.org.br\/noticias\/papa-aos-juizes-nao-existe-democracia-com-fome.html\",\"name\":\"Papa aos ju\u00edzes: \u201cN\u00e3o existe democracia com fome\\\" - Not\u00edcias - Franciscanos\",\"isPartOf\":{\"@id\":\"https:\/\/franciscanos.org.br\/noticias\/#website\"},\"primaryImageOfPage\":{\"@id\":\"https:\/\/franciscanos.org.br\/noticias\/papa-aos-juizes-nao-existe-democracia-com-fome.html#primaryimage\"},\"datePublished\":\"2019-06-04T23:58:27+00:00\",\"dateModified\":\"2019-06-04T23:58:57+00:00\",\"author\":{\"@id\":\"https:\/\/franciscanos.org.br\/noticias\/#\/schema\/person\/b5c8cba458c330ccff548b056e95a5d4\"},\"breadcrumb\":{\"@id\":\"https:\/\/franciscanos.org.br\/noticias\/papa-aos-juizes-nao-existe-democracia-com-fome.html#breadcrumb\"},\"inLanguage\":\"pt-BR\",\"potentialAction\":[{\"@type\":\"ReadAction\",\"target\":[\"https:\/\/franciscanos.org.br\/noticias\/papa-aos-juizes-nao-existe-democracia-com-fome.html\"]}]},{\"@type\":\"BreadcrumbList\",\"@id\":\"https:\/\/franciscanos.org.br\/noticias\/papa-aos-juizes-nao-existe-democracia-com-fome.html#breadcrumb\",\"itemListElement\":[{\"@type\":\"ListItem\",\"position\":1,\"name\":\"Home\",\"item\":\"https:\/\/franciscanos.org.br\/noticias\"},{\"@type\":\"ListItem\",\"position\":2,\"name\":\"Papa aos ju\u00edzes: \u201cN\u00e3o existe democracia com fome&#8221;\"}]},{\"@type\":\"Person\",\"@id\":\"https:\/\/franciscanos.org.br\/noticias\/#\/schema\/person\/b5c8cba458c330ccff548b056e95a5d4\",\"name\":\"moacir\",\"image\":{\"@type\":\"ImageObject\",\"inLanguage\":\"pt-BR\",\"@id\":\"https:\/\/franciscanos.org.br\/noticias\/#\/schema\/person\/image\/\",\"url\":\"https:\/\/secure.gravatar.com\/avatar\/d08aa2ce4c8dd416d4479aa8536fcf64?s=96&d=mm&r=g\",\"contentUrl\":\"https:\/\/secure.gravatar.com\/avatar\/d08aa2ce4c8dd416d4479aa8536fcf64?s=96&d=mm&r=g\",\"caption\":\"moacir\"},\"url\":\"https:\/\/franciscanos.org.br\/noticias\/author\/moacir\"}]}<\/script>\n<!-- \/ Yoast SEO plugin. -->","yoast_head_json":{"title":"Papa aos ju\u00edzes: \u201cN\u00e3o existe democracia com fome\" - Not\u00edcias - Franciscanos","robots":{"index":"index","follow":"follow","max-snippet":"max-snippet:-1","max-image-preview":"max-image-preview:large","max-video-preview":"max-video-preview:-1"},"canonical":"https:\/\/franciscanos.org.br\/noticias\/papa-aos-juizes-nao-existe-democracia-com-fome.html","og_locale":"pt_BR","og_type":"article","og_title":"Papa aos ju\u00edzes: \u201cN\u00e3o existe democracia com fome\" - Not\u00edcias - Franciscanos","og_description":"\u201cDireitos Sociais e Doutrina Franciscana\u201d","og_url":"https:\/\/franciscanos.org.br\/noticias\/papa-aos-juizes-nao-existe-democracia-com-fome.html","og_site_name":"Not\u00edcias - Franciscanos","article_published_time":"2019-06-04T23:58:27+00:00","article_modified_time":"2019-06-04T23:58:57+00:00","og_image":[{"width":273,"height":181,"url":"https:\/\/franciscanos.org.br\/noticias\/wp-content\/uploads\/2019\/06\/papa_040619d.jpg","type":"image\/jpeg"}],"author":"moacir","twitter_card":"summary_large_image","twitter_misc":{"Escrito por":"moacir","Est. tempo de leitura":"7 minutos"},"schema":{"@context":"https:\/\/schema.org","@graph":[{"@type":"WebSite","@id":"https:\/\/franciscanos.org.br\/noticias\/#website","url":"https:\/\/franciscanos.org.br\/noticias\/","name":"Not\u00edcias - Franciscanos","description":"Prov\u00edncia Franciscana da Imaculada Concei\u00e7\u00e3o do Brasil - Ordem dos Frades Menores - OFM","potentialAction":[{"@type":"SearchAction","target":{"@type":"EntryPoint","urlTemplate":"https:\/\/franciscanos.org.br\/noticias\/?s={search_term_string}"},"query-input":"required name=search_term_string"}],"inLanguage":"pt-BR"},{"@type":"ImageObject","inLanguage":"pt-BR","@id":"https:\/\/franciscanos.org.br\/noticias\/papa-aos-juizes-nao-existe-democracia-com-fome.html#primaryimage","url":"https:\/\/franciscanos.org.br\/noticias\/wp-content\/uploads\/2019\/06\/papa_040619d.jpg","contentUrl":"https:\/\/franciscanos.org.br\/noticias\/wp-content\/uploads\/2019\/06\/papa_040619d.jpg","width":273,"height":181},{"@type":"WebPage","@id":"https:\/\/franciscanos.org.br\/noticias\/papa-aos-juizes-nao-existe-democracia-com-fome.html#webpage","url":"https:\/\/franciscanos.org.br\/noticias\/papa-aos-juizes-nao-existe-democracia-com-fome.html","name":"Papa aos ju\u00edzes: \u201cN\u00e3o existe democracia com fome\" - Not\u00edcias - Franciscanos","isPartOf":{"@id":"https:\/\/franciscanos.org.br\/noticias\/#website"},"primaryImageOfPage":{"@id":"https:\/\/franciscanos.org.br\/noticias\/papa-aos-juizes-nao-existe-democracia-com-fome.html#primaryimage"},"datePublished":"2019-06-04T23:58:27+00:00","dateModified":"2019-06-04T23:58:57+00:00","author":{"@id":"https:\/\/franciscanos.org.br\/noticias\/#\/schema\/person\/b5c8cba458c330ccff548b056e95a5d4"},"breadcrumb":{"@id":"https:\/\/franciscanos.org.br\/noticias\/papa-aos-juizes-nao-existe-democracia-com-fome.html#breadcrumb"},"inLanguage":"pt-BR","potentialAction":[{"@type":"ReadAction","target":["https:\/\/franciscanos.org.br\/noticias\/papa-aos-juizes-nao-existe-democracia-com-fome.html"]}]},{"@type":"BreadcrumbList","@id":"https:\/\/franciscanos.org.br\/noticias\/papa-aos-juizes-nao-existe-democracia-com-fome.html#breadcrumb","itemListElement":[{"@type":"ListItem","position":1,"name":"Home","item":"https:\/\/franciscanos.org.br\/noticias"},{"@type":"ListItem","position":2,"name":"Papa aos ju\u00edzes: \u201cN\u00e3o existe democracia com fome&#8221;"}]},{"@type":"Person","@id":"https:\/\/franciscanos.org.br\/noticias\/#\/schema\/person\/b5c8cba458c330ccff548b056e95a5d4","name":"moacir","image":{"@type":"ImageObject","inLanguage":"pt-BR","@id":"https:\/\/franciscanos.org.br\/noticias\/#\/schema\/person\/image\/","url":"https:\/\/secure.gravatar.com\/avatar\/d08aa2ce4c8dd416d4479aa8536fcf64?s=96&d=mm&r=g","contentUrl":"https:\/\/secure.gravatar.com\/avatar\/d08aa2ce4c8dd416d4479aa8536fcf64?s=96&d=mm&r=g","caption":"moacir"},"url":"https:\/\/franciscanos.org.br\/noticias\/author\/moacir"}]}},"_links":{"self":[{"href":"https:\/\/franciscanos.org.br\/noticias\/wp-json\/wp\/v2\/posts\/205435"}],"collection":[{"href":"https:\/\/franciscanos.org.br\/noticias\/wp-json\/wp\/v2\/posts"}],"about":[{"href":"https:\/\/franciscanos.org.br\/noticias\/wp-json\/wp\/v2\/types\/post"}],"author":[{"embeddable":true,"href":"https:\/\/franciscanos.org.br\/noticias\/wp-json\/wp\/v2\/users\/3"}],"replies":[{"embeddable":true,"href":"https:\/\/franciscanos.org.br\/noticias\/wp-json\/wp\/v2\/comments?post=205435"}],"version-history":[{"count":0,"href":"https:\/\/franciscanos.org.br\/noticias\/wp-json\/wp\/v2\/posts\/205435\/revisions"}],"wp:featuredmedia":[{"embeddable":true,"href":"https:\/\/franciscanos.org.br\/noticias\/wp-json\/wp\/v2\/media\/205437"}],"wp:attachment":[{"href":"https:\/\/franciscanos.org.br\/noticias\/wp-json\/wp\/v2\/media?parent=205435"}],"wp:term":[{"taxonomy":"category","embeddable":true,"href":"https:\/\/franciscanos.org.br\/noticias\/wp-json\/wp\/v2\/categories?post=205435"},{"taxonomy":"post_tag","embeddable":true,"href":"https:\/\/franciscanos.org.br\/noticias\/wp-json\/wp\/v2\/tags?post=205435"}],"curies":[{"name":"wp","href":"https:\/\/api.w.org\/{rel}","templated":true}]}}