{"id":205373,"date":"2019-06-03T21:30:54","date_gmt":"2019-06-04T00:30:54","guid":{"rendered":"https:\/\/franciscanos.org.br\/noticias\/?p=205373"},"modified":"2019-06-04T17:57:50","modified_gmt":"2019-06-04T20:57:50","slug":"trabalho-voluntario-ajuda-na-formacao-dos-frades-angola","status":"publish","type":"post","link":"https:\/\/franciscanos.org.br\/noticias\/trabalho-voluntario-ajuda-na-formacao-dos-frades-angola.html","title":{"rendered":"Trabalho volunt\u00e1rio ajuda na forma\u00e7\u00e3o dos frades em Angola"},"content":{"rendered":"<p><img loading=\"lazy\" class=\"alignnone wp-image-205374 size-full\" src=\"https:\/\/franciscanos.org.br\/noticias\/wp-content\/uploads\/2019\/06\/angola_0406_1.jpg\" alt=\"\" width=\"890\" height=\"534\" srcset=\"https:\/\/franciscanos.org.br\/noticias\/wp-content\/uploads\/2019\/06\/angola_0406_1.jpg 890w, https:\/\/franciscanos.org.br\/noticias\/wp-content\/uploads\/2019\/06\/angola_0406_1-450x270.jpg 450w, https:\/\/franciscanos.org.br\/noticias\/wp-content\/uploads\/2019\/06\/angola_0406_1-768x461.jpg 768w, https:\/\/franciscanos.org.br\/noticias\/wp-content\/uploads\/2019\/06\/angola_0406_1-150x90.jpg 150w\" sizes=\"(max-width: 890px) 100vw, 890px\" \/><\/p>\n<p><strong>Frei Cris\u00f3stomo Pinto \u00d1gala<\/strong><\/p>\n<p><strong>Viana (Angola)<\/strong> &#8211; O grupo Promo\u00e7\u00e3o da Mulher Cat\u00f3lica de Angola (Promaica), da Par\u00f3quia S\u00e3o Lucas, visitou neste dia 3 de junho, a Fraternidade S\u00e3o Francisco de Assis e manifestou solidariedade na forma\u00e7\u00e3o dos frades estudantes em Angola.<\/p>\n<p><img loading=\"lazy\" class=\"alignleft size-full wp-image-205376\" src=\"https:\/\/franciscanos.org.br\/noticias\/wp-content\/uploads\/2019\/06\/angola_0406_3.jpg\" alt=\"\" width=\"240\" height=\"400\" srcset=\"https:\/\/franciscanos.org.br\/noticias\/wp-content\/uploads\/2019\/06\/angola_0406_3.jpg 240w, https:\/\/franciscanos.org.br\/noticias\/wp-content\/uploads\/2019\/06\/angola_0406_3-150x250.jpg 150w\" sizes=\"(max-width: 240px) 100vw, 240px\" \/>Cerca de cinquenta mulheres, solid\u00e1rias com os frades, dispuseram-se apoiar, todo m\u00eas, na manuten\u00e7\u00e3o dos servi\u00e7os m\u00ednimos da Fraternidade S\u00e3o Francisco, como a lavagem da roupa, limpeza da casa, prepara\u00e7\u00e3o dos alimentos etc.<\/p>\n<p>Para elas, \u00e9 uma ajuda que fazem como m\u00e3es na forma\u00e7\u00e3o de mais pastores e servos para a messe do Senhor. A Promaica \u00e9 uma das maiores organiza\u00e7\u00f5es femininas em Angola. \u00c9 constitu\u00edda por mulheres que atuam em diversos segmentos e setores da sociedade angolana, liderando iniciativas que visam promover valores fundamentais \u00e0 fam\u00edlia e \u00e0 sociedade civil. A Promaica da Par\u00f3quia S\u00e3o Lucas aposta na melhoria da qualidade da forma\u00e7\u00e3o dos frades estudantes.<\/p>\n<p>Frei Ant\u00f3nio Boaventura Zovo Baza, atual presidente da Funda\u00e7\u00e3o Imaculada M\u00e3e de Deus, acolheu e aplaudiu a iniciativa com agrado, e acredita que a for\u00e7a daquelas mulheres deve ser \u201caproveitada e canalizada para o bem de toda Funda\u00e7\u00e3o\u201d. Frei Ant\u00f3nio Baza espera que o gesto se estenda \u00e0s outras Fraternidades e faz um convite a mais grupos volunt\u00e1rios para juntarem for\u00e7as neste trabalho de forma\u00e7\u00e3o dos jovens frades angolanos da Funda\u00e7\u00e3o, em Viana, em Malanje e em Kibala.<\/p>\n<p><img loading=\"lazy\" class=\"alignnone wp-image-205375 size-full\" src=\"https:\/\/franciscanos.org.br\/noticias\/wp-content\/uploads\/2019\/06\/angola_0406.jpg\" alt=\"\" width=\"890\" height=\"534\" srcset=\"https:\/\/franciscanos.org.br\/noticias\/wp-content\/uploads\/2019\/06\/angola_0406.jpg 890w, https:\/\/franciscanos.org.br\/noticias\/wp-content\/uploads\/2019\/06\/angola_0406-450x270.jpg 450w, https:\/\/franciscanos.org.br\/noticias\/wp-content\/uploads\/2019\/06\/angola_0406-768x461.jpg 768w, https:\/\/franciscanos.org.br\/noticias\/wp-content\/uploads\/2019\/06\/angola_0406-150x90.jpg 150w\" sizes=\"(max-width: 890px) 100vw, 890px\" \/><\/p>\n","protected":false},"excerpt":{"rendered":"<p>Miss\u00e3o em Angola<\/p>\n","protected":false},"author":3,"featured_media":205377,"comment_status":"open","ping_status":"open","sticky":false,"template":"","format":"standard","meta":[],"categories":[1],"tags":[361],"acf":[],"yoast_head":"<!-- This site is optimized with the Yoast SEO plugin v19.2 - https:\/\/yoast.com\/wordpress\/plugins\/seo\/ -->\n<title>Trabalho volunt\u00e1rio ajuda na forma\u00e7\u00e3o dos frades em Angola - Not\u00edcias - Franciscanos<\/title>\n<meta name=\"robots\" content=\"index, follow, max-snippet:-1, max-image-preview:large, max-video-preview:-1\" \/>\n<link rel=\"canonical\" href=\"https:\/\/franciscanos.org.br\/noticias\/trabalho-voluntario-ajuda-na-formacao-dos-frades-angola.html\" \/>\n<meta property=\"og:locale\" content=\"pt_BR\" \/>\n<meta property=\"og:type\" content=\"article\" \/>\n<meta property=\"og:title\" content=\"Trabalho volunt\u00e1rio ajuda na forma\u00e7\u00e3o dos frades em Angola - Not\u00edcias - Franciscanos\" \/>\n<meta property=\"og:description\" content=\"Miss\u00e3o em Angola\" \/>\n<meta property=\"og:url\" content=\"https:\/\/franciscanos.org.br\/noticias\/trabalho-voluntario-ajuda-na-formacao-dos-frades-angola.html\" \/>\n<meta property=\"og:site_name\" content=\"Not\u00edcias - Franciscanos\" \/>\n<meta property=\"article:published_time\" content=\"2019-06-04T00:30:54+00:00\" \/>\n<meta property=\"article:modified_time\" content=\"2019-06-04T20:57:50+00:00\" \/>\n<meta property=\"og:image\" content=\"https:\/\/franciscanos.org.br\/noticias\/wp-content\/uploads\/2019\/06\/angola_0406_d.jpg\" \/>\n\t<meta property=\"og:image:width\" content=\"273\" \/>\n\t<meta property=\"og:image:height\" content=\"181\" \/>\n\t<meta property=\"og:image:type\" content=\"image\/jpeg\" \/>\n<meta name=\"author\" content=\"moacir\" \/>\n<meta name=\"twitter:card\" content=\"summary_large_image\" \/>\n<meta name=\"twitter:label1\" content=\"Escrito por\" \/>\n\t<meta name=\"twitter:data1\" content=\"moacir\" \/>\n\t<meta name=\"twitter:label2\" content=\"Est. tempo de leitura\" \/>\n\t<meta name=\"twitter:data2\" content=\"1 minuto\" \/>\n<script type=\"application\/ld+json\" class=\"yoast-schema-graph\">{\"@context\":\"https:\/\/schema.org\",\"@graph\":[{\"@type\":\"WebSite\",\"@id\":\"https:\/\/franciscanos.org.br\/noticias\/#website\",\"url\":\"https:\/\/franciscanos.org.br\/noticias\/\",\"name\":\"Not\u00edcias - Franciscanos\",\"description\":\"Prov\u00edncia Franciscana da Imaculada Concei\u00e7\u00e3o do Brasil - Ordem dos Frades Menores - OFM\",\"potentialAction\":[{\"@type\":\"SearchAction\",\"target\":{\"@type\":\"EntryPoint\",\"urlTemplate\":\"https:\/\/franciscanos.org.br\/noticias\/?s={search_term_string}\"},\"query-input\":\"required name=search_term_string\"}],\"inLanguage\":\"pt-BR\"},{\"@type\":\"ImageObject\",\"inLanguage\":\"pt-BR\",\"@id\":\"https:\/\/franciscanos.org.br\/noticias\/trabalho-voluntario-ajuda-na-formacao-dos-frades-angola.html#primaryimage\",\"url\":\"https:\/\/franciscanos.org.br\/noticias\/wp-content\/uploads\/2019\/06\/angola_0406_d.jpg\",\"contentUrl\":\"https:\/\/franciscanos.org.br\/noticias\/wp-content\/uploads\/2019\/06\/angola_0406_d.jpg\",\"width\":273,\"height\":181},{\"@type\":\"WebPage\",\"@id\":\"https:\/\/franciscanos.org.br\/noticias\/trabalho-voluntario-ajuda-na-formacao-dos-frades-angola.html#webpage\",\"url\":\"https:\/\/franciscanos.org.br\/noticias\/trabalho-voluntario-ajuda-na-formacao-dos-frades-angola.html\",\"name\":\"Trabalho volunt\u00e1rio ajuda na forma\u00e7\u00e3o dos frades em Angola - Not\u00edcias - Franciscanos\",\"isPartOf\":{\"@id\":\"https:\/\/franciscanos.org.br\/noticias\/#website\"},\"primaryImageOfPage\":{\"@id\":\"https:\/\/franciscanos.org.br\/noticias\/trabalho-voluntario-ajuda-na-formacao-dos-frades-angola.html#primaryimage\"},\"datePublished\":\"2019-06-04T00:30:54+00:00\",\"dateModified\":\"2019-06-04T20:57:50+00:00\",\"author\":{\"@id\":\"https:\/\/franciscanos.org.br\/noticias\/#\/schema\/person\/b5c8cba458c330ccff548b056e95a5d4\"},\"breadcrumb\":{\"@id\":\"https:\/\/franciscanos.org.br\/noticias\/trabalho-voluntario-ajuda-na-formacao-dos-frades-angola.html#breadcrumb\"},\"inLanguage\":\"pt-BR\",\"potentialAction\":[{\"@type\":\"ReadAction\",\"target\":[\"https:\/\/franciscanos.org.br\/noticias\/trabalho-voluntario-ajuda-na-formacao-dos-frades-angola.html\"]}]},{\"@type\":\"BreadcrumbList\",\"@id\":\"https:\/\/franciscanos.org.br\/noticias\/trabalho-voluntario-ajuda-na-formacao-dos-frades-angola.html#breadcrumb\",\"itemListElement\":[{\"@type\":\"ListItem\",\"position\":1,\"name\":\"Home\",\"item\":\"https:\/\/franciscanos.org.br\/noticias\"},{\"@type\":\"ListItem\",\"position\":2,\"name\":\"Trabalho volunt\u00e1rio ajuda na forma\u00e7\u00e3o dos frades em Angola\"}]},{\"@type\":\"Person\",\"@id\":\"https:\/\/franciscanos.org.br\/noticias\/#\/schema\/person\/b5c8cba458c330ccff548b056e95a5d4\",\"name\":\"moacir\",\"image\":{\"@type\":\"ImageObject\",\"inLanguage\":\"pt-BR\",\"@id\":\"https:\/\/franciscanos.org.br\/noticias\/#\/schema\/person\/image\/\",\"url\":\"https:\/\/secure.gravatar.com\/avatar\/d08aa2ce4c8dd416d4479aa8536fcf64?s=96&d=mm&r=g\",\"contentUrl\":\"https:\/\/secure.gravatar.com\/avatar\/d08aa2ce4c8dd416d4479aa8536fcf64?s=96&d=mm&r=g\",\"caption\":\"moacir\"},\"url\":\"https:\/\/franciscanos.org.br\/noticias\/author\/moacir\"}]}<\/script>\n<!-- \/ Yoast SEO plugin. -->","yoast_head_json":{"title":"Trabalho volunt\u00e1rio ajuda na forma\u00e7\u00e3o dos frades em Angola - Not\u00edcias - Franciscanos","robots":{"index":"index","follow":"follow","max-snippet":"max-snippet:-1","max-image-preview":"max-image-preview:large","max-video-preview":"max-video-preview:-1"},"canonical":"https:\/\/franciscanos.org.br\/noticias\/trabalho-voluntario-ajuda-na-formacao-dos-frades-angola.html","og_locale":"pt_BR","og_type":"article","og_title":"Trabalho volunt\u00e1rio ajuda na forma\u00e7\u00e3o dos frades em Angola - Not\u00edcias - Franciscanos","og_description":"Miss\u00e3o em Angola","og_url":"https:\/\/franciscanos.org.br\/noticias\/trabalho-voluntario-ajuda-na-formacao-dos-frades-angola.html","og_site_name":"Not\u00edcias - Franciscanos","article_published_time":"2019-06-04T00:30:54+00:00","article_modified_time":"2019-06-04T20:57:50+00:00","og_image":[{"width":273,"height":181,"url":"https:\/\/franciscanos.org.br\/noticias\/wp-content\/uploads\/2019\/06\/angola_0406_d.jpg","type":"image\/jpeg"}],"author":"moacir","twitter_card":"summary_large_image","twitter_misc":{"Escrito por":"moacir","Est. tempo de leitura":"1 minuto"},"schema":{"@context":"https:\/\/schema.org","@graph":[{"@type":"WebSite","@id":"https:\/\/franciscanos.org.br\/noticias\/#website","url":"https:\/\/franciscanos.org.br\/noticias\/","name":"Not\u00edcias - Franciscanos","description":"Prov\u00edncia Franciscana da Imaculada Concei\u00e7\u00e3o do Brasil - Ordem dos Frades Menores - OFM","potentialAction":[{"@type":"SearchAction","target":{"@type":"EntryPoint","urlTemplate":"https:\/\/franciscanos.org.br\/noticias\/?s={search_term_string}"},"query-input":"required name=search_term_string"}],"inLanguage":"pt-BR"},{"@type":"ImageObject","inLanguage":"pt-BR","@id":"https:\/\/franciscanos.org.br\/noticias\/trabalho-voluntario-ajuda-na-formacao-dos-frades-angola.html#primaryimage","url":"https:\/\/franciscanos.org.br\/noticias\/wp-content\/uploads\/2019\/06\/angola_0406_d.jpg","contentUrl":"https:\/\/franciscanos.org.br\/noticias\/wp-content\/uploads\/2019\/06\/angola_0406_d.jpg","width":273,"height":181},{"@type":"WebPage","@id":"https:\/\/franciscanos.org.br\/noticias\/trabalho-voluntario-ajuda-na-formacao-dos-frades-angola.html#webpage","url":"https:\/\/franciscanos.org.br\/noticias\/trabalho-voluntario-ajuda-na-formacao-dos-frades-angola.html","name":"Trabalho volunt\u00e1rio ajuda na forma\u00e7\u00e3o dos frades em Angola - Not\u00edcias - Franciscanos","isPartOf":{"@id":"https:\/\/franciscanos.org.br\/noticias\/#website"},"primaryImageOfPage":{"@id":"https:\/\/franciscanos.org.br\/noticias\/trabalho-voluntario-ajuda-na-formacao-dos-frades-angola.html#primaryimage"},"datePublished":"2019-06-04T00:30:54+00:00","dateModified":"2019-06-04T20:57:50+00:00","author":{"@id":"https:\/\/franciscanos.org.br\/noticias\/#\/schema\/person\/b5c8cba458c330ccff548b056e95a5d4"},"breadcrumb":{"@id":"https:\/\/franciscanos.org.br\/noticias\/trabalho-voluntario-ajuda-na-formacao-dos-frades-angola.html#breadcrumb"},"inLanguage":"pt-BR","potentialAction":[{"@type":"ReadAction","target":["https:\/\/franciscanos.org.br\/noticias\/trabalho-voluntario-ajuda-na-formacao-dos-frades-angola.html"]}]},{"@type":"BreadcrumbList","@id":"https:\/\/franciscanos.org.br\/noticias\/trabalho-voluntario-ajuda-na-formacao-dos-frades-angola.html#breadcrumb","itemListElement":[{"@type":"ListItem","position":1,"name":"Home","item":"https:\/\/franciscanos.org.br\/noticias"},{"@type":"ListItem","position":2,"name":"Trabalho volunt\u00e1rio ajuda na forma\u00e7\u00e3o dos frades em Angola"}]},{"@type":"Person","@id":"https:\/\/franciscanos.org.br\/noticias\/#\/schema\/person\/b5c8cba458c330ccff548b056e95a5d4","name":"moacir","image":{"@type":"ImageObject","inLanguage":"pt-BR","@id":"https:\/\/franciscanos.org.br\/noticias\/#\/schema\/person\/image\/","url":"https:\/\/secure.gravatar.com\/avatar\/d08aa2ce4c8dd416d4479aa8536fcf64?s=96&d=mm&r=g","contentUrl":"https:\/\/secure.gravatar.com\/avatar\/d08aa2ce4c8dd416d4479aa8536fcf64?s=96&d=mm&r=g","caption":"moacir"},"url":"https:\/\/franciscanos.org.br\/noticias\/author\/moacir"}]}},"_links":{"self":[{"href":"https:\/\/franciscanos.org.br\/noticias\/wp-json\/wp\/v2\/posts\/205373"}],"collection":[{"href":"https:\/\/franciscanos.org.br\/noticias\/wp-json\/wp\/v2\/posts"}],"about":[{"href":"https:\/\/franciscanos.org.br\/noticias\/wp-json\/wp\/v2\/types\/post"}],"author":[{"embeddable":true,"href":"https:\/\/franciscanos.org.br\/noticias\/wp-json\/wp\/v2\/users\/3"}],"replies":[{"embeddable":true,"href":"https:\/\/franciscanos.org.br\/noticias\/wp-json\/wp\/v2\/comments?post=205373"}],"version-history":[{"count":0,"href":"https:\/\/franciscanos.org.br\/noticias\/wp-json\/wp\/v2\/posts\/205373\/revisions"}],"wp:featuredmedia":[{"embeddable":true,"href":"https:\/\/franciscanos.org.br\/noticias\/wp-json\/wp\/v2\/media\/205377"}],"wp:attachment":[{"href":"https:\/\/franciscanos.org.br\/noticias\/wp-json\/wp\/v2\/media?parent=205373"}],"wp:term":[{"taxonomy":"category","embeddable":true,"href":"https:\/\/franciscanos.org.br\/noticias\/wp-json\/wp\/v2\/categories?post=205373"},{"taxonomy":"post_tag","embeddable":true,"href":"https:\/\/franciscanos.org.br\/noticias\/wp-json\/wp\/v2\/tags?post=205373"}],"curies":[{"name":"wp","href":"https:\/\/api.w.org\/{rel}","templated":true}]}}