{"id":205366,"date":"2019-06-03T21:35:15","date_gmt":"2019-06-04T00:35:15","guid":{"rendered":"https:\/\/franciscanos.org.br\/noticias\/?p=205366"},"modified":"2019-06-03T21:35:57","modified_gmt":"2019-06-04T00:35:57","slug":"convento-santo-antonio-faz-411-anos-seu-chico-faz-parte-dessa-historia","status":"publish","type":"post","link":"https:\/\/franciscanos.org.br\/noticias\/convento-santo-antonio-faz-411-anos-seu-chico-faz-parte-dessa-historia.html","title":{"rendered":"Convento Santo Ant\u00f4nio faz 411 anos. Seu Chico faz parte dessa hist\u00f3ria."},"content":{"rendered":"<p><img loading=\"lazy\" class=\"alignnone size-full wp-image-205367\" src=\"https:\/\/franciscanos.org.br\/noticias\/wp-content\/uploads\/2019\/06\/convento_030619.jpg\" alt=\"\" width=\"890\" height=\"668\" srcset=\"https:\/\/franciscanos.org.br\/noticias\/wp-content\/uploads\/2019\/06\/convento_030619.jpg 890w, https:\/\/franciscanos.org.br\/noticias\/wp-content\/uploads\/2019\/06\/convento_030619-450x338.jpg 450w, https:\/\/franciscanos.org.br\/noticias\/wp-content\/uploads\/2019\/06\/convento_030619-768x576.jpg 768w, https:\/\/franciscanos.org.br\/noticias\/wp-content\/uploads\/2019\/06\/convento_030619-150x113.jpg 150w\" sizes=\"(max-width: 890px) 100vw, 890px\" \/><\/p>\n<p><strong>Moacir Beggo<\/strong><\/p>\n<p><strong>\u00a0<\/strong><strong>Rio de Janeiro (RJ)<\/strong> &#8211; O Centro da Cidade Maravilhosa cresceu muito no \u00faltimo s\u00e9culo e o resultado pode ser visto nos arranha-c\u00e9us modernos que circundam o Largo da Carioca. No meio deles, o velho e imponente Convento Santo Ant\u00f4nio, exibindo o seu bel\u00edssimo conjunto arquitet\u00f4nico. A hist\u00f3ria deste marco franciscano do Rio de Janeiro, cuja constru\u00e7\u00e3o come\u00e7ou em 1608, se confunde com a da pr\u00f3pria cidade.<\/p>\n<p>Neste dia 4 de junho, o Convento Santo Ant\u00f4nio celebra 411 anos de sua funda\u00e7\u00e3o. Na cerim\u00f4nia do dia 4 de junho de 1608, estiveram presentes o governador Afonso de Albuquerque, e o administrador eclesi\u00e1stico Mateus da Costa Alboim, que oficiou e presidiu todos os atos assistidos pelas autoridades e pelo povo.<\/p>\n<p>A comunidade dos frades, que residiu na ermida Santo Ant\u00f4nio, perto do atual Convento, transferiu-se para o novo pr\u00e9dio no dia 7 de fevereiro de 1615, apesar de a igreja estar ainda longe da conclus\u00e3o. Em 1617, o guardi\u00e3o Frei Bernardino de Santiago empenhou-se muito por concluir a igreja e deu-a por terminada em 1620.<\/p>\n<p>As dimens\u00f5es do Convento eram as mesmas de hoje, segundo o historiador Frei Bas\u00edlio R\u00f6wer. Isso se deduz claramente das seguintes pondera\u00e7\u00f5es: a igreja, limitando o claustro pelo lado norte, era a mesma. O frontisp\u00edcio do Convento, ao lado oeste, estava no lugar do atual, porquanto o aumento da igreja para a frente, em 1700, foi s\u00f3 de 2,75m. Nos fundos, a sepultura de Frei Fabiano de Cristo, falecido em 1747, indica at\u00e9 onde ia a quadra das sepulturas no claustro. Por conseguinte, tamb\u00e9m a face do lado sul se achava mais ou menos no mesmo lugar, como hoje se v\u00ea.<\/p>\n<p>Por este Convento passaram gera\u00e7\u00f5es e gera\u00e7\u00f5es de frades, alguns com fama de santidade, como Frei Fabiano de Cristo e Frei Ant\u00f4nio de Sant&#8217;Ana Galv\u00e3o. A alma da Prov\u00edncia Franciscana da Imaculada Concei\u00e7\u00e3o est\u00e1 neste pr\u00e9dio, que hoje sofre por causa das intemp\u00e9ries do tempo.<\/p>\n<p>Nesses anos, os frades estiveram no olho do furac\u00e3o da hist\u00f3ria pol\u00edtica brasileira, quando enfrentaram as invas\u00f5es francesas, deram conforto a Tiradentes a caminho da forca e cederam uma cela para as &#8220;conspira\u00e7\u00f5es&#8221; a favor da Independ\u00eancia do Brasil. Estamos falando de Frei Francisco de Santa Teresa de Jesus Sampaio, que teve importante participa\u00e7\u00e3o no movimento da Independ\u00eancia, tendo recebido Dom Pedro I por diversas vezes em sua cela.<\/p>\n<p>Em 1929, corria insistentemente a not\u00edcia de que a Prefeitura iria demolir o morro sem poupar o Convento. Em 30 de novembro de 1937, o Instituto do Patrim\u00f4nio Hist\u00f3rico e Art\u00edstico Nacional tomou o Convento, tornando intoc\u00e1vel. Somente em 1948 deu-se in\u00edcio ao desmonte, com o compromisso de deixar a parte necess\u00e1ria para a perman\u00eancia e seguran\u00e7a do Convento. Com o material retirado foi feito o aterro da Praia do Flamengo. A parte que sobrou para o Convento foi urbanizada em 1972. Na esplanada do morro, cruzada pelas avenidas Chile e Rep\u00fablica do Paraguai, foram levantados pr\u00e9dios, como o da Petrobr\u00e1s, do BNDES e a Catedral. A constru\u00e7\u00e3o do metr\u00f4 remodelou por inteiro a pra\u00e7a aos p\u00e9s do Convento.<\/p>\n<p>Al\u00e9m de Frei Francisco Sampaio, encontram-se sepultados no convento Frei Concei\u00e7\u00e3o Veloso, Frei Francisco de Monte Alverne e muitos membros da Fam\u00edlia Imperial.<\/p>\n<p><img loading=\"lazy\" class=\"alignnone wp-image-205368 size-full\" src=\"https:\/\/franciscanos.org.br\/noticias\/wp-content\/uploads\/2019\/06\/chico_030619.jpg\" alt=\"\" width=\"890\" height=\"570\" srcset=\"https:\/\/franciscanos.org.br\/noticias\/wp-content\/uploads\/2019\/06\/chico_030619.jpg 890w, https:\/\/franciscanos.org.br\/noticias\/wp-content\/uploads\/2019\/06\/chico_030619-450x288.jpg 450w, https:\/\/franciscanos.org.br\/noticias\/wp-content\/uploads\/2019\/06\/chico_030619-768x492.jpg 768w, https:\/\/franciscanos.org.br\/noticias\/wp-content\/uploads\/2019\/06\/chico_030619-150x96.jpg 150w\" sizes=\"(max-width: 890px) 100vw, 890px\" \/><\/p>\n<p><strong>SEU FRANCISCO, UMA PARTE DESSA HIST\u00d3RIA<\/strong><\/p>\n<p>O anivers\u00e1rio do Convento Santo Ant\u00f4nio nesta ter\u00e7a-feira, 4 de junho, ter\u00e1 um gostinho especial para Francisco de Assis Felizardo. Dos 411 anos deste marco franciscano na cidade do Rio de Janeiro, ele viveu 41 anos, 7 meses e 2 dias. Aos 58 anos, \u00e9 o funcion\u00e1rio mais antigo do Convento, ou como ele mesmo diz, a sua segunda casa. Faltavam quatro dias para completar 18 anos quando o guardi\u00e3o Frei Hugo Baggio o convidou para trabalhar no convento. Ele aceitou prontamente. &#8220;Meu irm\u00e3o trabalhava aqui e, durante as festas eu vinha ajudar a encher as garrafinhas de \u00e1gua benta. Foi, ent\u00e3o, que ele me perguntou se queria trabalhar aqui. Disse que sim e ele respondeu: &#8216;Pode ficar&#8217;. Desde ent\u00e3o, estou aqui&#8221;, contou Seu Chico, que faz os servi\u00e7os gerais do Convento, como motorista e faxineiro.<\/p>\n<p>Seu Chico lembra de todos os seus superiores, enumerando um por um os guardi\u00e3es que conheceu nestes 41 anos: al\u00e9m de Frei Hugo, Frei Gabriel da Veiga, Frei Edgard Weiss (que ficou 12 anos), Frei Jos\u00e9 Pereira (nove anos), Frei Ivo Theiss, Frei Clar\u00eancio Neotti, Frei Ivo M\u00fcller e Frei Jos\u00e9 Pereira, o atual guardi\u00e3o. &#8220;Gostei de trabalhar com todos. Entrei aqui muito jovem, mas com o tempo comecei a gostar e a valorizar tudo o que fa\u00e7o. Aprendi, aqui, que o trabalho de faxineiro \u00e9 t\u00e3o importante como o de um doutor&#8221;, revela Seu Francisco. Essa conviv\u00eancia o fez terminar o Ensino M\u00e9dio e cursar Teologia e fazer dois anos de educa\u00e7\u00e3o religiosa num col\u00e9gio de freiras. &#8220;\u00c9 muito bom trabalhar com os frades. Estou sempre aprendendo. At\u00e9 o curso de alem\u00e3o eu fiz com Frei Cl\u00e1udio Guski&#8221;, garante.<\/p>\n<p>&#8220;Com o tempo conheci mais a hist\u00f3ria e o significado desse patrim\u00f4nio no Rio de Janeiro. Antes n\u00e3o tinha no\u00e7\u00e3o do que era um patrim\u00f4nio. Com o tempo aprendi a amar esta casa. Considero aqui uma segunda casa e os frades como minha fam\u00edlia. Tenho amor \u00e0 casa, aos frades e ao trabalho&#8221;, acrescenta.<\/p>\n<p>Casado h\u00e1 30 anos e pai de 4 filhos, Seu Chico mora em S\u00e3o Jo\u00e3o de Meriti e afirma com todas as letras: &#8220;Eu sou franciscano&#8221;. Para ele, n\u00e3o poderia ser diferente. Tem o nome do fundador, trabalha num convento franciscano, nasceu no dia 4 (Francisco \u00e9 celebrado no dia 4 de outubro). &#8220;Quando tinha 18 anos, coloquei um h\u00e1bito e participei de um coral dos frades para o &#8220;Fant\u00e1stico&#8221; da Rede Globo. Cantei em latim. As pessoas pensavam que eu era frade. Outros achavam que eu n\u00e3o iria casar e me tornaria frade&#8221;, recorda. Para ele, embora trabalhe na &#8220;casa&#8221; de Santo Ant\u00f4nio, seu predileto \u00e9 S\u00e3o Francisco. &#8220;Ele \u00e9 o fundador da Ordem Franciscana. Ant\u00f4nio \u00e9 o seu disc\u00edpulo. Tenho mais proximidade com S\u00e3o Francisco&#8221;, revela. Dos frades, tem proximidade com Frei Anselmo Fracasso, que \u00e9 deficiente visual e vive no Convento muito antes de ele come\u00e7ar a trabalhar. &#8220;Sempre acompanhava Frei Anselmo, principalmente quando viajava muito. Agora, devido \u00e0 idade, ele n\u00e3o viaja mais&#8221;, disse. Para ele, gera\u00e7\u00f5es de frades da Prov\u00edncia passaram pelo Convento e de todos guarda boas recorda\u00e7\u00f5es. &#8220;Agora, Frei Olavo Seifert vai fazer 100 anos no dia 4 de agosto. Se Deus quiser, espero estar na festa dele&#8221;, torce. Al\u00e9m dele, h\u00e1 um outro colaborador com o nome de Francisco de Assis no Convento.<\/p>\n","protected":false},"excerpt":{"rendered":"<p>Convento Santo Ant\u00f4nio do Largo da Carioca<\/p>\n","protected":false},"author":3,"featured_media":205369,"comment_status":"open","ping_status":"open","sticky":false,"template":"","format":"standard","meta":[],"categories":[1],"tags":[389],"acf":[],"yoast_head":"<!-- This site is optimized with the Yoast SEO plugin v19.2 - https:\/\/yoast.com\/wordpress\/plugins\/seo\/ -->\n<title>Convento Santo Ant\u00f4nio faz 411 anos. Seu Chico faz parte dessa hist\u00f3ria. - Not\u00edcias - Franciscanos<\/title>\n<meta name=\"robots\" content=\"index, follow, max-snippet:-1, max-image-preview:large, max-video-preview:-1\" \/>\n<link rel=\"canonical\" href=\"https:\/\/franciscanos.org.br\/noticias\/convento-santo-antonio-faz-411-anos-seu-chico-faz-parte-dessa-historia.html\" \/>\n<meta property=\"og:locale\" content=\"pt_BR\" \/>\n<meta property=\"og:type\" content=\"article\" \/>\n<meta property=\"og:title\" content=\"Convento Santo Ant\u00f4nio faz 411 anos. Seu Chico faz parte dessa hist\u00f3ria. - Not\u00edcias - Franciscanos\" \/>\n<meta property=\"og:description\" content=\"Convento Santo Ant\u00f4nio do Largo da Carioca\" \/>\n<meta property=\"og:url\" content=\"https:\/\/franciscanos.org.br\/noticias\/convento-santo-antonio-faz-411-anos-seu-chico-faz-parte-dessa-historia.html\" \/>\n<meta property=\"og:site_name\" content=\"Not\u00edcias - Franciscanos\" \/>\n<meta property=\"article:published_time\" content=\"2019-06-04T00:35:15+00:00\" \/>\n<meta property=\"article:modified_time\" content=\"2019-06-04T00:35:57+00:00\" \/>\n<meta property=\"og:image\" content=\"https:\/\/franciscanos.org.br\/noticias\/wp-content\/uploads\/2019\/06\/convento_030619d.jpg\" \/>\n\t<meta property=\"og:image:width\" content=\"273\" \/>\n\t<meta property=\"og:image:height\" content=\"181\" \/>\n\t<meta property=\"og:image:type\" content=\"image\/jpeg\" \/>\n<meta name=\"author\" content=\"moacir\" \/>\n<meta name=\"twitter:card\" content=\"summary_large_image\" \/>\n<meta name=\"twitter:label1\" content=\"Escrito por\" \/>\n\t<meta name=\"twitter:data1\" content=\"moacir\" \/>\n\t<meta name=\"twitter:label2\" content=\"Est. tempo de leitura\" \/>\n\t<meta name=\"twitter:data2\" content=\"6 minutos\" \/>\n<script type=\"application\/ld+json\" class=\"yoast-schema-graph\">{\"@context\":\"https:\/\/schema.org\",\"@graph\":[{\"@type\":\"WebSite\",\"@id\":\"https:\/\/franciscanos.org.br\/noticias\/#website\",\"url\":\"https:\/\/franciscanos.org.br\/noticias\/\",\"name\":\"Not\u00edcias - Franciscanos\",\"description\":\"Prov\u00edncia Franciscana da Imaculada Concei\u00e7\u00e3o do Brasil - Ordem dos Frades Menores - OFM\",\"potentialAction\":[{\"@type\":\"SearchAction\",\"target\":{\"@type\":\"EntryPoint\",\"urlTemplate\":\"https:\/\/franciscanos.org.br\/noticias\/?s={search_term_string}\"},\"query-input\":\"required name=search_term_string\"}],\"inLanguage\":\"pt-BR\"},{\"@type\":\"ImageObject\",\"inLanguage\":\"pt-BR\",\"@id\":\"https:\/\/franciscanos.org.br\/noticias\/convento-santo-antonio-faz-411-anos-seu-chico-faz-parte-dessa-historia.html#primaryimage\",\"url\":\"https:\/\/franciscanos.org.br\/noticias\/wp-content\/uploads\/2019\/06\/convento_030619d.jpg\",\"contentUrl\":\"https:\/\/franciscanos.org.br\/noticias\/wp-content\/uploads\/2019\/06\/convento_030619d.jpg\",\"width\":273,\"height\":181},{\"@type\":\"WebPage\",\"@id\":\"https:\/\/franciscanos.org.br\/noticias\/convento-santo-antonio-faz-411-anos-seu-chico-faz-parte-dessa-historia.html#webpage\",\"url\":\"https:\/\/franciscanos.org.br\/noticias\/convento-santo-antonio-faz-411-anos-seu-chico-faz-parte-dessa-historia.html\",\"name\":\"Convento Santo Ant\u00f4nio faz 411 anos. Seu Chico faz parte dessa hist\u00f3ria. - Not\u00edcias - Franciscanos\",\"isPartOf\":{\"@id\":\"https:\/\/franciscanos.org.br\/noticias\/#website\"},\"primaryImageOfPage\":{\"@id\":\"https:\/\/franciscanos.org.br\/noticias\/convento-santo-antonio-faz-411-anos-seu-chico-faz-parte-dessa-historia.html#primaryimage\"},\"datePublished\":\"2019-06-04T00:35:15+00:00\",\"dateModified\":\"2019-06-04T00:35:57+00:00\",\"author\":{\"@id\":\"https:\/\/franciscanos.org.br\/noticias\/#\/schema\/person\/b5c8cba458c330ccff548b056e95a5d4\"},\"breadcrumb\":{\"@id\":\"https:\/\/franciscanos.org.br\/noticias\/convento-santo-antonio-faz-411-anos-seu-chico-faz-parte-dessa-historia.html#breadcrumb\"},\"inLanguage\":\"pt-BR\",\"potentialAction\":[{\"@type\":\"ReadAction\",\"target\":[\"https:\/\/franciscanos.org.br\/noticias\/convento-santo-antonio-faz-411-anos-seu-chico-faz-parte-dessa-historia.html\"]}]},{\"@type\":\"BreadcrumbList\",\"@id\":\"https:\/\/franciscanos.org.br\/noticias\/convento-santo-antonio-faz-411-anos-seu-chico-faz-parte-dessa-historia.html#breadcrumb\",\"itemListElement\":[{\"@type\":\"ListItem\",\"position\":1,\"name\":\"Home\",\"item\":\"https:\/\/franciscanos.org.br\/noticias\"},{\"@type\":\"ListItem\",\"position\":2,\"name\":\"Convento Santo Ant\u00f4nio faz 411 anos. Seu Chico faz parte dessa hist\u00f3ria.\"}]},{\"@type\":\"Person\",\"@id\":\"https:\/\/franciscanos.org.br\/noticias\/#\/schema\/person\/b5c8cba458c330ccff548b056e95a5d4\",\"name\":\"moacir\",\"image\":{\"@type\":\"ImageObject\",\"inLanguage\":\"pt-BR\",\"@id\":\"https:\/\/franciscanos.org.br\/noticias\/#\/schema\/person\/image\/\",\"url\":\"https:\/\/secure.gravatar.com\/avatar\/d08aa2ce4c8dd416d4479aa8536fcf64?s=96&d=mm&r=g\",\"contentUrl\":\"https:\/\/secure.gravatar.com\/avatar\/d08aa2ce4c8dd416d4479aa8536fcf64?s=96&d=mm&r=g\",\"caption\":\"moacir\"},\"url\":\"https:\/\/franciscanos.org.br\/noticias\/author\/moacir\"}]}<\/script>\n<!-- \/ Yoast SEO plugin. -->","yoast_head_json":{"title":"Convento Santo Ant\u00f4nio faz 411 anos. Seu Chico faz parte dessa hist\u00f3ria. - Not\u00edcias - Franciscanos","robots":{"index":"index","follow":"follow","max-snippet":"max-snippet:-1","max-image-preview":"max-image-preview:large","max-video-preview":"max-video-preview:-1"},"canonical":"https:\/\/franciscanos.org.br\/noticias\/convento-santo-antonio-faz-411-anos-seu-chico-faz-parte-dessa-historia.html","og_locale":"pt_BR","og_type":"article","og_title":"Convento Santo Ant\u00f4nio faz 411 anos. Seu Chico faz parte dessa hist\u00f3ria. - Not\u00edcias - Franciscanos","og_description":"Convento Santo Ant\u00f4nio do Largo da Carioca","og_url":"https:\/\/franciscanos.org.br\/noticias\/convento-santo-antonio-faz-411-anos-seu-chico-faz-parte-dessa-historia.html","og_site_name":"Not\u00edcias - Franciscanos","article_published_time":"2019-06-04T00:35:15+00:00","article_modified_time":"2019-06-04T00:35:57+00:00","og_image":[{"width":273,"height":181,"url":"https:\/\/franciscanos.org.br\/noticias\/wp-content\/uploads\/2019\/06\/convento_030619d.jpg","type":"image\/jpeg"}],"author":"moacir","twitter_card":"summary_large_image","twitter_misc":{"Escrito por":"moacir","Est. tempo de leitura":"6 minutos"},"schema":{"@context":"https:\/\/schema.org","@graph":[{"@type":"WebSite","@id":"https:\/\/franciscanos.org.br\/noticias\/#website","url":"https:\/\/franciscanos.org.br\/noticias\/","name":"Not\u00edcias - Franciscanos","description":"Prov\u00edncia Franciscana da Imaculada Concei\u00e7\u00e3o do Brasil - Ordem dos Frades Menores - OFM","potentialAction":[{"@type":"SearchAction","target":{"@type":"EntryPoint","urlTemplate":"https:\/\/franciscanos.org.br\/noticias\/?s={search_term_string}"},"query-input":"required name=search_term_string"}],"inLanguage":"pt-BR"},{"@type":"ImageObject","inLanguage":"pt-BR","@id":"https:\/\/franciscanos.org.br\/noticias\/convento-santo-antonio-faz-411-anos-seu-chico-faz-parte-dessa-historia.html#primaryimage","url":"https:\/\/franciscanos.org.br\/noticias\/wp-content\/uploads\/2019\/06\/convento_030619d.jpg","contentUrl":"https:\/\/franciscanos.org.br\/noticias\/wp-content\/uploads\/2019\/06\/convento_030619d.jpg","width":273,"height":181},{"@type":"WebPage","@id":"https:\/\/franciscanos.org.br\/noticias\/convento-santo-antonio-faz-411-anos-seu-chico-faz-parte-dessa-historia.html#webpage","url":"https:\/\/franciscanos.org.br\/noticias\/convento-santo-antonio-faz-411-anos-seu-chico-faz-parte-dessa-historia.html","name":"Convento Santo Ant\u00f4nio faz 411 anos. Seu Chico faz parte dessa hist\u00f3ria. - Not\u00edcias - Franciscanos","isPartOf":{"@id":"https:\/\/franciscanos.org.br\/noticias\/#website"},"primaryImageOfPage":{"@id":"https:\/\/franciscanos.org.br\/noticias\/convento-santo-antonio-faz-411-anos-seu-chico-faz-parte-dessa-historia.html#primaryimage"},"datePublished":"2019-06-04T00:35:15+00:00","dateModified":"2019-06-04T00:35:57+00:00","author":{"@id":"https:\/\/franciscanos.org.br\/noticias\/#\/schema\/person\/b5c8cba458c330ccff548b056e95a5d4"},"breadcrumb":{"@id":"https:\/\/franciscanos.org.br\/noticias\/convento-santo-antonio-faz-411-anos-seu-chico-faz-parte-dessa-historia.html#breadcrumb"},"inLanguage":"pt-BR","potentialAction":[{"@type":"ReadAction","target":["https:\/\/franciscanos.org.br\/noticias\/convento-santo-antonio-faz-411-anos-seu-chico-faz-parte-dessa-historia.html"]}]},{"@type":"BreadcrumbList","@id":"https:\/\/franciscanos.org.br\/noticias\/convento-santo-antonio-faz-411-anos-seu-chico-faz-parte-dessa-historia.html#breadcrumb","itemListElement":[{"@type":"ListItem","position":1,"name":"Home","item":"https:\/\/franciscanos.org.br\/noticias"},{"@type":"ListItem","position":2,"name":"Convento Santo Ant\u00f4nio faz 411 anos. Seu Chico faz parte dessa hist\u00f3ria."}]},{"@type":"Person","@id":"https:\/\/franciscanos.org.br\/noticias\/#\/schema\/person\/b5c8cba458c330ccff548b056e95a5d4","name":"moacir","image":{"@type":"ImageObject","inLanguage":"pt-BR","@id":"https:\/\/franciscanos.org.br\/noticias\/#\/schema\/person\/image\/","url":"https:\/\/secure.gravatar.com\/avatar\/d08aa2ce4c8dd416d4479aa8536fcf64?s=96&d=mm&r=g","contentUrl":"https:\/\/secure.gravatar.com\/avatar\/d08aa2ce4c8dd416d4479aa8536fcf64?s=96&d=mm&r=g","caption":"moacir"},"url":"https:\/\/franciscanos.org.br\/noticias\/author\/moacir"}]}},"_links":{"self":[{"href":"https:\/\/franciscanos.org.br\/noticias\/wp-json\/wp\/v2\/posts\/205366"}],"collection":[{"href":"https:\/\/franciscanos.org.br\/noticias\/wp-json\/wp\/v2\/posts"}],"about":[{"href":"https:\/\/franciscanos.org.br\/noticias\/wp-json\/wp\/v2\/types\/post"}],"author":[{"embeddable":true,"href":"https:\/\/franciscanos.org.br\/noticias\/wp-json\/wp\/v2\/users\/3"}],"replies":[{"embeddable":true,"href":"https:\/\/franciscanos.org.br\/noticias\/wp-json\/wp\/v2\/comments?post=205366"}],"version-history":[{"count":0,"href":"https:\/\/franciscanos.org.br\/noticias\/wp-json\/wp\/v2\/posts\/205366\/revisions"}],"wp:featuredmedia":[{"embeddable":true,"href":"https:\/\/franciscanos.org.br\/noticias\/wp-json\/wp\/v2\/media\/205369"}],"wp:attachment":[{"href":"https:\/\/franciscanos.org.br\/noticias\/wp-json\/wp\/v2\/media?parent=205366"}],"wp:term":[{"taxonomy":"category","embeddable":true,"href":"https:\/\/franciscanos.org.br\/noticias\/wp-json\/wp\/v2\/categories?post=205366"},{"taxonomy":"post_tag","embeddable":true,"href":"https:\/\/franciscanos.org.br\/noticias\/wp-json\/wp\/v2\/tags?post=205366"}],"curies":[{"name":"wp","href":"https:\/\/api.w.org\/{rel}","templated":true}]}}