{"id":205307,"date":"2019-06-03T15:59:08","date_gmt":"2019-06-03T18:59:08","guid":{"rendered":"https:\/\/franciscanos.org.br\/noticias\/?p=205307"},"modified":"2019-06-03T16:48:46","modified_gmt":"2019-06-03T19:48:46","slug":"um-ano-depois-fachada-do-convento-sao-francisco-continua-pintada","status":"publish","type":"post","link":"https:\/\/franciscanos.org.br\/noticias\/um-ano-depois-fachada-do-convento-sao-francisco-continua-pintada.html","title":{"rendered":"Um ano depois, fachada do Convento S\u00e3o Francisco continua &#8220;pintada&#8221;"},"content":{"rendered":"<p><img loading=\"lazy\" class=\"alignnone wp-image-205308 size-full\" src=\"https:\/\/franciscanos.org.br\/noticias\/wp-content\/uploads\/2019\/06\/fachada_020619.jpg\" alt=\"\" width=\"890\" height=\"550\" srcset=\"https:\/\/franciscanos.org.br\/noticias\/wp-content\/uploads\/2019\/06\/fachada_020619.jpg 890w, https:\/\/franciscanos.org.br\/noticias\/wp-content\/uploads\/2019\/06\/fachada_020619-450x278.jpg 450w, https:\/\/franciscanos.org.br\/noticias\/wp-content\/uploads\/2019\/06\/fachada_020619-768x475.jpg 768w, https:\/\/franciscanos.org.br\/noticias\/wp-content\/uploads\/2019\/06\/fachada_020619-150x93.jpg 150w\" sizes=\"(max-width: 890px) 100vw, 890px\" \/><\/p>\n<p><strong>Convento S\u00e3o Francisco (SP) &#8211;<\/strong> Um ano depois de o hist\u00f3rico Convento S\u00e3o Francisco de S\u00e3o Paulo (SP), <strong><a href=\"https:\/\/franciscanos.org.br\/noticias\/marco-historico-de-sao-paulo-convento-sao-francisco-amanhece-pintado.html\">amanhecer com a fachada &#8220;pintada&#8221;<\/a><\/strong>, sem autoriza\u00e7\u00e3o, os frades religiosos franciscanos, residentes no local h\u00e1 mais de 370 anos, aguardam uma solu\u00e7\u00e3o para o problema que at\u00e9 agora n\u00e3o saiu do papel. O pr\u00e9dio \u00e9 tombado pelo Conselho Municipal de Preserva\u00e7\u00e3o do Patrim\u00f4nio Hist\u00f3rico, Cultural e Ambiental da Cidade de S\u00e3o Paulo (Conpresp), que \u00e9 municipal, e pelo Conselho de Defesa do Patrim\u00f4nio Hist\u00f3rico (Condephaat), que \u00e9 estadual.<\/p>\n<p><img loading=\"lazy\" class=\" wp-image-205327 alignleft\" src=\"https:\/\/franciscanos.org.br\/noticias\/wp-content\/uploads\/2019\/06\/frei_mario_030619-450x319.jpg\" alt=\"\" width=\"392\" height=\"278\" srcset=\"https:\/\/franciscanos.org.br\/noticias\/wp-content\/uploads\/2019\/06\/frei_mario_030619-450x319.jpg 450w, https:\/\/franciscanos.org.br\/noticias\/wp-content\/uploads\/2019\/06\/frei_mario_030619-768x545.jpg 768w, https:\/\/franciscanos.org.br\/noticias\/wp-content\/uploads\/2019\/06\/frei_mario_030619-150x106.jpg 150w, https:\/\/franciscanos.org.br\/noticias\/wp-content\/uploads\/2019\/06\/frei_mario_030619.jpg 862w\" sizes=\"(max-width: 392px) 100vw, 392px\" \/>Segundo o guardi\u00e3o da fraternidade, Frei M\u00e1rio Tagliari, alguns dias depois do ocorrido, t\u00e9cnicos ligados ao Conpresp fizeram uma vistoria. &#8220;Eles fizeram todos os testes, passaram a manh\u00e3 inteira fazendo testes e at\u00e9 descobriram de que forma poderia ser removida a tinta e junto com ela a picha\u00e7\u00e3o, mas ficou apenas nisso. Por enquanto, n\u00e3o temos nada de concreto&#8221;, declarou.<\/p>\n<p>Frei M\u00e1rio recorda que a fachada do Convento, na Rua Riachuelo, estava, sim, toda pichada, mas nenhuma empresa, \u00f3rg\u00e3o p\u00fablico ou pessoa tinha autoriza\u00e7\u00e3o para pintar. \u201cN\u00e3o se resolve o problema jogando tinta por cima e, sim, com medidas de seguran\u00e7a, ilumina\u00e7\u00e3o e c\u00e2meras de vigil\u00e2ncia\u201d, disse.<\/p>\n<p>De acordo com a Prefeitura, <strong><a href=\"https:\/\/franciscanos.org.br\/noticias\/prefeitura-admite-que-mandou-pintar-a-fachada-do-convento-sao-francisco.html\">a fachada foi pintada por um funcion\u00e1rio, que foi desligado em maio do ano passado.<\/a><\/strong> O homem teria &#8220;mesmo sem ordens superiores&#8221; solicitado o &#8220;servi\u00e7o de pintura da fachada do Mosteiro do Largo S\u00e3o Francisco&#8221;. Ele atuava como assessor t\u00e9cnico da Secretaria Municipal de Prefeituras Regionais e teria admitido &#8220;que pediu indevidamente a pintura do local&#8221;.<\/p>\n<p>No momento, a Prefeitura de S\u00e3o Paulo, vizinha do Convento, informou que fez os testes e encontrou um m\u00e9todo para remover a tinta bege, s\u00f3 que precisa da autoriza\u00e7\u00e3o do Condephaat. J\u00e1 o Condephaat disse que est\u00e1 esperando a Prefeitura apresentar o projeto.<\/p>\n<p><em>Com informa\u00e7\u00f5es do portal G1 de not\u00edcias.<\/em><\/p>\n<p><strong>HIST\u00d3RICO<\/strong><\/p>\n<p>O Convento e Santu\u00e1rio S\u00e3o Francisco completou no ano de 2017, 370 anos de funda\u00e7\u00e3o. Ele foi inaugurado no dia 17 de setembro de 1647. Na \u00e9poca da inaugura\u00e7\u00e3o era o maior j\u00e1 constru\u00eddo em S\u00e3o Paulo.\u00a0 At\u00e9 2004 foi a sede da Prov\u00edncia Franciscana da Imaculada Concei\u00e7\u00e3o do Brasil, que abrange os estados de Esp\u00edrito Santo, Rio de Janeiro, S\u00e3o Paulo, Paran\u00e1 e Santa Catarina. Ela foi fundada em 15 de julho de 1675. No dia 6 de junho de 1997, o Cardeal Dom Paulo Evaristo Arns, declarou que o Convento de S\u00e3o Francisco passaria a ser tamb\u00e9m Santu\u00e1rio S\u00e3o Francisco, j\u00e1 que recebe fi\u00e9is de toda a Grande S\u00e3o Paulo.<\/p>\n<p><iframe loading=\"lazy\" src=\"https:\/\/www.youtube.com\/embed\/F5qCpfnALwU\" width=\"100%\" height=\"480\" frameborder=\"0\" allowfullscreen=\"allowfullscreen\"><span data-mce-type=\"bookmark\" style=\"display: inline-block; width: 0px; overflow: hidden; line-height: 0;\" class=\"mce_SELRES_start\">\ufeff<\/span><\/iframe><\/p>\n","protected":false},"excerpt":{"rendered":"<p>Convento S\u00e3o Francisco de S\u00e3o Paulo (SP)<\/p>\n","protected":false},"author":3,"featured_media":205309,"comment_status":"open","ping_status":"open","sticky":false,"template":"","format":"standard","meta":[],"categories":[1],"tags":[312],"acf":[],"yoast_head":"<!-- This site is optimized with the Yoast SEO plugin v19.2 - https:\/\/yoast.com\/wordpress\/plugins\/seo\/ -->\n<title>Um ano depois, fachada do Convento S\u00e3o Francisco continua &quot;pintada&quot; - Not\u00edcias - Franciscanos<\/title>\n<meta name=\"robots\" content=\"index, follow, max-snippet:-1, max-image-preview:large, max-video-preview:-1\" \/>\n<link rel=\"canonical\" href=\"https:\/\/franciscanos.org.br\/noticias\/um-ano-depois-fachada-do-convento-sao-francisco-continua-pintada.html\" \/>\n<meta property=\"og:locale\" content=\"pt_BR\" \/>\n<meta property=\"og:type\" content=\"article\" \/>\n<meta property=\"og:title\" content=\"Um ano depois, fachada do Convento S\u00e3o Francisco continua &quot;pintada&quot; - Not\u00edcias - Franciscanos\" \/>\n<meta property=\"og:description\" content=\"Convento S\u00e3o Francisco de S\u00e3o Paulo (SP)\" \/>\n<meta property=\"og:url\" content=\"https:\/\/franciscanos.org.br\/noticias\/um-ano-depois-fachada-do-convento-sao-francisco-continua-pintada.html\" \/>\n<meta property=\"og:site_name\" content=\"Not\u00edcias - Franciscanos\" \/>\n<meta property=\"article:published_time\" content=\"2019-06-03T18:59:08+00:00\" \/>\n<meta property=\"article:modified_time\" content=\"2019-06-03T19:48:46+00:00\" \/>\n<meta property=\"og:image\" content=\"https:\/\/franciscanos.org.br\/noticias\/wp-content\/uploads\/2019\/06\/fachada_020619_1.jpg\" \/>\n\t<meta property=\"og:image:width\" content=\"273\" \/>\n\t<meta property=\"og:image:height\" content=\"181\" \/>\n\t<meta property=\"og:image:type\" content=\"image\/jpeg\" \/>\n<meta name=\"author\" content=\"moacir\" \/>\n<meta name=\"twitter:card\" content=\"summary_large_image\" \/>\n<meta name=\"twitter:label1\" content=\"Escrito por\" \/>\n\t<meta name=\"twitter:data1\" content=\"moacir\" \/>\n\t<meta name=\"twitter:label2\" content=\"Est. tempo de leitura\" \/>\n\t<meta name=\"twitter:data2\" content=\"2 minutos\" \/>\n<script type=\"application\/ld+json\" class=\"yoast-schema-graph\">{\"@context\":\"https:\/\/schema.org\",\"@graph\":[{\"@type\":\"WebSite\",\"@id\":\"https:\/\/franciscanos.org.br\/noticias\/#website\",\"url\":\"https:\/\/franciscanos.org.br\/noticias\/\",\"name\":\"Not\u00edcias - Franciscanos\",\"description\":\"Prov\u00edncia Franciscana da Imaculada Concei\u00e7\u00e3o do Brasil - Ordem dos Frades Menores - OFM\",\"potentialAction\":[{\"@type\":\"SearchAction\",\"target\":{\"@type\":\"EntryPoint\",\"urlTemplate\":\"https:\/\/franciscanos.org.br\/noticias\/?s={search_term_string}\"},\"query-input\":\"required name=search_term_string\"}],\"inLanguage\":\"pt-BR\"},{\"@type\":\"ImageObject\",\"inLanguage\":\"pt-BR\",\"@id\":\"https:\/\/franciscanos.org.br\/noticias\/um-ano-depois-fachada-do-convento-sao-francisco-continua-pintada.html#primaryimage\",\"url\":\"https:\/\/franciscanos.org.br\/noticias\/wp-content\/uploads\/2019\/06\/fachada_020619_1.jpg\",\"contentUrl\":\"https:\/\/franciscanos.org.br\/noticias\/wp-content\/uploads\/2019\/06\/fachada_020619_1.jpg\",\"width\":273,\"height\":181},{\"@type\":\"WebPage\",\"@id\":\"https:\/\/franciscanos.org.br\/noticias\/um-ano-depois-fachada-do-convento-sao-francisco-continua-pintada.html#webpage\",\"url\":\"https:\/\/franciscanos.org.br\/noticias\/um-ano-depois-fachada-do-convento-sao-francisco-continua-pintada.html\",\"name\":\"Um ano depois, fachada do Convento S\u00e3o Francisco continua \\\"pintada\\\" - Not\u00edcias - Franciscanos\",\"isPartOf\":{\"@id\":\"https:\/\/franciscanos.org.br\/noticias\/#website\"},\"primaryImageOfPage\":{\"@id\":\"https:\/\/franciscanos.org.br\/noticias\/um-ano-depois-fachada-do-convento-sao-francisco-continua-pintada.html#primaryimage\"},\"datePublished\":\"2019-06-03T18:59:08+00:00\",\"dateModified\":\"2019-06-03T19:48:46+00:00\",\"author\":{\"@id\":\"https:\/\/franciscanos.org.br\/noticias\/#\/schema\/person\/b5c8cba458c330ccff548b056e95a5d4\"},\"breadcrumb\":{\"@id\":\"https:\/\/franciscanos.org.br\/noticias\/um-ano-depois-fachada-do-convento-sao-francisco-continua-pintada.html#breadcrumb\"},\"inLanguage\":\"pt-BR\",\"potentialAction\":[{\"@type\":\"ReadAction\",\"target\":[\"https:\/\/franciscanos.org.br\/noticias\/um-ano-depois-fachada-do-convento-sao-francisco-continua-pintada.html\"]}]},{\"@type\":\"BreadcrumbList\",\"@id\":\"https:\/\/franciscanos.org.br\/noticias\/um-ano-depois-fachada-do-convento-sao-francisco-continua-pintada.html#breadcrumb\",\"itemListElement\":[{\"@type\":\"ListItem\",\"position\":1,\"name\":\"Home\",\"item\":\"https:\/\/franciscanos.org.br\/noticias\"},{\"@type\":\"ListItem\",\"position\":2,\"name\":\"Um ano depois, fachada do Convento S\u00e3o Francisco continua &#8220;pintada&#8221;\"}]},{\"@type\":\"Person\",\"@id\":\"https:\/\/franciscanos.org.br\/noticias\/#\/schema\/person\/b5c8cba458c330ccff548b056e95a5d4\",\"name\":\"moacir\",\"image\":{\"@type\":\"ImageObject\",\"inLanguage\":\"pt-BR\",\"@id\":\"https:\/\/franciscanos.org.br\/noticias\/#\/schema\/person\/image\/\",\"url\":\"https:\/\/secure.gravatar.com\/avatar\/d08aa2ce4c8dd416d4479aa8536fcf64?s=96&d=mm&r=g\",\"contentUrl\":\"https:\/\/secure.gravatar.com\/avatar\/d08aa2ce4c8dd416d4479aa8536fcf64?s=96&d=mm&r=g\",\"caption\":\"moacir\"},\"url\":\"https:\/\/franciscanos.org.br\/noticias\/author\/moacir\"}]}<\/script>\n<!-- \/ Yoast SEO plugin. -->","yoast_head_json":{"title":"Um ano depois, fachada do Convento S\u00e3o Francisco continua \"pintada\" - Not\u00edcias - Franciscanos","robots":{"index":"index","follow":"follow","max-snippet":"max-snippet:-1","max-image-preview":"max-image-preview:large","max-video-preview":"max-video-preview:-1"},"canonical":"https:\/\/franciscanos.org.br\/noticias\/um-ano-depois-fachada-do-convento-sao-francisco-continua-pintada.html","og_locale":"pt_BR","og_type":"article","og_title":"Um ano depois, fachada do Convento S\u00e3o Francisco continua \"pintada\" - Not\u00edcias - Franciscanos","og_description":"Convento S\u00e3o Francisco de S\u00e3o Paulo (SP)","og_url":"https:\/\/franciscanos.org.br\/noticias\/um-ano-depois-fachada-do-convento-sao-francisco-continua-pintada.html","og_site_name":"Not\u00edcias - Franciscanos","article_published_time":"2019-06-03T18:59:08+00:00","article_modified_time":"2019-06-03T19:48:46+00:00","og_image":[{"width":273,"height":181,"url":"https:\/\/franciscanos.org.br\/noticias\/wp-content\/uploads\/2019\/06\/fachada_020619_1.jpg","type":"image\/jpeg"}],"author":"moacir","twitter_card":"summary_large_image","twitter_misc":{"Escrito por":"moacir","Est. tempo de leitura":"2 minutos"},"schema":{"@context":"https:\/\/schema.org","@graph":[{"@type":"WebSite","@id":"https:\/\/franciscanos.org.br\/noticias\/#website","url":"https:\/\/franciscanos.org.br\/noticias\/","name":"Not\u00edcias - Franciscanos","description":"Prov\u00edncia Franciscana da Imaculada Concei\u00e7\u00e3o do Brasil - Ordem dos Frades Menores - OFM","potentialAction":[{"@type":"SearchAction","target":{"@type":"EntryPoint","urlTemplate":"https:\/\/franciscanos.org.br\/noticias\/?s={search_term_string}"},"query-input":"required name=search_term_string"}],"inLanguage":"pt-BR"},{"@type":"ImageObject","inLanguage":"pt-BR","@id":"https:\/\/franciscanos.org.br\/noticias\/um-ano-depois-fachada-do-convento-sao-francisco-continua-pintada.html#primaryimage","url":"https:\/\/franciscanos.org.br\/noticias\/wp-content\/uploads\/2019\/06\/fachada_020619_1.jpg","contentUrl":"https:\/\/franciscanos.org.br\/noticias\/wp-content\/uploads\/2019\/06\/fachada_020619_1.jpg","width":273,"height":181},{"@type":"WebPage","@id":"https:\/\/franciscanos.org.br\/noticias\/um-ano-depois-fachada-do-convento-sao-francisco-continua-pintada.html#webpage","url":"https:\/\/franciscanos.org.br\/noticias\/um-ano-depois-fachada-do-convento-sao-francisco-continua-pintada.html","name":"Um ano depois, fachada do Convento S\u00e3o Francisco continua \"pintada\" - Not\u00edcias - Franciscanos","isPartOf":{"@id":"https:\/\/franciscanos.org.br\/noticias\/#website"},"primaryImageOfPage":{"@id":"https:\/\/franciscanos.org.br\/noticias\/um-ano-depois-fachada-do-convento-sao-francisco-continua-pintada.html#primaryimage"},"datePublished":"2019-06-03T18:59:08+00:00","dateModified":"2019-06-03T19:48:46+00:00","author":{"@id":"https:\/\/franciscanos.org.br\/noticias\/#\/schema\/person\/b5c8cba458c330ccff548b056e95a5d4"},"breadcrumb":{"@id":"https:\/\/franciscanos.org.br\/noticias\/um-ano-depois-fachada-do-convento-sao-francisco-continua-pintada.html#breadcrumb"},"inLanguage":"pt-BR","potentialAction":[{"@type":"ReadAction","target":["https:\/\/franciscanos.org.br\/noticias\/um-ano-depois-fachada-do-convento-sao-francisco-continua-pintada.html"]}]},{"@type":"BreadcrumbList","@id":"https:\/\/franciscanos.org.br\/noticias\/um-ano-depois-fachada-do-convento-sao-francisco-continua-pintada.html#breadcrumb","itemListElement":[{"@type":"ListItem","position":1,"name":"Home","item":"https:\/\/franciscanos.org.br\/noticias"},{"@type":"ListItem","position":2,"name":"Um ano depois, fachada do Convento S\u00e3o Francisco continua &#8220;pintada&#8221;"}]},{"@type":"Person","@id":"https:\/\/franciscanos.org.br\/noticias\/#\/schema\/person\/b5c8cba458c330ccff548b056e95a5d4","name":"moacir","image":{"@type":"ImageObject","inLanguage":"pt-BR","@id":"https:\/\/franciscanos.org.br\/noticias\/#\/schema\/person\/image\/","url":"https:\/\/secure.gravatar.com\/avatar\/d08aa2ce4c8dd416d4479aa8536fcf64?s=96&d=mm&r=g","contentUrl":"https:\/\/secure.gravatar.com\/avatar\/d08aa2ce4c8dd416d4479aa8536fcf64?s=96&d=mm&r=g","caption":"moacir"},"url":"https:\/\/franciscanos.org.br\/noticias\/author\/moacir"}]}},"_links":{"self":[{"href":"https:\/\/franciscanos.org.br\/noticias\/wp-json\/wp\/v2\/posts\/205307"}],"collection":[{"href":"https:\/\/franciscanos.org.br\/noticias\/wp-json\/wp\/v2\/posts"}],"about":[{"href":"https:\/\/franciscanos.org.br\/noticias\/wp-json\/wp\/v2\/types\/post"}],"author":[{"embeddable":true,"href":"https:\/\/franciscanos.org.br\/noticias\/wp-json\/wp\/v2\/users\/3"}],"replies":[{"embeddable":true,"href":"https:\/\/franciscanos.org.br\/noticias\/wp-json\/wp\/v2\/comments?post=205307"}],"version-history":[{"count":0,"href":"https:\/\/franciscanos.org.br\/noticias\/wp-json\/wp\/v2\/posts\/205307\/revisions"}],"wp:featuredmedia":[{"embeddable":true,"href":"https:\/\/franciscanos.org.br\/noticias\/wp-json\/wp\/v2\/media\/205309"}],"wp:attachment":[{"href":"https:\/\/franciscanos.org.br\/noticias\/wp-json\/wp\/v2\/media?parent=205307"}],"wp:term":[{"taxonomy":"category","embeddable":true,"href":"https:\/\/franciscanos.org.br\/noticias\/wp-json\/wp\/v2\/categories?post=205307"},{"taxonomy":"post_tag","embeddable":true,"href":"https:\/\/franciscanos.org.br\/noticias\/wp-json\/wp\/v2\/tags?post=205307"}],"curies":[{"name":"wp","href":"https:\/\/api.w.org\/{rel}","templated":true}]}}