{"id":205295,"date":"2019-06-03T10:58:08","date_gmt":"2019-06-03T13:58:08","guid":{"rendered":"https:\/\/franciscanos.org.br\/noticias\/?p=205295"},"modified":"2019-09-03T09:14:08","modified_gmt":"2019-09-03T12:14:08","slug":"mose-fala-nesta-terca-do-novo-livro-com-a-editora-vozes","status":"publish","type":"post","link":"https:\/\/franciscanos.org.br\/noticias\/mose-fala-nesta-terca-do-novo-livro-com-a-editora-vozes.html","title":{"rendered":"Mos\u00e9 fala nesta ter\u00e7a do novo livro com a Editora Vozes"},"content":{"rendered":"<p><img loading=\"lazy\" class=\"alignnone size-full wp-image-205303\" src=\"https:\/\/franciscanos.org.br\/noticias\/wp-content\/uploads\/2019\/06\/mose_0306.jpg\" alt=\"\" width=\"890\" height=\"523\" srcset=\"https:\/\/franciscanos.org.br\/noticias\/wp-content\/uploads\/2019\/06\/mose_0306.jpg 890w, https:\/\/franciscanos.org.br\/noticias\/wp-content\/uploads\/2019\/06\/mose_0306-450x264.jpg 450w, https:\/\/franciscanos.org.br\/noticias\/wp-content\/uploads\/2019\/06\/mose_0306-768x451.jpg 768w, https:\/\/franciscanos.org.br\/noticias\/wp-content\/uploads\/2019\/06\/mose_0306-150x88.jpg 150w\" sizes=\"(max-width: 890px) 100vw, 890px\" \/><\/p>\n<h3><strong>Viviane Mos\u00e9 promove roda de conversa e noite de aut\u00f3grafos no Rio de Janeiro<\/strong><\/h3>\n<h3><strong>A esp\u00e9cie que sabe &#8211; <\/strong><strong>Do Homo Sapiens \u00e0 crise da raz\u00e3o<\/strong><\/h3>\n<p>Neste dia 04 de junho, a partir das 19 horas, em parceria com a Editora Vozes e a Livraria da Travessa, Viviane promove uma roda de conversa sobre os temas de seus livros, inclusive o lan\u00e7amento &#8220;A esp\u00e9cie que sabe&#8221;, seguido de sess\u00e3o de aut\u00f3grafos.<\/p>\n<p>&#8220;A esp\u00e9cie que sabe&#8230;&#8221; \u00e9 um livro \u00fatil para todo aquele que busca iniciar uma trajet\u00f3ria em dire\u00e7\u00e3o \u00e0s grandes quest\u00f5es que moveram a humanidade at\u00e9 aqui. Ele descreve uma jornada em dire\u00e7\u00e3o ao pensamento filos\u00f3fico por meio de uma linha, provis\u00f3ria e pontilhada, que parte do surgimento do <em>Homo sapiens sapiens <\/em>at\u00e9 os dias atuais. Especialmente em fun\u00e7\u00e3o dos impasses que vivemos, o eixo desta busca \u00e9 o ser humano, o seu modo de ordena\u00e7\u00e3o, o modo como foi cunhado como ser racional. Afinal, o que somos? O que nos tornamos? S\u00e3o perguntas essenciais no mundo contempor\u00e2neo. Por que chegamos at\u00e9 aqui? E de que modo podemos sair deste impasse?<\/p>\n<p>Falamos da era da p\u00f3s-verdade, mas n\u00e3o sabemos o que \u00e9 e o que significa esta transforma\u00e7\u00e3o. Neste livro, a cria\u00e7\u00e3o da raz\u00e3o e da verdade, esta que hoje desaba, \u00e9 tema central. Guiada por Nietzsche, Viviane Mos\u00e9 discute n\u00e3o apenas o nascimento da raz\u00e3o ocidental, mas a queda deste modelo de ordena\u00e7\u00e3o do pensamento. Mais do que isso, esta an\u00e1lise busca nos preparar para estes novos tempos onde tudo se torna perspectiva.<\/p>\n<p>O livro, enfim, nos mostra como esta queda da verdade j\u00e1 estava anunciada desde Hume; mais ainda, e de certo modo, desde Her\u00e1clito. Operacional e excessivamente simplificadora, redutora, a raz\u00e3o, e a racionalidade que veio dela, \u00e9 um modo de ordena\u00e7\u00e3o que j\u00e1 nasceu fadado; afinal, a vida \u00e9 fluxo, provisoriedade, transforma\u00e7\u00e3o. Um pr\u00e9dio em ru\u00ednas e ao mesmo tempo um pr\u00e9dio em constru\u00e7\u00e3o, o mundo contempor\u00e2neo abre novas possibilidades de ordena\u00e7\u00e3o; vamos ent\u00e3o reinvent\u00e1-las.<\/p>\n<h3><strong><img loading=\"lazy\" class=\"alignleft size-full wp-image-205298\" src=\"https:\/\/franciscanos.org.br\/noticias\/wp-content\/uploads\/2019\/06\/a-especie-que-sabe.jpg\" alt=\"\" width=\"200\" height=\"319\" srcset=\"https:\/\/franciscanos.org.br\/noticias\/wp-content\/uploads\/2019\/06\/a-especie-que-sabe.jpg 200w, https:\/\/franciscanos.org.br\/noticias\/wp-content\/uploads\/2019\/06\/a-especie-que-sabe-150x239.jpg 150w\" sizes=\"(max-width: 200px) 100vw, 200px\" \/><\/strong><\/h3>\n<p>Enquanto a erudi\u00e7\u00e3o obriga os povos tradicionalmente cultos a vasculhar o passado em busca de respostas, n\u00f3s, os sem lastro, somos impulsionados para frente; muitas vezes distantes das condi\u00e7\u00f5es m\u00ednimas de sobreviv\u00eancia, estivemos, desde o princ\u00edpio, condenados a criar. Mas nossa criatividade, tipicamente brasileira, continua existindo apesar da escola, que nos ensina hist\u00f3ria da literatura antes mesmo de nos inserir no universo est\u00e9tico da escrita. S\u00edndrome dos subordinados que nasceram para decorar, repetir os gestos dos grandes, dos que pensam, dos fil\u00f3sofos, n\u00f3s os broncos. Mas estamos todos, hoje, condenados a inventar mundos menos desiguais, onde o valor da vida seja a grande moeda, em vez da explora\u00e7\u00e3o, do consumo, da aus\u00eancia de densidade humana, e de alegria. Foi assumir esta impossibilidade, a de fazer filosofia hoje, que impulsionou a autora a escrever este livro: n\u00e3o importa a filosofia, mas a vida.<\/p>\n<p><strong>VIVIANE MOS\u00c9<\/strong><em> \u00e9 capixaba e vive no Rio desde 1992. Psic\u00f3loga e psicanalista, mestra e doutora em Filosofia, especialista em Elabora\u00e7\u00e3o e Implementa\u00e7\u00e3o de Pol\u00edticas P\u00fablicas, tem 11 livros publicados e foi duas vezes indicada ao Pr\u00eamio Jabuti, pelos livros Stela do Patroc\u00ednio e A escola e os desafios contempor\u00e2neos. Escreveu e apresentou o quadro Ser ou N\u00e3o Ser no Fant\u00e1stico da TV Globo, em 2005 e 2006. Fez coment\u00e1rios di\u00e1rios na R\u00e1dio CBN durante 6 anos. \u00c9 s\u00f3cia da Usina Pensamento.<\/em><\/p>\n<hr \/>\n<h3><strong><u>SERVI\u00c7O<\/u><\/strong><\/h3>\n<p><strong>Roda de conversa e noite de aut\u00f3grafos com a escritora Viviane Mos\u00e9<\/strong><\/p>\n<p><strong>Data: 04 de junho de 2019<\/strong><\/p>\n<p><strong>Hor\u00e1rio: 19h<\/strong><\/p>\n<p><strong>Local:\u00a0Livraria da Travessa<\/strong><\/p>\n<p><strong>SHOPPING LEBLON\u00a0<\/strong><br \/>\n<strong>Av. Afr\u00e2nio de Melo Franco, 290 &#8211; loja 205 A<\/strong><br \/>\n<strong>CEP: 22430-060 \/ Telefone:\u00a0(21) 3138-9600<\/strong><\/p>\n<h2>MAIS LAN\u00c7AMENTOS DA VOZES<\/h2>\n<hr \/>\n<h3><strong><img loading=\"lazy\" class=\"alignleft size-full wp-image-205297\" src=\"https:\/\/franciscanos.org.br\/noticias\/wp-content\/uploads\/2019\/06\/inovar.jpg\" alt=\"\" width=\"200\" height=\"308\" srcset=\"https:\/\/franciscanos.org.br\/noticias\/wp-content\/uploads\/2019\/06\/inovar.jpg 200w, https:\/\/franciscanos.org.br\/noticias\/wp-content\/uploads\/2019\/06\/inovar-150x231.jpg 150w\" sizes=\"(max-width: 200px) 100vw, 200px\" \/>Inovar \u00e9 assumir um compromisso \u00e9tico com a educa\u00e7\u00e3o<\/strong><\/h3>\n<p><em>Jos\u00e9 Pacheco<\/em><\/p>\n<p>Com o intuito de desvendar alguns mitos e cren\u00e7as da educa\u00e7\u00e3o e trazer inova\u00e7\u00f5es para a realidade escolar, esta obra traz propostas concretas de mudan\u00e7a, atos primordiais, destinados \u00e0queles que ousarem come\u00e7ar a criar alternativas \u00e0 velha escola. Estamos chegando ao fim de um longo tempo, durante o qual se comprometeu o futuro de milh\u00f5es de jovens. E com esse fim, o fim de uma certa maneira de entender e de fazer escola. Outro mundo j\u00e1 est\u00e1 sendo constru\u00eddo.<\/p>\n<p>O autor decidiu escrever mais um livro porque ainda h\u00e1 quem creia que, dando aula, ensina. Porque ainda h\u00e1 quem enfeite as escolas com computadores e outros paliativos, que visam ocultar os nefastos efeitos de um obsoleto modelo educacional e impedem a emerg\u00eancia de uma nova constru\u00e7\u00e3o social de aprendizagem. Porque a mercantiliza\u00e7\u00e3o de um direito humano (o direito \u00e0 educa\u00e7\u00e3o) cresce exponencialmente, a par do criminoso sucateamento da escola p\u00fablica. Porque, desde o professor ao ministro, por ignor\u00e2ncia ou perf\u00eddia, aqueles a quem competiria criar condi\u00e7\u00f5es de a todos garantir esse inalien\u00e1vel direito recusam assumir um compromisso \u00e9tico com a educa\u00e7\u00e3o. Porque, no aventureirismo pedag\u00f3gico das pseudoinova\u00e7\u00f5es, hipotecamos destinos. Porque, entre a propaganda enganosa de sistemas de ensino e \u201ccursinhos\u201d, pessoas s\u00e3o transformadas em bonsais humanos. Porque ainda h\u00e1 quem creia que inova\u00e7\u00e3o consiste em fazer ef\u00eameras hortas em \u201cescolas tradicionais\u201d, ou fomentar o ego\u00edsmo de juvenis \u201cprotagonismos\u201d em escolas \u201calternativas\u201d. Falemos, pois, de inova\u00e7\u00e3o.<\/p>\n<p><strong>Jos\u00e9 Pacheco<\/strong> <em>\u00e9 idealizador, coordenador e professor, h\u00e1 tr\u00eas d\u00e9cadas, do\/no Projeto Escola da Ponte. Al\u00e9m de licenciado em Ci\u00eancias da Educa\u00e7\u00e3o pela Faculdade de Psicologia e de Ci\u00eancias da Educa\u00e7\u00e3o da Universidade do Porto, \u00e9 mestre em Educa\u00e7\u00e3o da Crian\u00e7a pela mesma universidade.<\/em><\/p>\n<p>&nbsp;<\/p>\n<h3><strong><img loading=\"lazy\" class=\"alignleft size-full wp-image-205299\" src=\"https:\/\/franciscanos.org.br\/noticias\/wp-content\/uploads\/2019\/06\/pero-vaz.jpg\" alt=\"\" width=\"200\" height=\"337\" srcset=\"https:\/\/franciscanos.org.br\/noticias\/wp-content\/uploads\/2019\/06\/pero-vaz.jpg 200w, https:\/\/franciscanos.org.br\/noticias\/wp-content\/uploads\/2019\/06\/pero-vaz-150x253.jpg 150w\" sizes=\"(max-width: 200px) 100vw, 200px\" \/>A Carta de Pero Vaz de Caminha<\/strong><\/h3>\n<p>Escrita por Pero (Pedro) Vaz de Caminha (1450 \u2013 1500), fidalgo portugu\u00eas e escriv\u00e3o oficial da esquadra de Pedro \u00c1lvares Cabral (1467 \u2013 1520), a Carta \u00e9 um dos documentos mais importantes da hist\u00f3ria dos descobrimentos portugueses. Em 1500, Caminha foi nomeado escriv\u00e3o da feitoria a ser erguida em Calicute, na \u00edndia, raz\u00e3o pela qual se encontrava na nau capit\u00e2nia da armada de Cabral naquele mesmo ano, quando a mesma encontrou o Brasil.<\/p>\n<p>Em 1817, o padre Manuel Aires do Casal fez uma c\u00f3pia da carta e a publicou na imprensa, tornando-a p\u00fablica e conhecida pela primeira vez. Sem d\u00favidas, a Carta do Descobrimento inaugura n\u00e3o apenas a nossa hist\u00f3ria enquanto na\u00e7\u00e3o, a nossa entrada na narrativa ocidental, mas tamb\u00e9m abre uma esp\u00e9cie de mitologia cultural brasileira no que diz respeito \u00e0 natureza ed\u00eanica, ao primitivismo ind\u00edgena, ao \u00edndio cordial, ao contato ameno entre duas ra\u00e7as etc.<\/p>\n<p>A <em>Cole\u00e7\u00e3o<\/em> <em>Vozes de Bolso \u2013 Literatura Brasileira <\/em>se prop\u00f5e a trazer ao p\u00fablico um novo tipo de trabalho em torno de grandes cl\u00e1ssicos da literatura de l\u00edngua portuguesa. S\u00e3o todos textos j\u00e1 canonizados pela nossa tradi\u00e7\u00e3o, por\u00e9m com alguns \u201caditivos\u201d que agregam valor e for\u00e7a aos mesmos.<\/p>\n<p>&nbsp;<\/p>\n<h3><strong><img loading=\"lazy\" class=\"alignleft size-full wp-image-205300\" src=\"https:\/\/franciscanos.org.br\/noticias\/wp-content\/uploads\/2019\/06\/o-crime-do-padre-amaro.jpg\" alt=\"\" width=\"200\" height=\"340\" srcset=\"https:\/\/franciscanos.org.br\/noticias\/wp-content\/uploads\/2019\/06\/o-crime-do-padre-amaro.jpg 200w, https:\/\/franciscanos.org.br\/noticias\/wp-content\/uploads\/2019\/06\/o-crime-do-padre-amaro-150x255.jpg 150w\" sizes=\"(max-width: 200px) 100vw, 200px\" \/>O crime do Padre Amaro<\/strong><\/h3>\n<p><strong>E\u00e7a de Queir\u00f3s<\/strong><\/p>\n<p>Quando publicou \u201cO crime do Padre Amaro\u201d, em 1875, pela Livraria Chardron, o escritor portugu\u00eas E\u00e7a de Queiros fez uma esp\u00e9cie de \u201cdeclara\u00e7\u00e3o de guerra\u201d ao conservadorismo da sociedade portuguesa, muito marcada pela influ\u00eancia ideol\u00f3gica e moral da Igreja Cat\u00f3lica e da monarquia. E\u00e7a de Queiros \u00e9 o principal representante do Realismo portugu\u00eas, cuja obra j\u00e1 foi traduzida para mais de vinte idiomas.<\/p>\n<p>O crime de Padre Amaro foi considerado, em, Portugal, o maior esc\u00e2ndalo liter\u00e1rio do seu tempo. Provocou in\u00fameras rea\u00e7\u00f5es da Igreja Cat\u00f3lica, como amea\u00e7as de excomunh\u00e3o do autor e de inclus\u00e3o dele no Index Librorum Prohibitorum, o famoso \u00edndice de livros proibidos pela Igreja, ainda vigente naquela \u00e9poca. O ponto central do enredo deste romance \u00e9 a corrup\u00e7\u00e3o moral de uma significativa parcela do clero portugu\u00eas, envolvendo os membros da baixa e tamb\u00e9m da alta hierarquia, esta sempre conivente com desvios morais e \u00e9ticos dos seus membros, de acordo com os interesses de cada momento e lugar.<\/p>\n<p>A <em>Cole\u00e7\u00e3o<\/em> <em>Vozes de Bolso \u2013 Literatura Brasileira <\/em>se prop\u00f5e a trazer ao p\u00fablico um novo tipo de trabalho em torno de grandes cl\u00e1ssicos da literatura de l\u00edngua portuguesa. S\u00e3o todos textos j\u00e1 canonizados pela nossa tradi\u00e7\u00e3o, por\u00e9m com alguns \u201caditivos\u201d que agregam valor e for\u00e7a aos mesmos.<\/p>\n","protected":false},"excerpt":{"rendered":"<p>Editora Vozes<\/p>\n","protected":false},"author":7,"featured_media":205304,"comment_status":"open","ping_status":"open","sticky":false,"template":"","format":"standard","meta":[],"categories":[1],"tags":[238],"acf":[],"yoast_head":"<!-- This site is optimized with the Yoast SEO plugin v19.2 - https:\/\/yoast.com\/wordpress\/plugins\/seo\/ -->\n<title>Mos\u00e9 fala nesta ter\u00e7a do novo livro com a Editora Vozes - Not\u00edcias - Franciscanos<\/title>\n<meta name=\"robots\" content=\"index, follow, max-snippet:-1, max-image-preview:large, max-video-preview:-1\" \/>\n<link rel=\"canonical\" href=\"https:\/\/franciscanos.org.br\/noticias\/mose-fala-nesta-terca-do-novo-livro-com-a-editora-vozes.html\" \/>\n<meta property=\"og:locale\" content=\"pt_BR\" \/>\n<meta property=\"og:type\" content=\"article\" \/>\n<meta property=\"og:title\" content=\"Mos\u00e9 fala nesta ter\u00e7a do novo livro com a Editora Vozes - Not\u00edcias - Franciscanos\" \/>\n<meta property=\"og:description\" content=\"Editora Vozes\" \/>\n<meta property=\"og:url\" content=\"https:\/\/franciscanos.org.br\/noticias\/mose-fala-nesta-terca-do-novo-livro-com-a-editora-vozes.html\" \/>\n<meta property=\"og:site_name\" content=\"Not\u00edcias - Franciscanos\" \/>\n<meta property=\"article:published_time\" content=\"2019-06-03T13:58:08+00:00\" \/>\n<meta property=\"article:modified_time\" content=\"2019-09-03T12:14:08+00:00\" \/>\n<meta property=\"og:image\" content=\"https:\/\/franciscanos.org.br\/noticias\/wp-content\/uploads\/2019\/06\/mose_0306d.jpg\" \/>\n\t<meta property=\"og:image:width\" content=\"273\" \/>\n\t<meta property=\"og:image:height\" content=\"181\" \/>\n\t<meta property=\"og:image:type\" content=\"image\/jpeg\" \/>\n<meta name=\"author\" content=\"jovenal\" \/>\n<meta name=\"twitter:card\" content=\"summary_large_image\" \/>\n<meta name=\"twitter:label1\" content=\"Escrito por\" \/>\n\t<meta name=\"twitter:data1\" content=\"jovenal\" \/>\n\t<meta name=\"twitter:label2\" content=\"Est. tempo de leitura\" \/>\n\t<meta name=\"twitter:data2\" content=\"7 minutos\" \/>\n<script type=\"application\/ld+json\" class=\"yoast-schema-graph\">{\"@context\":\"https:\/\/schema.org\",\"@graph\":[{\"@type\":\"WebSite\",\"@id\":\"https:\/\/franciscanos.org.br\/noticias\/#website\",\"url\":\"https:\/\/franciscanos.org.br\/noticias\/\",\"name\":\"Not\u00edcias - Franciscanos\",\"description\":\"Prov\u00edncia Franciscana da Imaculada Concei\u00e7\u00e3o do Brasil - Ordem dos Frades Menores - OFM\",\"potentialAction\":[{\"@type\":\"SearchAction\",\"target\":{\"@type\":\"EntryPoint\",\"urlTemplate\":\"https:\/\/franciscanos.org.br\/noticias\/?s={search_term_string}\"},\"query-input\":\"required name=search_term_string\"}],\"inLanguage\":\"pt-BR\"},{\"@type\":\"ImageObject\",\"inLanguage\":\"pt-BR\",\"@id\":\"https:\/\/franciscanos.org.br\/noticias\/mose-fala-nesta-terca-do-novo-livro-com-a-editora-vozes.html#primaryimage\",\"url\":\"https:\/\/franciscanos.org.br\/noticias\/wp-content\/uploads\/2019\/06\/mose_0306d.jpg\",\"contentUrl\":\"https:\/\/franciscanos.org.br\/noticias\/wp-content\/uploads\/2019\/06\/mose_0306d.jpg\",\"width\":273,\"height\":181},{\"@type\":\"WebPage\",\"@id\":\"https:\/\/franciscanos.org.br\/noticias\/mose-fala-nesta-terca-do-novo-livro-com-a-editora-vozes.html#webpage\",\"url\":\"https:\/\/franciscanos.org.br\/noticias\/mose-fala-nesta-terca-do-novo-livro-com-a-editora-vozes.html\",\"name\":\"Mos\u00e9 fala nesta ter\u00e7a do novo livro com a Editora Vozes - Not\u00edcias - Franciscanos\",\"isPartOf\":{\"@id\":\"https:\/\/franciscanos.org.br\/noticias\/#website\"},\"primaryImageOfPage\":{\"@id\":\"https:\/\/franciscanos.org.br\/noticias\/mose-fala-nesta-terca-do-novo-livro-com-a-editora-vozes.html#primaryimage\"},\"datePublished\":\"2019-06-03T13:58:08+00:00\",\"dateModified\":\"2019-09-03T12:14:08+00:00\",\"author\":{\"@id\":\"https:\/\/franciscanos.org.br\/noticias\/#\/schema\/person\/c3a26b08313dd1772495ce300ab257cc\"},\"breadcrumb\":{\"@id\":\"https:\/\/franciscanos.org.br\/noticias\/mose-fala-nesta-terca-do-novo-livro-com-a-editora-vozes.html#breadcrumb\"},\"inLanguage\":\"pt-BR\",\"potentialAction\":[{\"@type\":\"ReadAction\",\"target\":[\"https:\/\/franciscanos.org.br\/noticias\/mose-fala-nesta-terca-do-novo-livro-com-a-editora-vozes.html\"]}]},{\"@type\":\"BreadcrumbList\",\"@id\":\"https:\/\/franciscanos.org.br\/noticias\/mose-fala-nesta-terca-do-novo-livro-com-a-editora-vozes.html#breadcrumb\",\"itemListElement\":[{\"@type\":\"ListItem\",\"position\":1,\"name\":\"Home\",\"item\":\"https:\/\/franciscanos.org.br\/noticias\"},{\"@type\":\"ListItem\",\"position\":2,\"name\":\"Mos\u00e9 fala nesta ter\u00e7a do novo livro com a Editora Vozes\"}]},{\"@type\":\"Person\",\"@id\":\"https:\/\/franciscanos.org.br\/noticias\/#\/schema\/person\/c3a26b08313dd1772495ce300ab257cc\",\"name\":\"jovenal\",\"image\":{\"@type\":\"ImageObject\",\"inLanguage\":\"pt-BR\",\"@id\":\"https:\/\/franciscanos.org.br\/noticias\/#\/schema\/person\/image\/\",\"url\":\"https:\/\/secure.gravatar.com\/avatar\/e94509f531086e2eaf97e72f29ea00f9?s=96&d=mm&r=g\",\"contentUrl\":\"https:\/\/secure.gravatar.com\/avatar\/e94509f531086e2eaf97e72f29ea00f9?s=96&d=mm&r=g\",\"caption\":\"jovenal\"},\"url\":\"https:\/\/franciscanos.org.br\/noticias\/author\/jovenal\"}]}<\/script>\n<!-- \/ Yoast SEO plugin. -->","yoast_head_json":{"title":"Mos\u00e9 fala nesta ter\u00e7a do novo livro com a Editora Vozes - Not\u00edcias - Franciscanos","robots":{"index":"index","follow":"follow","max-snippet":"max-snippet:-1","max-image-preview":"max-image-preview:large","max-video-preview":"max-video-preview:-1"},"canonical":"https:\/\/franciscanos.org.br\/noticias\/mose-fala-nesta-terca-do-novo-livro-com-a-editora-vozes.html","og_locale":"pt_BR","og_type":"article","og_title":"Mos\u00e9 fala nesta ter\u00e7a do novo livro com a Editora Vozes - Not\u00edcias - Franciscanos","og_description":"Editora Vozes","og_url":"https:\/\/franciscanos.org.br\/noticias\/mose-fala-nesta-terca-do-novo-livro-com-a-editora-vozes.html","og_site_name":"Not\u00edcias - Franciscanos","article_published_time":"2019-06-03T13:58:08+00:00","article_modified_time":"2019-09-03T12:14:08+00:00","og_image":[{"width":273,"height":181,"url":"https:\/\/franciscanos.org.br\/noticias\/wp-content\/uploads\/2019\/06\/mose_0306d.jpg","type":"image\/jpeg"}],"author":"jovenal","twitter_card":"summary_large_image","twitter_misc":{"Escrito por":"jovenal","Est. tempo de leitura":"7 minutos"},"schema":{"@context":"https:\/\/schema.org","@graph":[{"@type":"WebSite","@id":"https:\/\/franciscanos.org.br\/noticias\/#website","url":"https:\/\/franciscanos.org.br\/noticias\/","name":"Not\u00edcias - Franciscanos","description":"Prov\u00edncia Franciscana da Imaculada Concei\u00e7\u00e3o do Brasil - Ordem dos Frades Menores - OFM","potentialAction":[{"@type":"SearchAction","target":{"@type":"EntryPoint","urlTemplate":"https:\/\/franciscanos.org.br\/noticias\/?s={search_term_string}"},"query-input":"required name=search_term_string"}],"inLanguage":"pt-BR"},{"@type":"ImageObject","inLanguage":"pt-BR","@id":"https:\/\/franciscanos.org.br\/noticias\/mose-fala-nesta-terca-do-novo-livro-com-a-editora-vozes.html#primaryimage","url":"https:\/\/franciscanos.org.br\/noticias\/wp-content\/uploads\/2019\/06\/mose_0306d.jpg","contentUrl":"https:\/\/franciscanos.org.br\/noticias\/wp-content\/uploads\/2019\/06\/mose_0306d.jpg","width":273,"height":181},{"@type":"WebPage","@id":"https:\/\/franciscanos.org.br\/noticias\/mose-fala-nesta-terca-do-novo-livro-com-a-editora-vozes.html#webpage","url":"https:\/\/franciscanos.org.br\/noticias\/mose-fala-nesta-terca-do-novo-livro-com-a-editora-vozes.html","name":"Mos\u00e9 fala nesta ter\u00e7a do novo livro com a Editora Vozes - Not\u00edcias - Franciscanos","isPartOf":{"@id":"https:\/\/franciscanos.org.br\/noticias\/#website"},"primaryImageOfPage":{"@id":"https:\/\/franciscanos.org.br\/noticias\/mose-fala-nesta-terca-do-novo-livro-com-a-editora-vozes.html#primaryimage"},"datePublished":"2019-06-03T13:58:08+00:00","dateModified":"2019-09-03T12:14:08+00:00","author":{"@id":"https:\/\/franciscanos.org.br\/noticias\/#\/schema\/person\/c3a26b08313dd1772495ce300ab257cc"},"breadcrumb":{"@id":"https:\/\/franciscanos.org.br\/noticias\/mose-fala-nesta-terca-do-novo-livro-com-a-editora-vozes.html#breadcrumb"},"inLanguage":"pt-BR","potentialAction":[{"@type":"ReadAction","target":["https:\/\/franciscanos.org.br\/noticias\/mose-fala-nesta-terca-do-novo-livro-com-a-editora-vozes.html"]}]},{"@type":"BreadcrumbList","@id":"https:\/\/franciscanos.org.br\/noticias\/mose-fala-nesta-terca-do-novo-livro-com-a-editora-vozes.html#breadcrumb","itemListElement":[{"@type":"ListItem","position":1,"name":"Home","item":"https:\/\/franciscanos.org.br\/noticias"},{"@type":"ListItem","position":2,"name":"Mos\u00e9 fala nesta ter\u00e7a do novo livro com a Editora Vozes"}]},{"@type":"Person","@id":"https:\/\/franciscanos.org.br\/noticias\/#\/schema\/person\/c3a26b08313dd1772495ce300ab257cc","name":"jovenal","image":{"@type":"ImageObject","inLanguage":"pt-BR","@id":"https:\/\/franciscanos.org.br\/noticias\/#\/schema\/person\/image\/","url":"https:\/\/secure.gravatar.com\/avatar\/e94509f531086e2eaf97e72f29ea00f9?s=96&d=mm&r=g","contentUrl":"https:\/\/secure.gravatar.com\/avatar\/e94509f531086e2eaf97e72f29ea00f9?s=96&d=mm&r=g","caption":"jovenal"},"url":"https:\/\/franciscanos.org.br\/noticias\/author\/jovenal"}]}},"_links":{"self":[{"href":"https:\/\/franciscanos.org.br\/noticias\/wp-json\/wp\/v2\/posts\/205295"}],"collection":[{"href":"https:\/\/franciscanos.org.br\/noticias\/wp-json\/wp\/v2\/posts"}],"about":[{"href":"https:\/\/franciscanos.org.br\/noticias\/wp-json\/wp\/v2\/types\/post"}],"author":[{"embeddable":true,"href":"https:\/\/franciscanos.org.br\/noticias\/wp-json\/wp\/v2\/users\/7"}],"replies":[{"embeddable":true,"href":"https:\/\/franciscanos.org.br\/noticias\/wp-json\/wp\/v2\/comments?post=205295"}],"version-history":[{"count":0,"href":"https:\/\/franciscanos.org.br\/noticias\/wp-json\/wp\/v2\/posts\/205295\/revisions"}],"wp:featuredmedia":[{"embeddable":true,"href":"https:\/\/franciscanos.org.br\/noticias\/wp-json\/wp\/v2\/media\/205304"}],"wp:attachment":[{"href":"https:\/\/franciscanos.org.br\/noticias\/wp-json\/wp\/v2\/media?parent=205295"}],"wp:term":[{"taxonomy":"category","embeddable":true,"href":"https:\/\/franciscanos.org.br\/noticias\/wp-json\/wp\/v2\/categories?post=205295"},{"taxonomy":"post_tag","embeddable":true,"href":"https:\/\/franciscanos.org.br\/noticias\/wp-json\/wp\/v2\/tags?post=205295"}],"curies":[{"name":"wp","href":"https:\/\/api.w.org\/{rel}","templated":true}]}}