{"id":205087,"date":"2019-05-30T08:12:38","date_gmt":"2019-05-30T11:12:38","guid":{"rendered":"https:\/\/franciscanos.org.br\/noticias\/?p=205087"},"modified":"2019-05-30T08:12:38","modified_gmt":"2019-05-30T11:12:38","slug":"frades-da-frente-da-comunicacao-se-reunem-em-rondinha","status":"publish","type":"post","link":"https:\/\/franciscanos.org.br\/noticias\/frades-da-frente-da-comunicacao-se-reunem-em-rondinha.html","title":{"rendered":"Frades da Frente da Comunica\u00e7\u00e3o se re\u00fanem em Rondinha"},"content":{"rendered":"<p><img loading=\"lazy\" class=\"alignnone size-full wp-image-205088\" src=\"https:\/\/franciscanos.org.br\/noticias\/wp-content\/uploads\/2019\/05\/frente_300519.jpg\" alt=\"\" width=\"890\" height=\"555\" srcset=\"https:\/\/franciscanos.org.br\/noticias\/wp-content\/uploads\/2019\/05\/frente_300519.jpg 890w, https:\/\/franciscanos.org.br\/noticias\/wp-content\/uploads\/2019\/05\/frente_300519-450x281.jpg 450w, https:\/\/franciscanos.org.br\/noticias\/wp-content\/uploads\/2019\/05\/frente_300519-768x479.jpg 768w, https:\/\/franciscanos.org.br\/noticias\/wp-content\/uploads\/2019\/05\/frente_300519-150x94.jpg 150w\" sizes=\"(max-width: 890px) 100vw, 890px\" \/><\/p>\n<p>Os frades que atuam na Frente de Evangeliza\u00e7\u00e3o da Comunica\u00e7\u00e3o se reuniram, no \u00faltimo dia 24 de maio, na Fraternidade S\u00e3o Boaventura, em Campo Largo, PR, para avaliarem como tem sido o percurso de discernimento em torno do que significa a presen\u00e7a evangelizadora no mundo da Comunica\u00e7\u00e3o da Prov\u00edncia da Imaculada Concei\u00e7\u00e3o, segundo o seu Plano de Evangeliza\u00e7\u00e3o (2016-2022) e as Diretrizes para a Frente.<\/p>\n<p>Segundo o Vig\u00e1rio Provincial e Secret\u00e1rio para a Evangeliza\u00e7\u00e3o, Frei Gustavo Medella, o caminho tem sido de crescente articula\u00e7\u00e3o em vista do di\u00e1logo, da comunh\u00e3o e do trabalho em conjunto. &#8220;Passos importantes j\u00e1 foram dados, como a realiza\u00e7\u00e3o dos encontros provinciais, o incentivo \u00e0 participa\u00e7\u00e3o e \u00e0 coopera\u00e7\u00e3o dos leigos, a implanta\u00e7\u00e3o do Programa de Forma\u00e7\u00e3o Permanente \u00e0 dist\u00e2ncia (via videoconfer\u00eancia), entre outras a\u00e7\u00f5es. Existe tamb\u00e9m a clareza de que o trabalho da Frente n\u00e3o se esgota na administra\u00e7\u00e3o das m\u00eddias que est\u00e3o sob os cuidados da Prov\u00edncia, mas demanda uma articula\u00e7\u00e3o que v\u00e1 al\u00e9m deste universo, buscando avan\u00e7ar na reflex\u00e3o em torno da tem\u00e1tica da Comunica\u00e7\u00e3o no processo evangelizador&#8221;, explica o frade. A miss\u00e3o evangelizadora da Prov\u00edncia est\u00e1 distribu\u00edda nas cinco Frentes de Evangeliza\u00e7\u00e3o: Par\u00f3quias, Educa\u00e7\u00e3o, Comunica\u00e7\u00e3o, Miss\u00e3o e Solidariedade.<\/p>\n<p>Um dos diretores da Editora Vozes, Frei Volney Berkenbrock, apresentou um breve relato sobre o processo de reestrutura\u00e7\u00e3o da Editora, desde a recomposi\u00e7\u00e3o da diretoria \u00e0 redistribui\u00e7\u00e3o das cotas da empresa, encaminhamentos necess\u00e1rios ap\u00f3s a morte repentina de Frei Antonio Moser. Ele lembrou o estreitamento dos la\u00e7os com a Universidade S\u00e3o Francisco (USF), especialmente no fornecimento do material did\u00e1tico para os cursos de Educa\u00e7\u00e3o \u00e0 Dist\u00e2ncia (EaD) rec\u00e9m-implantados na Universidade. No que diz respeito \u00e0 miss\u00e3o Evangelizadora, destacou o cuidado da editora em atender ao convite do Papa Francisco para a convers\u00e3o eclesial na dire\u00e7\u00e3o de ser uma \u201cIgreja em Sa\u00edda\u201d, investindo, desta forma, na edi\u00e7\u00e3o de cole\u00e7\u00f5es teol\u00f3gicas, na forma\u00e7\u00e3o para a catequese, no resgate das Confer\u00eancias Latino-Americanas e na divulga\u00e7\u00e3o de conte\u00fados ligados ao magist\u00e9rio do Papa Francisco.<\/p>\n<p>Da Funda\u00e7\u00e3o Cultural Celinauta de Pato Branco, no Paran\u00e1, que compreende as R\u00e1dios Celinauta AM e Movimento FM, al\u00e9m da TV Sudoeste, o diretor Frei Neuri Reinisch explicou que a aten\u00e7\u00e3o est\u00e1 voltada para a produ\u00e7\u00e3o de conte\u00fado evangelizador com identidade franciscana. A ideia \u00e9 lan\u00e7ar a semente da poss\u00edvel cria\u00e7\u00e3o de uma Rede Franciscana de Comunica\u00e7\u00e3o em parceria com as outras Prov\u00edncias presentes no Brasil. Num primeiro momento, pensa-se na busca de caminhos para a m\u00fatua colabora\u00e7\u00e3o e partilha na produ\u00e7\u00e3o de conte\u00fados para r\u00e1dio.<\/p>\n<p>Segundo o frade, a faixa AM para FM ainda est\u00e1 em processo de negocia\u00e7\u00e3o, dado o elevado n\u00famero de emissoras em Pato Branco e a dificuldade em aloc\u00e1-las na atual faixa FM dispon\u00edvel nos aparelhos receptores de r\u00e1dio. J\u00e1 as emissoras Coroado FM (106,1 MHz) e a Movimento FM (98,9 MHz), da Funda\u00e7\u00e3o Frei Rog\u00e9rio de Curitibanos (SC), ocupam lugar de import\u00e2ncia no cen\u00e1rio da regi\u00e3o oeste catarinense. Depois de um per\u00edodo de adapta\u00e7\u00e3o, a R\u00e1dio Coroado migrou da faixa AM para FM. Tamb\u00e9m estavam presentes Frei Marcos Vin\u00edcius Brugger (Funda\u00e7\u00e3o Frei Rog\u00e9rio) e Frei Gabriel Vargas Dias Alves (Funda\u00e7\u00e3o Cultural Celinauta).<\/p>\n<p>Neste universo das ondas do r\u00e1dio, Frei Walter Ferreira Junior, p\u00e1roco em Nil\u00f3polis (RJ), falou da R\u00e1dio Mirandela FM (98,7MHz), uma emissora comunit\u00e1ria que tem seu est\u00fadio junto \u00e0s depend\u00eancias da Par\u00f3quia Nossa Senhora Aparecida. Segundo ele, a Par\u00f3quia faz um investimento na emissora como uma forma eficaz de promover a evangeliza\u00e7\u00e3o para al\u00e9m de uma compreens\u00e3o confessional, atuando no cultivo entre os ouvintes de uma consci\u00eancia social comprometida com o bem comum.<\/p>\n<p>Em breve partilha, Frei Gustavo destacou como novidade a reformula\u00e7\u00e3o do portal Franciscanos, que assumiu novo visual desde o fim do ano passado. Tamb\u00e9m mencionou o incremento da programa\u00e7\u00e3o da WebTV Franciscanos, a realiza\u00e7\u00e3o de s\u00e9ries tem\u00e1ticas em ocasi\u00f5es especiais (Campanha da Fraternidade, Semana de Ora\u00e7\u00e3o pela Unidade Crist\u00e3, Santo Ant\u00f4nio e demais Festas Franciscanas etc.) e a promo\u00e7\u00e3o da Forma\u00e7\u00e3o Permanente na \u00e1rea da Comunica\u00e7\u00e3o via videoconfer\u00eancia. Recordou que, al\u00e9m de estar a servi\u00e7o do Governo Provincial, o setor de Comunica\u00e7\u00e3o da Sede \u00e9 importante elemento articulados dos trabalhos e parcerias que envolvem a Frente de Evangeliza\u00e7\u00e3o da Comunica\u00e7\u00e3o.<\/p>\n<p>O coordenador da Frente de Evangeliza\u00e7\u00e3o da Educa\u00e7\u00e3o, Frei Claudino Gilz, tamb\u00e9m marcou presen\u00e7a no encontro. Apresentou mais uma vez sua disposi\u00e7\u00e3o em trabalhar a comunh\u00e3o e a interajuda entre as Frentes, conforme prescreve e indica o Plano de Evangeliza\u00e7\u00e3o 2016-2022. Algumas iniciativas nesta linha foram elencadas, como a parceria entre a FAE e a TV Sudoeste na produ\u00e7\u00e3o de conte\u00fado, a participa\u00e7\u00e3o de representantes do Bom Jesus e da Universidade S\u00e3o Francisco (USF) no programa de forma\u00e7\u00e3o \u00e0 dist\u00e2ncia, e a parceria USF-Vozes no que diz respeito ao fornecimento de material did\u00e1tico para os cursos de Educa\u00e7\u00e3o \u00e0 Dist\u00e2ncia (EaD).<\/p>\n<p>Nos dias 17 e 18 de outubro, os frades se re\u00fanem com os leigos que atuam nesta Frente para um encontro anual no Convento S\u00e3o Boaventura, em Rondinha, Campo Largo, PR. O tema abordado ser\u00e1 o do di\u00e1logo a partir do encontro entre S\u00e3o Francisco de Assis e o Sult\u00e3o em Damieta, no Egito, que completa neste ano 800 anos.<\/p>\n","protected":false},"excerpt":{"rendered":"<p>Frente de Evangeliza\u00e7\u00e3o da Comunica\u00e7\u00e3o<\/p>\n","protected":false},"author":3,"featured_media":205089,"comment_status":"open","ping_status":"open","sticky":false,"template":"","format":"standard","meta":[],"categories":[1],"tags":[550],"acf":[],"yoast_head":"<!-- This site is optimized with the Yoast SEO plugin v19.2 - https:\/\/yoast.com\/wordpress\/plugins\/seo\/ -->\n<title>Frades da Frente da Comunica\u00e7\u00e3o se re\u00fanem em Rondinha - Not\u00edcias - Franciscanos<\/title>\n<meta name=\"robots\" content=\"index, follow, max-snippet:-1, max-image-preview:large, max-video-preview:-1\" \/>\n<link rel=\"canonical\" href=\"https:\/\/franciscanos.org.br\/noticias\/frades-da-frente-da-comunicacao-se-reunem-em-rondinha.html\" \/>\n<meta property=\"og:locale\" content=\"pt_BR\" \/>\n<meta property=\"og:type\" content=\"article\" \/>\n<meta property=\"og:title\" content=\"Frades da Frente da Comunica\u00e7\u00e3o se re\u00fanem em Rondinha - Not\u00edcias - Franciscanos\" \/>\n<meta property=\"og:description\" content=\"Frente de Evangeliza\u00e7\u00e3o da Comunica\u00e7\u00e3o\" \/>\n<meta property=\"og:url\" content=\"https:\/\/franciscanos.org.br\/noticias\/frades-da-frente-da-comunicacao-se-reunem-em-rondinha.html\" \/>\n<meta property=\"og:site_name\" content=\"Not\u00edcias - Franciscanos\" \/>\n<meta property=\"article:published_time\" content=\"2019-05-30T11:12:38+00:00\" \/>\n<meta property=\"og:image\" content=\"https:\/\/franciscanos.org.br\/noticias\/wp-content\/uploads\/2019\/05\/frente_300519d.jpg\" \/>\n\t<meta property=\"og:image:width\" content=\"273\" \/>\n\t<meta property=\"og:image:height\" content=\"181\" \/>\n\t<meta property=\"og:image:type\" content=\"image\/jpeg\" \/>\n<meta name=\"author\" content=\"moacir\" \/>\n<meta name=\"twitter:card\" content=\"summary_large_image\" \/>\n<meta name=\"twitter:label1\" content=\"Escrito por\" \/>\n\t<meta name=\"twitter:data1\" content=\"moacir\" \/>\n\t<meta name=\"twitter:label2\" content=\"Est. tempo de leitura\" \/>\n\t<meta name=\"twitter:data2\" content=\"5 minutos\" \/>\n<script type=\"application\/ld+json\" class=\"yoast-schema-graph\">{\"@context\":\"https:\/\/schema.org\",\"@graph\":[{\"@type\":\"WebSite\",\"@id\":\"https:\/\/franciscanos.org.br\/noticias\/#website\",\"url\":\"https:\/\/franciscanos.org.br\/noticias\/\",\"name\":\"Not\u00edcias - Franciscanos\",\"description\":\"Prov\u00edncia Franciscana da Imaculada Concei\u00e7\u00e3o do Brasil - Ordem dos Frades Menores - OFM\",\"potentialAction\":[{\"@type\":\"SearchAction\",\"target\":{\"@type\":\"EntryPoint\",\"urlTemplate\":\"https:\/\/franciscanos.org.br\/noticias\/?s={search_term_string}\"},\"query-input\":\"required name=search_term_string\"}],\"inLanguage\":\"pt-BR\"},{\"@type\":\"ImageObject\",\"inLanguage\":\"pt-BR\",\"@id\":\"https:\/\/franciscanos.org.br\/noticias\/frades-da-frente-da-comunicacao-se-reunem-em-rondinha.html#primaryimage\",\"url\":\"https:\/\/franciscanos.org.br\/noticias\/wp-content\/uploads\/2019\/05\/frente_300519d.jpg\",\"contentUrl\":\"https:\/\/franciscanos.org.br\/noticias\/wp-content\/uploads\/2019\/05\/frente_300519d.jpg\",\"width\":273,\"height\":181},{\"@type\":\"WebPage\",\"@id\":\"https:\/\/franciscanos.org.br\/noticias\/frades-da-frente-da-comunicacao-se-reunem-em-rondinha.html#webpage\",\"url\":\"https:\/\/franciscanos.org.br\/noticias\/frades-da-frente-da-comunicacao-se-reunem-em-rondinha.html\",\"name\":\"Frades da Frente da Comunica\u00e7\u00e3o se re\u00fanem em Rondinha - Not\u00edcias - Franciscanos\",\"isPartOf\":{\"@id\":\"https:\/\/franciscanos.org.br\/noticias\/#website\"},\"primaryImageOfPage\":{\"@id\":\"https:\/\/franciscanos.org.br\/noticias\/frades-da-frente-da-comunicacao-se-reunem-em-rondinha.html#primaryimage\"},\"datePublished\":\"2019-05-30T11:12:38+00:00\",\"dateModified\":\"2019-05-30T11:12:38+00:00\",\"author\":{\"@id\":\"https:\/\/franciscanos.org.br\/noticias\/#\/schema\/person\/b5c8cba458c330ccff548b056e95a5d4\"},\"breadcrumb\":{\"@id\":\"https:\/\/franciscanos.org.br\/noticias\/frades-da-frente-da-comunicacao-se-reunem-em-rondinha.html#breadcrumb\"},\"inLanguage\":\"pt-BR\",\"potentialAction\":[{\"@type\":\"ReadAction\",\"target\":[\"https:\/\/franciscanos.org.br\/noticias\/frades-da-frente-da-comunicacao-se-reunem-em-rondinha.html\"]}]},{\"@type\":\"BreadcrumbList\",\"@id\":\"https:\/\/franciscanos.org.br\/noticias\/frades-da-frente-da-comunicacao-se-reunem-em-rondinha.html#breadcrumb\",\"itemListElement\":[{\"@type\":\"ListItem\",\"position\":1,\"name\":\"Home\",\"item\":\"https:\/\/franciscanos.org.br\/noticias\"},{\"@type\":\"ListItem\",\"position\":2,\"name\":\"Frades da Frente da Comunica\u00e7\u00e3o se re\u00fanem em Rondinha\"}]},{\"@type\":\"Person\",\"@id\":\"https:\/\/franciscanos.org.br\/noticias\/#\/schema\/person\/b5c8cba458c330ccff548b056e95a5d4\",\"name\":\"moacir\",\"image\":{\"@type\":\"ImageObject\",\"inLanguage\":\"pt-BR\",\"@id\":\"https:\/\/franciscanos.org.br\/noticias\/#\/schema\/person\/image\/\",\"url\":\"https:\/\/secure.gravatar.com\/avatar\/d08aa2ce4c8dd416d4479aa8536fcf64?s=96&d=mm&r=g\",\"contentUrl\":\"https:\/\/secure.gravatar.com\/avatar\/d08aa2ce4c8dd416d4479aa8536fcf64?s=96&d=mm&r=g\",\"caption\":\"moacir\"},\"url\":\"https:\/\/franciscanos.org.br\/noticias\/author\/moacir\"}]}<\/script>\n<!-- \/ Yoast SEO plugin. -->","yoast_head_json":{"title":"Frades da Frente da Comunica\u00e7\u00e3o se re\u00fanem em Rondinha - Not\u00edcias - Franciscanos","robots":{"index":"index","follow":"follow","max-snippet":"max-snippet:-1","max-image-preview":"max-image-preview:large","max-video-preview":"max-video-preview:-1"},"canonical":"https:\/\/franciscanos.org.br\/noticias\/frades-da-frente-da-comunicacao-se-reunem-em-rondinha.html","og_locale":"pt_BR","og_type":"article","og_title":"Frades da Frente da Comunica\u00e7\u00e3o se re\u00fanem em Rondinha - Not\u00edcias - Franciscanos","og_description":"Frente de Evangeliza\u00e7\u00e3o da Comunica\u00e7\u00e3o","og_url":"https:\/\/franciscanos.org.br\/noticias\/frades-da-frente-da-comunicacao-se-reunem-em-rondinha.html","og_site_name":"Not\u00edcias - Franciscanos","article_published_time":"2019-05-30T11:12:38+00:00","og_image":[{"width":273,"height":181,"url":"https:\/\/franciscanos.org.br\/noticias\/wp-content\/uploads\/2019\/05\/frente_300519d.jpg","type":"image\/jpeg"}],"author":"moacir","twitter_card":"summary_large_image","twitter_misc":{"Escrito por":"moacir","Est. tempo de leitura":"5 minutos"},"schema":{"@context":"https:\/\/schema.org","@graph":[{"@type":"WebSite","@id":"https:\/\/franciscanos.org.br\/noticias\/#website","url":"https:\/\/franciscanos.org.br\/noticias\/","name":"Not\u00edcias - Franciscanos","description":"Prov\u00edncia Franciscana da Imaculada Concei\u00e7\u00e3o do Brasil - Ordem dos Frades Menores - OFM","potentialAction":[{"@type":"SearchAction","target":{"@type":"EntryPoint","urlTemplate":"https:\/\/franciscanos.org.br\/noticias\/?s={search_term_string}"},"query-input":"required name=search_term_string"}],"inLanguage":"pt-BR"},{"@type":"ImageObject","inLanguage":"pt-BR","@id":"https:\/\/franciscanos.org.br\/noticias\/frades-da-frente-da-comunicacao-se-reunem-em-rondinha.html#primaryimage","url":"https:\/\/franciscanos.org.br\/noticias\/wp-content\/uploads\/2019\/05\/frente_300519d.jpg","contentUrl":"https:\/\/franciscanos.org.br\/noticias\/wp-content\/uploads\/2019\/05\/frente_300519d.jpg","width":273,"height":181},{"@type":"WebPage","@id":"https:\/\/franciscanos.org.br\/noticias\/frades-da-frente-da-comunicacao-se-reunem-em-rondinha.html#webpage","url":"https:\/\/franciscanos.org.br\/noticias\/frades-da-frente-da-comunicacao-se-reunem-em-rondinha.html","name":"Frades da Frente da Comunica\u00e7\u00e3o se re\u00fanem em Rondinha - Not\u00edcias - Franciscanos","isPartOf":{"@id":"https:\/\/franciscanos.org.br\/noticias\/#website"},"primaryImageOfPage":{"@id":"https:\/\/franciscanos.org.br\/noticias\/frades-da-frente-da-comunicacao-se-reunem-em-rondinha.html#primaryimage"},"datePublished":"2019-05-30T11:12:38+00:00","dateModified":"2019-05-30T11:12:38+00:00","author":{"@id":"https:\/\/franciscanos.org.br\/noticias\/#\/schema\/person\/b5c8cba458c330ccff548b056e95a5d4"},"breadcrumb":{"@id":"https:\/\/franciscanos.org.br\/noticias\/frades-da-frente-da-comunicacao-se-reunem-em-rondinha.html#breadcrumb"},"inLanguage":"pt-BR","potentialAction":[{"@type":"ReadAction","target":["https:\/\/franciscanos.org.br\/noticias\/frades-da-frente-da-comunicacao-se-reunem-em-rondinha.html"]}]},{"@type":"BreadcrumbList","@id":"https:\/\/franciscanos.org.br\/noticias\/frades-da-frente-da-comunicacao-se-reunem-em-rondinha.html#breadcrumb","itemListElement":[{"@type":"ListItem","position":1,"name":"Home","item":"https:\/\/franciscanos.org.br\/noticias"},{"@type":"ListItem","position":2,"name":"Frades da Frente da Comunica\u00e7\u00e3o se re\u00fanem em Rondinha"}]},{"@type":"Person","@id":"https:\/\/franciscanos.org.br\/noticias\/#\/schema\/person\/b5c8cba458c330ccff548b056e95a5d4","name":"moacir","image":{"@type":"ImageObject","inLanguage":"pt-BR","@id":"https:\/\/franciscanos.org.br\/noticias\/#\/schema\/person\/image\/","url":"https:\/\/secure.gravatar.com\/avatar\/d08aa2ce4c8dd416d4479aa8536fcf64?s=96&d=mm&r=g","contentUrl":"https:\/\/secure.gravatar.com\/avatar\/d08aa2ce4c8dd416d4479aa8536fcf64?s=96&d=mm&r=g","caption":"moacir"},"url":"https:\/\/franciscanos.org.br\/noticias\/author\/moacir"}]}},"_links":{"self":[{"href":"https:\/\/franciscanos.org.br\/noticias\/wp-json\/wp\/v2\/posts\/205087"}],"collection":[{"href":"https:\/\/franciscanos.org.br\/noticias\/wp-json\/wp\/v2\/posts"}],"about":[{"href":"https:\/\/franciscanos.org.br\/noticias\/wp-json\/wp\/v2\/types\/post"}],"author":[{"embeddable":true,"href":"https:\/\/franciscanos.org.br\/noticias\/wp-json\/wp\/v2\/users\/3"}],"replies":[{"embeddable":true,"href":"https:\/\/franciscanos.org.br\/noticias\/wp-json\/wp\/v2\/comments?post=205087"}],"version-history":[{"count":0,"href":"https:\/\/franciscanos.org.br\/noticias\/wp-json\/wp\/v2\/posts\/205087\/revisions"}],"wp:featuredmedia":[{"embeddable":true,"href":"https:\/\/franciscanos.org.br\/noticias\/wp-json\/wp\/v2\/media\/205089"}],"wp:attachment":[{"href":"https:\/\/franciscanos.org.br\/noticias\/wp-json\/wp\/v2\/media?parent=205087"}],"wp:term":[{"taxonomy":"category","embeddable":true,"href":"https:\/\/franciscanos.org.br\/noticias\/wp-json\/wp\/v2\/categories?post=205087"},{"taxonomy":"post_tag","embeddable":true,"href":"https:\/\/franciscanos.org.br\/noticias\/wp-json\/wp\/v2\/tags?post=205087"}],"curies":[{"name":"wp","href":"https:\/\/api.w.org\/{rel}","templated":true}]}}