{"id":205076,"date":"2019-05-29T07:44:57","date_gmt":"2019-05-29T10:44:57","guid":{"rendered":"https:\/\/franciscanos.org.br\/noticias\/?p=205076"},"modified":"2019-05-29T07:44:57","modified_gmt":"2019-05-29T10:44:57","slug":"frei-clarencio-lanca-creio-as-verdades-da-fe-de-forma-simples-e-essencial","status":"publish","type":"post","link":"https:\/\/franciscanos.org.br\/noticias\/frei-clarencio-lanca-creio-as-verdades-da-fe-de-forma-simples-e-essencial.html","title":{"rendered":"Frei Clar\u00eancio lan\u00e7a &#8220;Creio&#8221;, as verdades da f\u00e9 de forma simples e essencial"},"content":{"rendered":"<p><img loading=\"lazy\" class=\"alignright  wp-image-205077\" src=\"https:\/\/franciscanos.org.br\/noticias\/wp-content\/uploads\/2019\/05\/livro_2905.jpg\" alt=\"\" width=\"441\" height=\"654\" srcset=\"https:\/\/franciscanos.org.br\/noticias\/wp-content\/uploads\/2019\/05\/livro_2905.jpg 600w, https:\/\/franciscanos.org.br\/noticias\/wp-content\/uploads\/2019\/05\/livro_2905-304x450.jpg 304w, https:\/\/franciscanos.org.br\/noticias\/wp-content\/uploads\/2019\/05\/livro_2905-150x222.jpg 150w\" sizes=\"(max-width: 441px) 100vw, 441px\" \/>&#8220;Rezamos o Creio semanalmente, nas missas dominicais e festivas, e tamb\u00e9m quando iniciamos o ter\u00e7o, de forma que muitos, a maioria dos crist\u00e3os cat\u00f3licos, o dizem de cor. Em menos de um minuto, podemos recitar a Profiss\u00e3o de F\u00e9. Poucas vezes o fazemos, no entanto, conscientes de que ali est\u00e1 um resumo perfeito e completo daquilo que os ap\u00f3stolos colheram dos l\u00e1bios de Jesus e da conviv\u00eancia com ele, e que expressa toda a riqueza de nossa f\u00e9&#8221;. \u00c9 com esta afirma\u00e7\u00e3o que o bispo franciscano Dom Jo\u00e3o Bosco inicia a apresenta\u00e7\u00e3o do novo livro de Frei Clar\u00eancio Neotti, &#8220;Creio &#8211; a identidade do crist\u00e3o&#8221;.<\/p>\n<p>Na sua apresenta\u00e7\u00e3o, Dom Bosco lembra que comp\u00eandios de dogm\u00e1tica, tratados ao gosto de cada escola teol\u00f3gica, marcados pela espiritualidade de cada \u00e9poca, ou os catecismos adaptados \u00e0 linguagem de cada povo. &#8220;Mas como encontrar, no meio de tantas p\u00e1ginas, aquilo que \u00e9 o essencial, o conte\u00fado necess\u00e1rio, o alimento b\u00e1sico, a exposi\u00e7\u00e3o clara e bem fundamentada do que devemos crer?&#8221;, pergunta o bispo. Segundo ele, este livro, &#8220;concentrado e substancioso&#8221;, toma cada uma das verdades da f\u00e9 e as traduz de modo simples e essencial. Suas fontes s\u00e3o precisas: a Escritura, os Santos Padres, os Santos doutores, o magist\u00e9rio firme da Igreja. &#8220;O h\u00e1bito franciscano o faz citar nomes de primeira grandeza do pensamento franciscano como Santo Ant\u00f4nio, S\u00e3o Boaventura ou S\u00e3o Bernardino de Sena. Tamb\u00e9m n\u00e3o deixa de lado os \u00faltimos papas que debulharam em seus ensinamentos as formula\u00e7\u00f5es do Conc\u00edlio Vaticano II&#8221;, recorda Dom Bosco.<\/p>\n<p>&#8220;Nestes tempos de pluralismo e indiferen\u00e7a, de relativismo e profus\u00e3o de cren\u00e7as, em que tantos se sentem confusos e sem rumo em sua f\u00e9, tempo tamb\u00e9m de profunda sede de Deus, encontrar solidez e pureza da f\u00e9 no S\u00edmbolo dos Ap\u00f3stolos \u00e9 uma gra\u00e7a e um est\u00edmulo para viver bem e anunciar com coragem o que a vida crist\u00e3 tem de melhor&#8221;, observa o bispo franciscano.<\/p>\n<p>&#8220;A f\u00e9 n\u00e3o dispensa d\u00favidas. A d\u00favida \u00e9 a antessala da verdade. Ou como dizia um excelente mestre de minha juventude: a d\u00favida \u00e9 o noviciado da verdade. A f\u00e9 n\u00e3o dispensa a procura. Todos n\u00f3s somos seres \u00e0 procura. Deus quer ser procurado, ainda que se diga que ele \u00e9 o Emanuel, ou seja, o Deus conosco (Mt 1,23); ainda que Jesus tenha prometido estar presente onde dois ou tr\u00eas se reunirem em seu nome (Mt 18,20). A f\u00e9 n\u00e3o dispensa a espera, mesmo quando temos de esperar contra toda esperan\u00e7a (Rm 4,18). A f\u00e9 deve tamb\u00e9m acostumar-se ao sil\u00eancio de Deus, porque, se \u00e9 verdade que Deus \u00e9 palavra por excel\u00eancia e fala em todas as criaturas, \u00e9 tamb\u00e9m verdade que, muitas vezes, se distancia<br \/>\nno mist\u00e9rio do sil\u00eancio&#8221;, escreve Frei Clar\u00eancio.<\/p>\n<p><img loading=\"lazy\" class=\"alignleft size-full wp-image-205078\" src=\"https:\/\/franciscanos.org.br\/noticias\/wp-content\/uploads\/2019\/05\/clarencio_2805.jpg\" alt=\"\" width=\"450\" height=\"400\" srcset=\"https:\/\/franciscanos.org.br\/noticias\/wp-content\/uploads\/2019\/05\/clarencio_2805.jpg 450w, https:\/\/franciscanos.org.br\/noticias\/wp-content\/uploads\/2019\/05\/clarencio_2805-150x133.jpg 150w\" sizes=\"(max-width: 450px) 100vw, 450px\" \/>Frei Clar\u00eancio \u00e9 jornalista e escritor. Atualmente edita e redige a revista \u201cVida Franciscana\u201d e trabalhou na Editora Vozes de janeiro de 1966 a janeiro de 1986 e foi, durante todo esse tempo, redator da \u201cRevista de Cultura Vozes\u201d. Entre suas publica\u00e7\u00f5es est\u00e3o: \u201cMinist\u00e9rio da Palavra\u201d (3 volumes), \u201cSanto Ant\u00f4nio, Mestre da Vida\u201d, \u201cOrar 15 dias com Santo Ant\u00f4nio\u201d, \u201cSanto Ant\u00f4nio: simpatia de Deus e simpatia dos homens\u201d, \u201cSanto Ant\u00f4nio, Luz do Mundo\u201d (os 9 serm\u00f5es do Padre Vieira sobre Santo Ant\u00f4nio, comentados), \u201cOrar 15 dias com Frei Galv\u00e3o\u201d, \u201cComunica\u00e7\u00e3o e Igreja no Brasil\u201d, \u201cImaculada Concei\u00e7\u00e3o de Maria\u201d, \u201cFrei Aur\u00e9lio Stulzer, Pai, Irm\u00e3o, Amigo\u201d, \u201cAnimais no altar &#8211; um estudo de Iconografia e Simbologia\u201d; &#8220;S\u00e3o Benedito, homem de Deus e do povo&#8221;.<\/p>\n<p>Frei Clar\u00eancio ingressou na Ordem Franciscana no dia 23 de dezembro de 1954. Ordenou-se padre no dia 6 de janeiro de 1961 e hoje \u00e9 Vig\u00e1rio Paroquial no Santu\u00e1rio do Divino Esp\u00edrito Santo, em Vila Velha, ES.<\/p>\n<p><em>O livro \u00e9 uma publica\u00e7\u00e3o da Editora Santu\u00e1rio.<\/em><\/p>\n","protected":false},"excerpt":{"rendered":"<p>Novo livro de Frei Clar\u00eancio Neotti<\/p>\n","protected":false},"author":3,"featured_media":205079,"comment_status":"open","ping_status":"open","sticky":false,"template":"","format":"standard","meta":[],"categories":[1],"tags":[1245],"acf":[],"yoast_head":"<!-- This site is optimized with the Yoast SEO plugin v19.2 - https:\/\/yoast.com\/wordpress\/plugins\/seo\/ -->\n<title>Frei Clar\u00eancio lan\u00e7a &quot;Creio&quot;, as verdades da f\u00e9 de forma simples e essencial - Not\u00edcias - Franciscanos<\/title>\n<meta name=\"robots\" content=\"index, follow, max-snippet:-1, max-image-preview:large, max-video-preview:-1\" \/>\n<link rel=\"canonical\" href=\"https:\/\/franciscanos.org.br\/noticias\/frei-clarencio-lanca-creio-as-verdades-da-fe-de-forma-simples-e-essencial.html\" \/>\n<meta property=\"og:locale\" content=\"pt_BR\" \/>\n<meta property=\"og:type\" content=\"article\" \/>\n<meta property=\"og:title\" content=\"Frei Clar\u00eancio lan\u00e7a &quot;Creio&quot;, as verdades da f\u00e9 de forma simples e essencial - Not\u00edcias - Franciscanos\" \/>\n<meta property=\"og:description\" content=\"Novo livro de Frei Clar\u00eancio Neotti\" \/>\n<meta property=\"og:url\" content=\"https:\/\/franciscanos.org.br\/noticias\/frei-clarencio-lanca-creio-as-verdades-da-fe-de-forma-simples-e-essencial.html\" \/>\n<meta property=\"og:site_name\" content=\"Not\u00edcias - Franciscanos\" \/>\n<meta property=\"article:published_time\" content=\"2019-05-29T10:44:57+00:00\" \/>\n<meta property=\"og:image\" content=\"https:\/\/franciscanos.org.br\/noticias\/wp-content\/uploads\/2019\/05\/livro_290519_1.jpg\" \/>\n\t<meta property=\"og:image:width\" content=\"273\" \/>\n\t<meta property=\"og:image:height\" content=\"181\" \/>\n\t<meta property=\"og:image:type\" content=\"image\/jpeg\" \/>\n<meta name=\"author\" content=\"moacir\" \/>\n<meta name=\"twitter:card\" content=\"summary_large_image\" \/>\n<meta name=\"twitter:label1\" content=\"Escrito por\" \/>\n\t<meta name=\"twitter:data1\" content=\"moacir\" \/>\n\t<meta name=\"twitter:label2\" content=\"Est. tempo de leitura\" \/>\n\t<meta name=\"twitter:data2\" content=\"3 minutos\" \/>\n<script type=\"application\/ld+json\" class=\"yoast-schema-graph\">{\"@context\":\"https:\/\/schema.org\",\"@graph\":[{\"@type\":\"WebSite\",\"@id\":\"https:\/\/franciscanos.org.br\/noticias\/#website\",\"url\":\"https:\/\/franciscanos.org.br\/noticias\/\",\"name\":\"Not\u00edcias - Franciscanos\",\"description\":\"Prov\u00edncia Franciscana da Imaculada Concei\u00e7\u00e3o do Brasil - Ordem dos Frades Menores - OFM\",\"potentialAction\":[{\"@type\":\"SearchAction\",\"target\":{\"@type\":\"EntryPoint\",\"urlTemplate\":\"https:\/\/franciscanos.org.br\/noticias\/?s={search_term_string}\"},\"query-input\":\"required name=search_term_string\"}],\"inLanguage\":\"pt-BR\"},{\"@type\":\"ImageObject\",\"inLanguage\":\"pt-BR\",\"@id\":\"https:\/\/franciscanos.org.br\/noticias\/frei-clarencio-lanca-creio-as-verdades-da-fe-de-forma-simples-e-essencial.html#primaryimage\",\"url\":\"https:\/\/franciscanos.org.br\/noticias\/wp-content\/uploads\/2019\/05\/livro_290519_1.jpg\",\"contentUrl\":\"https:\/\/franciscanos.org.br\/noticias\/wp-content\/uploads\/2019\/05\/livro_290519_1.jpg\",\"width\":273,\"height\":181},{\"@type\":\"WebPage\",\"@id\":\"https:\/\/franciscanos.org.br\/noticias\/frei-clarencio-lanca-creio-as-verdades-da-fe-de-forma-simples-e-essencial.html#webpage\",\"url\":\"https:\/\/franciscanos.org.br\/noticias\/frei-clarencio-lanca-creio-as-verdades-da-fe-de-forma-simples-e-essencial.html\",\"name\":\"Frei Clar\u00eancio lan\u00e7a \\\"Creio\\\", as verdades da f\u00e9 de forma simples e essencial - Not\u00edcias - Franciscanos\",\"isPartOf\":{\"@id\":\"https:\/\/franciscanos.org.br\/noticias\/#website\"},\"primaryImageOfPage\":{\"@id\":\"https:\/\/franciscanos.org.br\/noticias\/frei-clarencio-lanca-creio-as-verdades-da-fe-de-forma-simples-e-essencial.html#primaryimage\"},\"datePublished\":\"2019-05-29T10:44:57+00:00\",\"dateModified\":\"2019-05-29T10:44:57+00:00\",\"author\":{\"@id\":\"https:\/\/franciscanos.org.br\/noticias\/#\/schema\/person\/b5c8cba458c330ccff548b056e95a5d4\"},\"breadcrumb\":{\"@id\":\"https:\/\/franciscanos.org.br\/noticias\/frei-clarencio-lanca-creio-as-verdades-da-fe-de-forma-simples-e-essencial.html#breadcrumb\"},\"inLanguage\":\"pt-BR\",\"potentialAction\":[{\"@type\":\"ReadAction\",\"target\":[\"https:\/\/franciscanos.org.br\/noticias\/frei-clarencio-lanca-creio-as-verdades-da-fe-de-forma-simples-e-essencial.html\"]}]},{\"@type\":\"BreadcrumbList\",\"@id\":\"https:\/\/franciscanos.org.br\/noticias\/frei-clarencio-lanca-creio-as-verdades-da-fe-de-forma-simples-e-essencial.html#breadcrumb\",\"itemListElement\":[{\"@type\":\"ListItem\",\"position\":1,\"name\":\"Home\",\"item\":\"https:\/\/franciscanos.org.br\/noticias\"},{\"@type\":\"ListItem\",\"position\":2,\"name\":\"Frei Clar\u00eancio lan\u00e7a &#8220;Creio&#8221;, as verdades da f\u00e9 de forma simples e essencial\"}]},{\"@type\":\"Person\",\"@id\":\"https:\/\/franciscanos.org.br\/noticias\/#\/schema\/person\/b5c8cba458c330ccff548b056e95a5d4\",\"name\":\"moacir\",\"image\":{\"@type\":\"ImageObject\",\"inLanguage\":\"pt-BR\",\"@id\":\"https:\/\/franciscanos.org.br\/noticias\/#\/schema\/person\/image\/\",\"url\":\"https:\/\/secure.gravatar.com\/avatar\/d08aa2ce4c8dd416d4479aa8536fcf64?s=96&d=mm&r=g\",\"contentUrl\":\"https:\/\/secure.gravatar.com\/avatar\/d08aa2ce4c8dd416d4479aa8536fcf64?s=96&d=mm&r=g\",\"caption\":\"moacir\"},\"url\":\"https:\/\/franciscanos.org.br\/noticias\/author\/moacir\"}]}<\/script>\n<!-- \/ Yoast SEO plugin. -->","yoast_head_json":{"title":"Frei Clar\u00eancio lan\u00e7a \"Creio\", as verdades da f\u00e9 de forma simples e essencial - Not\u00edcias - Franciscanos","robots":{"index":"index","follow":"follow","max-snippet":"max-snippet:-1","max-image-preview":"max-image-preview:large","max-video-preview":"max-video-preview:-1"},"canonical":"https:\/\/franciscanos.org.br\/noticias\/frei-clarencio-lanca-creio-as-verdades-da-fe-de-forma-simples-e-essencial.html","og_locale":"pt_BR","og_type":"article","og_title":"Frei Clar\u00eancio lan\u00e7a \"Creio\", as verdades da f\u00e9 de forma simples e essencial - Not\u00edcias - Franciscanos","og_description":"Novo livro de Frei Clar\u00eancio Neotti","og_url":"https:\/\/franciscanos.org.br\/noticias\/frei-clarencio-lanca-creio-as-verdades-da-fe-de-forma-simples-e-essencial.html","og_site_name":"Not\u00edcias - Franciscanos","article_published_time":"2019-05-29T10:44:57+00:00","og_image":[{"width":273,"height":181,"url":"https:\/\/franciscanos.org.br\/noticias\/wp-content\/uploads\/2019\/05\/livro_290519_1.jpg","type":"image\/jpeg"}],"author":"moacir","twitter_card":"summary_large_image","twitter_misc":{"Escrito por":"moacir","Est. tempo de leitura":"3 minutos"},"schema":{"@context":"https:\/\/schema.org","@graph":[{"@type":"WebSite","@id":"https:\/\/franciscanos.org.br\/noticias\/#website","url":"https:\/\/franciscanos.org.br\/noticias\/","name":"Not\u00edcias - Franciscanos","description":"Prov\u00edncia Franciscana da Imaculada Concei\u00e7\u00e3o do Brasil - Ordem dos Frades Menores - OFM","potentialAction":[{"@type":"SearchAction","target":{"@type":"EntryPoint","urlTemplate":"https:\/\/franciscanos.org.br\/noticias\/?s={search_term_string}"},"query-input":"required name=search_term_string"}],"inLanguage":"pt-BR"},{"@type":"ImageObject","inLanguage":"pt-BR","@id":"https:\/\/franciscanos.org.br\/noticias\/frei-clarencio-lanca-creio-as-verdades-da-fe-de-forma-simples-e-essencial.html#primaryimage","url":"https:\/\/franciscanos.org.br\/noticias\/wp-content\/uploads\/2019\/05\/livro_290519_1.jpg","contentUrl":"https:\/\/franciscanos.org.br\/noticias\/wp-content\/uploads\/2019\/05\/livro_290519_1.jpg","width":273,"height":181},{"@type":"WebPage","@id":"https:\/\/franciscanos.org.br\/noticias\/frei-clarencio-lanca-creio-as-verdades-da-fe-de-forma-simples-e-essencial.html#webpage","url":"https:\/\/franciscanos.org.br\/noticias\/frei-clarencio-lanca-creio-as-verdades-da-fe-de-forma-simples-e-essencial.html","name":"Frei Clar\u00eancio lan\u00e7a \"Creio\", as verdades da f\u00e9 de forma simples e essencial - Not\u00edcias - Franciscanos","isPartOf":{"@id":"https:\/\/franciscanos.org.br\/noticias\/#website"},"primaryImageOfPage":{"@id":"https:\/\/franciscanos.org.br\/noticias\/frei-clarencio-lanca-creio-as-verdades-da-fe-de-forma-simples-e-essencial.html#primaryimage"},"datePublished":"2019-05-29T10:44:57+00:00","dateModified":"2019-05-29T10:44:57+00:00","author":{"@id":"https:\/\/franciscanos.org.br\/noticias\/#\/schema\/person\/b5c8cba458c330ccff548b056e95a5d4"},"breadcrumb":{"@id":"https:\/\/franciscanos.org.br\/noticias\/frei-clarencio-lanca-creio-as-verdades-da-fe-de-forma-simples-e-essencial.html#breadcrumb"},"inLanguage":"pt-BR","potentialAction":[{"@type":"ReadAction","target":["https:\/\/franciscanos.org.br\/noticias\/frei-clarencio-lanca-creio-as-verdades-da-fe-de-forma-simples-e-essencial.html"]}]},{"@type":"BreadcrumbList","@id":"https:\/\/franciscanos.org.br\/noticias\/frei-clarencio-lanca-creio-as-verdades-da-fe-de-forma-simples-e-essencial.html#breadcrumb","itemListElement":[{"@type":"ListItem","position":1,"name":"Home","item":"https:\/\/franciscanos.org.br\/noticias"},{"@type":"ListItem","position":2,"name":"Frei Clar\u00eancio lan\u00e7a &#8220;Creio&#8221;, as verdades da f\u00e9 de forma simples e essencial"}]},{"@type":"Person","@id":"https:\/\/franciscanos.org.br\/noticias\/#\/schema\/person\/b5c8cba458c330ccff548b056e95a5d4","name":"moacir","image":{"@type":"ImageObject","inLanguage":"pt-BR","@id":"https:\/\/franciscanos.org.br\/noticias\/#\/schema\/person\/image\/","url":"https:\/\/secure.gravatar.com\/avatar\/d08aa2ce4c8dd416d4479aa8536fcf64?s=96&d=mm&r=g","contentUrl":"https:\/\/secure.gravatar.com\/avatar\/d08aa2ce4c8dd416d4479aa8536fcf64?s=96&d=mm&r=g","caption":"moacir"},"url":"https:\/\/franciscanos.org.br\/noticias\/author\/moacir"}]}},"_links":{"self":[{"href":"https:\/\/franciscanos.org.br\/noticias\/wp-json\/wp\/v2\/posts\/205076"}],"collection":[{"href":"https:\/\/franciscanos.org.br\/noticias\/wp-json\/wp\/v2\/posts"}],"about":[{"href":"https:\/\/franciscanos.org.br\/noticias\/wp-json\/wp\/v2\/types\/post"}],"author":[{"embeddable":true,"href":"https:\/\/franciscanos.org.br\/noticias\/wp-json\/wp\/v2\/users\/3"}],"replies":[{"embeddable":true,"href":"https:\/\/franciscanos.org.br\/noticias\/wp-json\/wp\/v2\/comments?post=205076"}],"version-history":[{"count":0,"href":"https:\/\/franciscanos.org.br\/noticias\/wp-json\/wp\/v2\/posts\/205076\/revisions"}],"wp:featuredmedia":[{"embeddable":true,"href":"https:\/\/franciscanos.org.br\/noticias\/wp-json\/wp\/v2\/media\/205079"}],"wp:attachment":[{"href":"https:\/\/franciscanos.org.br\/noticias\/wp-json\/wp\/v2\/media?parent=205076"}],"wp:term":[{"taxonomy":"category","embeddable":true,"href":"https:\/\/franciscanos.org.br\/noticias\/wp-json\/wp\/v2\/categories?post=205076"},{"taxonomy":"post_tag","embeddable":true,"href":"https:\/\/franciscanos.org.br\/noticias\/wp-json\/wp\/v2\/tags?post=205076"}],"curies":[{"name":"wp","href":"https:\/\/api.w.org\/{rel}","templated":true}]}}