{"id":205061,"date":"2019-05-28T07:20:46","date_gmt":"2019-05-28T10:20:46","guid":{"rendered":"https:\/\/franciscanos.org.br\/noticias\/?p=205061"},"modified":"2020-06-05T13:21:27","modified_gmt":"2020-06-05T16:21:27","slug":"papa-o-pecado-envelhece-o-espirito-nos-torna-sempre-jovens","status":"publish","type":"post","link":"https:\/\/franciscanos.org.br\/noticias\/papa-o-pecado-envelhece-o-espirito-nos-torna-sempre-jovens.html","title":{"rendered":"Papa: o pecado envelhece, o Esp\u00edrito nos torna sempre jovens"},"content":{"rendered":"<p><img loading=\"lazy\" class=\"alignnone size-full wp-image-205062\" src=\"https:\/\/franciscanos.org.br\/noticias\/wp-content\/uploads\/2019\/05\/papa_280519_5.jpg\" alt=\"\" width=\"890\" height=\"487\" srcset=\"https:\/\/franciscanos.org.br\/noticias\/wp-content\/uploads\/2019\/05\/papa_280519_5.jpg 890w, https:\/\/franciscanos.org.br\/noticias\/wp-content\/uploads\/2019\/05\/papa_280519_5-450x246.jpg 450w, https:\/\/franciscanos.org.br\/noticias\/wp-content\/uploads\/2019\/05\/papa_280519_5-768x420.jpg 768w, https:\/\/franciscanos.org.br\/noticias\/wp-content\/uploads\/2019\/05\/papa_280519_5-150x82.jpg 150w\" sizes=\"(max-width: 890px) 100vw, 890px\" \/><br \/>\n<strong>Cidade do Vaticano<\/strong> &#8211; O Esp\u00edrito Santo \u00e9 o protagonista da passagem do Evangelho proposta na liturgia da Missa, desta ter\u00e7a-feira (28\/05), celebrada pelo Papa Francisco na Capela da Casa Santa Marta. \u201cNo discurso de despedida aos disc\u00edpulos antes de subir ao C\u00e9us, Jesus nos faz uma verdadeira catequese sobre o Esp\u00edrito Santo. Jesus nos explica quem ele \u00e9. Os disc\u00edpulos ficaram tristes ao ouvir que Jesus os deixar\u00e1 e os repreende por isso&#8221;. Francisco afirmou: \u201cN\u00e3o, a tristeza n\u00e3o \u00e9 um comportamento crist\u00e3o\u201d. Mas como n\u00e3o ficar triste? \u201cE contra a tristeza, na ora\u00e7\u00e3o, pedimos ao Senhor para que guarde em n\u00f3s a juventude renovada do esp\u00edrito\u201d. Aqui, entra em jogo o Esp\u00edrito Santo porque \u00e9 Ele que faz com que haja em n\u00f3s essa juventude que nos renova sempre.<\/p>\n<p>O Papa citou uma santa que dizia: \u201cUm santo triste \u00e9 um triste santo\u201d. \u201cPortanto, um crist\u00e3o triste \u00e9 um triste crist\u00e3o e isso n\u00e3o \u00e9 bom. A tristeza n\u00e3o entra no cora\u00e7\u00e3o do crist\u00e3o, porque ele \u00e9 jovem\u201d, prosseguiu Francisco.<\/p>\n<p>O Esp\u00edrito Santo \u00e9 aquele que nos torna capazes de carregar as cruzes. O Pont\u00edfice citou o exemplo de Paulo e Silas que na pris\u00e3o cantavam hinos a Deus, conforme a primeira leitura de hoje, extra\u00edda do Livro dos Atos dos Ap\u00f3stolos.<\/p>\n<p>O Esp\u00edrito Santo renova todas as coisas. \u201cO Esp\u00edrito Santo \u00e9 aquele que nos acompanha na vida, que nos sustenta. \u00c9 o Par\u00e1clito\u201d, frisou o Papa. \u201cMas que nome estranho\u201d, disse Francisco, recordando que numa missa para crian\u00e7as, num domingo de Pentecostes, ele perguntou se elas sabiam quem fosse o Esp\u00edrito Santo. E um menino lhe respondeu: o paral\u00edtico.<\/p>\n<p>Muitas vezes n\u00f3s pensamos que o Esp\u00edrito Santo \u00e9 um paral\u00edtico, que n\u00e3o faz nada&#8230; Pelo contr\u00e1rio, \u00e9 Aquele que nos sustenta. Par\u00e1clito: a palavra par\u00e1clito significa \u201caquilo que est\u00e1 ao meu lado para me apoiar\u201d, para que eu n\u00e3o caia, para que eu v\u00e1 adiante, para que eu conserve essa juventude do Esp\u00edrito. O crist\u00e3o \u00e9 sempre jovem: sempre. Quando o cora\u00e7\u00e3o do crist\u00e3o come\u00e7a a envelhecer, a sua voca\u00e7\u00e3o de crist\u00e3o come\u00e7a a diminuir. Ou voc\u00ea \u00e9 jovem de cora\u00e7\u00e3o e de alma ou n\u00e3o \u00e9 crist\u00e3o.<\/p>\n<p><strong>Di\u00e1logo cotidiano com o Esp\u00edrito<\/strong><br \/>\nFrancisco prosseguiu, dizendo que na vida haver\u00e1 dor. Paulo e Silas foram acoitados e sofreram, \u201cmas estavam cheios de alegria, cantavam&#8230;\u201d.<\/p>\n<p>Isso \u00e9 juventude. Uma juventude que faz voc\u00ea olhar sempre a esperan\u00e7a. \u00c9 isso, avante! Mas, para ter essa juventude \u00e9 necess\u00e1rio um di\u00e1logo cotidiano com o Esp\u00edrito Santo, que est\u00e1 sempre ao nosso lado. \u00c9 o grande presente que Jesus nos deixou: esse apoio, o que faz a gente seguir em frente.<\/p>\n<p><strong>O pecado envelhece a alma<\/strong><br \/>\nMesmo que sejamos pecadores, o Esp\u00edrito nos ajuda a nos arrepender e nos faz olhar para frente. \u201cFale com o Esp\u00edrito\u201d, disse o Papa. \u201cEle apoiar\u00e1 voc\u00ea e lhe dar\u00e1 novamente a juventude\u201d. O pecado, por outro lado, envelhece: \u201cEnvelhece a alma, envelhece tudo\u201d. Francisco sublinhou ainda: \u201cJamais esta tristeza pag\u00e3\u201d. Na vida h\u00e1 momentos dif\u00edceis, mas nesses momentos \u201csentimos que o Esp\u00edrito nos ajuda a ir em frente (&#8230;) e a superar as dificuldades. At\u00e9 mesmo o mart\u00edrio\u201d.<\/p>\n<p>E o Papa concluiu: Pe\u00e7amos ao Senhor para n\u00e3o perder esta juventude renovada, para n\u00e3o ser crist\u00e3os aposentados que perderam a alegria e se deixam conduzir&#8230; O crist\u00e3o nunca se aposenta, o crist\u00e3o vive, vive porque \u00e9 jovem, quando \u00e9 crist\u00e3o verdadeiro.<\/p>\n<hr \/>\n<p><em>Fonte: Vatican News<\/em><\/p>\n","protected":false},"excerpt":{"rendered":"<p>Missa em Santa Marta<\/p>\n","protected":false},"author":3,"featured_media":205063,"comment_status":"open","ping_status":"open","sticky":false,"template":"","format":"standard","meta":[],"categories":[1428],"tags":[829],"acf":[],"yoast_head":"<!-- This site is optimized with the Yoast SEO plugin v19.2 - https:\/\/yoast.com\/wordpress\/plugins\/seo\/ -->\n<title>Papa: o pecado envelhece, o Esp\u00edrito nos torna sempre jovens - Not\u00edcias - Franciscanos<\/title>\n<meta name=\"robots\" content=\"index, follow, max-snippet:-1, max-image-preview:large, max-video-preview:-1\" \/>\n<link rel=\"canonical\" href=\"https:\/\/franciscanos.org.br\/noticias\/papa-o-pecado-envelhece-o-espirito-nos-torna-sempre-jovens.html\" \/>\n<meta property=\"og:locale\" content=\"pt_BR\" \/>\n<meta property=\"og:type\" content=\"article\" \/>\n<meta property=\"og:title\" content=\"Papa: o pecado envelhece, o Esp\u00edrito nos torna sempre jovens - Not\u00edcias - Franciscanos\" \/>\n<meta property=\"og:description\" content=\"Missa em Santa Marta\" \/>\n<meta property=\"og:url\" content=\"https:\/\/franciscanos.org.br\/noticias\/papa-o-pecado-envelhece-o-espirito-nos-torna-sempre-jovens.html\" \/>\n<meta property=\"og:site_name\" content=\"Not\u00edcias - Franciscanos\" \/>\n<meta property=\"article:published_time\" content=\"2019-05-28T10:20:46+00:00\" \/>\n<meta property=\"article:modified_time\" content=\"2020-06-05T16:21:27+00:00\" \/>\n<meta property=\"og:image\" content=\"https:\/\/franciscanos.org.br\/noticias\/wp-content\/uploads\/2019\/05\/papa_280519_5d.jpg\" \/>\n\t<meta property=\"og:image:width\" content=\"273\" \/>\n\t<meta property=\"og:image:height\" content=\"181\" \/>\n\t<meta property=\"og:image:type\" content=\"image\/jpeg\" \/>\n<meta name=\"author\" content=\"moacir\" \/>\n<meta name=\"twitter:card\" content=\"summary_large_image\" \/>\n<meta name=\"twitter:label1\" content=\"Escrito por\" \/>\n\t<meta name=\"twitter:data1\" content=\"moacir\" \/>\n\t<meta name=\"twitter:label2\" content=\"Est. tempo de leitura\" \/>\n\t<meta name=\"twitter:data2\" content=\"3 minutos\" \/>\n<script type=\"application\/ld+json\" class=\"yoast-schema-graph\">{\"@context\":\"https:\/\/schema.org\",\"@graph\":[{\"@type\":\"WebSite\",\"@id\":\"https:\/\/franciscanos.org.br\/noticias\/#website\",\"url\":\"https:\/\/franciscanos.org.br\/noticias\/\",\"name\":\"Not\u00edcias - Franciscanos\",\"description\":\"Prov\u00edncia Franciscana da Imaculada Concei\u00e7\u00e3o do Brasil - Ordem dos Frades Menores - OFM\",\"potentialAction\":[{\"@type\":\"SearchAction\",\"target\":{\"@type\":\"EntryPoint\",\"urlTemplate\":\"https:\/\/franciscanos.org.br\/noticias\/?s={search_term_string}\"},\"query-input\":\"required name=search_term_string\"}],\"inLanguage\":\"pt-BR\"},{\"@type\":\"ImageObject\",\"inLanguage\":\"pt-BR\",\"@id\":\"https:\/\/franciscanos.org.br\/noticias\/papa-o-pecado-envelhece-o-espirito-nos-torna-sempre-jovens.html#primaryimage\",\"url\":\"https:\/\/franciscanos.org.br\/noticias\/wp-content\/uploads\/2019\/05\/papa_280519_5d.jpg\",\"contentUrl\":\"https:\/\/franciscanos.org.br\/noticias\/wp-content\/uploads\/2019\/05\/papa_280519_5d.jpg\",\"width\":273,\"height\":181},{\"@type\":\"WebPage\",\"@id\":\"https:\/\/franciscanos.org.br\/noticias\/papa-o-pecado-envelhece-o-espirito-nos-torna-sempre-jovens.html#webpage\",\"url\":\"https:\/\/franciscanos.org.br\/noticias\/papa-o-pecado-envelhece-o-espirito-nos-torna-sempre-jovens.html\",\"name\":\"Papa: o pecado envelhece, o Esp\u00edrito nos torna sempre jovens - Not\u00edcias - Franciscanos\",\"isPartOf\":{\"@id\":\"https:\/\/franciscanos.org.br\/noticias\/#website\"},\"primaryImageOfPage\":{\"@id\":\"https:\/\/franciscanos.org.br\/noticias\/papa-o-pecado-envelhece-o-espirito-nos-torna-sempre-jovens.html#primaryimage\"},\"datePublished\":\"2019-05-28T10:20:46+00:00\",\"dateModified\":\"2020-06-05T16:21:27+00:00\",\"author\":{\"@id\":\"https:\/\/franciscanos.org.br\/noticias\/#\/schema\/person\/b5c8cba458c330ccff548b056e95a5d4\"},\"breadcrumb\":{\"@id\":\"https:\/\/franciscanos.org.br\/noticias\/papa-o-pecado-envelhece-o-espirito-nos-torna-sempre-jovens.html#breadcrumb\"},\"inLanguage\":\"pt-BR\",\"potentialAction\":[{\"@type\":\"ReadAction\",\"target\":[\"https:\/\/franciscanos.org.br\/noticias\/papa-o-pecado-envelhece-o-espirito-nos-torna-sempre-jovens.html\"]}]},{\"@type\":\"BreadcrumbList\",\"@id\":\"https:\/\/franciscanos.org.br\/noticias\/papa-o-pecado-envelhece-o-espirito-nos-torna-sempre-jovens.html#breadcrumb\",\"itemListElement\":[{\"@type\":\"ListItem\",\"position\":1,\"name\":\"Home\",\"item\":\"https:\/\/franciscanos.org.br\/noticias\"},{\"@type\":\"ListItem\",\"position\":2,\"name\":\"Papa: o pecado envelhece, o Esp\u00edrito nos torna sempre jovens\"}]},{\"@type\":\"Person\",\"@id\":\"https:\/\/franciscanos.org.br\/noticias\/#\/schema\/person\/b5c8cba458c330ccff548b056e95a5d4\",\"name\":\"moacir\",\"image\":{\"@type\":\"ImageObject\",\"inLanguage\":\"pt-BR\",\"@id\":\"https:\/\/franciscanos.org.br\/noticias\/#\/schema\/person\/image\/\",\"url\":\"https:\/\/secure.gravatar.com\/avatar\/d08aa2ce4c8dd416d4479aa8536fcf64?s=96&d=mm&r=g\",\"contentUrl\":\"https:\/\/secure.gravatar.com\/avatar\/d08aa2ce4c8dd416d4479aa8536fcf64?s=96&d=mm&r=g\",\"caption\":\"moacir\"},\"url\":\"https:\/\/franciscanos.org.br\/noticias\/author\/moacir\"}]}<\/script>\n<!-- \/ Yoast SEO plugin. -->","yoast_head_json":{"title":"Papa: o pecado envelhece, o Esp\u00edrito nos torna sempre jovens - Not\u00edcias - Franciscanos","robots":{"index":"index","follow":"follow","max-snippet":"max-snippet:-1","max-image-preview":"max-image-preview:large","max-video-preview":"max-video-preview:-1"},"canonical":"https:\/\/franciscanos.org.br\/noticias\/papa-o-pecado-envelhece-o-espirito-nos-torna-sempre-jovens.html","og_locale":"pt_BR","og_type":"article","og_title":"Papa: o pecado envelhece, o Esp\u00edrito nos torna sempre jovens - Not\u00edcias - Franciscanos","og_description":"Missa em Santa Marta","og_url":"https:\/\/franciscanos.org.br\/noticias\/papa-o-pecado-envelhece-o-espirito-nos-torna-sempre-jovens.html","og_site_name":"Not\u00edcias - Franciscanos","article_published_time":"2019-05-28T10:20:46+00:00","article_modified_time":"2020-06-05T16:21:27+00:00","og_image":[{"width":273,"height":181,"url":"https:\/\/franciscanos.org.br\/noticias\/wp-content\/uploads\/2019\/05\/papa_280519_5d.jpg","type":"image\/jpeg"}],"author":"moacir","twitter_card":"summary_large_image","twitter_misc":{"Escrito por":"moacir","Est. tempo de leitura":"3 minutos"},"schema":{"@context":"https:\/\/schema.org","@graph":[{"@type":"WebSite","@id":"https:\/\/franciscanos.org.br\/noticias\/#website","url":"https:\/\/franciscanos.org.br\/noticias\/","name":"Not\u00edcias - Franciscanos","description":"Prov\u00edncia Franciscana da Imaculada Concei\u00e7\u00e3o do Brasil - Ordem dos Frades Menores - OFM","potentialAction":[{"@type":"SearchAction","target":{"@type":"EntryPoint","urlTemplate":"https:\/\/franciscanos.org.br\/noticias\/?s={search_term_string}"},"query-input":"required name=search_term_string"}],"inLanguage":"pt-BR"},{"@type":"ImageObject","inLanguage":"pt-BR","@id":"https:\/\/franciscanos.org.br\/noticias\/papa-o-pecado-envelhece-o-espirito-nos-torna-sempre-jovens.html#primaryimage","url":"https:\/\/franciscanos.org.br\/noticias\/wp-content\/uploads\/2019\/05\/papa_280519_5d.jpg","contentUrl":"https:\/\/franciscanos.org.br\/noticias\/wp-content\/uploads\/2019\/05\/papa_280519_5d.jpg","width":273,"height":181},{"@type":"WebPage","@id":"https:\/\/franciscanos.org.br\/noticias\/papa-o-pecado-envelhece-o-espirito-nos-torna-sempre-jovens.html#webpage","url":"https:\/\/franciscanos.org.br\/noticias\/papa-o-pecado-envelhece-o-espirito-nos-torna-sempre-jovens.html","name":"Papa: o pecado envelhece, o Esp\u00edrito nos torna sempre jovens - Not\u00edcias - Franciscanos","isPartOf":{"@id":"https:\/\/franciscanos.org.br\/noticias\/#website"},"primaryImageOfPage":{"@id":"https:\/\/franciscanos.org.br\/noticias\/papa-o-pecado-envelhece-o-espirito-nos-torna-sempre-jovens.html#primaryimage"},"datePublished":"2019-05-28T10:20:46+00:00","dateModified":"2020-06-05T16:21:27+00:00","author":{"@id":"https:\/\/franciscanos.org.br\/noticias\/#\/schema\/person\/b5c8cba458c330ccff548b056e95a5d4"},"breadcrumb":{"@id":"https:\/\/franciscanos.org.br\/noticias\/papa-o-pecado-envelhece-o-espirito-nos-torna-sempre-jovens.html#breadcrumb"},"inLanguage":"pt-BR","potentialAction":[{"@type":"ReadAction","target":["https:\/\/franciscanos.org.br\/noticias\/papa-o-pecado-envelhece-o-espirito-nos-torna-sempre-jovens.html"]}]},{"@type":"BreadcrumbList","@id":"https:\/\/franciscanos.org.br\/noticias\/papa-o-pecado-envelhece-o-espirito-nos-torna-sempre-jovens.html#breadcrumb","itemListElement":[{"@type":"ListItem","position":1,"name":"Home","item":"https:\/\/franciscanos.org.br\/noticias"},{"@type":"ListItem","position":2,"name":"Papa: o pecado envelhece, o Esp\u00edrito nos torna sempre jovens"}]},{"@type":"Person","@id":"https:\/\/franciscanos.org.br\/noticias\/#\/schema\/person\/b5c8cba458c330ccff548b056e95a5d4","name":"moacir","image":{"@type":"ImageObject","inLanguage":"pt-BR","@id":"https:\/\/franciscanos.org.br\/noticias\/#\/schema\/person\/image\/","url":"https:\/\/secure.gravatar.com\/avatar\/d08aa2ce4c8dd416d4479aa8536fcf64?s=96&d=mm&r=g","contentUrl":"https:\/\/secure.gravatar.com\/avatar\/d08aa2ce4c8dd416d4479aa8536fcf64?s=96&d=mm&r=g","caption":"moacir"},"url":"https:\/\/franciscanos.org.br\/noticias\/author\/moacir"}]}},"_links":{"self":[{"href":"https:\/\/franciscanos.org.br\/noticias\/wp-json\/wp\/v2\/posts\/205061"}],"collection":[{"href":"https:\/\/franciscanos.org.br\/noticias\/wp-json\/wp\/v2\/posts"}],"about":[{"href":"https:\/\/franciscanos.org.br\/noticias\/wp-json\/wp\/v2\/types\/post"}],"author":[{"embeddable":true,"href":"https:\/\/franciscanos.org.br\/noticias\/wp-json\/wp\/v2\/users\/3"}],"replies":[{"embeddable":true,"href":"https:\/\/franciscanos.org.br\/noticias\/wp-json\/wp\/v2\/comments?post=205061"}],"version-history":[{"count":1,"href":"https:\/\/franciscanos.org.br\/noticias\/wp-json\/wp\/v2\/posts\/205061\/revisions"}],"predecessor-version":[{"id":224244,"href":"https:\/\/franciscanos.org.br\/noticias\/wp-json\/wp\/v2\/posts\/205061\/revisions\/224244"}],"wp:featuredmedia":[{"embeddable":true,"href":"https:\/\/franciscanos.org.br\/noticias\/wp-json\/wp\/v2\/media\/205063"}],"wp:attachment":[{"href":"https:\/\/franciscanos.org.br\/noticias\/wp-json\/wp\/v2\/media?parent=205061"}],"wp:term":[{"taxonomy":"category","embeddable":true,"href":"https:\/\/franciscanos.org.br\/noticias\/wp-json\/wp\/v2\/categories?post=205061"},{"taxonomy":"post_tag","embeddable":true,"href":"https:\/\/franciscanos.org.br\/noticias\/wp-json\/wp\/v2\/tags?post=205061"}],"curies":[{"name":"wp","href":"https:\/\/api.w.org\/{rel}","templated":true}]}}