{"id":205056,"date":"2019-05-28T07:08:26","date_gmt":"2019-05-28T10:08:26","guid":{"rendered":"https:\/\/franciscanos.org.br\/noticias\/?p=205056"},"modified":"2020-06-05T13:22:45","modified_gmt":"2020-06-05T16:22:45","slug":"cacique-raoni-se-encontra-com-o-papa-e-denuncia-ameacas-a-amazonia","status":"publish","type":"post","link":"https:\/\/franciscanos.org.br\/noticias\/cacique-raoni-se-encontra-com-o-papa-e-denuncia-ameacas-a-amazonia.html","title":{"rendered":"Cacique Raoni se encontra com o Papa e denuncia amea\u00e7as \u00e0 Amaz\u00f4nia"},"content":{"rendered":"<p><img loading=\"lazy\" class=\"alignnone size-full wp-image-205057\" src=\"https:\/\/franciscanos.org.br\/noticias\/wp-content\/uploads\/2019\/05\/papa_280519.jpg\" alt=\"\" width=\"890\" height=\"549\" srcset=\"https:\/\/franciscanos.org.br\/noticias\/wp-content\/uploads\/2019\/05\/papa_280519.jpg 890w, https:\/\/franciscanos.org.br\/noticias\/wp-content\/uploads\/2019\/05\/papa_280519-450x278.jpg 450w, https:\/\/franciscanos.org.br\/noticias\/wp-content\/uploads\/2019\/05\/papa_280519-768x474.jpg 768w, https:\/\/franciscanos.org.br\/noticias\/wp-content\/uploads\/2019\/05\/papa_280519-150x93.jpg 150w\" sizes=\"(max-width: 890px) 100vw, 890px\" \/><\/p>\n<p>O Papa Francisco recebeu em audi\u00eancia privada na Casa Santa Marta na manh\u00e3 desta segunda-feira, 27, o l\u00edder ind\u00edgena brasileiro Raoni Metukire, da comunidade Caiap\u00f3. O cacique est\u00e1 na Europa desde 14 de maio, numa viagem de tr\u00eas semanas, para se encontrar com os chefes de Estado e a opini\u00e3o p\u00fablica para alertar sobre as crescentes amea\u00e7as \u00e0 Amaz\u00f4nia.<\/p>\n<p>O encontro do Pont\u00edfice com o l\u00edder do povo Caiap\u00f3 &#8211; amea\u00e7ado por madeireiros e pelo agroneg\u00f3cio &#8211; havia sido confirmado no \u00faltimo s\u00e1bado pelo diretor interino da Sala de Imprensa da Santa S\u00e9, Alessandro Gisotti. Com a audi\u00eancia \u2013 explicou ele &#8211; \u201co Papa reitera a sua aten\u00e7\u00e3o pela popula\u00e7\u00e3o e pelo ambiente da \u00e1rea amaz\u00f4nica, e o seu compromisso pela preserva\u00e7\u00e3o da Casa Comum\u201d.<\/p>\n<p>Gisotti tamb\u00e9m havia explicado que \u201ca audi\u00eancia insere-se no contexto da prepara\u00e7\u00e3o para a Assembleia Especial do S\u00ednodo dos Bispos para a regi\u00e3o Pan-Amaz\u00f4nica, que se realizar\u00e1 de 6 a 27 de outubro, no Vaticano, sobre o tema \u2018Amaz\u00f4nia: Novos Caminhos para a Igreja e por uma Ecologia Integral\u2019\u201d.<\/p>\n<p>O l\u00edder ind\u00edgena brasileiro tamb\u00e9m est\u00e1 recolhendo fundos para a prote\u00e7\u00e3o da reserva do Xingu, no Mato Grosso.<\/p>\n<p><img loading=\"lazy\" class=\"alignnone wp-image-205058 size-full\" src=\"https:\/\/franciscanos.org.br\/noticias\/wp-content\/uploads\/2019\/05\/papa_280519_1.jpg\" alt=\"\" width=\"890\" height=\"501\" srcset=\"https:\/\/franciscanos.org.br\/noticias\/wp-content\/uploads\/2019\/05\/papa_280519_1.jpg 890w, https:\/\/franciscanos.org.br\/noticias\/wp-content\/uploads\/2019\/05\/papa_280519_1-450x253.jpg 450w, https:\/\/franciscanos.org.br\/noticias\/wp-content\/uploads\/2019\/05\/papa_280519_1-768x432.jpg 768w, https:\/\/franciscanos.org.br\/noticias\/wp-content\/uploads\/2019\/05\/papa_280519_1-150x84.jpg 150w\" sizes=\"(max-width: 890px) 100vw, 890px\" \/><\/p>\n<p><strong>AGENDA NA EUROPA<\/strong><\/p>\n<p>L\u00edder da etnia caiap\u00f3, o cacique de 87 anos ganhou visibilidade internacional nas \u00faltimas d\u00e9cadas em sua luta pela preserva\u00e7\u00e3o dos povos ind\u00edgenas e da Amaz\u00f4nia. Ele tentar\u00e1 arrecadar um milh\u00e3o de euros para proteger O Parque Nacional Ind\u00edgena do Xingu \u2013 reserva onde vivem v\u00e1rios povos ind\u00edgenas \u2013 de madeireiros e do agroneg\u00f3cio. Raoni viaja acompanhado de outros tr\u00eas l\u00edderes ind\u00edgenas que vivem no Xingu.<\/p>\n<p>Na Fran\u00e7a, Raoni se reuniu com o presidente Emmanuel Macron e seu ministro do Meio Ambiente, Fran\u00e7ois de Rugy. As lideran\u00e7as ind\u00edgenas estiveram na B\u00e9lgica, Su\u00ed\u00e7a, Luxemburgo, M\u00f4naco e It\u00e1lia.<\/p>\n<p>A viagem de Raoni ocorre num momento de apreens\u00e3o para os povos ind\u00edgenas no Brasil devido a medidas adotadas ou anunciadas pelo governo do presidente Jair Bolsonaro.<\/p>\n<p>Em abril, Bolsonaro afirmou que prop\u00f4s a seu hom\u00f3logo americano, Donald Trump, a abertura da explora\u00e7\u00e3o da regi\u00e3o amaz\u00f4nica em parceria com os Estados Unidos. O presidente criticou tamb\u00e9m o que chama de &#8220;ind\u00fastria&#8221; de demarca\u00e7\u00e3o de terras ind\u00edgenas, que inviabilizaria projetos de desenvolvimento da Amaz\u00f4nia, e afirmou que pretende rever demarca\u00e7\u00f5es. O governo tamb\u00e9m defendeu a possibilidade de ampliar atividades de minera\u00e7\u00e3o e agropecu\u00e1ria em terras ind\u00edgenas.<\/p>\n<p>Logo que assumiu a Presid\u00eancia, Bolsonaro transferiu a responsabilidade pela demarca\u00e7\u00e3o de terras da Funda\u00e7\u00e3o Nacional do \u00cdndio (Funai) para o Minist\u00e9rio da Agricultura. Na semana passada, uma Comiss\u00e3o do Congresso aprovou o retorno da atribui\u00e7\u00e3o para a Funai, assim como a volta da funda\u00e7\u00e3o, transferida para o Minist\u00e9rio da Mulher, Fam\u00edlia e Direitos Humanos, para a al\u00e7ada do Minist\u00e9rio da Justi\u00e7a. O parecer aprovado pela comiss\u00e3o ainda precisa passar pelos plen\u00e1rios da C\u00e2mara e do Senado.<\/p>\n<p>Os fundos que Raoni pretende arrecadar devem ser uados para sinalizar melhor os limites da reserva do Xingu e comprar drones e equipamentos para vigiar a regi\u00e3o e proteg\u00ea-la contra inc\u00eandios, segundo a Foret Vierge, organiza\u00e7\u00e3o que Raoni preside de forma honor\u00e1ria.<\/p>\n<p>Al\u00e9m disso, algumas comunidades no Xingu necessitam de recursos para sa\u00fade, educa\u00e7\u00e3o e conhecimento t\u00e9cnicos para a extra\u00e7\u00e3o e comercializa\u00e7\u00e3o de produtos renov\u00e1veis obtidos na floresta.<\/p>\n<p>&#8220;Assim, os ind\u00edgenas poderiam viver de forma digna na reserva e, ao mesmo tempo, proteger a floresta, em vez de ir a \u00e1reas rurais ou urbanas&#8221;, disse a Foret Vierge em comunicado. A viagem de Raoni recebeu o apoio de figuras como o cantor Sting, que h\u00e1 30 anos realizou uma viagem ao lado do cacique por 17 pa\u00edses e o ajudou a ganhar notoriedade internacional na luta pela prote\u00e7\u00e3o dos povos do Xingu.<\/p>\n<hr \/>\n<p><em>Fonte: Vatican News<\/em><\/p>\n","protected":false},"excerpt":{"rendered":"<p>Raoni viaja acompanhado de outros tr\u00eas l\u00edderes ind\u00edgenas que vivem no Xingu.<\/p>\n","protected":false},"author":3,"featured_media":205059,"comment_status":"open","ping_status":"open","sticky":false,"template":"","format":"standard","meta":[],"categories":[1428],"tags":[55],"acf":[],"yoast_head":"<!-- This site is optimized with the Yoast SEO plugin v19.2 - https:\/\/yoast.com\/wordpress\/plugins\/seo\/ -->\n<title>Cacique Raoni se encontra com o Papa e denuncia amea\u00e7as \u00e0 Amaz\u00f4nia - Not\u00edcias - Franciscanos<\/title>\n<meta name=\"robots\" content=\"index, follow, max-snippet:-1, max-image-preview:large, max-video-preview:-1\" \/>\n<link rel=\"canonical\" href=\"https:\/\/franciscanos.org.br\/noticias\/cacique-raoni-se-encontra-com-o-papa-e-denuncia-ameacas-a-amazonia.html\" \/>\n<meta property=\"og:locale\" content=\"pt_BR\" \/>\n<meta property=\"og:type\" content=\"article\" \/>\n<meta property=\"og:title\" content=\"Cacique Raoni se encontra com o Papa e denuncia amea\u00e7as \u00e0 Amaz\u00f4nia - Not\u00edcias - Franciscanos\" \/>\n<meta property=\"og:description\" content=\"Raoni viaja acompanhado de outros tr\u00eas l\u00edderes ind\u00edgenas que vivem no Xingu.\" \/>\n<meta property=\"og:url\" content=\"https:\/\/franciscanos.org.br\/noticias\/cacique-raoni-se-encontra-com-o-papa-e-denuncia-ameacas-a-amazonia.html\" \/>\n<meta property=\"og:site_name\" content=\"Not\u00edcias - Franciscanos\" \/>\n<meta property=\"article:published_time\" content=\"2019-05-28T10:08:26+00:00\" \/>\n<meta property=\"article:modified_time\" content=\"2020-06-05T16:22:45+00:00\" \/>\n<meta property=\"og:image\" content=\"https:\/\/franciscanos.org.br\/noticias\/wp-content\/uploads\/2019\/05\/papa_280519d.jpg\" \/>\n\t<meta property=\"og:image:width\" content=\"273\" \/>\n\t<meta property=\"og:image:height\" content=\"181\" \/>\n\t<meta property=\"og:image:type\" content=\"image\/jpeg\" \/>\n<meta name=\"author\" content=\"moacir\" \/>\n<meta name=\"twitter:card\" content=\"summary_large_image\" \/>\n<meta name=\"twitter:label1\" content=\"Escrito por\" \/>\n\t<meta name=\"twitter:data1\" content=\"moacir\" \/>\n\t<meta name=\"twitter:label2\" content=\"Est. tempo de leitura\" \/>\n\t<meta name=\"twitter:data2\" content=\"3 minutos\" \/>\n<script type=\"application\/ld+json\" class=\"yoast-schema-graph\">{\"@context\":\"https:\/\/schema.org\",\"@graph\":[{\"@type\":\"WebSite\",\"@id\":\"https:\/\/franciscanos.org.br\/noticias\/#website\",\"url\":\"https:\/\/franciscanos.org.br\/noticias\/\",\"name\":\"Not\u00edcias - Franciscanos\",\"description\":\"Prov\u00edncia Franciscana da Imaculada Concei\u00e7\u00e3o do Brasil - Ordem dos Frades Menores - OFM\",\"potentialAction\":[{\"@type\":\"SearchAction\",\"target\":{\"@type\":\"EntryPoint\",\"urlTemplate\":\"https:\/\/franciscanos.org.br\/noticias\/?s={search_term_string}\"},\"query-input\":\"required name=search_term_string\"}],\"inLanguage\":\"pt-BR\"},{\"@type\":\"ImageObject\",\"inLanguage\":\"pt-BR\",\"@id\":\"https:\/\/franciscanos.org.br\/noticias\/cacique-raoni-se-encontra-com-o-papa-e-denuncia-ameacas-a-amazonia.html#primaryimage\",\"url\":\"https:\/\/franciscanos.org.br\/noticias\/wp-content\/uploads\/2019\/05\/papa_280519d.jpg\",\"contentUrl\":\"https:\/\/franciscanos.org.br\/noticias\/wp-content\/uploads\/2019\/05\/papa_280519d.jpg\",\"width\":273,\"height\":181},{\"@type\":\"WebPage\",\"@id\":\"https:\/\/franciscanos.org.br\/noticias\/cacique-raoni-se-encontra-com-o-papa-e-denuncia-ameacas-a-amazonia.html#webpage\",\"url\":\"https:\/\/franciscanos.org.br\/noticias\/cacique-raoni-se-encontra-com-o-papa-e-denuncia-ameacas-a-amazonia.html\",\"name\":\"Cacique Raoni se encontra com o Papa e denuncia amea\u00e7as \u00e0 Amaz\u00f4nia - Not\u00edcias - Franciscanos\",\"isPartOf\":{\"@id\":\"https:\/\/franciscanos.org.br\/noticias\/#website\"},\"primaryImageOfPage\":{\"@id\":\"https:\/\/franciscanos.org.br\/noticias\/cacique-raoni-se-encontra-com-o-papa-e-denuncia-ameacas-a-amazonia.html#primaryimage\"},\"datePublished\":\"2019-05-28T10:08:26+00:00\",\"dateModified\":\"2020-06-05T16:22:45+00:00\",\"author\":{\"@id\":\"https:\/\/franciscanos.org.br\/noticias\/#\/schema\/person\/b5c8cba458c330ccff548b056e95a5d4\"},\"breadcrumb\":{\"@id\":\"https:\/\/franciscanos.org.br\/noticias\/cacique-raoni-se-encontra-com-o-papa-e-denuncia-ameacas-a-amazonia.html#breadcrumb\"},\"inLanguage\":\"pt-BR\",\"potentialAction\":[{\"@type\":\"ReadAction\",\"target\":[\"https:\/\/franciscanos.org.br\/noticias\/cacique-raoni-se-encontra-com-o-papa-e-denuncia-ameacas-a-amazonia.html\"]}]},{\"@type\":\"BreadcrumbList\",\"@id\":\"https:\/\/franciscanos.org.br\/noticias\/cacique-raoni-se-encontra-com-o-papa-e-denuncia-ameacas-a-amazonia.html#breadcrumb\",\"itemListElement\":[{\"@type\":\"ListItem\",\"position\":1,\"name\":\"Home\",\"item\":\"https:\/\/franciscanos.org.br\/noticias\"},{\"@type\":\"ListItem\",\"position\":2,\"name\":\"Cacique Raoni se encontra com o Papa e denuncia amea\u00e7as \u00e0 Amaz\u00f4nia\"}]},{\"@type\":\"Person\",\"@id\":\"https:\/\/franciscanos.org.br\/noticias\/#\/schema\/person\/b5c8cba458c330ccff548b056e95a5d4\",\"name\":\"moacir\",\"image\":{\"@type\":\"ImageObject\",\"inLanguage\":\"pt-BR\",\"@id\":\"https:\/\/franciscanos.org.br\/noticias\/#\/schema\/person\/image\/\",\"url\":\"https:\/\/secure.gravatar.com\/avatar\/d08aa2ce4c8dd416d4479aa8536fcf64?s=96&d=mm&r=g\",\"contentUrl\":\"https:\/\/secure.gravatar.com\/avatar\/d08aa2ce4c8dd416d4479aa8536fcf64?s=96&d=mm&r=g\",\"caption\":\"moacir\"},\"url\":\"https:\/\/franciscanos.org.br\/noticias\/author\/moacir\"}]}<\/script>\n<!-- \/ Yoast SEO plugin. -->","yoast_head_json":{"title":"Cacique Raoni se encontra com o Papa e denuncia amea\u00e7as \u00e0 Amaz\u00f4nia - Not\u00edcias - Franciscanos","robots":{"index":"index","follow":"follow","max-snippet":"max-snippet:-1","max-image-preview":"max-image-preview:large","max-video-preview":"max-video-preview:-1"},"canonical":"https:\/\/franciscanos.org.br\/noticias\/cacique-raoni-se-encontra-com-o-papa-e-denuncia-ameacas-a-amazonia.html","og_locale":"pt_BR","og_type":"article","og_title":"Cacique Raoni se encontra com o Papa e denuncia amea\u00e7as \u00e0 Amaz\u00f4nia - Not\u00edcias - Franciscanos","og_description":"Raoni viaja acompanhado de outros tr\u00eas l\u00edderes ind\u00edgenas que vivem no Xingu.","og_url":"https:\/\/franciscanos.org.br\/noticias\/cacique-raoni-se-encontra-com-o-papa-e-denuncia-ameacas-a-amazonia.html","og_site_name":"Not\u00edcias - Franciscanos","article_published_time":"2019-05-28T10:08:26+00:00","article_modified_time":"2020-06-05T16:22:45+00:00","og_image":[{"width":273,"height":181,"url":"https:\/\/franciscanos.org.br\/noticias\/wp-content\/uploads\/2019\/05\/papa_280519d.jpg","type":"image\/jpeg"}],"author":"moacir","twitter_card":"summary_large_image","twitter_misc":{"Escrito por":"moacir","Est. tempo de leitura":"3 minutos"},"schema":{"@context":"https:\/\/schema.org","@graph":[{"@type":"WebSite","@id":"https:\/\/franciscanos.org.br\/noticias\/#website","url":"https:\/\/franciscanos.org.br\/noticias\/","name":"Not\u00edcias - Franciscanos","description":"Prov\u00edncia Franciscana da Imaculada Concei\u00e7\u00e3o do Brasil - Ordem dos Frades Menores - OFM","potentialAction":[{"@type":"SearchAction","target":{"@type":"EntryPoint","urlTemplate":"https:\/\/franciscanos.org.br\/noticias\/?s={search_term_string}"},"query-input":"required name=search_term_string"}],"inLanguage":"pt-BR"},{"@type":"ImageObject","inLanguage":"pt-BR","@id":"https:\/\/franciscanos.org.br\/noticias\/cacique-raoni-se-encontra-com-o-papa-e-denuncia-ameacas-a-amazonia.html#primaryimage","url":"https:\/\/franciscanos.org.br\/noticias\/wp-content\/uploads\/2019\/05\/papa_280519d.jpg","contentUrl":"https:\/\/franciscanos.org.br\/noticias\/wp-content\/uploads\/2019\/05\/papa_280519d.jpg","width":273,"height":181},{"@type":"WebPage","@id":"https:\/\/franciscanos.org.br\/noticias\/cacique-raoni-se-encontra-com-o-papa-e-denuncia-ameacas-a-amazonia.html#webpage","url":"https:\/\/franciscanos.org.br\/noticias\/cacique-raoni-se-encontra-com-o-papa-e-denuncia-ameacas-a-amazonia.html","name":"Cacique Raoni se encontra com o Papa e denuncia amea\u00e7as \u00e0 Amaz\u00f4nia - Not\u00edcias - Franciscanos","isPartOf":{"@id":"https:\/\/franciscanos.org.br\/noticias\/#website"},"primaryImageOfPage":{"@id":"https:\/\/franciscanos.org.br\/noticias\/cacique-raoni-se-encontra-com-o-papa-e-denuncia-ameacas-a-amazonia.html#primaryimage"},"datePublished":"2019-05-28T10:08:26+00:00","dateModified":"2020-06-05T16:22:45+00:00","author":{"@id":"https:\/\/franciscanos.org.br\/noticias\/#\/schema\/person\/b5c8cba458c330ccff548b056e95a5d4"},"breadcrumb":{"@id":"https:\/\/franciscanos.org.br\/noticias\/cacique-raoni-se-encontra-com-o-papa-e-denuncia-ameacas-a-amazonia.html#breadcrumb"},"inLanguage":"pt-BR","potentialAction":[{"@type":"ReadAction","target":["https:\/\/franciscanos.org.br\/noticias\/cacique-raoni-se-encontra-com-o-papa-e-denuncia-ameacas-a-amazonia.html"]}]},{"@type":"BreadcrumbList","@id":"https:\/\/franciscanos.org.br\/noticias\/cacique-raoni-se-encontra-com-o-papa-e-denuncia-ameacas-a-amazonia.html#breadcrumb","itemListElement":[{"@type":"ListItem","position":1,"name":"Home","item":"https:\/\/franciscanos.org.br\/noticias"},{"@type":"ListItem","position":2,"name":"Cacique Raoni se encontra com o Papa e denuncia amea\u00e7as \u00e0 Amaz\u00f4nia"}]},{"@type":"Person","@id":"https:\/\/franciscanos.org.br\/noticias\/#\/schema\/person\/b5c8cba458c330ccff548b056e95a5d4","name":"moacir","image":{"@type":"ImageObject","inLanguage":"pt-BR","@id":"https:\/\/franciscanos.org.br\/noticias\/#\/schema\/person\/image\/","url":"https:\/\/secure.gravatar.com\/avatar\/d08aa2ce4c8dd416d4479aa8536fcf64?s=96&d=mm&r=g","contentUrl":"https:\/\/secure.gravatar.com\/avatar\/d08aa2ce4c8dd416d4479aa8536fcf64?s=96&d=mm&r=g","caption":"moacir"},"url":"https:\/\/franciscanos.org.br\/noticias\/author\/moacir"}]}},"_links":{"self":[{"href":"https:\/\/franciscanos.org.br\/noticias\/wp-json\/wp\/v2\/posts\/205056"}],"collection":[{"href":"https:\/\/franciscanos.org.br\/noticias\/wp-json\/wp\/v2\/posts"}],"about":[{"href":"https:\/\/franciscanos.org.br\/noticias\/wp-json\/wp\/v2\/types\/post"}],"author":[{"embeddable":true,"href":"https:\/\/franciscanos.org.br\/noticias\/wp-json\/wp\/v2\/users\/3"}],"replies":[{"embeddable":true,"href":"https:\/\/franciscanos.org.br\/noticias\/wp-json\/wp\/v2\/comments?post=205056"}],"version-history":[{"count":1,"href":"https:\/\/franciscanos.org.br\/noticias\/wp-json\/wp\/v2\/posts\/205056\/revisions"}],"predecessor-version":[{"id":224245,"href":"https:\/\/franciscanos.org.br\/noticias\/wp-json\/wp\/v2\/posts\/205056\/revisions\/224245"}],"wp:featuredmedia":[{"embeddable":true,"href":"https:\/\/franciscanos.org.br\/noticias\/wp-json\/wp\/v2\/media\/205059"}],"wp:attachment":[{"href":"https:\/\/franciscanos.org.br\/noticias\/wp-json\/wp\/v2\/media?parent=205056"}],"wp:term":[{"taxonomy":"category","embeddable":true,"href":"https:\/\/franciscanos.org.br\/noticias\/wp-json\/wp\/v2\/categories?post=205056"},{"taxonomy":"post_tag","embeddable":true,"href":"https:\/\/franciscanos.org.br\/noticias\/wp-json\/wp\/v2\/tags?post=205056"}],"curies":[{"name":"wp","href":"https:\/\/api.w.org\/{rel}","templated":true}]}}