{"id":205048,"date":"2019-05-27T19:38:01","date_gmt":"2019-05-27T22:38:01","guid":{"rendered":"https:\/\/franciscanos.org.br\/noticias\/?p=205048"},"modified":"2019-05-28T07:58:56","modified_gmt":"2019-05-28T10:58:56","slug":"comeca-o-iv-capitulo-da-fundacao-imaculada-mae-de-deus-de-angola","status":"publish","type":"post","link":"https:\/\/franciscanos.org.br\/noticias\/comeca-o-iv-capitulo-da-fundacao-imaculada-mae-de-deus-de-angola.html","title":{"rendered":"Come\u00e7a o IV Cap\u00edtulo da Funda\u00e7\u00e3o Imaculada M\u00e3e de Deus de Angola"},"content":{"rendered":"<p><img loading=\"lazy\" class=\"alignnone wp-image-205049 size-full\" src=\"https:\/\/franciscanos.org.br\/noticias\/wp-content\/uploads\/2019\/05\/angola_270519.jpg\" alt=\"\" width=\"890\" height=\"593\" srcset=\"https:\/\/franciscanos.org.br\/noticias\/wp-content\/uploads\/2019\/05\/angola_270519.jpg 890w, https:\/\/franciscanos.org.br\/noticias\/wp-content\/uploads\/2019\/05\/angola_270519-450x300.jpg 450w, https:\/\/franciscanos.org.br\/noticias\/wp-content\/uploads\/2019\/05\/angola_270519-768x512.jpg 768w, https:\/\/franciscanos.org.br\/noticias\/wp-content\/uploads\/2019\/05\/angola_270519-150x100.jpg 150w\" sizes=\"(max-width: 890px) 100vw, 890px\" \/><\/p>\n<p><strong>Luanda (Angola)<\/strong> &#8211; Com a presen\u00e7a de 44 capitulares, teve in\u00edcio nesta segunda-feira, 27 de maio, o IV Cap\u00edtulo da Funda\u00e7\u00e3o Imaculada M\u00e3e de Deus de Angola, sob a presid\u00eancia do Ministro Provincial Frei C\u00e9sar Kulkamp. Esse momento celebrativo e normativo na vida dos frades est\u00e1 sendo realizado na sede da Funda\u00e7\u00e3o, em Luanda, capital de Angola, tendo como lema \u201cMinoridade Franciscana: Lugar de Encontro e Comunh\u00e3o\u201d.<\/p>\n<p>De manh\u00e3, antes dos trabalhos capitulares, os frades participaram de um retiro conduzido por Frei C\u00e9sar, que fez sua reflex\u00e3o a partir de um texto do frade italiano Enzo Biemmi, \u201cO Cap\u00edtulo: evento de comunh\u00e3o\u201d, destacando que a finalidade do Cap\u00edtulo \u00e9 ser uma celebra\u00e7\u00e3o de irm\u00e3os com o objetivo de torn\u00e1-los mais pr\u00f3ximos uns dos outros, porque s\u00e3o movidos pela mesma inspira\u00e7\u00e3o.<\/p>\n<p><img loading=\"lazy\" class=\"alignnone size-full wp-image-205050\" src=\"https:\/\/franciscanos.org.br\/noticias\/wp-content\/uploads\/2019\/05\/angola_270519_2.jpg\" alt=\"\" width=\"890\" height=\"367\" srcset=\"https:\/\/franciscanos.org.br\/noticias\/wp-content\/uploads\/2019\/05\/angola_270519_2.jpg 890w, https:\/\/franciscanos.org.br\/noticias\/wp-content\/uploads\/2019\/05\/angola_270519_2-450x186.jpg 450w, https:\/\/franciscanos.org.br\/noticias\/wp-content\/uploads\/2019\/05\/angola_270519_2-768x317.jpg 768w, https:\/\/franciscanos.org.br\/noticias\/wp-content\/uploads\/2019\/05\/angola_270519_2-150x62.jpg 150w\" sizes=\"(max-width: 890px) 100vw, 890px\" \/><\/p>\n<p>Na sequ\u00eancia do retiro, ap\u00f3s momento de medita\u00e7\u00e3o pessoal, os frades partilharam tr\u00eas aspectos apontados pelo texto: \u201cComo se entra no cap\u00edtulo\u201d; \u201cComo se vive o cap\u00edtulo\u201d; e \u201cComo se sai do cap\u00edtulo\u201d.<\/p>\n<p>O Ministro Provincial, em comunh\u00e3o com a tem\u00e1tica do Cap\u00edtulo Provincial da Prov\u00edncia da Imaculada Concei\u00e7\u00e3o, realizado em novembro do ano passado, partilhou a reflex\u00e3o sobre a minoridade desenvolvida por Frei Vanildo Zugno. Frei Cesar enfatizou que o lava-p\u00e9s \u00e9 o meio para a pr\u00e1tica da minoridade.<\/p>\n<p>\u00c0 tarde, Frei Robson Scudela, coordenador da Frente das Miss\u00f5es, falou sobre\u00a0 os 800 anos do encontro de S\u00e3o Francisco com o sult\u00e3o Al-Malik Al-Kamil. Destacou a import\u00e2ncia do di\u00e1logo e a atualidade daquele encontro. Frei Robson lembrou que o di\u00e1logo sup\u00f5e sa\u00edda, ir ao encontro, acolher, perdoar. Assim, vinculou o di\u00e1logo \u00e0 co-responsabilidade.<\/p>\n<p><img loading=\"lazy\" class=\"alignnone size-full wp-image-205051\" src=\"https:\/\/franciscanos.org.br\/noticias\/wp-content\/uploads\/2019\/05\/angola_270519_1.jpg\" alt=\"\" width=\"890\" height=\"492\" srcset=\"https:\/\/franciscanos.org.br\/noticias\/wp-content\/uploads\/2019\/05\/angola_270519_1.jpg 890w, https:\/\/franciscanos.org.br\/noticias\/wp-content\/uploads\/2019\/05\/angola_270519_1-450x249.jpg 450w, https:\/\/franciscanos.org.br\/noticias\/wp-content\/uploads\/2019\/05\/angola_270519_1-768x425.jpg 768w, https:\/\/franciscanos.org.br\/noticias\/wp-content\/uploads\/2019\/05\/angola_270519_1-150x83.jpg 150w\" sizes=\"(max-width: 890px) 100vw, 890px\" \/><\/p>\n<p>Terminada a exposi\u00e7\u00e3o de Frei Robson, o Ministro Provincial instalou o Cap\u00edtulo com a chamada dos capitulares. Seguiu-se a Missa votiva ao Esp\u00edrito Santo.<\/p>\n<hr \/>\n<p><strong>Equipe de Comunica\u00e7\u00e3o:<\/strong> <em>Frei Bernardo Jo\u00e3o Cassinda, Frei Evaristo Seque Joaquim e Frei Cris\u00f3stomo Pinto \u00d1gala<\/em><\/p>\n","protected":false},"excerpt":{"rendered":"<p>Cap\u00edtulo da Funda\u00e7\u00e3o Imaculada M\u00e3e de Deus de Angola<\/p>\n","protected":false},"author":3,"featured_media":205052,"comment_status":"open","ping_status":"open","sticky":false,"template":"","format":"standard","meta":[],"categories":[1],"tags":[360],"acf":[],"yoast_head":"<!-- This site is optimized with the Yoast SEO plugin v19.2 - https:\/\/yoast.com\/wordpress\/plugins\/seo\/ -->\n<title>Come\u00e7a o IV Cap\u00edtulo da Funda\u00e7\u00e3o Imaculada M\u00e3e de Deus de Angola - Not\u00edcias - Franciscanos<\/title>\n<meta name=\"robots\" content=\"index, follow, max-snippet:-1, max-image-preview:large, max-video-preview:-1\" \/>\n<link rel=\"canonical\" href=\"https:\/\/franciscanos.org.br\/noticias\/comeca-o-iv-capitulo-da-fundacao-imaculada-mae-de-deus-de-angola.html\" \/>\n<meta property=\"og:locale\" content=\"pt_BR\" \/>\n<meta property=\"og:type\" content=\"article\" \/>\n<meta property=\"og:title\" content=\"Come\u00e7a o IV Cap\u00edtulo da Funda\u00e7\u00e3o Imaculada M\u00e3e de Deus de Angola - Not\u00edcias - Franciscanos\" \/>\n<meta property=\"og:description\" content=\"Cap\u00edtulo da Funda\u00e7\u00e3o Imaculada M\u00e3e de Deus de Angola\" \/>\n<meta property=\"og:url\" content=\"https:\/\/franciscanos.org.br\/noticias\/comeca-o-iv-capitulo-da-fundacao-imaculada-mae-de-deus-de-angola.html\" \/>\n<meta property=\"og:site_name\" content=\"Not\u00edcias - Franciscanos\" \/>\n<meta property=\"article:published_time\" content=\"2019-05-27T22:38:01+00:00\" \/>\n<meta property=\"article:modified_time\" content=\"2019-05-28T10:58:56+00:00\" \/>\n<meta property=\"og:image\" content=\"https:\/\/franciscanos.org.br\/noticias\/wp-content\/uploads\/2019\/05\/angola_270519d.jpg\" \/>\n\t<meta property=\"og:image:width\" content=\"273\" \/>\n\t<meta property=\"og:image:height\" content=\"181\" \/>\n\t<meta property=\"og:image:type\" content=\"image\/jpeg\" \/>\n<meta name=\"author\" content=\"moacir\" \/>\n<meta name=\"twitter:card\" content=\"summary_large_image\" \/>\n<meta name=\"twitter:label1\" content=\"Escrito por\" \/>\n\t<meta name=\"twitter:data1\" content=\"moacir\" \/>\n\t<meta name=\"twitter:label2\" content=\"Est. tempo de leitura\" \/>\n\t<meta name=\"twitter:data2\" content=\"2 minutos\" \/>\n<script type=\"application\/ld+json\" class=\"yoast-schema-graph\">{\"@context\":\"https:\/\/schema.org\",\"@graph\":[{\"@type\":\"WebSite\",\"@id\":\"https:\/\/franciscanos.org.br\/noticias\/#website\",\"url\":\"https:\/\/franciscanos.org.br\/noticias\/\",\"name\":\"Not\u00edcias - Franciscanos\",\"description\":\"Prov\u00edncia Franciscana da Imaculada Concei\u00e7\u00e3o do Brasil - Ordem dos Frades Menores - OFM\",\"potentialAction\":[{\"@type\":\"SearchAction\",\"target\":{\"@type\":\"EntryPoint\",\"urlTemplate\":\"https:\/\/franciscanos.org.br\/noticias\/?s={search_term_string}\"},\"query-input\":\"required name=search_term_string\"}],\"inLanguage\":\"pt-BR\"},{\"@type\":\"ImageObject\",\"inLanguage\":\"pt-BR\",\"@id\":\"https:\/\/franciscanos.org.br\/noticias\/comeca-o-iv-capitulo-da-fundacao-imaculada-mae-de-deus-de-angola.html#primaryimage\",\"url\":\"https:\/\/franciscanos.org.br\/noticias\/wp-content\/uploads\/2019\/05\/angola_270519d.jpg\",\"contentUrl\":\"https:\/\/franciscanos.org.br\/noticias\/wp-content\/uploads\/2019\/05\/angola_270519d.jpg\",\"width\":273,\"height\":181},{\"@type\":\"WebPage\",\"@id\":\"https:\/\/franciscanos.org.br\/noticias\/comeca-o-iv-capitulo-da-fundacao-imaculada-mae-de-deus-de-angola.html#webpage\",\"url\":\"https:\/\/franciscanos.org.br\/noticias\/comeca-o-iv-capitulo-da-fundacao-imaculada-mae-de-deus-de-angola.html\",\"name\":\"Come\u00e7a o IV Cap\u00edtulo da Funda\u00e7\u00e3o Imaculada M\u00e3e de Deus de Angola - Not\u00edcias - Franciscanos\",\"isPartOf\":{\"@id\":\"https:\/\/franciscanos.org.br\/noticias\/#website\"},\"primaryImageOfPage\":{\"@id\":\"https:\/\/franciscanos.org.br\/noticias\/comeca-o-iv-capitulo-da-fundacao-imaculada-mae-de-deus-de-angola.html#primaryimage\"},\"datePublished\":\"2019-05-27T22:38:01+00:00\",\"dateModified\":\"2019-05-28T10:58:56+00:00\",\"author\":{\"@id\":\"https:\/\/franciscanos.org.br\/noticias\/#\/schema\/person\/b5c8cba458c330ccff548b056e95a5d4\"},\"breadcrumb\":{\"@id\":\"https:\/\/franciscanos.org.br\/noticias\/comeca-o-iv-capitulo-da-fundacao-imaculada-mae-de-deus-de-angola.html#breadcrumb\"},\"inLanguage\":\"pt-BR\",\"potentialAction\":[{\"@type\":\"ReadAction\",\"target\":[\"https:\/\/franciscanos.org.br\/noticias\/comeca-o-iv-capitulo-da-fundacao-imaculada-mae-de-deus-de-angola.html\"]}]},{\"@type\":\"BreadcrumbList\",\"@id\":\"https:\/\/franciscanos.org.br\/noticias\/comeca-o-iv-capitulo-da-fundacao-imaculada-mae-de-deus-de-angola.html#breadcrumb\",\"itemListElement\":[{\"@type\":\"ListItem\",\"position\":1,\"name\":\"Home\",\"item\":\"https:\/\/franciscanos.org.br\/noticias\"},{\"@type\":\"ListItem\",\"position\":2,\"name\":\"Come\u00e7a o IV Cap\u00edtulo da Funda\u00e7\u00e3o Imaculada M\u00e3e de Deus de Angola\"}]},{\"@type\":\"Person\",\"@id\":\"https:\/\/franciscanos.org.br\/noticias\/#\/schema\/person\/b5c8cba458c330ccff548b056e95a5d4\",\"name\":\"moacir\",\"image\":{\"@type\":\"ImageObject\",\"inLanguage\":\"pt-BR\",\"@id\":\"https:\/\/franciscanos.org.br\/noticias\/#\/schema\/person\/image\/\",\"url\":\"https:\/\/secure.gravatar.com\/avatar\/d08aa2ce4c8dd416d4479aa8536fcf64?s=96&d=mm&r=g\",\"contentUrl\":\"https:\/\/secure.gravatar.com\/avatar\/d08aa2ce4c8dd416d4479aa8536fcf64?s=96&d=mm&r=g\",\"caption\":\"moacir\"},\"url\":\"https:\/\/franciscanos.org.br\/noticias\/author\/moacir\"}]}<\/script>\n<!-- \/ Yoast SEO plugin. -->","yoast_head_json":{"title":"Come\u00e7a o IV Cap\u00edtulo da Funda\u00e7\u00e3o Imaculada M\u00e3e de Deus de Angola - Not\u00edcias - Franciscanos","robots":{"index":"index","follow":"follow","max-snippet":"max-snippet:-1","max-image-preview":"max-image-preview:large","max-video-preview":"max-video-preview:-1"},"canonical":"https:\/\/franciscanos.org.br\/noticias\/comeca-o-iv-capitulo-da-fundacao-imaculada-mae-de-deus-de-angola.html","og_locale":"pt_BR","og_type":"article","og_title":"Come\u00e7a o IV Cap\u00edtulo da Funda\u00e7\u00e3o Imaculada M\u00e3e de Deus de Angola - Not\u00edcias - Franciscanos","og_description":"Cap\u00edtulo da Funda\u00e7\u00e3o Imaculada M\u00e3e de Deus de Angola","og_url":"https:\/\/franciscanos.org.br\/noticias\/comeca-o-iv-capitulo-da-fundacao-imaculada-mae-de-deus-de-angola.html","og_site_name":"Not\u00edcias - Franciscanos","article_published_time":"2019-05-27T22:38:01+00:00","article_modified_time":"2019-05-28T10:58:56+00:00","og_image":[{"width":273,"height":181,"url":"https:\/\/franciscanos.org.br\/noticias\/wp-content\/uploads\/2019\/05\/angola_270519d.jpg","type":"image\/jpeg"}],"author":"moacir","twitter_card":"summary_large_image","twitter_misc":{"Escrito por":"moacir","Est. tempo de leitura":"2 minutos"},"schema":{"@context":"https:\/\/schema.org","@graph":[{"@type":"WebSite","@id":"https:\/\/franciscanos.org.br\/noticias\/#website","url":"https:\/\/franciscanos.org.br\/noticias\/","name":"Not\u00edcias - Franciscanos","description":"Prov\u00edncia Franciscana da Imaculada Concei\u00e7\u00e3o do Brasil - Ordem dos Frades Menores - OFM","potentialAction":[{"@type":"SearchAction","target":{"@type":"EntryPoint","urlTemplate":"https:\/\/franciscanos.org.br\/noticias\/?s={search_term_string}"},"query-input":"required name=search_term_string"}],"inLanguage":"pt-BR"},{"@type":"ImageObject","inLanguage":"pt-BR","@id":"https:\/\/franciscanos.org.br\/noticias\/comeca-o-iv-capitulo-da-fundacao-imaculada-mae-de-deus-de-angola.html#primaryimage","url":"https:\/\/franciscanos.org.br\/noticias\/wp-content\/uploads\/2019\/05\/angola_270519d.jpg","contentUrl":"https:\/\/franciscanos.org.br\/noticias\/wp-content\/uploads\/2019\/05\/angola_270519d.jpg","width":273,"height":181},{"@type":"WebPage","@id":"https:\/\/franciscanos.org.br\/noticias\/comeca-o-iv-capitulo-da-fundacao-imaculada-mae-de-deus-de-angola.html#webpage","url":"https:\/\/franciscanos.org.br\/noticias\/comeca-o-iv-capitulo-da-fundacao-imaculada-mae-de-deus-de-angola.html","name":"Come\u00e7a o IV Cap\u00edtulo da Funda\u00e7\u00e3o Imaculada M\u00e3e de Deus de Angola - Not\u00edcias - Franciscanos","isPartOf":{"@id":"https:\/\/franciscanos.org.br\/noticias\/#website"},"primaryImageOfPage":{"@id":"https:\/\/franciscanos.org.br\/noticias\/comeca-o-iv-capitulo-da-fundacao-imaculada-mae-de-deus-de-angola.html#primaryimage"},"datePublished":"2019-05-27T22:38:01+00:00","dateModified":"2019-05-28T10:58:56+00:00","author":{"@id":"https:\/\/franciscanos.org.br\/noticias\/#\/schema\/person\/b5c8cba458c330ccff548b056e95a5d4"},"breadcrumb":{"@id":"https:\/\/franciscanos.org.br\/noticias\/comeca-o-iv-capitulo-da-fundacao-imaculada-mae-de-deus-de-angola.html#breadcrumb"},"inLanguage":"pt-BR","potentialAction":[{"@type":"ReadAction","target":["https:\/\/franciscanos.org.br\/noticias\/comeca-o-iv-capitulo-da-fundacao-imaculada-mae-de-deus-de-angola.html"]}]},{"@type":"BreadcrumbList","@id":"https:\/\/franciscanos.org.br\/noticias\/comeca-o-iv-capitulo-da-fundacao-imaculada-mae-de-deus-de-angola.html#breadcrumb","itemListElement":[{"@type":"ListItem","position":1,"name":"Home","item":"https:\/\/franciscanos.org.br\/noticias"},{"@type":"ListItem","position":2,"name":"Come\u00e7a o IV Cap\u00edtulo da Funda\u00e7\u00e3o Imaculada M\u00e3e de Deus de Angola"}]},{"@type":"Person","@id":"https:\/\/franciscanos.org.br\/noticias\/#\/schema\/person\/b5c8cba458c330ccff548b056e95a5d4","name":"moacir","image":{"@type":"ImageObject","inLanguage":"pt-BR","@id":"https:\/\/franciscanos.org.br\/noticias\/#\/schema\/person\/image\/","url":"https:\/\/secure.gravatar.com\/avatar\/d08aa2ce4c8dd416d4479aa8536fcf64?s=96&d=mm&r=g","contentUrl":"https:\/\/secure.gravatar.com\/avatar\/d08aa2ce4c8dd416d4479aa8536fcf64?s=96&d=mm&r=g","caption":"moacir"},"url":"https:\/\/franciscanos.org.br\/noticias\/author\/moacir"}]}},"_links":{"self":[{"href":"https:\/\/franciscanos.org.br\/noticias\/wp-json\/wp\/v2\/posts\/205048"}],"collection":[{"href":"https:\/\/franciscanos.org.br\/noticias\/wp-json\/wp\/v2\/posts"}],"about":[{"href":"https:\/\/franciscanos.org.br\/noticias\/wp-json\/wp\/v2\/types\/post"}],"author":[{"embeddable":true,"href":"https:\/\/franciscanos.org.br\/noticias\/wp-json\/wp\/v2\/users\/3"}],"replies":[{"embeddable":true,"href":"https:\/\/franciscanos.org.br\/noticias\/wp-json\/wp\/v2\/comments?post=205048"}],"version-history":[{"count":0,"href":"https:\/\/franciscanos.org.br\/noticias\/wp-json\/wp\/v2\/posts\/205048\/revisions"}],"wp:featuredmedia":[{"embeddable":true,"href":"https:\/\/franciscanos.org.br\/noticias\/wp-json\/wp\/v2\/media\/205052"}],"wp:attachment":[{"href":"https:\/\/franciscanos.org.br\/noticias\/wp-json\/wp\/v2\/media?parent=205048"}],"wp:term":[{"taxonomy":"category","embeddable":true,"href":"https:\/\/franciscanos.org.br\/noticias\/wp-json\/wp\/v2\/categories?post=205048"},{"taxonomy":"post_tag","embeddable":true,"href":"https:\/\/franciscanos.org.br\/noticias\/wp-json\/wp\/v2\/tags?post=205048"}],"curies":[{"name":"wp","href":"https:\/\/api.w.org\/{rel}","templated":true}]}}