{"id":205042,"date":"2019-05-27T14:52:41","date_gmt":"2019-05-27T17:52:41","guid":{"rendered":"https:\/\/franciscanos.org.br\/noticias\/?p=205042"},"modified":"2019-05-27T14:52:41","modified_gmt":"2019-05-27T17:52:41","slug":"pvf-benfeitores-participam-de-encontro-em-angelina","status":"publish","type":"post","link":"https:\/\/franciscanos.org.br\/noticias\/pvf-benfeitores-participam-de-encontro-em-angelina.html","title":{"rendered":"PVF: benfeitores participam de encontro em Angelina"},"content":{"rendered":"<p><img loading=\"lazy\" class=\"alignnone size-full wp-image-205043\" src=\"https:\/\/franciscanos.org.br\/noticias\/wp-content\/uploads\/2019\/05\/pvf_270519.jpg\" alt=\"\" width=\"890\" height=\"459\" srcset=\"https:\/\/franciscanos.org.br\/noticias\/wp-content\/uploads\/2019\/05\/pvf_270519.jpg 890w, https:\/\/franciscanos.org.br\/noticias\/wp-content\/uploads\/2019\/05\/pvf_270519-450x232.jpg 450w, https:\/\/franciscanos.org.br\/noticias\/wp-content\/uploads\/2019\/05\/pvf_270519-768x396.jpg 768w, https:\/\/franciscanos.org.br\/noticias\/wp-content\/uploads\/2019\/05\/pvf_270519-150x77.jpg 150w\" sizes=\"(max-width: 890px) 100vw, 890px\" \/><\/p>\n<p>No amanhecer gelado deste ultimo domingo de maio, no Vale das Gra\u00e7as, em Angelina (SC), foi realizado o Encontro Regional dos Benfeitores Franciscanos. Logo de manh\u00e3 grupos de benfeitores chegaram \u00e0 pequena e acolhedora cidade, que tem uma linda igreja dedicada \u00e0 Imaculada Concei\u00e7\u00e3o e uma gruta dedicada a Nossa Senhora de Lourdes. Os benfeitores foram recepcionados por Frei Alexandre Rohling, pela colaboradora e secret\u00e1ria da Matriz, Dalila Kretzer e foi oferecido um caf\u00e9 da manh\u00e3 preparado pela comunidade.<\/p>\n<p>O encontro foi assessorado pelo Frei Alexandre, que iniciou com uma acolhida entre os participantes e, seguiu-se para a ora\u00e7\u00e3o da manh\u00e3. Durante a ora\u00e7\u00e3o, foi entregue para cada participante um bombom, dizendo que a perten\u00e7a ao Reino de Deus era doce como aquele doce em suas m\u00e3os. Logo ap\u00f3s, introduziu o tema do Encontro deste ano: S\u00e3o Francisco e o Di\u00e1logo com o Sult\u00e3o. Num primeiro momento da exposi\u00e7\u00e3o do tema, o frade disse aos presentes: \u201cVoc\u00eas s\u00e3o benfeitores por causa da paix\u00e3o que sentem por Francisco de Assis. Assim, voc\u00eas carregam no cora\u00e7\u00e3o o DNA franciscano que \u00e9 a paz.\u201d<\/p>\n<p><img loading=\"lazy\" class=\"alignnone size-full wp-image-205044\" src=\"https:\/\/franciscanos.org.br\/noticias\/wp-content\/uploads\/2019\/05\/pvf_270519_1.jpg\" alt=\"\" width=\"890\" height=\"668\" srcset=\"https:\/\/franciscanos.org.br\/noticias\/wp-content\/uploads\/2019\/05\/pvf_270519_1.jpg 890w, https:\/\/franciscanos.org.br\/noticias\/wp-content\/uploads\/2019\/05\/pvf_270519_1-450x338.jpg 450w, https:\/\/franciscanos.org.br\/noticias\/wp-content\/uploads\/2019\/05\/pvf_270519_1-768x576.jpg 768w, https:\/\/franciscanos.org.br\/noticias\/wp-content\/uploads\/2019\/05\/pvf_270519_1-150x113.jpg 150w\" sizes=\"(max-width: 890px) 100vw, 890px\" \/><\/p>\n<p>Ap\u00f3s a palestra, os benfeitores participaram da Santa Missa, presidida por Frei Jos\u00e9 Lino Luckmann, que reside na Fraternidade Santo Ant\u00f4nio de Florian\u00f3polis\/SC. O confrade agradeceu aos benfeitores pelo gesto de partilha e generosidade e disse palavras de \u00e2nimo a Frei Alexandre, que percorre o territ\u00f3rio da Prov\u00edncia durante o ano fazendo este servi\u00e7o de pedir ajuda e motivar as pessoas a serem correspons\u00e1veis na forma\u00e7\u00e3o dos seminaristas e frades franciscanos. Tamb\u00e9m relatou sentir saudades dos tempos em que trabalhou em Angelina.<\/p>\n<p>Seguiu-se para a foto oficial e o almo\u00e7o. Dando continuidade do encontro, os benfeitores foram convidados para a atividade cultural, com o tema: &#8220;Colorir a paz&#8221;. Os participantes desenharam a m\u00e3o livre aquilo que eles imaginavam expressar a paz. Por conseguinte, o assessor apresentou os n\u00fameros de formandos das casas de forma\u00e7\u00e3o e curiosidades do Pr\u00f3-Voca\u00e7\u00f5es e Miss\u00f5es Franciscanas.<\/p>\n<p>Para terminar, Frei Alexandre motivou a todos a rezar pela paz e disse que podemos mudar o mundo se formos capazes de fazer uma ARCA todos os dias: \u201cSe voc\u00eas s\u00e3o capazes de fazer um atitude real de amor e carinho o mundo ser\u00e1 bem diferente\u201d, disse o Frade. Muitas foram as fotos e os abra\u00e7os e assim de forma alegre e fraterna terminou mais um encontro regional aos p\u00e9s de Nossa Senhora de Angelina.<\/p>\n<p>Agradecemos a acolhida da Fraternidade e da Par\u00f3quia Imaculada Concei\u00e7\u00e3o de Angelina\/SC, pelo apoio e incentivo na realiza\u00e7\u00e3o deste evento que visa reunir aqueles e aquelas que nos ajudam a manter nossos semin\u00e1rios e as miss\u00f5es franciscanas pelo Brasil e pelo mundo todo.<\/p>\n<p><img loading=\"lazy\" class=\"alignnone size-full wp-image-205045\" src=\"https:\/\/franciscanos.org.br\/noticias\/wp-content\/uploads\/2019\/05\/pvf_270519_2.jpg\" alt=\"\" width=\"890\" height=\"590\" srcset=\"https:\/\/franciscanos.org.br\/noticias\/wp-content\/uploads\/2019\/05\/pvf_270519_2.jpg 890w, https:\/\/franciscanos.org.br\/noticias\/wp-content\/uploads\/2019\/05\/pvf_270519_2-450x298.jpg 450w, https:\/\/franciscanos.org.br\/noticias\/wp-content\/uploads\/2019\/05\/pvf_270519_2-768x509.jpg 768w, https:\/\/franciscanos.org.br\/noticias\/wp-content\/uploads\/2019\/05\/pvf_270519_2-150x99.jpg 150w\" sizes=\"(max-width: 890px) 100vw, 890px\" \/><\/p>\n","protected":false},"excerpt":{"rendered":"<p>Em Angelina, Encontro Regional dos Benfeitores do PVF<\/p>\n","protected":false},"author":3,"featured_media":205046,"comment_status":"open","ping_status":"open","sticky":false,"template":"","format":"standard","meta":[],"categories":[1],"tags":[254],"acf":[],"yoast_head":"<!-- This site is optimized with the Yoast SEO plugin v19.2 - https:\/\/yoast.com\/wordpress\/plugins\/seo\/ -->\n<title>PVF: benfeitores participam de encontro em Angelina - Not\u00edcias - Franciscanos<\/title>\n<meta name=\"robots\" content=\"index, follow, max-snippet:-1, max-image-preview:large, max-video-preview:-1\" \/>\n<link rel=\"canonical\" href=\"https:\/\/franciscanos.org.br\/noticias\/pvf-benfeitores-participam-de-encontro-em-angelina.html\" \/>\n<meta property=\"og:locale\" content=\"pt_BR\" \/>\n<meta property=\"og:type\" content=\"article\" \/>\n<meta property=\"og:title\" content=\"PVF: benfeitores participam de encontro em Angelina - Not\u00edcias - Franciscanos\" \/>\n<meta property=\"og:description\" content=\"Em Angelina, Encontro Regional dos Benfeitores do PVF\" \/>\n<meta property=\"og:url\" content=\"https:\/\/franciscanos.org.br\/noticias\/pvf-benfeitores-participam-de-encontro-em-angelina.html\" \/>\n<meta property=\"og:site_name\" content=\"Not\u00edcias - Franciscanos\" \/>\n<meta property=\"article:published_time\" content=\"2019-05-27T17:52:41+00:00\" \/>\n<meta property=\"og:image\" content=\"https:\/\/franciscanos.org.br\/noticias\/wp-content\/uploads\/2019\/05\/pvf_270519d.jpg\" \/>\n\t<meta property=\"og:image:width\" content=\"273\" \/>\n\t<meta property=\"og:image:height\" content=\"181\" \/>\n\t<meta property=\"og:image:type\" content=\"image\/jpeg\" \/>\n<meta name=\"author\" content=\"moacir\" \/>\n<meta name=\"twitter:card\" content=\"summary_large_image\" \/>\n<meta name=\"twitter:label1\" content=\"Escrito por\" \/>\n\t<meta name=\"twitter:data1\" content=\"moacir\" \/>\n\t<meta name=\"twitter:label2\" content=\"Est. tempo de leitura\" \/>\n\t<meta name=\"twitter:data2\" content=\"2 minutos\" \/>\n<script type=\"application\/ld+json\" class=\"yoast-schema-graph\">{\"@context\":\"https:\/\/schema.org\",\"@graph\":[{\"@type\":\"WebSite\",\"@id\":\"https:\/\/franciscanos.org.br\/noticias\/#website\",\"url\":\"https:\/\/franciscanos.org.br\/noticias\/\",\"name\":\"Not\u00edcias - Franciscanos\",\"description\":\"Prov\u00edncia Franciscana da Imaculada Concei\u00e7\u00e3o do Brasil - Ordem dos Frades Menores - OFM\",\"potentialAction\":[{\"@type\":\"SearchAction\",\"target\":{\"@type\":\"EntryPoint\",\"urlTemplate\":\"https:\/\/franciscanos.org.br\/noticias\/?s={search_term_string}\"},\"query-input\":\"required name=search_term_string\"}],\"inLanguage\":\"pt-BR\"},{\"@type\":\"ImageObject\",\"inLanguage\":\"pt-BR\",\"@id\":\"https:\/\/franciscanos.org.br\/noticias\/pvf-benfeitores-participam-de-encontro-em-angelina.html#primaryimage\",\"url\":\"https:\/\/franciscanos.org.br\/noticias\/wp-content\/uploads\/2019\/05\/pvf_270519d.jpg\",\"contentUrl\":\"https:\/\/franciscanos.org.br\/noticias\/wp-content\/uploads\/2019\/05\/pvf_270519d.jpg\",\"width\":273,\"height\":181},{\"@type\":\"WebPage\",\"@id\":\"https:\/\/franciscanos.org.br\/noticias\/pvf-benfeitores-participam-de-encontro-em-angelina.html#webpage\",\"url\":\"https:\/\/franciscanos.org.br\/noticias\/pvf-benfeitores-participam-de-encontro-em-angelina.html\",\"name\":\"PVF: benfeitores participam de encontro em Angelina - Not\u00edcias - Franciscanos\",\"isPartOf\":{\"@id\":\"https:\/\/franciscanos.org.br\/noticias\/#website\"},\"primaryImageOfPage\":{\"@id\":\"https:\/\/franciscanos.org.br\/noticias\/pvf-benfeitores-participam-de-encontro-em-angelina.html#primaryimage\"},\"datePublished\":\"2019-05-27T17:52:41+00:00\",\"dateModified\":\"2019-05-27T17:52:41+00:00\",\"author\":{\"@id\":\"https:\/\/franciscanos.org.br\/noticias\/#\/schema\/person\/b5c8cba458c330ccff548b056e95a5d4\"},\"breadcrumb\":{\"@id\":\"https:\/\/franciscanos.org.br\/noticias\/pvf-benfeitores-participam-de-encontro-em-angelina.html#breadcrumb\"},\"inLanguage\":\"pt-BR\",\"potentialAction\":[{\"@type\":\"ReadAction\",\"target\":[\"https:\/\/franciscanos.org.br\/noticias\/pvf-benfeitores-participam-de-encontro-em-angelina.html\"]}]},{\"@type\":\"BreadcrumbList\",\"@id\":\"https:\/\/franciscanos.org.br\/noticias\/pvf-benfeitores-participam-de-encontro-em-angelina.html#breadcrumb\",\"itemListElement\":[{\"@type\":\"ListItem\",\"position\":1,\"name\":\"Home\",\"item\":\"https:\/\/franciscanos.org.br\/noticias\"},{\"@type\":\"ListItem\",\"position\":2,\"name\":\"PVF: benfeitores participam de encontro em Angelina\"}]},{\"@type\":\"Person\",\"@id\":\"https:\/\/franciscanos.org.br\/noticias\/#\/schema\/person\/b5c8cba458c330ccff548b056e95a5d4\",\"name\":\"moacir\",\"image\":{\"@type\":\"ImageObject\",\"inLanguage\":\"pt-BR\",\"@id\":\"https:\/\/franciscanos.org.br\/noticias\/#\/schema\/person\/image\/\",\"url\":\"https:\/\/secure.gravatar.com\/avatar\/d08aa2ce4c8dd416d4479aa8536fcf64?s=96&d=mm&r=g\",\"contentUrl\":\"https:\/\/secure.gravatar.com\/avatar\/d08aa2ce4c8dd416d4479aa8536fcf64?s=96&d=mm&r=g\",\"caption\":\"moacir\"},\"url\":\"https:\/\/franciscanos.org.br\/noticias\/author\/moacir\"}]}<\/script>\n<!-- \/ Yoast SEO plugin. -->","yoast_head_json":{"title":"PVF: benfeitores participam de encontro em Angelina - Not\u00edcias - Franciscanos","robots":{"index":"index","follow":"follow","max-snippet":"max-snippet:-1","max-image-preview":"max-image-preview:large","max-video-preview":"max-video-preview:-1"},"canonical":"https:\/\/franciscanos.org.br\/noticias\/pvf-benfeitores-participam-de-encontro-em-angelina.html","og_locale":"pt_BR","og_type":"article","og_title":"PVF: benfeitores participam de encontro em Angelina - Not\u00edcias - Franciscanos","og_description":"Em Angelina, Encontro Regional dos Benfeitores do PVF","og_url":"https:\/\/franciscanos.org.br\/noticias\/pvf-benfeitores-participam-de-encontro-em-angelina.html","og_site_name":"Not\u00edcias - Franciscanos","article_published_time":"2019-05-27T17:52:41+00:00","og_image":[{"width":273,"height":181,"url":"https:\/\/franciscanos.org.br\/noticias\/wp-content\/uploads\/2019\/05\/pvf_270519d.jpg","type":"image\/jpeg"}],"author":"moacir","twitter_card":"summary_large_image","twitter_misc":{"Escrito por":"moacir","Est. tempo de leitura":"2 minutos"},"schema":{"@context":"https:\/\/schema.org","@graph":[{"@type":"WebSite","@id":"https:\/\/franciscanos.org.br\/noticias\/#website","url":"https:\/\/franciscanos.org.br\/noticias\/","name":"Not\u00edcias - Franciscanos","description":"Prov\u00edncia Franciscana da Imaculada Concei\u00e7\u00e3o do Brasil - Ordem dos Frades Menores - OFM","potentialAction":[{"@type":"SearchAction","target":{"@type":"EntryPoint","urlTemplate":"https:\/\/franciscanos.org.br\/noticias\/?s={search_term_string}"},"query-input":"required name=search_term_string"}],"inLanguage":"pt-BR"},{"@type":"ImageObject","inLanguage":"pt-BR","@id":"https:\/\/franciscanos.org.br\/noticias\/pvf-benfeitores-participam-de-encontro-em-angelina.html#primaryimage","url":"https:\/\/franciscanos.org.br\/noticias\/wp-content\/uploads\/2019\/05\/pvf_270519d.jpg","contentUrl":"https:\/\/franciscanos.org.br\/noticias\/wp-content\/uploads\/2019\/05\/pvf_270519d.jpg","width":273,"height":181},{"@type":"WebPage","@id":"https:\/\/franciscanos.org.br\/noticias\/pvf-benfeitores-participam-de-encontro-em-angelina.html#webpage","url":"https:\/\/franciscanos.org.br\/noticias\/pvf-benfeitores-participam-de-encontro-em-angelina.html","name":"PVF: benfeitores participam de encontro em Angelina - Not\u00edcias - Franciscanos","isPartOf":{"@id":"https:\/\/franciscanos.org.br\/noticias\/#website"},"primaryImageOfPage":{"@id":"https:\/\/franciscanos.org.br\/noticias\/pvf-benfeitores-participam-de-encontro-em-angelina.html#primaryimage"},"datePublished":"2019-05-27T17:52:41+00:00","dateModified":"2019-05-27T17:52:41+00:00","author":{"@id":"https:\/\/franciscanos.org.br\/noticias\/#\/schema\/person\/b5c8cba458c330ccff548b056e95a5d4"},"breadcrumb":{"@id":"https:\/\/franciscanos.org.br\/noticias\/pvf-benfeitores-participam-de-encontro-em-angelina.html#breadcrumb"},"inLanguage":"pt-BR","potentialAction":[{"@type":"ReadAction","target":["https:\/\/franciscanos.org.br\/noticias\/pvf-benfeitores-participam-de-encontro-em-angelina.html"]}]},{"@type":"BreadcrumbList","@id":"https:\/\/franciscanos.org.br\/noticias\/pvf-benfeitores-participam-de-encontro-em-angelina.html#breadcrumb","itemListElement":[{"@type":"ListItem","position":1,"name":"Home","item":"https:\/\/franciscanos.org.br\/noticias"},{"@type":"ListItem","position":2,"name":"PVF: benfeitores participam de encontro em Angelina"}]},{"@type":"Person","@id":"https:\/\/franciscanos.org.br\/noticias\/#\/schema\/person\/b5c8cba458c330ccff548b056e95a5d4","name":"moacir","image":{"@type":"ImageObject","inLanguage":"pt-BR","@id":"https:\/\/franciscanos.org.br\/noticias\/#\/schema\/person\/image\/","url":"https:\/\/secure.gravatar.com\/avatar\/d08aa2ce4c8dd416d4479aa8536fcf64?s=96&d=mm&r=g","contentUrl":"https:\/\/secure.gravatar.com\/avatar\/d08aa2ce4c8dd416d4479aa8536fcf64?s=96&d=mm&r=g","caption":"moacir"},"url":"https:\/\/franciscanos.org.br\/noticias\/author\/moacir"}]}},"_links":{"self":[{"href":"https:\/\/franciscanos.org.br\/noticias\/wp-json\/wp\/v2\/posts\/205042"}],"collection":[{"href":"https:\/\/franciscanos.org.br\/noticias\/wp-json\/wp\/v2\/posts"}],"about":[{"href":"https:\/\/franciscanos.org.br\/noticias\/wp-json\/wp\/v2\/types\/post"}],"author":[{"embeddable":true,"href":"https:\/\/franciscanos.org.br\/noticias\/wp-json\/wp\/v2\/users\/3"}],"replies":[{"embeddable":true,"href":"https:\/\/franciscanos.org.br\/noticias\/wp-json\/wp\/v2\/comments?post=205042"}],"version-history":[{"count":0,"href":"https:\/\/franciscanos.org.br\/noticias\/wp-json\/wp\/v2\/posts\/205042\/revisions"}],"wp:featuredmedia":[{"embeddable":true,"href":"https:\/\/franciscanos.org.br\/noticias\/wp-json\/wp\/v2\/media\/205046"}],"wp:attachment":[{"href":"https:\/\/franciscanos.org.br\/noticias\/wp-json\/wp\/v2\/media?parent=205042"}],"wp:term":[{"taxonomy":"category","embeddable":true,"href":"https:\/\/franciscanos.org.br\/noticias\/wp-json\/wp\/v2\/categories?post=205042"},{"taxonomy":"post_tag","embeddable":true,"href":"https:\/\/franciscanos.org.br\/noticias\/wp-json\/wp\/v2\/tags?post=205042"}],"curies":[{"name":"wp","href":"https:\/\/api.w.org\/{rel}","templated":true}]}}