{"id":205035,"date":"2019-05-27T07:19:15","date_gmt":"2019-05-27T10:19:15","guid":{"rendered":"https:\/\/franciscanos.org.br\/noticias\/?p=205035"},"modified":"2019-05-27T07:19:15","modified_gmt":"2019-05-27T10:19:15","slug":"frei-patton-amar-a-terra-de-jesus-e-parte-essencial-de-ser-franciscano","status":"publish","type":"post","link":"https:\/\/franciscanos.org.br\/noticias\/frei-patton-amar-a-terra-de-jesus-e-parte-essencial-de-ser-franciscano.html","title":{"rendered":"Frei Patton: Amar a terra de Jesus \u00e9 parte essencial de ser franciscano"},"content":{"rendered":"<p><img loading=\"lazy\" class=\"alignnone size-full wp-image-205036\" src=\"https:\/\/franciscanos.org.br\/noticias\/wp-content\/uploads\/2019\/05\/patton_270519.jpg\" alt=\"\" width=\"890\" height=\"593\" srcset=\"https:\/\/franciscanos.org.br\/noticias\/wp-content\/uploads\/2019\/05\/patton_270519.jpg 890w, https:\/\/franciscanos.org.br\/noticias\/wp-content\/uploads\/2019\/05\/patton_270519-450x300.jpg 450w, https:\/\/franciscanos.org.br\/noticias\/wp-content\/uploads\/2019\/05\/patton_270519-768x512.jpg 768w, https:\/\/franciscanos.org.br\/noticias\/wp-content\/uploads\/2019\/05\/patton_270519-150x100.jpg 150w\" sizes=\"(max-width: 890px) 100vw, 890px\" \/><\/p>\n<p><em>Os aromas, as cores e os sons t\u00edpicos da P\u00e1scoa de Jerusal\u00e9m chegam aos aposentos do complexo S\u00e3o Salvador, logo ao virar na esquina da Porta Nuova, onde reside o Cust\u00f3dio da Terra Santa. Frei Francesco Patton, 55 anos, franciscano origin\u00e1rio de Trento, especialista em comunica\u00e7\u00f5es sociais, e h\u00e1 quase tr\u00eas anos o respons\u00e1vel da Cust\u00f3dia da Terra, aquele que coordena a presen\u00e7a dos \u201cfrades da corda\u201d nos locais da vida terrena de Jesus de Nazar\u00e9.<\/em><\/p>\n<p><em>A Cust\u00f3dia estende sua jurisdi\u00e7\u00e3o para al\u00e9m das fronteiras da terra de Jesus (hoje Israel e Palestina), incluindo Jord\u00e2nia, Egito, Chipre, Rodes, L\u00edbano e a atormentada S\u00edria: uma miss\u00e3o vasta e exigente.<\/em><\/p>\n<p><em>\u00c9 verdade, trata-se de uma enorme responsabilidade em rela\u00e7\u00e3o as popula\u00e7\u00f5es crist\u00e3s destas terras, em rela\u00e7\u00e3o aos frades que ali se dedicam a ela e sobretudo em rela\u00e7\u00e3o \u00e0 Igreja universal, que nos confiou tal honra e esta responsabilidade. Confesso que quando, em 2016, me comunicaram esta miss\u00e3o inesperada, n\u00e3o dormi por algumas noites. Acompanhe a entrevista ao <strong>L&#8217;Osservatore Romano!<\/strong><\/em><\/p>\n<p><strong>Em 2017, foram celebrados os oitocentos anos da presen\u00e7a franciscana na Terra Santa e, em 2019, o oitavo centen\u00e1rio do famoso encontro em Damietta entre S\u00e3o Francisco de Assis e o sult\u00e3o Al-Malik Al-Kamil.<\/strong><\/p>\n<p>De fato, nossas origens remontam a 1217, quando o Cap\u00edtulo Geral dos Frades Menores convocado pelo pr\u00f3prio Francisco, decidiu organizar a Ordem em Prov\u00edncias e instituiu a chamada &#8220;Prov\u00edncia do Ultramar&#8221;, precursora da Cust\u00f3dia, e que naquela \u00e9poca inclu\u00eda em certa medida todas as margens orientais do Mediterr\u00e2neo. O primeiro grupo foi guiado pelo frade Elia Buonbarone da Cortona, uma figura empreendedora; alguns anos mais tarde o encontraremos amigo e conselheiro de Frederico II da Su\u00e1bia. Mas o momento decisivo foi precisamente em 1219, quando Francisco, ap\u00f3s a quinta Cruzada, partiu de Ancona para o Egito, onde os cruzados travavam uma dura batalha pela conquista de Damietta. E l\u00e1, indo contra o conselho da maioria, autorizado por sua conta e risco pelo legado pontif\u00edcio, Francisco cruzou as linhas de combate e encontrou Al-Malik Al-Kamil.<\/p>\n<p><strong>Sabemos que o sult\u00e3o ficou impressionado com a presen\u00e7a do pobre homem de Assis, a quem admirou por sua coragem, mas sobretudo por sua mansid\u00e3o e vontade de dialogar.<\/strong><\/p>\n<p>Aquele encontro tem para n\u00f3s um valor muito mais importante do que o mero fato hist\u00f3rico da hagiografia do Santo. Deixe-me dizer que nele est\u00e1 precisamente a quintess\u00eancia da espiritualidade, e tamb\u00e9m da teologia franciscana. \u00c9 a l\u00f3gica do di\u00e1logo antes de tudo, do di\u00e1logo a qualquer custo, do di\u00e1logo fonte exclusiva da paz. Por essa raz\u00e3o, em fevereiro passado, fomos a Damietta e depois a Al-Azhar, para recordar o evento e encontrar as autoridades religiosas isl\u00e2micas. \u00c9 uma fraternidade que \u00e9 constru\u00edda a partir de baixo, a partir das experi\u00eancias da vida cotidiana. N\u00e3o ignoramos, mas pressupomos as diferen\u00e7as doutrin\u00e1rias, e enfrentamos as dificuldades da vida que s\u00e3o as mesmas para todos. Assim, permanecemos no esp\u00edrito de Damietta. Dou um exemplo: nossas escolas s\u00e3o frequentadas por muitos estudantes mu\u00e7ulmanos, em Jeric\u00f3 s\u00e3o 96%, mas para eles o estudo e a forma\u00e7\u00e3o s\u00e3o o \u00fanico instrumento de emancipa\u00e7\u00e3o social, de educa\u00e7\u00e3o \u00e0 toler\u00e2ncia, de constru\u00e7\u00e3o de uma cultura de paz; e n\u00f3s n\u00e3o nos subtra\u00edmos em ajud\u00e1-los. Em Jerusal\u00e9m, depois, h\u00e1 uma escola de m\u00fasica, o &#8220;Magnificat&#8221;, onde os professores e estudantes s\u00e3o judeus, crist\u00e3os e mu\u00e7ulmanos.<\/p>\n<p><strong>Depois do encontro com o sult\u00e3o, os tra\u00e7os da viagem de Francisco se confundem. Ele nunca chegou a Jerusal\u00e9m?<\/strong><\/p>\n<p>N\u00f3s n\u00e3o sabemos. De fato, n\u00e3o existe uma documenta\u00e7\u00e3o de sua presen\u00e7a em Jerusal\u00e9m, que permaneceu ocupada pelos mu\u00e7ulmanos at\u00e9 depois de sua morte. Por\u00e9m h\u00e1 um detalhe importante que n\u00e3o deve ser subestimado. Quatro anos mais tarde, em 1223, Francisco organizou a celebra\u00e7\u00e3o da Eucaristia em uma gruta de Greccio, reproduzindo a cena da Natividade e transformando uma manjedoura em um altar. O que sugeriria que Francisco tenha ficado impressionado e inspirado por uma recente visita a Bel\u00e9m, onde se celebra ao lado da manjedoura. E se esteve em Bel\u00e9m, nada impede que pensemos que tenha ido al\u00e9m, por mais oito quil\u00f4metros, ao norte de Jerusal\u00e9m.<\/p>\n<p><strong>No decorrer desses oito s\u00e9culos, a Cust\u00f3dia passou por muitos momentos cr\u00edticos&#8230;<\/strong><\/p>\n<p>Abalos, passamos por muitos. Penso, por exemplo, na queda do reino latino em 1291 para S\u00e3o Jo\u00e3o do Acre, quando os frades foram for\u00e7ados a fugir para Chipre, ou quando em 1551 fomos expulsos do Cen\u00e1culo (que havia sido a primeira sede da Cust\u00f3dia) e encontramos hospitalidade junto aos arm\u00eanios. Mas pensemos tamb\u00e9m nos terremotos, frequentes na Terra Santa, ou nas epidemias de peste, no confrontos entre os otomanos e as pot\u00eancias europeias, na laboriosa defini\u00e7\u00e3o do status quo na metade do s\u00e9culo XIX. Por fim o s\u00e9culo XX, quando passamos rapidamente da jurisdi\u00e7\u00e3o jordaniana para a israelense. Em 1967, a linha verde da fronteira entre a Jerusal\u00e9m israelense e a jordaniana, passou logo aqui abaixo, do lado de fora da janela do meu escrit\u00f3rio. Ainda temos alguns frades idosos que nos conta da repentina mudan\u00e7a trazida pela Guerra dos Seis Dias. Foram momentos dif\u00edceis. Somente nos \u00faltimos meses foi limpa das minas a \u00e1rea circundante ao convento no local do batismo de Jesus, perto de Jeric\u00f3, que havia sido precipitadamente abandonada naqueles dias. N\u00f3s o achamos intacto, como os frades o haviam deixado h\u00e1 meio s\u00e9culo: na sacristia ainda havia o livro das Missas aberto na data do dia do abandono. Agora padre Sergey Loktionov, respons\u00e1vel de nosso departamento t\u00e9cnico, est\u00e1 trabalhando para que muito em breve volte a ser um convento vivo, de apoio aos peregrinos que visitam o local. N\u00e3o que estes dias sejam os mais felizes: a situa\u00e7\u00e3o das popula\u00e7\u00f5es que vivem nos chamados territ\u00f3rios da Cisjord\u00e2nia, crist\u00e3os e n\u00e3o crist\u00e3os, e daqueles que vivem em Gaza, preocupa-nos cada vez mais. Basta percorrer alguns quil\u00f4metros, em dire\u00e7\u00e3o ao sul, em dire\u00e7\u00e3o a Bel\u00e9m, al\u00e9m do muro, onde diariamente s\u00e3o vividas situa\u00e7\u00f5es que n\u00e3o somente causam pobreza material, mas problemas psicol\u00f3gicos.<\/p>\n<p><strong>Patriarcado, Nunciatura, Cust\u00f3dia: s\u00e3o diferentes as compet\u00eancias. O que faz exatamente o cust\u00f3dio da Terra Santa?<\/strong><\/p>\n<p>A pr\u00f3pria palavra diz: a miss\u00e3o principal que a Igreja universal nos confiou \u00e9 a de custodias os lugares que viram a experi\u00eancia humana de Jesus, e os santu\u00e1rios que ali foram constru\u00eddos. Aquilo que o Papa S\u00e3o Paulo VI com uma feliz express\u00e3o chamou de &#8220;quinto Evangelho&#8221;. Mas n\u00e3o s\u00f3: antes de custodiar os locais \u00e9 preciso custodiar os cust\u00f3dios, isto \u00e9, os frades. Meu primeiro trabalho \u00e9 o servi\u00e7o de orienta\u00e7\u00e3o, orienta\u00e7\u00e3o e anima\u00e7\u00e3o para os frades. H\u00e1 cerca de trezentos deles, dos quais cerca da metade s\u00e3o aqueles que chamamos filhos da Cust\u00f3dia, enquanto a outra metade \u00e9 composta de frades enviados por outras Prov\u00edncias por per\u00edodos mais ou menos longos. A forma\u00e7\u00e3o teol\u00f3gica realiza-se aqui no complexo conventual de S\u00e3o Salvador, enquanto a filosofia \u00e9 estudada em Ein Karem, local de nascimento de Jo\u00e3o Batista. Mas nossa menina dos olhos \u00e9 o Studium Biblicum Franciscanum, sediado no Convento da Flagela\u00e7\u00e3o. No mesmo local onde no \u00faltimo ver\u00e3o reabriu as portas o Museu da Cust\u00f3dia, dirigido pelo padre Eugenio Alliata, conhecido professor de arqueologia b\u00edblica. Mas os frades da Cust\u00f3dia n\u00e3o s\u00e3o somente guardi\u00f5es dos Santu\u00e1rios da Terra Santa, s\u00e3o tamb\u00e9m agentes pastorais, muitos s\u00e3o p\u00e1rocos. Pensemos, por exemplo, em nossos quinze frades na S\u00edria e n\u00e3o esquecer de rezar por eles e por seu povo. Muitos s\u00e3o guias espirituais para numerosos peregrinos que a cada ano enchem nossas ruas. \u00c9 uma realidade grande e complexa, a da Cust\u00f3dia: trezentos frades para mais de setenta santu\u00e1rios, um circuito de casas para a hospitalidade dos peregrinos (a \u201cCasa Nova\u201d em Jerusal\u00e9m, Ein Karem, Bel\u00e9m, Nazar\u00e9), al\u00e9m de mil funcion\u00e1rios civis, escolas que recebem quase dez mil estudantes. Procuramos ativar em torno da peregrina\u00e7\u00e3o tamb\u00e9m um circuito econ\u00f4mico virtuoso, para que o peregrino, al\u00e9m de rezar e formar-se, possa contribuir para o apoio econ\u00f4mico das fam\u00edlias crist\u00e3s locais, e n\u00e3o s\u00f3. Esta forma de caridade \u00e9 muito importante, porque junto com nossos objetivos, est\u00e1 a tentativa de evitar a di\u00e1spora dos crist\u00e3os da terra de Jesus. Para isso contamos com o apoio de todas as outras Igrejas do mundo: favore\u00e7am as peregrina\u00e7\u00f5es. A Terra Santa ainda \u00e9 segura e a experi\u00eancia espiritual que \u00e9 dada pela peregrina\u00e7\u00e3o transforma de forma decisiva nossa f\u00e9. Para mim, para meus frades, amar e viver a terra de Jesus \u00e9 parte essencial e imprescind\u00edvel de ser franciscano.<\/p>\n<p><em>Filippo Morlacchi e Roberto Cetera &#8211; Vatican News<\/em><\/p>\n","protected":false},"excerpt":{"rendered":"<p>Entrevista com Frei Francesco Patton, Cust\u00f3dio da Terra Santa<\/p>\n","protected":false},"author":3,"featured_media":205037,"comment_status":"open","ping_status":"open","sticky":false,"template":"","format":"standard","meta":[],"categories":[1],"tags":[1429],"acf":[],"yoast_head":"<!-- This site is optimized with the Yoast SEO plugin v19.2 - https:\/\/yoast.com\/wordpress\/plugins\/seo\/ -->\n<title>Frei Patton: Amar a terra de Jesus \u00e9 parte essencial de ser franciscano - Not\u00edcias - Franciscanos<\/title>\n<meta name=\"robots\" content=\"index, follow, max-snippet:-1, max-image-preview:large, max-video-preview:-1\" \/>\n<link rel=\"canonical\" href=\"https:\/\/franciscanos.org.br\/noticias\/frei-patton-amar-a-terra-de-jesus-e-parte-essencial-de-ser-franciscano.html\" \/>\n<meta property=\"og:locale\" content=\"pt_BR\" \/>\n<meta property=\"og:type\" content=\"article\" \/>\n<meta property=\"og:title\" content=\"Frei Patton: Amar a terra de Jesus \u00e9 parte essencial de ser franciscano - Not\u00edcias - Franciscanos\" \/>\n<meta property=\"og:description\" content=\"Entrevista com Frei Francesco Patton, Cust\u00f3dio da Terra Santa\" \/>\n<meta property=\"og:url\" content=\"https:\/\/franciscanos.org.br\/noticias\/frei-patton-amar-a-terra-de-jesus-e-parte-essencial-de-ser-franciscano.html\" \/>\n<meta property=\"og:site_name\" content=\"Not\u00edcias - Franciscanos\" \/>\n<meta property=\"article:published_time\" content=\"2019-05-27T10:19:15+00:00\" \/>\n<meta property=\"og:image\" content=\"https:\/\/franciscanos.org.br\/noticias\/wp-content\/uploads\/2019\/05\/patton_270519d.jpg\" \/>\n\t<meta property=\"og:image:width\" content=\"273\" \/>\n\t<meta property=\"og:image:height\" content=\"181\" \/>\n\t<meta property=\"og:image:type\" content=\"image\/jpeg\" \/>\n<meta name=\"author\" content=\"moacir\" \/>\n<meta name=\"twitter:card\" content=\"summary_large_image\" \/>\n<meta name=\"twitter:label1\" content=\"Escrito por\" \/>\n\t<meta name=\"twitter:data1\" content=\"moacir\" \/>\n\t<meta name=\"twitter:label2\" content=\"Est. tempo de leitura\" \/>\n\t<meta name=\"twitter:data2\" content=\"8 minutos\" \/>\n<script type=\"application\/ld+json\" class=\"yoast-schema-graph\">{\"@context\":\"https:\/\/schema.org\",\"@graph\":[{\"@type\":\"WebSite\",\"@id\":\"https:\/\/franciscanos.org.br\/noticias\/#website\",\"url\":\"https:\/\/franciscanos.org.br\/noticias\/\",\"name\":\"Not\u00edcias - Franciscanos\",\"description\":\"Prov\u00edncia Franciscana da Imaculada Concei\u00e7\u00e3o do Brasil - Ordem dos Frades Menores - OFM\",\"potentialAction\":[{\"@type\":\"SearchAction\",\"target\":{\"@type\":\"EntryPoint\",\"urlTemplate\":\"https:\/\/franciscanos.org.br\/noticias\/?s={search_term_string}\"},\"query-input\":\"required name=search_term_string\"}],\"inLanguage\":\"pt-BR\"},{\"@type\":\"ImageObject\",\"inLanguage\":\"pt-BR\",\"@id\":\"https:\/\/franciscanos.org.br\/noticias\/frei-patton-amar-a-terra-de-jesus-e-parte-essencial-de-ser-franciscano.html#primaryimage\",\"url\":\"https:\/\/franciscanos.org.br\/noticias\/wp-content\/uploads\/2019\/05\/patton_270519d.jpg\",\"contentUrl\":\"https:\/\/franciscanos.org.br\/noticias\/wp-content\/uploads\/2019\/05\/patton_270519d.jpg\",\"width\":273,\"height\":181},{\"@type\":\"WebPage\",\"@id\":\"https:\/\/franciscanos.org.br\/noticias\/frei-patton-amar-a-terra-de-jesus-e-parte-essencial-de-ser-franciscano.html#webpage\",\"url\":\"https:\/\/franciscanos.org.br\/noticias\/frei-patton-amar-a-terra-de-jesus-e-parte-essencial-de-ser-franciscano.html\",\"name\":\"Frei Patton: Amar a terra de Jesus \u00e9 parte essencial de ser franciscano - Not\u00edcias - Franciscanos\",\"isPartOf\":{\"@id\":\"https:\/\/franciscanos.org.br\/noticias\/#website\"},\"primaryImageOfPage\":{\"@id\":\"https:\/\/franciscanos.org.br\/noticias\/frei-patton-amar-a-terra-de-jesus-e-parte-essencial-de-ser-franciscano.html#primaryimage\"},\"datePublished\":\"2019-05-27T10:19:15+00:00\",\"dateModified\":\"2019-05-27T10:19:15+00:00\",\"author\":{\"@id\":\"https:\/\/franciscanos.org.br\/noticias\/#\/schema\/person\/b5c8cba458c330ccff548b056e95a5d4\"},\"breadcrumb\":{\"@id\":\"https:\/\/franciscanos.org.br\/noticias\/frei-patton-amar-a-terra-de-jesus-e-parte-essencial-de-ser-franciscano.html#breadcrumb\"},\"inLanguage\":\"pt-BR\",\"potentialAction\":[{\"@type\":\"ReadAction\",\"target\":[\"https:\/\/franciscanos.org.br\/noticias\/frei-patton-amar-a-terra-de-jesus-e-parte-essencial-de-ser-franciscano.html\"]}]},{\"@type\":\"BreadcrumbList\",\"@id\":\"https:\/\/franciscanos.org.br\/noticias\/frei-patton-amar-a-terra-de-jesus-e-parte-essencial-de-ser-franciscano.html#breadcrumb\",\"itemListElement\":[{\"@type\":\"ListItem\",\"position\":1,\"name\":\"Home\",\"item\":\"https:\/\/franciscanos.org.br\/noticias\"},{\"@type\":\"ListItem\",\"position\":2,\"name\":\"Frei Patton: Amar a terra de Jesus \u00e9 parte essencial de ser franciscano\"}]},{\"@type\":\"Person\",\"@id\":\"https:\/\/franciscanos.org.br\/noticias\/#\/schema\/person\/b5c8cba458c330ccff548b056e95a5d4\",\"name\":\"moacir\",\"image\":{\"@type\":\"ImageObject\",\"inLanguage\":\"pt-BR\",\"@id\":\"https:\/\/franciscanos.org.br\/noticias\/#\/schema\/person\/image\/\",\"url\":\"https:\/\/secure.gravatar.com\/avatar\/d08aa2ce4c8dd416d4479aa8536fcf64?s=96&d=mm&r=g\",\"contentUrl\":\"https:\/\/secure.gravatar.com\/avatar\/d08aa2ce4c8dd416d4479aa8536fcf64?s=96&d=mm&r=g\",\"caption\":\"moacir\"},\"url\":\"https:\/\/franciscanos.org.br\/noticias\/author\/moacir\"}]}<\/script>\n<!-- \/ Yoast SEO plugin. -->","yoast_head_json":{"title":"Frei Patton: Amar a terra de Jesus \u00e9 parte essencial de ser franciscano - Not\u00edcias - Franciscanos","robots":{"index":"index","follow":"follow","max-snippet":"max-snippet:-1","max-image-preview":"max-image-preview:large","max-video-preview":"max-video-preview:-1"},"canonical":"https:\/\/franciscanos.org.br\/noticias\/frei-patton-amar-a-terra-de-jesus-e-parte-essencial-de-ser-franciscano.html","og_locale":"pt_BR","og_type":"article","og_title":"Frei Patton: Amar a terra de Jesus \u00e9 parte essencial de ser franciscano - Not\u00edcias - Franciscanos","og_description":"Entrevista com Frei Francesco Patton, Cust\u00f3dio da Terra Santa","og_url":"https:\/\/franciscanos.org.br\/noticias\/frei-patton-amar-a-terra-de-jesus-e-parte-essencial-de-ser-franciscano.html","og_site_name":"Not\u00edcias - Franciscanos","article_published_time":"2019-05-27T10:19:15+00:00","og_image":[{"width":273,"height":181,"url":"https:\/\/franciscanos.org.br\/noticias\/wp-content\/uploads\/2019\/05\/patton_270519d.jpg","type":"image\/jpeg"}],"author":"moacir","twitter_card":"summary_large_image","twitter_misc":{"Escrito por":"moacir","Est. tempo de leitura":"8 minutos"},"schema":{"@context":"https:\/\/schema.org","@graph":[{"@type":"WebSite","@id":"https:\/\/franciscanos.org.br\/noticias\/#website","url":"https:\/\/franciscanos.org.br\/noticias\/","name":"Not\u00edcias - Franciscanos","description":"Prov\u00edncia Franciscana da Imaculada Concei\u00e7\u00e3o do Brasil - Ordem dos Frades Menores - OFM","potentialAction":[{"@type":"SearchAction","target":{"@type":"EntryPoint","urlTemplate":"https:\/\/franciscanos.org.br\/noticias\/?s={search_term_string}"},"query-input":"required name=search_term_string"}],"inLanguage":"pt-BR"},{"@type":"ImageObject","inLanguage":"pt-BR","@id":"https:\/\/franciscanos.org.br\/noticias\/frei-patton-amar-a-terra-de-jesus-e-parte-essencial-de-ser-franciscano.html#primaryimage","url":"https:\/\/franciscanos.org.br\/noticias\/wp-content\/uploads\/2019\/05\/patton_270519d.jpg","contentUrl":"https:\/\/franciscanos.org.br\/noticias\/wp-content\/uploads\/2019\/05\/patton_270519d.jpg","width":273,"height":181},{"@type":"WebPage","@id":"https:\/\/franciscanos.org.br\/noticias\/frei-patton-amar-a-terra-de-jesus-e-parte-essencial-de-ser-franciscano.html#webpage","url":"https:\/\/franciscanos.org.br\/noticias\/frei-patton-amar-a-terra-de-jesus-e-parte-essencial-de-ser-franciscano.html","name":"Frei Patton: Amar a terra de Jesus \u00e9 parte essencial de ser franciscano - Not\u00edcias - Franciscanos","isPartOf":{"@id":"https:\/\/franciscanos.org.br\/noticias\/#website"},"primaryImageOfPage":{"@id":"https:\/\/franciscanos.org.br\/noticias\/frei-patton-amar-a-terra-de-jesus-e-parte-essencial-de-ser-franciscano.html#primaryimage"},"datePublished":"2019-05-27T10:19:15+00:00","dateModified":"2019-05-27T10:19:15+00:00","author":{"@id":"https:\/\/franciscanos.org.br\/noticias\/#\/schema\/person\/b5c8cba458c330ccff548b056e95a5d4"},"breadcrumb":{"@id":"https:\/\/franciscanos.org.br\/noticias\/frei-patton-amar-a-terra-de-jesus-e-parte-essencial-de-ser-franciscano.html#breadcrumb"},"inLanguage":"pt-BR","potentialAction":[{"@type":"ReadAction","target":["https:\/\/franciscanos.org.br\/noticias\/frei-patton-amar-a-terra-de-jesus-e-parte-essencial-de-ser-franciscano.html"]}]},{"@type":"BreadcrumbList","@id":"https:\/\/franciscanos.org.br\/noticias\/frei-patton-amar-a-terra-de-jesus-e-parte-essencial-de-ser-franciscano.html#breadcrumb","itemListElement":[{"@type":"ListItem","position":1,"name":"Home","item":"https:\/\/franciscanos.org.br\/noticias"},{"@type":"ListItem","position":2,"name":"Frei Patton: Amar a terra de Jesus \u00e9 parte essencial de ser franciscano"}]},{"@type":"Person","@id":"https:\/\/franciscanos.org.br\/noticias\/#\/schema\/person\/b5c8cba458c330ccff548b056e95a5d4","name":"moacir","image":{"@type":"ImageObject","inLanguage":"pt-BR","@id":"https:\/\/franciscanos.org.br\/noticias\/#\/schema\/person\/image\/","url":"https:\/\/secure.gravatar.com\/avatar\/d08aa2ce4c8dd416d4479aa8536fcf64?s=96&d=mm&r=g","contentUrl":"https:\/\/secure.gravatar.com\/avatar\/d08aa2ce4c8dd416d4479aa8536fcf64?s=96&d=mm&r=g","caption":"moacir"},"url":"https:\/\/franciscanos.org.br\/noticias\/author\/moacir"}]}},"_links":{"self":[{"href":"https:\/\/franciscanos.org.br\/noticias\/wp-json\/wp\/v2\/posts\/205035"}],"collection":[{"href":"https:\/\/franciscanos.org.br\/noticias\/wp-json\/wp\/v2\/posts"}],"about":[{"href":"https:\/\/franciscanos.org.br\/noticias\/wp-json\/wp\/v2\/types\/post"}],"author":[{"embeddable":true,"href":"https:\/\/franciscanos.org.br\/noticias\/wp-json\/wp\/v2\/users\/3"}],"replies":[{"embeddable":true,"href":"https:\/\/franciscanos.org.br\/noticias\/wp-json\/wp\/v2\/comments?post=205035"}],"version-history":[{"count":0,"href":"https:\/\/franciscanos.org.br\/noticias\/wp-json\/wp\/v2\/posts\/205035\/revisions"}],"wp:featuredmedia":[{"embeddable":true,"href":"https:\/\/franciscanos.org.br\/noticias\/wp-json\/wp\/v2\/media\/205037"}],"wp:attachment":[{"href":"https:\/\/franciscanos.org.br\/noticias\/wp-json\/wp\/v2\/media?parent=205035"}],"wp:term":[{"taxonomy":"category","embeddable":true,"href":"https:\/\/franciscanos.org.br\/noticias\/wp-json\/wp\/v2\/categories?post=205035"},{"taxonomy":"post_tag","embeddable":true,"href":"https:\/\/franciscanos.org.br\/noticias\/wp-json\/wp\/v2\/tags?post=205035"}],"curies":[{"name":"wp","href":"https:\/\/api.w.org\/{rel}","templated":true}]}}