{"id":205015,"date":"2019-05-26T08:55:00","date_gmt":"2019-05-26T11:55:00","guid":{"rendered":"https:\/\/franciscanos.org.br\/noticias\/?p=205015"},"modified":"2019-05-26T08:55:00","modified_gmt":"2019-05-26T11:55:00","slug":"papa-a-igreja-nao-pode-ficar-estatica","status":"publish","type":"post","link":"https:\/\/franciscanos.org.br\/noticias\/papa-a-igreja-nao-pode-ficar-estatica.html","title":{"rendered":"Papa: A Igreja n\u00e3o pode ficar est\u00e1tica"},"content":{"rendered":"<p><img loading=\"lazy\" class=\"alignright size-full wp-image-205016\" src=\"https:\/\/franciscanos.org.br\/noticias\/wp-content\/uploads\/2019\/05\/papa_260519.jpg\" alt=\"\" width=\"890\" height=\"501\" srcset=\"https:\/\/franciscanos.org.br\/noticias\/wp-content\/uploads\/2019\/05\/papa_260519.jpg 890w, https:\/\/franciscanos.org.br\/noticias\/wp-content\/uploads\/2019\/05\/papa_260519-450x253.jpg 450w, https:\/\/franciscanos.org.br\/noticias\/wp-content\/uploads\/2019\/05\/papa_260519-768x432.jpg 768w, https:\/\/franciscanos.org.br\/noticias\/wp-content\/uploads\/2019\/05\/papa_260519-150x84.jpg 150w\" sizes=\"(max-width: 890px) 100vw, 890px\" \/><\/p>\n<p><strong>Cidade do Vaticano<\/strong> &#8211; O domingo (26) de tempo encoberto e com chuva em Roma foi iluminado pelas palavras do Papa Francisco durante o <em>Regina Coeli,<\/em> na Pra\u00e7a S\u00e3o Pedro. Na alocu\u00e7\u00e3o que precedeu a Ora\u00e7\u00e3o Mariana, o Pont\u00edfice comentou o Evangelho do dia (Jo, 14,23-29) quando Jesus se dirigiu aos Ap\u00f3stolos na \u00daltima Ceia e falou \u201cda obra do Esp\u00edrito Santo\u201d, o \u201cDefensor\u201d, que por meio dele apoiaria \u201cna miss\u00e3o de levar o Evangelho para todo o mundo\u201d.<\/p>\n<p>\u201cDurante a sua vida terrena, Jesus transmitiu tudo o que queria confiar aos Ap\u00f3stolos: cumpriu a Revela\u00e7\u00e3o Divina, isto \u00e9, tudo aquilo que o Pai queria dizer \u00e0 humanidade com a encarna\u00e7\u00e3o do Filho. A tarefa do Esp\u00edrito Santo \u00e9 aquela de recordar, isto \u00e9, de fazer compreender em plenitude e induzir a realizar concretamente os ensinamentos de Jesus.\u201d<\/p>\n<p><strong>A a\u00e7\u00e3o do Esp\u00edrito Santo<\/strong><br \/>\nO Papa, ent\u00e3o, enfatizou que \u00e9 bem essa a miss\u00e3o da Igreja, que atua atrav\u00e9s de um estilo de vida preciso, caracterizado por algumas exig\u00eancias: \u201cA f\u00e9 no Senhor e o respeito \u00e0 sua Palavra; a docilidade pela a\u00e7\u00e3o do Esp\u00edrito Santo, que torna continuamente vivo e presente o Senhor Ressuscitado; o acolhimento da sua paz e o testemunho atrav\u00e9s de um comportamento de abertura e de encontro com o outro\u201d.<\/p>\n<p>\u201cPara realizar tudo isso que a Igreja n\u00e3o pode ficar est\u00e1tica. Precisa se libertar dos la\u00e7os mundanos representados pelos nossos pontos de vista, pelas nossas estrat\u00e9gias, pelos nossos objetivos, que muitas vezes sobrecarregam o caminho da f\u00e9; e nos colocar em d\u00f3cil escuta da Palavra do Senhor. Assim \u00e9 o Esp\u00edrito de Deus que nos guia e guia a Igreja para que, atrav\u00e9s dela, brilhe o rosto aut\u00eantico, belo e luminoso, desejado por Cristo\u201d.<\/p>\n<p>Francisco enaltece o convite feito pelo Senhor, que nos convida a abrir o cora\u00e7\u00e3o ao dom do Esp\u00edrito Santo para nos guiar pelos caminhos da hist\u00f3ria e \u201cpara que possamos acolher a Palavra de Deus e testemunh\u00e1-la com a nossa vida\u201d. \u201cEle, dia a dia, nos educa \u00e0 l\u00f3gica do Evangelho, \u00e0 l\u00f3gica do amor acolhedor, \u2018nos ensinando tudo\u2019 e \u2018nos recordando tudo aquilo que o Senhor nos disse&#8217;\u201d.<\/p>\n","protected":false},"excerpt":{"rendered":"<p>Regina Coeli<\/p>\n","protected":false},"author":3,"featured_media":205017,"comment_status":"open","ping_status":"open","sticky":false,"template":"","format":"standard","meta":[],"categories":[1428],"tags":[564],"acf":[],"yoast_head":"<!-- This site is optimized with the Yoast SEO plugin v19.2 - https:\/\/yoast.com\/wordpress\/plugins\/seo\/ -->\n<title>Papa: A Igreja n\u00e3o pode ficar est\u00e1tica - Not\u00edcias - Franciscanos<\/title>\n<meta name=\"robots\" content=\"index, follow, max-snippet:-1, max-image-preview:large, max-video-preview:-1\" \/>\n<link rel=\"canonical\" href=\"https:\/\/franciscanos.org.br\/noticias\/papa-a-igreja-nao-pode-ficar-estatica.html\" \/>\n<meta property=\"og:locale\" content=\"pt_BR\" \/>\n<meta property=\"og:type\" content=\"article\" \/>\n<meta property=\"og:title\" content=\"Papa: A Igreja n\u00e3o pode ficar est\u00e1tica - Not\u00edcias - Franciscanos\" \/>\n<meta property=\"og:description\" content=\"Regina Coeli\" \/>\n<meta property=\"og:url\" content=\"https:\/\/franciscanos.org.br\/noticias\/papa-a-igreja-nao-pode-ficar-estatica.html\" \/>\n<meta property=\"og:site_name\" content=\"Not\u00edcias - Franciscanos\" \/>\n<meta property=\"article:published_time\" content=\"2019-05-26T11:55:00+00:00\" \/>\n<meta property=\"og:image\" content=\"https:\/\/franciscanos.org.br\/noticias\/wp-content\/uploads\/2019\/05\/papa_260519d.jpg\" \/>\n\t<meta property=\"og:image:width\" content=\"273\" \/>\n\t<meta property=\"og:image:height\" content=\"181\" \/>\n\t<meta property=\"og:image:type\" content=\"image\/jpeg\" \/>\n<meta name=\"author\" content=\"moacir\" \/>\n<meta name=\"twitter:card\" content=\"summary_large_image\" \/>\n<meta name=\"twitter:label1\" content=\"Escrito por\" \/>\n\t<meta name=\"twitter:data1\" content=\"moacir\" \/>\n\t<meta name=\"twitter:label2\" content=\"Est. tempo de leitura\" \/>\n\t<meta name=\"twitter:data2\" content=\"2 minutos\" \/>\n<script type=\"application\/ld+json\" class=\"yoast-schema-graph\">{\"@context\":\"https:\/\/schema.org\",\"@graph\":[{\"@type\":\"WebSite\",\"@id\":\"https:\/\/franciscanos.org.br\/noticias\/#website\",\"url\":\"https:\/\/franciscanos.org.br\/noticias\/\",\"name\":\"Not\u00edcias - Franciscanos\",\"description\":\"Prov\u00edncia Franciscana da Imaculada Concei\u00e7\u00e3o do Brasil - Ordem dos Frades Menores - OFM\",\"potentialAction\":[{\"@type\":\"SearchAction\",\"target\":{\"@type\":\"EntryPoint\",\"urlTemplate\":\"https:\/\/franciscanos.org.br\/noticias\/?s={search_term_string}\"},\"query-input\":\"required name=search_term_string\"}],\"inLanguage\":\"pt-BR\"},{\"@type\":\"ImageObject\",\"inLanguage\":\"pt-BR\",\"@id\":\"https:\/\/franciscanos.org.br\/noticias\/papa-a-igreja-nao-pode-ficar-estatica.html#primaryimage\",\"url\":\"https:\/\/franciscanos.org.br\/noticias\/wp-content\/uploads\/2019\/05\/papa_260519d.jpg\",\"contentUrl\":\"https:\/\/franciscanos.org.br\/noticias\/wp-content\/uploads\/2019\/05\/papa_260519d.jpg\",\"width\":273,\"height\":181},{\"@type\":\"WebPage\",\"@id\":\"https:\/\/franciscanos.org.br\/noticias\/papa-a-igreja-nao-pode-ficar-estatica.html#webpage\",\"url\":\"https:\/\/franciscanos.org.br\/noticias\/papa-a-igreja-nao-pode-ficar-estatica.html\",\"name\":\"Papa: A Igreja n\u00e3o pode ficar est\u00e1tica - Not\u00edcias - Franciscanos\",\"isPartOf\":{\"@id\":\"https:\/\/franciscanos.org.br\/noticias\/#website\"},\"primaryImageOfPage\":{\"@id\":\"https:\/\/franciscanos.org.br\/noticias\/papa-a-igreja-nao-pode-ficar-estatica.html#primaryimage\"},\"datePublished\":\"2019-05-26T11:55:00+00:00\",\"dateModified\":\"2019-05-26T11:55:00+00:00\",\"author\":{\"@id\":\"https:\/\/franciscanos.org.br\/noticias\/#\/schema\/person\/b5c8cba458c330ccff548b056e95a5d4\"},\"breadcrumb\":{\"@id\":\"https:\/\/franciscanos.org.br\/noticias\/papa-a-igreja-nao-pode-ficar-estatica.html#breadcrumb\"},\"inLanguage\":\"pt-BR\",\"potentialAction\":[{\"@type\":\"ReadAction\",\"target\":[\"https:\/\/franciscanos.org.br\/noticias\/papa-a-igreja-nao-pode-ficar-estatica.html\"]}]},{\"@type\":\"BreadcrumbList\",\"@id\":\"https:\/\/franciscanos.org.br\/noticias\/papa-a-igreja-nao-pode-ficar-estatica.html#breadcrumb\",\"itemListElement\":[{\"@type\":\"ListItem\",\"position\":1,\"name\":\"Home\",\"item\":\"https:\/\/franciscanos.org.br\/noticias\"},{\"@type\":\"ListItem\",\"position\":2,\"name\":\"Papa: A Igreja n\u00e3o pode ficar est\u00e1tica\"}]},{\"@type\":\"Person\",\"@id\":\"https:\/\/franciscanos.org.br\/noticias\/#\/schema\/person\/b5c8cba458c330ccff548b056e95a5d4\",\"name\":\"moacir\",\"image\":{\"@type\":\"ImageObject\",\"inLanguage\":\"pt-BR\",\"@id\":\"https:\/\/franciscanos.org.br\/noticias\/#\/schema\/person\/image\/\",\"url\":\"https:\/\/secure.gravatar.com\/avatar\/d08aa2ce4c8dd416d4479aa8536fcf64?s=96&d=mm&r=g\",\"contentUrl\":\"https:\/\/secure.gravatar.com\/avatar\/d08aa2ce4c8dd416d4479aa8536fcf64?s=96&d=mm&r=g\",\"caption\":\"moacir\"},\"url\":\"https:\/\/franciscanos.org.br\/noticias\/author\/moacir\"}]}<\/script>\n<!-- \/ Yoast SEO plugin. -->","yoast_head_json":{"title":"Papa: A Igreja n\u00e3o pode ficar est\u00e1tica - Not\u00edcias - Franciscanos","robots":{"index":"index","follow":"follow","max-snippet":"max-snippet:-1","max-image-preview":"max-image-preview:large","max-video-preview":"max-video-preview:-1"},"canonical":"https:\/\/franciscanos.org.br\/noticias\/papa-a-igreja-nao-pode-ficar-estatica.html","og_locale":"pt_BR","og_type":"article","og_title":"Papa: A Igreja n\u00e3o pode ficar est\u00e1tica - Not\u00edcias - Franciscanos","og_description":"Regina Coeli","og_url":"https:\/\/franciscanos.org.br\/noticias\/papa-a-igreja-nao-pode-ficar-estatica.html","og_site_name":"Not\u00edcias - Franciscanos","article_published_time":"2019-05-26T11:55:00+00:00","og_image":[{"width":273,"height":181,"url":"https:\/\/franciscanos.org.br\/noticias\/wp-content\/uploads\/2019\/05\/papa_260519d.jpg","type":"image\/jpeg"}],"author":"moacir","twitter_card":"summary_large_image","twitter_misc":{"Escrito por":"moacir","Est. tempo de leitura":"2 minutos"},"schema":{"@context":"https:\/\/schema.org","@graph":[{"@type":"WebSite","@id":"https:\/\/franciscanos.org.br\/noticias\/#website","url":"https:\/\/franciscanos.org.br\/noticias\/","name":"Not\u00edcias - Franciscanos","description":"Prov\u00edncia Franciscana da Imaculada Concei\u00e7\u00e3o do Brasil - Ordem dos Frades Menores - OFM","potentialAction":[{"@type":"SearchAction","target":{"@type":"EntryPoint","urlTemplate":"https:\/\/franciscanos.org.br\/noticias\/?s={search_term_string}"},"query-input":"required name=search_term_string"}],"inLanguage":"pt-BR"},{"@type":"ImageObject","inLanguage":"pt-BR","@id":"https:\/\/franciscanos.org.br\/noticias\/papa-a-igreja-nao-pode-ficar-estatica.html#primaryimage","url":"https:\/\/franciscanos.org.br\/noticias\/wp-content\/uploads\/2019\/05\/papa_260519d.jpg","contentUrl":"https:\/\/franciscanos.org.br\/noticias\/wp-content\/uploads\/2019\/05\/papa_260519d.jpg","width":273,"height":181},{"@type":"WebPage","@id":"https:\/\/franciscanos.org.br\/noticias\/papa-a-igreja-nao-pode-ficar-estatica.html#webpage","url":"https:\/\/franciscanos.org.br\/noticias\/papa-a-igreja-nao-pode-ficar-estatica.html","name":"Papa: A Igreja n\u00e3o pode ficar est\u00e1tica - Not\u00edcias - Franciscanos","isPartOf":{"@id":"https:\/\/franciscanos.org.br\/noticias\/#website"},"primaryImageOfPage":{"@id":"https:\/\/franciscanos.org.br\/noticias\/papa-a-igreja-nao-pode-ficar-estatica.html#primaryimage"},"datePublished":"2019-05-26T11:55:00+00:00","dateModified":"2019-05-26T11:55:00+00:00","author":{"@id":"https:\/\/franciscanos.org.br\/noticias\/#\/schema\/person\/b5c8cba458c330ccff548b056e95a5d4"},"breadcrumb":{"@id":"https:\/\/franciscanos.org.br\/noticias\/papa-a-igreja-nao-pode-ficar-estatica.html#breadcrumb"},"inLanguage":"pt-BR","potentialAction":[{"@type":"ReadAction","target":["https:\/\/franciscanos.org.br\/noticias\/papa-a-igreja-nao-pode-ficar-estatica.html"]}]},{"@type":"BreadcrumbList","@id":"https:\/\/franciscanos.org.br\/noticias\/papa-a-igreja-nao-pode-ficar-estatica.html#breadcrumb","itemListElement":[{"@type":"ListItem","position":1,"name":"Home","item":"https:\/\/franciscanos.org.br\/noticias"},{"@type":"ListItem","position":2,"name":"Papa: A Igreja n\u00e3o pode ficar est\u00e1tica"}]},{"@type":"Person","@id":"https:\/\/franciscanos.org.br\/noticias\/#\/schema\/person\/b5c8cba458c330ccff548b056e95a5d4","name":"moacir","image":{"@type":"ImageObject","inLanguage":"pt-BR","@id":"https:\/\/franciscanos.org.br\/noticias\/#\/schema\/person\/image\/","url":"https:\/\/secure.gravatar.com\/avatar\/d08aa2ce4c8dd416d4479aa8536fcf64?s=96&d=mm&r=g","contentUrl":"https:\/\/secure.gravatar.com\/avatar\/d08aa2ce4c8dd416d4479aa8536fcf64?s=96&d=mm&r=g","caption":"moacir"},"url":"https:\/\/franciscanos.org.br\/noticias\/author\/moacir"}]}},"_links":{"self":[{"href":"https:\/\/franciscanos.org.br\/noticias\/wp-json\/wp\/v2\/posts\/205015"}],"collection":[{"href":"https:\/\/franciscanos.org.br\/noticias\/wp-json\/wp\/v2\/posts"}],"about":[{"href":"https:\/\/franciscanos.org.br\/noticias\/wp-json\/wp\/v2\/types\/post"}],"author":[{"embeddable":true,"href":"https:\/\/franciscanos.org.br\/noticias\/wp-json\/wp\/v2\/users\/3"}],"replies":[{"embeddable":true,"href":"https:\/\/franciscanos.org.br\/noticias\/wp-json\/wp\/v2\/comments?post=205015"}],"version-history":[{"count":0,"href":"https:\/\/franciscanos.org.br\/noticias\/wp-json\/wp\/v2\/posts\/205015\/revisions"}],"wp:featuredmedia":[{"embeddable":true,"href":"https:\/\/franciscanos.org.br\/noticias\/wp-json\/wp\/v2\/media\/205017"}],"wp:attachment":[{"href":"https:\/\/franciscanos.org.br\/noticias\/wp-json\/wp\/v2\/media?parent=205015"}],"wp:term":[{"taxonomy":"category","embeddable":true,"href":"https:\/\/franciscanos.org.br\/noticias\/wp-json\/wp\/v2\/categories?post=205015"},{"taxonomy":"post_tag","embeddable":true,"href":"https:\/\/franciscanos.org.br\/noticias\/wp-json\/wp\/v2\/tags?post=205015"}],"curies":[{"name":"wp","href":"https:\/\/api.w.org\/{rel}","templated":true}]}}