{"id":204935,"date":"2019-05-24T07:15:49","date_gmt":"2019-05-24T10:15:49","guid":{"rendered":"https:\/\/franciscanos.org.br\/noticias\/?p=204935"},"modified":"2019-05-24T07:33:40","modified_gmt":"2019-05-24T10:33:40","slug":"a-missao-de-abrir-caminhos-frente-das-paroquias-define-passos-para-o-trienio","status":"publish","type":"post","link":"https:\/\/franciscanos.org.br\/noticias\/a-missao-de-abrir-caminhos-frente-das-paroquias-define-passos-para-o-trienio.html","title":{"rendered":"A miss\u00e3o de abrir caminhos: Frente das Par\u00f3quias define passos para o tri\u00eanio"},"content":{"rendered":"<p><img loading=\"lazy\" class=\"alignnone size-full wp-image-204936\" src=\"https:\/\/franciscanos.org.br\/noticias\/wp-content\/uploads\/2019\/05\/frente_240519.jpg\" alt=\"\" width=\"890\" height=\"404\" srcset=\"https:\/\/franciscanos.org.br\/noticias\/wp-content\/uploads\/2019\/05\/frente_240519.jpg 890w, https:\/\/franciscanos.org.br\/noticias\/wp-content\/uploads\/2019\/05\/frente_240519-450x204.jpg 450w, https:\/\/franciscanos.org.br\/noticias\/wp-content\/uploads\/2019\/05\/frente_240519-768x349.jpg 768w, https:\/\/franciscanos.org.br\/noticias\/wp-content\/uploads\/2019\/05\/frente_240519-150x68.jpg 150w\" sizes=\"(max-width: 890px) 100vw, 890px\" \/><\/p>\n<p><strong>Rondinha (PR)<\/strong> &#8211;\u00a0\u201cEspera-se que a Vida Religiosa seja a vanguarda na caminhada da Igreja. Ela deve ser uma esp\u00e9cie de \u2018ponta de lan\u00e7a\u2019 que abre caminhos a partir daquilo que lhe \u00e9 pr\u00f3prio enquanto aprofundamento da dimens\u00e3o batismal\u201d. Com estas palavras de est\u00edmulo e provoca\u00e7\u00e3o, o bispo auxiliar de Curitiba, Dom Amilton Manoel da Silva, CP, que tamb\u00e9m j\u00e1 foi Provincial dos religiosos passionistas, convocou os participantes do Encontro de Frades da Frente das Par\u00f3quias, Santu\u00e1rios e Centros de Acolhimento a desempenharem seu papel evangelizador nas Igrejas Particulares onde est\u00e3o presentes. O encontro reuniu, nos dias 22 e 23 de maio de 2019, no Convento S\u00e3o Boaventura, os frades que atuam nas Par\u00f3quias do territ\u00f3rio da Prov\u00edncia no Brasil. Cerca de 90% das par\u00f3quias e santu\u00e1rios se fizeram representar.<\/p>\n<p>Dom Amilton assessorou a primeira parte do encontro, apresentando o tema \u201cA Vida Religioisa e a Evangeliza\u00e7\u00e3o nas Igrejas Particulares\u201d. No in\u00edcio, apresentou um breve panorama da compreens\u00e3o da Vida Religiosa numa perspectiva mission\u00e1ria a partir das Confer\u00eancias do Episcopado Latino Americano. Destacou os seguintes aspectos:<\/p>\n<p><strong>Medell\u00edn\/1968.<\/strong> Impulsionou, a Vida Religiosa na dire\u00e7\u00e3o da supera\u00e7\u00e3o de uma mera \u201cmoderniza\u00e7\u00e3o\u201d, na busca de um novo \u201clugar social\u201d no meio do povo, junto aos pobres.\u00a0 Ela foi convocada a viver a sua <strong>miss\u00e3o prof\u00e9tica<\/strong>, como testemunha do Reino, no compromisso por uma \u201cevangeliza\u00e7\u00e3o libertadora\u201d.<\/p>\n<p><strong>\u00a0<\/strong><strong>Puebla\/1979. <\/strong>Trouxe a Vida Consagrada no contexto social e eclesial do Continente Latino-americano. S\u00e3o extensas as suas considera\u00e7\u00f5es: acerca dos votos (vida, miss\u00e3o e servi\u00e7o), do comprometimento com as causas sociais (pobres) e particularmente da <strong>inser\u00e7\u00e3o<\/strong> na Igreja particular como \u201clugar\u201d da viv\u00eancia da vida religiosa e do \u201ccompromisso eclesial evangelizador\u201d. O documento afirmou que o <strong>religioso (a) n\u00e3o descobriu como conviver numa diocese.<\/strong> H\u00e1, por isso, tens\u00f5es entre a miss\u00e3o do bispo e o carisma pr\u00f3prio da Vida Religiosa, com falta de di\u00e1logo.<\/p>\n<p><strong>\u00a0<\/strong><strong>Santo Domingo\/1992. <\/strong>Trouxe 7 pontos e 1 n\u00famero sobre a Vida Religiosa a servi\u00e7o da educa\u00e7\u00e3o cat\u00f3lica. Foi um resultado magro em rela\u00e7\u00e3o \u00e0s orienta\u00e7\u00f5es de Puebla. Deu continuidade a Medell\u00edn e Puebla, pedindo uma <strong>evangeliza\u00e7\u00e3o inculturada junto aos pobres, aos ind\u00edgenas, afro-descendentes e minorias. <\/strong><\/p>\n<p><strong>\u00a0<\/strong><strong>Aparecida\/2007: <\/strong>Acentuou a raiz batismal da Vida Religiosa \u2013 <strong>santidade &#8211; no discipulado e na missionariedade<\/strong>, para uma presen\u00e7a prof\u00e9tica na sociedade e na Igreja, como sinal escatol\u00f3gico do Reino.\u00a0 Elogiou a presen\u00e7a da VRC em situa\u00e7\u00f5es de pobreza, risco e de fronteira. Desafiou a VRC em meio a uma sociedade individualista e consumista e sinalizou o secularismo presente na VRC.<\/p>\n<p><img loading=\"lazy\" class=\"alignnone wp-image-204938 size-full\" src=\"https:\/\/franciscanos.org.br\/noticias\/wp-content\/uploads\/2019\/05\/frente_240519_3.jpg\" alt=\"\" width=\"890\" height=\"593\" srcset=\"https:\/\/franciscanos.org.br\/noticias\/wp-content\/uploads\/2019\/05\/frente_240519_3.jpg 890w, https:\/\/franciscanos.org.br\/noticias\/wp-content\/uploads\/2019\/05\/frente_240519_3-450x300.jpg 450w, https:\/\/franciscanos.org.br\/noticias\/wp-content\/uploads\/2019\/05\/frente_240519_3-768x512.jpg 768w, https:\/\/franciscanos.org.br\/noticias\/wp-content\/uploads\/2019\/05\/frente_240519_3-150x100.jpg 150w\" sizes=\"(max-width: 890px) 100vw, 890px\" \/><\/p>\n<p>Num segundo passo, partilhou algumas indica\u00e7\u00f5es do Papa Francisco em rela\u00e7\u00e3o \u00e0 Vida Religiosa, destacando os elementos da alegria, da esperan\u00e7a e do profetismo. Recordou tamb\u00e9m a insist\u00eancia do Santo Padre para que a VR n\u00e3o caia na tenta\u00e7\u00e3o de guiar-se apenas na l\u00f3gica dos n\u00fameros e da efici\u00eancia e que esteja atenta aos apelos da seculariza\u00e7\u00e3o e do mundanismo. Ainda inspirado no Papa, Dom Amilton ressaltou a import\u00e2ncia do carisma pr\u00f3prio de cada instituto: \u201cO carisma de uma Congrega\u00e7\u00e3o \u00e9 o fermento, \u00e9 ele que d\u00e1 continuidade \u00e0 Congrega\u00e7\u00e3o, \u00e9 criativo e busca sempre novos caminhos; as obras passam. H\u00e1 muitos religiosos confundindo carisma com obras. O carisma n\u00e3o \u00e9 uma garrafa de \u00e1gua destilada, precisa ser vivido de acordo com cada lugar, tempo e indiv\u00edduo, inculturado\u201d, destacou.<\/p>\n<p>Ao apresentar o lugar na VR na Evangeliza\u00e7\u00e3o em Par\u00f3quias e Santu\u00e1rios, Dom Amilton ressaltou tr\u00eas elementos que v\u00e3o fazer a diferen\u00e7a e tornar fecundo o minist\u00e9rio do religioso na vida paroquial: experi\u00eancia de Deus, vida fraterna e miss\u00e3o. Recorrendo ao Documento de Aparecida, recordou a for\u00e7a da <strong>Espiritualidade do testemunho<\/strong>: \u201cA vida religiosa se converte em testemunha do Deus da vida em uma realidade que relativiza seu valor (obedi\u00eancia), \u00e9 testemunha de liberdade frente ao mercado e \u00e0s riquezas que valorizam as pessoas pelo ter (pobreza), e \u00e9 testemunha de uma entrega no amor radical e livre a Deus e \u00e0 humanidade frente \u00e0 erotiza\u00e7\u00e3o e banaliza\u00e7\u00e3o das rela\u00e7\u00f5es (castidade)\u201d (DAp, 219).<\/p>\n<p>Abordando o tema da vida fraterna e da miss\u00e3o, exortou: \u201cA comunidade religiosa n\u00e3o existe em fun\u00e7\u00e3o de si mesma, mas existe em vista de uma comunidade maior, \u00e0 humanidade inteira \u2013 a temperatura da f\u00e9 de uma comunidade \u00e9 determinada por sua abertura <strong>\u00e0 miss\u00e3o\u201d. <\/strong>Como apelo aos frades, pediu especial aten\u00e7\u00e3o a tr\u00eas realidades que desafiam a Igreja hoje: o drama dos moradores de rua, a quest\u00e3o do suic\u00eddio e tamb\u00e9m da depend\u00eancia qu\u00edmica.<\/p>\n<p><strong>Estudo, trabalhos em grupo e encaminhamentos pr\u00e1ticos<\/strong><\/p>\n<p><strong>\u00a0<\/strong>Depois da palestra de Dom Amilton, os participantes passaram para o estudo das Diretrizes da Frente, que fazem parte do Plano de Evangeliza\u00e7\u00e3o (2016-2021). Em seguida encaminharam-se para trabalho em grupo, onde foram provocados a fazer uma avalia\u00e7\u00e3o dos trabalhos cotidianos a partir das prioridades eleitas no Plano e tamb\u00e9m propor sugest\u00f5es para a anima\u00e7\u00e3o da Frente no tri\u00eanio que se inicia.<\/p>\n<p>As propostas discutidas, debatidas e aprovadas foram as seguintes:<\/p>\n<p style=\"padding-left: 40px;\">1) Designar mais dois frades que possam compor a equipe de anima\u00e7\u00e3o da Frente das Par\u00f3quias, junto com o coordenador, Frei Ant\u00f4nio Michels (P\u00e1roco da Par\u00f3quia Imaculada Concei\u00e7\u00e3o, em Mangueirinha, PR) e o Secret\u00e1rio de Evangeliza\u00e7\u00e3o, Frei Gustavo Medella. A partir de uma sondagem e com aprova\u00e7\u00e3o dos participantes, foram indicados Frei Nelson Hillesheim (P\u00e1roco da Par\u00f3quia Nossa Senhora Aparecida, em Blumenau, SC), e Frei Andr\u00e9 Becker (Vig\u00e1rio Paroquial das Par\u00f3quias Santo Ant\u00f4nio e Santa Clara, em Bauru, SP). Os nomes dos confrades ser\u00e3o apresentados ao Definit\u00f3rio Provincial.<\/p>\n<p style=\"padding-left: 40px;\">2) Quanto aos encontros que envolvem frades e leigos, abra\u00e7ar, a princ\u00edpio, a seguinte modalidade, nos pr\u00f3ximos tr\u00eas anos: 2019 \u2013 Encontro por par\u00f3quias agrupadas a partir dos regionais da Prov\u00edncia, com liberdade para articula\u00e7\u00e3o entre os regionais que est\u00e3o pr\u00f3ximos; 2020 \u2013 Encontros ampliados por regi\u00e3o: um com as par\u00f3quias do PR e SC; outro com abrang\u00eancia de SP, RJ e ES; 2021 \u2013 Grande encontro provincial para frades e leigos de todas as par\u00f3quias, com \u00eanfase na partilha de trabalhos e atividades realizadas na miss\u00e3o. A proposta de tem\u00e1tica, metodologia e realiza\u00e7\u00e3o destes encontros deve partir da equipe de anima\u00e7\u00e3o da Frente.<\/p>\n<p style=\"padding-left: 40px;\">3) Construir uma p\u00e1gina da Frente das Par\u00f3quias no site da Prov\u00edncia, para veicula\u00e7\u00e3o de not\u00edcias, artigos, reflex\u00f5es e subs\u00eddios que possam servir para a Evangeliza\u00e7\u00e3o paroquial. Tamb\u00e9m foi encaminhado que a Frente se organize a fim de mensalmente ocupar um espa\u00e7o regular nas Comunica\u00e7\u00f5es da Prov\u00edncia, esta segunda iniciativa a ser organizada a partir dos regionais. A implementa\u00e7\u00e3o desta iniciativa ser\u00e1 encaminhada junto ao setor de Comunica\u00e7\u00e3o.<\/p>\n<p><img loading=\"lazy\" class=\"alignnone size-full wp-image-204939\" src=\"https:\/\/franciscanos.org.br\/noticias\/wp-content\/uploads\/2019\/05\/frente_240519_1.jpg\" alt=\"\" width=\"890\" height=\"590\" srcset=\"https:\/\/franciscanos.org.br\/noticias\/wp-content\/uploads\/2019\/05\/frente_240519_1.jpg 890w, https:\/\/franciscanos.org.br\/noticias\/wp-content\/uploads\/2019\/05\/frente_240519_1-450x298.jpg 450w, https:\/\/franciscanos.org.br\/noticias\/wp-content\/uploads\/2019\/05\/frente_240519_1-768x509.jpg 768w, https:\/\/franciscanos.org.br\/noticias\/wp-content\/uploads\/2019\/05\/frente_240519_1-150x99.jpg 150w\" sizes=\"(max-width: 890px) 100vw, 890px\" \/><\/p>\n<p><strong>Frei At\u00edlio e o apelo amaz\u00f4nico<\/strong><\/p>\n<p>Por ocasi\u00e3o da proximidade do S\u00ednodo dos Bispos para Amaz\u00f4nia e para expressar a comunh\u00e3o orante da Frente das Par\u00f3quias com a caminhada da Igreja, Frei At\u00edlio Battistuz, que por diversos anos atuou como mission\u00e1rio na Amaz\u00f4nia Peruana e atualmente est\u00e1 em miss\u00e3o na Prelazia de Maraj\u00f3, PA, presidiu a Missa da manh\u00e3 do dia 23. Na homilia, destacou o quanto foi importante para ele o contato com o mundo amaz\u00f4nico e sua diversidade biol\u00f3gia e cultural. \u201cEu sou branco e descendente de italiano. Nasci em Chopinzinho, PR. Nossa cultura europeia se apoia muito na ideia de domina\u00e7\u00e3o e conquista. Conhecer a realidade da Amaz\u00f4nia me fez perceber novas formas de se relacionar com a vida, com a natureza e com as pessoas. Como filhos de S\u00e3o Francisco, precisamos tamb\u00e9m entrar nesta din\u00e2mica mais marcada pelo respeito e pela acolhida\u201d, enfatizou.\u00a0 Frei At\u00edlio tamb\u00e9m aproveitou sua participa\u00e7\u00e3o no encontro para incentivar os frades da Prov\u00edncia a fazerem experi\u00eancias mission\u00e1rias na Amaz\u00f4nia.<\/p>\n<p><strong>Ano Mission\u00e1rio Extraordin\u00e1rio<\/strong><\/p>\n<p>O Papa Francisco convocou, para outubro de 2019, o Ano Mission\u00e1rio Extraordin\u00e1rio, com o lema \u201cBatizados e enviados\u201d. O objetivo da iniciativa \u00e9 \u201cdespertar em medida maior a consci\u00eancia da\u00a0<em>missio ad gentes<\/em>\u00a0e retomar com novo impulso a transforma\u00e7\u00e3o mission\u00e1ria da vida e da pastoral\u201d.\u00a0A partir deste incentivo, os confrades foram incentivados a abordar com \u00eanfase esta tem\u00e1tica nas par\u00f3quias e santu\u00e1rios, dirigindo especial aten\u00e7\u00e3o \u00e0 presen\u00e7a da Prov\u00edncia em Angola, atrav\u00e9s da Funda\u00e7\u00e3o Imaculada M\u00e3e de Deus. O convite \u00e9 para que haja um incremento especial da campanha mission\u00e1ria neste ano, levando o povo a uma maior consci\u00eancia e proximidade em rela\u00e7\u00e3o \u00e0 presen\u00e7a franciscana em Angola.<\/p>\n<p><strong>\u00a0<\/strong><strong>450\u00aa Festa da Penha e 30\u00aa Caminhada Penitencial Frei Bruno <\/strong><\/p>\n<p>Duas comemora\u00e7\u00f5es importantes para o pr\u00f3ximo ano foram recordadas. Frei Pedro Oliveira, em nome da Fraternidade do Convento da Penha, lan\u00e7ou um convite \u00e0 participa\u00e7\u00e3o maci\u00e7a dos confrades na Festa da Penha no pr\u00f3ximo ano, quando ela chega \u00e0 sua 450\u00aa edi\u00e7\u00e3o e, no pr\u00f3ximo ano, ser\u00e1 realizada entre os dias 12 e 20 de abril. Tamb\u00e9m houve a recorda\u00e7\u00e3o da 30\u00aa Romaria Penitencial em honra a Frei Bruno, no 2\u00ba Domingo da Quaresma em 2020, em Joa\u00e7aba. A participa\u00e7\u00e3o efetiva dos frades nesta iniciativa adquire import\u00e2ncia ainda maior, dados os encaminhamentos do processo de Beatifica\u00e7\u00e3o de Frei Bruno que est\u00e1 em curso.<\/p>\n<p><strong>Frei Gustavo Medella<\/strong><\/p>\n","protected":false},"excerpt":{"rendered":"<p>Rondinha (PR) &#8211;\u00a0\u201cEspera-se que a Vida Religiosa seja a vanguarda na caminhada da Igreja. Ela deve ser uma esp\u00e9cie de \u2018ponta de lan\u00e7a\u2019 que abre caminhos a partir daquilo que lhe \u00e9 pr\u00f3prio enquanto aprofundamento da dimens\u00e3o batismal\u201d. Com estas palavras de est\u00edmulo e provoca\u00e7\u00e3o, o bispo auxiliar de Curitiba, Dom Amilton Manoel da Silva, [&hellip;]<\/p>\n","protected":false},"author":3,"featured_media":204937,"comment_status":"open","ping_status":"open","sticky":false,"template":"","format":"standard","meta":[],"categories":[1],"tags":[1145],"acf":[],"yoast_head":"<!-- This site is optimized with the Yoast SEO plugin v19.2 - https:\/\/yoast.com\/wordpress\/plugins\/seo\/ -->\n<title>A miss\u00e3o de abrir caminhos: Frente das Par\u00f3quias define passos para o tri\u00eanio - Not\u00edcias - Franciscanos<\/title>\n<meta name=\"robots\" content=\"index, follow, max-snippet:-1, max-image-preview:large, max-video-preview:-1\" \/>\n<link rel=\"canonical\" href=\"https:\/\/franciscanos.org.br\/noticias\/a-missao-de-abrir-caminhos-frente-das-paroquias-define-passos-para-o-trienio.html\" \/>\n<meta property=\"og:locale\" content=\"pt_BR\" \/>\n<meta property=\"og:type\" content=\"article\" \/>\n<meta property=\"og:title\" content=\"A miss\u00e3o de abrir caminhos: Frente das Par\u00f3quias define passos para o tri\u00eanio - Not\u00edcias - Franciscanos\" \/>\n<meta property=\"og:description\" content=\"Rondinha (PR) &#8211;\u00a0\u201cEspera-se que a Vida Religiosa seja a vanguarda na caminhada da Igreja. Ela deve ser uma esp\u00e9cie de \u2018ponta de lan\u00e7a\u2019 que abre caminhos a partir daquilo que lhe \u00e9 pr\u00f3prio enquanto aprofundamento da dimens\u00e3o batismal\u201d. Com estas palavras de est\u00edmulo e provoca\u00e7\u00e3o, o bispo auxiliar de Curitiba, Dom Amilton Manoel da Silva, [&hellip;]\" \/>\n<meta property=\"og:url\" content=\"https:\/\/franciscanos.org.br\/noticias\/a-missao-de-abrir-caminhos-frente-das-paroquias-define-passos-para-o-trienio.html\" \/>\n<meta property=\"og:site_name\" content=\"Not\u00edcias - Franciscanos\" \/>\n<meta property=\"article:published_time\" content=\"2019-05-24T10:15:49+00:00\" \/>\n<meta property=\"article:modified_time\" content=\"2019-05-24T10:33:40+00:00\" \/>\n<meta property=\"og:image\" content=\"https:\/\/franciscanos.org.br\/noticias\/wp-content\/uploads\/2019\/05\/frente_240519d.jpg\" \/>\n\t<meta property=\"og:image:width\" content=\"273\" \/>\n\t<meta property=\"og:image:height\" content=\"181\" \/>\n\t<meta property=\"og:image:type\" content=\"image\/jpeg\" \/>\n<meta name=\"author\" content=\"moacir\" \/>\n<meta name=\"twitter:card\" content=\"summary_large_image\" \/>\n<meta name=\"twitter:label1\" content=\"Escrito por\" \/>\n\t<meta name=\"twitter:data1\" content=\"moacir\" \/>\n\t<meta name=\"twitter:label2\" content=\"Est. tempo de leitura\" \/>\n\t<meta name=\"twitter:data2\" content=\"8 minutos\" \/>\n<script type=\"application\/ld+json\" class=\"yoast-schema-graph\">{\"@context\":\"https:\/\/schema.org\",\"@graph\":[{\"@type\":\"WebSite\",\"@id\":\"https:\/\/franciscanos.org.br\/noticias\/#website\",\"url\":\"https:\/\/franciscanos.org.br\/noticias\/\",\"name\":\"Not\u00edcias - Franciscanos\",\"description\":\"Prov\u00edncia Franciscana da Imaculada Concei\u00e7\u00e3o do Brasil - Ordem dos Frades Menores - OFM\",\"potentialAction\":[{\"@type\":\"SearchAction\",\"target\":{\"@type\":\"EntryPoint\",\"urlTemplate\":\"https:\/\/franciscanos.org.br\/noticias\/?s={search_term_string}\"},\"query-input\":\"required name=search_term_string\"}],\"inLanguage\":\"pt-BR\"},{\"@type\":\"ImageObject\",\"inLanguage\":\"pt-BR\",\"@id\":\"https:\/\/franciscanos.org.br\/noticias\/a-missao-de-abrir-caminhos-frente-das-paroquias-define-passos-para-o-trienio.html#primaryimage\",\"url\":\"https:\/\/franciscanos.org.br\/noticias\/wp-content\/uploads\/2019\/05\/frente_240519d.jpg\",\"contentUrl\":\"https:\/\/franciscanos.org.br\/noticias\/wp-content\/uploads\/2019\/05\/frente_240519d.jpg\",\"width\":273,\"height\":181},{\"@type\":\"WebPage\",\"@id\":\"https:\/\/franciscanos.org.br\/noticias\/a-missao-de-abrir-caminhos-frente-das-paroquias-define-passos-para-o-trienio.html#webpage\",\"url\":\"https:\/\/franciscanos.org.br\/noticias\/a-missao-de-abrir-caminhos-frente-das-paroquias-define-passos-para-o-trienio.html\",\"name\":\"A miss\u00e3o de abrir caminhos: Frente das Par\u00f3quias define passos para o tri\u00eanio - Not\u00edcias - Franciscanos\",\"isPartOf\":{\"@id\":\"https:\/\/franciscanos.org.br\/noticias\/#website\"},\"primaryImageOfPage\":{\"@id\":\"https:\/\/franciscanos.org.br\/noticias\/a-missao-de-abrir-caminhos-frente-das-paroquias-define-passos-para-o-trienio.html#primaryimage\"},\"datePublished\":\"2019-05-24T10:15:49+00:00\",\"dateModified\":\"2019-05-24T10:33:40+00:00\",\"author\":{\"@id\":\"https:\/\/franciscanos.org.br\/noticias\/#\/schema\/person\/b5c8cba458c330ccff548b056e95a5d4\"},\"breadcrumb\":{\"@id\":\"https:\/\/franciscanos.org.br\/noticias\/a-missao-de-abrir-caminhos-frente-das-paroquias-define-passos-para-o-trienio.html#breadcrumb\"},\"inLanguage\":\"pt-BR\",\"potentialAction\":[{\"@type\":\"ReadAction\",\"target\":[\"https:\/\/franciscanos.org.br\/noticias\/a-missao-de-abrir-caminhos-frente-das-paroquias-define-passos-para-o-trienio.html\"]}]},{\"@type\":\"BreadcrumbList\",\"@id\":\"https:\/\/franciscanos.org.br\/noticias\/a-missao-de-abrir-caminhos-frente-das-paroquias-define-passos-para-o-trienio.html#breadcrumb\",\"itemListElement\":[{\"@type\":\"ListItem\",\"position\":1,\"name\":\"Home\",\"item\":\"https:\/\/franciscanos.org.br\/noticias\"},{\"@type\":\"ListItem\",\"position\":2,\"name\":\"A miss\u00e3o de abrir caminhos: Frente das Par\u00f3quias define passos para o tri\u00eanio\"}]},{\"@type\":\"Person\",\"@id\":\"https:\/\/franciscanos.org.br\/noticias\/#\/schema\/person\/b5c8cba458c330ccff548b056e95a5d4\",\"name\":\"moacir\",\"image\":{\"@type\":\"ImageObject\",\"inLanguage\":\"pt-BR\",\"@id\":\"https:\/\/franciscanos.org.br\/noticias\/#\/schema\/person\/image\/\",\"url\":\"https:\/\/secure.gravatar.com\/avatar\/d08aa2ce4c8dd416d4479aa8536fcf64?s=96&d=mm&r=g\",\"contentUrl\":\"https:\/\/secure.gravatar.com\/avatar\/d08aa2ce4c8dd416d4479aa8536fcf64?s=96&d=mm&r=g\",\"caption\":\"moacir\"},\"url\":\"https:\/\/franciscanos.org.br\/noticias\/author\/moacir\"}]}<\/script>\n<!-- \/ Yoast SEO plugin. -->","yoast_head_json":{"title":"A miss\u00e3o de abrir caminhos: Frente das Par\u00f3quias define passos para o tri\u00eanio - Not\u00edcias - Franciscanos","robots":{"index":"index","follow":"follow","max-snippet":"max-snippet:-1","max-image-preview":"max-image-preview:large","max-video-preview":"max-video-preview:-1"},"canonical":"https:\/\/franciscanos.org.br\/noticias\/a-missao-de-abrir-caminhos-frente-das-paroquias-define-passos-para-o-trienio.html","og_locale":"pt_BR","og_type":"article","og_title":"A miss\u00e3o de abrir caminhos: Frente das Par\u00f3quias define passos para o tri\u00eanio - Not\u00edcias - Franciscanos","og_description":"Rondinha (PR) &#8211;\u00a0\u201cEspera-se que a Vida Religiosa seja a vanguarda na caminhada da Igreja. Ela deve ser uma esp\u00e9cie de \u2018ponta de lan\u00e7a\u2019 que abre caminhos a partir daquilo que lhe \u00e9 pr\u00f3prio enquanto aprofundamento da dimens\u00e3o batismal\u201d. Com estas palavras de est\u00edmulo e provoca\u00e7\u00e3o, o bispo auxiliar de Curitiba, Dom Amilton Manoel da Silva, [&hellip;]","og_url":"https:\/\/franciscanos.org.br\/noticias\/a-missao-de-abrir-caminhos-frente-das-paroquias-define-passos-para-o-trienio.html","og_site_name":"Not\u00edcias - Franciscanos","article_published_time":"2019-05-24T10:15:49+00:00","article_modified_time":"2019-05-24T10:33:40+00:00","og_image":[{"width":273,"height":181,"url":"https:\/\/franciscanos.org.br\/noticias\/wp-content\/uploads\/2019\/05\/frente_240519d.jpg","type":"image\/jpeg"}],"author":"moacir","twitter_card":"summary_large_image","twitter_misc":{"Escrito por":"moacir","Est. tempo de leitura":"8 minutos"},"schema":{"@context":"https:\/\/schema.org","@graph":[{"@type":"WebSite","@id":"https:\/\/franciscanos.org.br\/noticias\/#website","url":"https:\/\/franciscanos.org.br\/noticias\/","name":"Not\u00edcias - Franciscanos","description":"Prov\u00edncia Franciscana da Imaculada Concei\u00e7\u00e3o do Brasil - Ordem dos Frades Menores - OFM","potentialAction":[{"@type":"SearchAction","target":{"@type":"EntryPoint","urlTemplate":"https:\/\/franciscanos.org.br\/noticias\/?s={search_term_string}"},"query-input":"required name=search_term_string"}],"inLanguage":"pt-BR"},{"@type":"ImageObject","inLanguage":"pt-BR","@id":"https:\/\/franciscanos.org.br\/noticias\/a-missao-de-abrir-caminhos-frente-das-paroquias-define-passos-para-o-trienio.html#primaryimage","url":"https:\/\/franciscanos.org.br\/noticias\/wp-content\/uploads\/2019\/05\/frente_240519d.jpg","contentUrl":"https:\/\/franciscanos.org.br\/noticias\/wp-content\/uploads\/2019\/05\/frente_240519d.jpg","width":273,"height":181},{"@type":"WebPage","@id":"https:\/\/franciscanos.org.br\/noticias\/a-missao-de-abrir-caminhos-frente-das-paroquias-define-passos-para-o-trienio.html#webpage","url":"https:\/\/franciscanos.org.br\/noticias\/a-missao-de-abrir-caminhos-frente-das-paroquias-define-passos-para-o-trienio.html","name":"A miss\u00e3o de abrir caminhos: Frente das Par\u00f3quias define passos para o tri\u00eanio - Not\u00edcias - Franciscanos","isPartOf":{"@id":"https:\/\/franciscanos.org.br\/noticias\/#website"},"primaryImageOfPage":{"@id":"https:\/\/franciscanos.org.br\/noticias\/a-missao-de-abrir-caminhos-frente-das-paroquias-define-passos-para-o-trienio.html#primaryimage"},"datePublished":"2019-05-24T10:15:49+00:00","dateModified":"2019-05-24T10:33:40+00:00","author":{"@id":"https:\/\/franciscanos.org.br\/noticias\/#\/schema\/person\/b5c8cba458c330ccff548b056e95a5d4"},"breadcrumb":{"@id":"https:\/\/franciscanos.org.br\/noticias\/a-missao-de-abrir-caminhos-frente-das-paroquias-define-passos-para-o-trienio.html#breadcrumb"},"inLanguage":"pt-BR","potentialAction":[{"@type":"ReadAction","target":["https:\/\/franciscanos.org.br\/noticias\/a-missao-de-abrir-caminhos-frente-das-paroquias-define-passos-para-o-trienio.html"]}]},{"@type":"BreadcrumbList","@id":"https:\/\/franciscanos.org.br\/noticias\/a-missao-de-abrir-caminhos-frente-das-paroquias-define-passos-para-o-trienio.html#breadcrumb","itemListElement":[{"@type":"ListItem","position":1,"name":"Home","item":"https:\/\/franciscanos.org.br\/noticias"},{"@type":"ListItem","position":2,"name":"A miss\u00e3o de abrir caminhos: Frente das Par\u00f3quias define passos para o tri\u00eanio"}]},{"@type":"Person","@id":"https:\/\/franciscanos.org.br\/noticias\/#\/schema\/person\/b5c8cba458c330ccff548b056e95a5d4","name":"moacir","image":{"@type":"ImageObject","inLanguage":"pt-BR","@id":"https:\/\/franciscanos.org.br\/noticias\/#\/schema\/person\/image\/","url":"https:\/\/secure.gravatar.com\/avatar\/d08aa2ce4c8dd416d4479aa8536fcf64?s=96&d=mm&r=g","contentUrl":"https:\/\/secure.gravatar.com\/avatar\/d08aa2ce4c8dd416d4479aa8536fcf64?s=96&d=mm&r=g","caption":"moacir"},"url":"https:\/\/franciscanos.org.br\/noticias\/author\/moacir"}]}},"_links":{"self":[{"href":"https:\/\/franciscanos.org.br\/noticias\/wp-json\/wp\/v2\/posts\/204935"}],"collection":[{"href":"https:\/\/franciscanos.org.br\/noticias\/wp-json\/wp\/v2\/posts"}],"about":[{"href":"https:\/\/franciscanos.org.br\/noticias\/wp-json\/wp\/v2\/types\/post"}],"author":[{"embeddable":true,"href":"https:\/\/franciscanos.org.br\/noticias\/wp-json\/wp\/v2\/users\/3"}],"replies":[{"embeddable":true,"href":"https:\/\/franciscanos.org.br\/noticias\/wp-json\/wp\/v2\/comments?post=204935"}],"version-history":[{"count":0,"href":"https:\/\/franciscanos.org.br\/noticias\/wp-json\/wp\/v2\/posts\/204935\/revisions"}],"wp:featuredmedia":[{"embeddable":true,"href":"https:\/\/franciscanos.org.br\/noticias\/wp-json\/wp\/v2\/media\/204937"}],"wp:attachment":[{"href":"https:\/\/franciscanos.org.br\/noticias\/wp-json\/wp\/v2\/media?parent=204935"}],"wp:term":[{"taxonomy":"category","embeddable":true,"href":"https:\/\/franciscanos.org.br\/noticias\/wp-json\/wp\/v2\/categories?post=204935"},{"taxonomy":"post_tag","embeddable":true,"href":"https:\/\/franciscanos.org.br\/noticias\/wp-json\/wp\/v2\/tags?post=204935"}],"curies":[{"name":"wp","href":"https:\/\/api.w.org\/{rel}","templated":true}]}}