{"id":204915,"date":"2019-05-23T08:01:07","date_gmt":"2019-05-23T11:01:07","guid":{"rendered":"https:\/\/franciscanos.org.br\/noticias\/?p=204915"},"modified":"2020-05-18T09:16:06","modified_gmt":"2020-05-18T12:16:06","slug":"dom-jaime-nao-precisamos-ter-medo-das-criticas","status":"publish","type":"post","link":"https:\/\/franciscanos.org.br\/noticias\/dom-jaime-nao-precisamos-ter-medo-das-criticas.html","title":{"rendered":"Dom Jaime: \u201cN\u00e3o precisamos ter medo das cr\u00edticas\u201d"},"content":{"rendered":"<p><em><img loading=\"lazy\" src=\"https:\/\/franciscanos.org.br\/noticias\/wp-content\/uploads\/2019\/05\/dom_jaime_220519.jpg\" alt=\"\" width=\"890\" height=\"500\" \/><\/em><\/p>\n<p><em>Rec\u00e9m-eleito como primeiro vice-presidente da Confer\u00eancia Nacional dos Bispos do Brasil, o arcebispo de Porto Alegre, Dom Jaime Spengler, v\u00ea com naturalidade as cr\u00edticas \u00e0 entidade vindas de setores conservadores do pa\u00eds. \u201cVivemos um momento delicado no seio da Igreja e na sociedade brasileira. H\u00e1 uma forte tend\u00eancia a construir muros entre n\u00f3s\u201d, assegurou o frade da Prov\u00edncia da Imaculada a Frei Gustavo Medella, em entrevista ao programa \u201c<a href=\"https:\/\/franciscanos.org.br\/noticias\/manha-franciscana-comeca-a-animar-os-fins-de-semana-pelas-ondas-do-radio.html\" target=\"_blank\" rel=\"noopener noreferrer\">Manh\u00e3 Franciscana<\/a>\u201d.<\/em><\/p>\n<p><em>Jaime Spengler nasceu em 6 de setembro de 1960 em Gaspar (SC). Ingressou na Ordem dos Frades Menores em 20 de janeiro de 1982, quando foi admitido ao Noviciado de Rodeio (SC). Cursou Filosofia no Instituto Filos\u00f3fico S\u00e3o Boaventura, de Campo Largo (PR), e Teologia no Instituto Teol\u00f3gico Franciscano de Petr\u00f3polis (RJ), concluindo-o no Instituto Teol\u00f3gico de Jerusal\u00e9m em Israel. Foi ordenado sacerdote em 17 de novembro de 1990, na sua cidade natal. <\/em><\/p>\n<p><em>Em novembro de 2010, foi nomeado bispo auxiliar de Porto Alegre (RS) e em setembro de 2013, nomeado arcebispo de Porto Alegre. Ele \u00e9 membro da Congrega\u00e7\u00e3o para os Institutos de Vida Consagrada e Sociedades de Vida Apost\u00f3lica do Vaticano. <\/em><\/p>\n<p>Acompanhe a entrevista concedida a <strong>Frei Gustavo Medella<\/strong>:<\/p>\n<p><strong>Site Franciscanos &#8211; H\u00e1 pouco menos de um m\u00eas, tivemos o encerramento da Assembleia da Confer\u00eancia Nacional dos Bispos do Brasil (CNBB), que foi realizada em Aparecida (SP). Trace um panorama geral do clima e de como transcorreu este encontro t\u00e3o importante do episcopado brasileiro e da Igreja do Brasil.<\/strong><\/p>\n<p><strong>Dom Jaime Spengler &#8211; <\/strong>\u00a0A Assembleia Geral \u00e9 um evento anual da Igreja Cat\u00f3lica do Brasil. Por\u00e9m, a cada quatro anos, somos chamados a escolher os novos dirigentes da institui\u00e7\u00e3o, como tamb\u00e9m os presidentes das diversas comiss\u00f5es que comp\u00f5em a CNBB. O ambiente da Assembleia \u00e9 sempre muito tranquilo, \u00e9 um momento de grande fraternidade, com um esp\u00edrito de comunh\u00e3o percept\u00edvel. Uma colegialidade muito bonita! Para quem diariamente segue as celebra\u00e7\u00f5es eucar\u00edsticas no Santu\u00e1rio Nacional, chama a aten\u00e7\u00e3o ver reunidos ao redor do altar da Bas\u00edlica em torno de 400, 450 bispos de todo Brasil. Para mim, este \u00e9 o sinal mais vis\u00edvel da comunh\u00e3o e da colegialidade que existe no seio da Confer\u00eancia. Depois, no espa\u00e7o onde se desenvolvem os trabalhos cotidianos, \u00e9 realmente algo muito bonito ver, ouvir, poder conversar com os bispos das mais diversas realidades do nosso Brasil: do interior da Amaz\u00f4nia, do Nordeste, do Sul, do litoral do Brasil, do Centro-Oeste. Cada bispo com seus desafios, mas tamb\u00e9m com suas realiza\u00e7\u00f5es, alegrias, e tudo isso confluindo para este momento especial da Assembleia Geral. \u00c9 realmente algo extraordin\u00e1rio, \u00e9 bonito e \u00e9 belo poder pertencer a esta Igreja e a esta Confer\u00eancia que d\u00e1 sinais de colegialidade, de comunh\u00e3o, de disposi\u00e7\u00e3o, para defender e promover a vida de nosso povo, levando o Evangelho do Crucificado, do Ressuscitado aos mais distintos rinc\u00f5es deste nosso imenso Brasil.<\/p>\n<p><strong>Site Franciscanos &#8211; \u00a0Pessoalmente, como o sr. recebeu este encargo que seus irm\u00e3os bispos lhe confiaram?<\/strong><\/p>\n<p><strong>Dom Jaime Spengler &#8211; <\/strong>Diria que dentro de um esp\u00edrito bem franciscano. Um cargo n\u00e3o \u00e9 um encargo, mas um servi\u00e7o! Um servi\u00e7o a que fomos convidados a desenvolver em prol da Igreja do Brasil. Desde que entrei na vida religiosa, sempre cultivei dentro de mim o prop\u00f3sito de jamais dizer n\u00e3o \u00e0quilo que me fosse pedido. Seja enquanto religioso, no seio da nossa Prov\u00edncia da Imaculada, seja agora como bispo. O que a Igreja nos pedir, buscamos responder. Poderia dizer que recebi este encargo com muita serenidade, mas tamb\u00e9m com o desejo de poder servir ainda mais a Igreja do Brasil.<\/p>\n<p><strong>Site Franciscanos &#8211;\u00a0 Quais s\u00e3o as atribui\u00e7\u00f5es do sr. enquanto primeiro vice-presidente da CNBB?<\/strong><\/p>\n<p><strong>Dom Jaime Spengler &#8211; <\/strong>Aqui vale a pena fazer uma ressalva. At\u00e9 recentemente, a presid\u00eancia da CNBB era composta do presidente, um vice-presidente e o secret\u00e1rio-geral. Em 2018, foi apresentada \u00e0 Congrega\u00e7\u00e3o dos Bispos uma sugest\u00e3o de mudan\u00e7a dos Estatutos da entidade e, nesta mudan\u00e7a, foi proposta a cria\u00e7\u00e3o do cargo de segundo vice-presidente, para que a presid\u00eancia da Confer\u00eancia tivesse um pouco mais de corpo. A Santa-S\u00e9 aceitou a sugest\u00e3o enviada. Nos dias da Assembleia deste ano, em Aparecida, chegou-nos a not\u00edcia de que a Confer\u00eancia poderia contar, a partir deste ano, com dois vice-presidentes. O vice-presidente tem como fun\u00e7\u00e3o primordial ajudar o presidente no desenvolvimento das suas atribui\u00e7\u00f5es. Neste sentido, devemos recordar que o primeiro objetivo da Confer\u00eancia \u00e9 fomentar a colegialidade e a comunh\u00e3o no seio do episcopado brasileiro. A Confer\u00eancia tem uma caracter\u00edstica muito pr\u00f3pria. \u00c0s vezes confundem um pouco o conceito. Ela n\u00e3o \u00e9 uma confedera\u00e7\u00e3o. Trata-se de uma confer\u00eancia, como o termo mesmo o diz. A presid\u00eancia; composta do presidente, os dois vice-presidentes e o secret\u00e1rio-geral; tem como miss\u00e3o fomentar a comunh\u00e3o e a colegialidade no seio do episcopado brasileiro.<\/p>\n<p><img loading=\"lazy\" class=\"alignnone size-full wp-image-204921\" src=\"https:\/\/franciscanos.org.br\/noticias\/wp-content\/uploads\/2019\/05\/cnbb_220519-1.jpg\" alt=\"\" width=\"890\" height=\"500\" srcset=\"https:\/\/franciscanos.org.br\/noticias\/wp-content\/uploads\/2019\/05\/cnbb_220519-1.jpg 890w, https:\/\/franciscanos.org.br\/noticias\/wp-content\/uploads\/2019\/05\/cnbb_220519-1-450x253.jpg 450w, https:\/\/franciscanos.org.br\/noticias\/wp-content\/uploads\/2019\/05\/cnbb_220519-1-768x431.jpg 768w, https:\/\/franciscanos.org.br\/noticias\/wp-content\/uploads\/2019\/05\/cnbb_220519-1-150x84.jpg 150w\" sizes=\"(max-width: 890px) 100vw, 890px\" \/><\/p>\n<p><strong>Site Franciscanos &#8211;\u00a0 Quais seriam os principais desafios do pr\u00f3ximo quadri\u00eanio para a CNBB?<\/strong><\/p>\n<p><strong>Dom Jaime Spengler &#8211; <\/strong>Em primeiro lugar, diria que \u00e9 continuar na promo\u00e7\u00e3o daquilo que \u00e9 miss\u00e3o pr\u00f3pria da Confer\u00eancia dos Bispos, ou seja, fomentar, alimentar, promover a comunh\u00e3o entre o episcopado do Brasil. Certamente, existem outros desafios que fazem parte da nossa miss\u00e3o enquanto homens do Evangelho, pessoas dedicadas ao an\u00fancio do Crucificado, do Ressuscitado em nossa sociedade. Vivemos um momento delicado no seio da Igreja e na sociedade brasileira. H\u00e1 uma forte tend\u00eancia a construir muros entre n\u00f3s. Precisamos fomentar espa\u00e7os de di\u00e1logo, construir pontes. Devemos e precisamos continuar a manter o nosso olhar dirigido, sobretudo, aos mais pobres, fortalecendo aquilo que j\u00e1 \u00e9 feito em nossas comunidades em favor da vida, fortalecendo as nossas a\u00e7\u00f5es no exerc\u00edcio da caridade, do amor, da busca da justi\u00e7a, do bem comum &#8211; algo imprescind\u00edvel para a constru\u00e7\u00e3o da paz, que tanto desejamos e almejamos. Neste contexto, gosto de repetir algo que creio que ser fundamental para n\u00f3s: se quisermos renovar nossas comunidades, se quisermos, de forma aut\u00eantica, cooperar para transformar nossa sociedade, \u00e9 necess\u00e1rio faz\u00ea-lo com o Evangelho na m\u00e3o, em atitude de ora\u00e7\u00e3o. Este \u00e9 o caminho! Talvez aqui esteja um aspecto destes desafios que fazem parte do momento atual que vivemos.<\/p>\n<p><strong>Site Franciscanos &#8211;\u00a0 Ainda, durante a Assembleia, surgiram cr\u00edticas de setores que estariam alinhados com o ultraconservadorismo da Igreja Cat\u00f3lica. De que maneira a CNBB pretende lidar com estas fortes cr\u00edticas, que com frequ\u00eancia at\u00e9 assumem um tom desrespeitoso?<\/strong><\/p>\n<p><strong>Dom Jaime Spengler &#8211;<\/strong> Creio que para superar estas tens\u00f5es, precisamos criar espa\u00e7os de di\u00e1logo. \u00c9 atrav\u00e9s do di\u00e1logo sereno, transparente, que podemos contribuir para superar tens\u00f5es que n\u00e3o nos ajudam a cumprir a miss\u00e3o pr\u00f3pria da Igreja. Diria que estas tens\u00f5es s\u00e3o sinais de uma realidade que vivemos na sociedade. Quando sentimos nossas seguran\u00e7as amea\u00e7adas, podemos nos tornar violentos. Defendemo-nos e tamb\u00e9m atacamos. \u00c9 bom sempre ter presente que \u00e9 imposs\u00edvel nos defender do futuro. Ele chega! E o futuro que Jesus nos promete \u00e9 algo extraordin\u00e1rio. Ele promete o Reino de Deus, que tem como base a paz, a justi\u00e7a, a fraternidade universal: isto \u00e9 o que nos anima. E exige de n\u00f3s aquilo que o Papa tem acentuado frequentemente: ousadia e coragem. A ousadia \u00e9 pr\u00f3pria de quem traz no cora\u00e7\u00e3o uma grande paix\u00e3o, um amor profundo. A coragem \u00e9 fruto de uma verdadeira experi\u00eancia de f\u00e9. Creio que com ousadia e coragem, certamente podemos superar estas cr\u00edticas que surgem, seja de um ou de outro setor. Temos um tesouro inestim\u00e1vel, que pode nos ajudar nesta tarefa: o Evangelho. Em primeiro lugar: jamais podemos perder de vista o Evangelho. Em segundo lugar, a bela e rica tradi\u00e7\u00e3o da Igreja. \u00c9 um tesouro do qual podemos sempre trazer elementos que nos ajudam a iluminar o momento atual em vista de um futuro melhor. Por fim, a Doutrina Social da Igreja, que por vezes \u00e9 pouco conhecida. A f\u00e9 me leva a engajar-me de uma forma ainda mais intensa na vida da sociedade, na vida pol\u00edtica tamb\u00e9m, por que n\u00e3o? Somos essencialmente seres pol\u00edticos. Por isso, digo que n\u00e3o precisamos ter medo das cr\u00edticas. Elas podem ser aux\u00edlio vigoroso para retomarmos, ainda com mais vigor, aquilo que, para n\u00f3s, \u00e9 o essencial: a vida que nos trouxe Jesus e vida, que Ele diz, marcada pela abund\u00e2ncia.<\/p>\n","protected":false},"excerpt":{"rendered":"<p>Entrevista a Dom Jaime Spengler<\/p>\n","protected":false},"author":1,"featured_media":204917,"comment_status":"open","ping_status":"open","sticky":false,"template":"","format":"standard","meta":[],"categories":[758],"tags":[449],"acf":[],"yoast_head":"<!-- This site is optimized with the Yoast SEO plugin v19.2 - https:\/\/yoast.com\/wordpress\/plugins\/seo\/ -->\n<title>Dom Jaime: \u201cN\u00e3o precisamos ter medo das cr\u00edticas\u201d - Not\u00edcias - Franciscanos<\/title>\n<meta name=\"robots\" content=\"index, follow, max-snippet:-1, max-image-preview:large, max-video-preview:-1\" \/>\n<link rel=\"canonical\" href=\"https:\/\/franciscanos.org.br\/noticias\/dom-jaime-nao-precisamos-ter-medo-das-criticas.html\" \/>\n<meta property=\"og:locale\" content=\"pt_BR\" \/>\n<meta property=\"og:type\" content=\"article\" \/>\n<meta property=\"og:title\" content=\"Dom Jaime: \u201cN\u00e3o precisamos ter medo das cr\u00edticas\u201d - Not\u00edcias - Franciscanos\" \/>\n<meta property=\"og:description\" content=\"Entrevista a Dom Jaime Spengler\" \/>\n<meta property=\"og:url\" content=\"https:\/\/franciscanos.org.br\/noticias\/dom-jaime-nao-precisamos-ter-medo-das-criticas.html\" \/>\n<meta property=\"og:site_name\" content=\"Not\u00edcias - Franciscanos\" \/>\n<meta property=\"article:published_time\" content=\"2019-05-23T11:01:07+00:00\" \/>\n<meta property=\"article:modified_time\" content=\"2020-05-18T12:16:06+00:00\" \/>\n<meta property=\"og:image\" content=\"https:\/\/franciscanos.org.br\/noticias\/wp-content\/uploads\/2019\/05\/dom_jaime_220519P.jpg\" \/>\n\t<meta property=\"og:image:width\" content=\"273\" \/>\n\t<meta property=\"og:image:height\" content=\"181\" \/>\n\t<meta property=\"og:image:type\" content=\"image\/jpeg\" \/>\n<meta name=\"author\" content=\"admin\" \/>\n<meta name=\"twitter:card\" content=\"summary_large_image\" \/>\n<meta name=\"twitter:label1\" content=\"Escrito por\" \/>\n\t<meta name=\"twitter:data1\" content=\"admin\" \/>\n\t<meta name=\"twitter:label2\" content=\"Est. tempo de leitura\" \/>\n\t<meta name=\"twitter:data2\" content=\"7 minutos\" \/>\n<script type=\"application\/ld+json\" class=\"yoast-schema-graph\">{\"@context\":\"https:\/\/schema.org\",\"@graph\":[{\"@type\":\"WebSite\",\"@id\":\"https:\/\/franciscanos.org.br\/noticias\/#website\",\"url\":\"https:\/\/franciscanos.org.br\/noticias\/\",\"name\":\"Not\u00edcias - Franciscanos\",\"description\":\"Prov\u00edncia Franciscana da Imaculada Concei\u00e7\u00e3o do Brasil - Ordem dos Frades Menores - OFM\",\"potentialAction\":[{\"@type\":\"SearchAction\",\"target\":{\"@type\":\"EntryPoint\",\"urlTemplate\":\"https:\/\/franciscanos.org.br\/noticias\/?s={search_term_string}\"},\"query-input\":\"required name=search_term_string\"}],\"inLanguage\":\"pt-BR\"},{\"@type\":\"ImageObject\",\"inLanguage\":\"pt-BR\",\"@id\":\"https:\/\/franciscanos.org.br\/noticias\/dom-jaime-nao-precisamos-ter-medo-das-criticas.html#primaryimage\",\"url\":\"https:\/\/franciscanos.org.br\/noticias\/wp-content\/uploads\/2019\/05\/dom_jaime_220519P.jpg\",\"contentUrl\":\"https:\/\/franciscanos.org.br\/noticias\/wp-content\/uploads\/2019\/05\/dom_jaime_220519P.jpg\",\"width\":273,\"height\":181},{\"@type\":\"WebPage\",\"@id\":\"https:\/\/franciscanos.org.br\/noticias\/dom-jaime-nao-precisamos-ter-medo-das-criticas.html#webpage\",\"url\":\"https:\/\/franciscanos.org.br\/noticias\/dom-jaime-nao-precisamos-ter-medo-das-criticas.html\",\"name\":\"Dom Jaime: \u201cN\u00e3o precisamos ter medo das cr\u00edticas\u201d - Not\u00edcias - Franciscanos\",\"isPartOf\":{\"@id\":\"https:\/\/franciscanos.org.br\/noticias\/#website\"},\"primaryImageOfPage\":{\"@id\":\"https:\/\/franciscanos.org.br\/noticias\/dom-jaime-nao-precisamos-ter-medo-das-criticas.html#primaryimage\"},\"datePublished\":\"2019-05-23T11:01:07+00:00\",\"dateModified\":\"2020-05-18T12:16:06+00:00\",\"author\":{\"@id\":\"https:\/\/franciscanos.org.br\/noticias\/#\/schema\/person\/b38fbf43118f02820bd932f2e4b14ad3\"},\"breadcrumb\":{\"@id\":\"https:\/\/franciscanos.org.br\/noticias\/dom-jaime-nao-precisamos-ter-medo-das-criticas.html#breadcrumb\"},\"inLanguage\":\"pt-BR\",\"potentialAction\":[{\"@type\":\"ReadAction\",\"target\":[\"https:\/\/franciscanos.org.br\/noticias\/dom-jaime-nao-precisamos-ter-medo-das-criticas.html\"]}]},{\"@type\":\"BreadcrumbList\",\"@id\":\"https:\/\/franciscanos.org.br\/noticias\/dom-jaime-nao-precisamos-ter-medo-das-criticas.html#breadcrumb\",\"itemListElement\":[{\"@type\":\"ListItem\",\"position\":1,\"name\":\"Home\",\"item\":\"https:\/\/franciscanos.org.br\/noticias\"},{\"@type\":\"ListItem\",\"position\":2,\"name\":\"Dom Jaime: \u201cN\u00e3o precisamos ter medo das cr\u00edticas\u201d\"}]},{\"@type\":\"Person\",\"@id\":\"https:\/\/franciscanos.org.br\/noticias\/#\/schema\/person\/b38fbf43118f02820bd932f2e4b14ad3\",\"name\":\"admin\",\"image\":{\"@type\":\"ImageObject\",\"inLanguage\":\"pt-BR\",\"@id\":\"https:\/\/franciscanos.org.br\/noticias\/#\/schema\/person\/image\/\",\"url\":\"https:\/\/secure.gravatar.com\/avatar\/e8495742d34d0ba6448ea1c628263b3e?s=96&d=mm&r=g\",\"contentUrl\":\"https:\/\/secure.gravatar.com\/avatar\/e8495742d34d0ba6448ea1c628263b3e?s=96&d=mm&r=g\",\"caption\":\"admin\"},\"url\":\"https:\/\/franciscanos.org.br\/noticias\/author\/admin\"}]}<\/script>\n<!-- \/ Yoast SEO plugin. -->","yoast_head_json":{"title":"Dom Jaime: \u201cN\u00e3o precisamos ter medo das cr\u00edticas\u201d - Not\u00edcias - Franciscanos","robots":{"index":"index","follow":"follow","max-snippet":"max-snippet:-1","max-image-preview":"max-image-preview:large","max-video-preview":"max-video-preview:-1"},"canonical":"https:\/\/franciscanos.org.br\/noticias\/dom-jaime-nao-precisamos-ter-medo-das-criticas.html","og_locale":"pt_BR","og_type":"article","og_title":"Dom Jaime: \u201cN\u00e3o precisamos ter medo das cr\u00edticas\u201d - Not\u00edcias - Franciscanos","og_description":"Entrevista a Dom Jaime Spengler","og_url":"https:\/\/franciscanos.org.br\/noticias\/dom-jaime-nao-precisamos-ter-medo-das-criticas.html","og_site_name":"Not\u00edcias - Franciscanos","article_published_time":"2019-05-23T11:01:07+00:00","article_modified_time":"2020-05-18T12:16:06+00:00","og_image":[{"width":273,"height":181,"url":"https:\/\/franciscanos.org.br\/noticias\/wp-content\/uploads\/2019\/05\/dom_jaime_220519P.jpg","type":"image\/jpeg"}],"author":"admin","twitter_card":"summary_large_image","twitter_misc":{"Escrito por":"admin","Est. tempo de leitura":"7 minutos"},"schema":{"@context":"https:\/\/schema.org","@graph":[{"@type":"WebSite","@id":"https:\/\/franciscanos.org.br\/noticias\/#website","url":"https:\/\/franciscanos.org.br\/noticias\/","name":"Not\u00edcias - Franciscanos","description":"Prov\u00edncia Franciscana da Imaculada Concei\u00e7\u00e3o do Brasil - Ordem dos Frades Menores - OFM","potentialAction":[{"@type":"SearchAction","target":{"@type":"EntryPoint","urlTemplate":"https:\/\/franciscanos.org.br\/noticias\/?s={search_term_string}"},"query-input":"required name=search_term_string"}],"inLanguage":"pt-BR"},{"@type":"ImageObject","inLanguage":"pt-BR","@id":"https:\/\/franciscanos.org.br\/noticias\/dom-jaime-nao-precisamos-ter-medo-das-criticas.html#primaryimage","url":"https:\/\/franciscanos.org.br\/noticias\/wp-content\/uploads\/2019\/05\/dom_jaime_220519P.jpg","contentUrl":"https:\/\/franciscanos.org.br\/noticias\/wp-content\/uploads\/2019\/05\/dom_jaime_220519P.jpg","width":273,"height":181},{"@type":"WebPage","@id":"https:\/\/franciscanos.org.br\/noticias\/dom-jaime-nao-precisamos-ter-medo-das-criticas.html#webpage","url":"https:\/\/franciscanos.org.br\/noticias\/dom-jaime-nao-precisamos-ter-medo-das-criticas.html","name":"Dom Jaime: \u201cN\u00e3o precisamos ter medo das cr\u00edticas\u201d - Not\u00edcias - Franciscanos","isPartOf":{"@id":"https:\/\/franciscanos.org.br\/noticias\/#website"},"primaryImageOfPage":{"@id":"https:\/\/franciscanos.org.br\/noticias\/dom-jaime-nao-precisamos-ter-medo-das-criticas.html#primaryimage"},"datePublished":"2019-05-23T11:01:07+00:00","dateModified":"2020-05-18T12:16:06+00:00","author":{"@id":"https:\/\/franciscanos.org.br\/noticias\/#\/schema\/person\/b38fbf43118f02820bd932f2e4b14ad3"},"breadcrumb":{"@id":"https:\/\/franciscanos.org.br\/noticias\/dom-jaime-nao-precisamos-ter-medo-das-criticas.html#breadcrumb"},"inLanguage":"pt-BR","potentialAction":[{"@type":"ReadAction","target":["https:\/\/franciscanos.org.br\/noticias\/dom-jaime-nao-precisamos-ter-medo-das-criticas.html"]}]},{"@type":"BreadcrumbList","@id":"https:\/\/franciscanos.org.br\/noticias\/dom-jaime-nao-precisamos-ter-medo-das-criticas.html#breadcrumb","itemListElement":[{"@type":"ListItem","position":1,"name":"Home","item":"https:\/\/franciscanos.org.br\/noticias"},{"@type":"ListItem","position":2,"name":"Dom Jaime: \u201cN\u00e3o precisamos ter medo das cr\u00edticas\u201d"}]},{"@type":"Person","@id":"https:\/\/franciscanos.org.br\/noticias\/#\/schema\/person\/b38fbf43118f02820bd932f2e4b14ad3","name":"admin","image":{"@type":"ImageObject","inLanguage":"pt-BR","@id":"https:\/\/franciscanos.org.br\/noticias\/#\/schema\/person\/image\/","url":"https:\/\/secure.gravatar.com\/avatar\/e8495742d34d0ba6448ea1c628263b3e?s=96&d=mm&r=g","contentUrl":"https:\/\/secure.gravatar.com\/avatar\/e8495742d34d0ba6448ea1c628263b3e?s=96&d=mm&r=g","caption":"admin"},"url":"https:\/\/franciscanos.org.br\/noticias\/author\/admin"}]}},"_links":{"self":[{"href":"https:\/\/franciscanos.org.br\/noticias\/wp-json\/wp\/v2\/posts\/204915"}],"collection":[{"href":"https:\/\/franciscanos.org.br\/noticias\/wp-json\/wp\/v2\/posts"}],"about":[{"href":"https:\/\/franciscanos.org.br\/noticias\/wp-json\/wp\/v2\/types\/post"}],"author":[{"embeddable":true,"href":"https:\/\/franciscanos.org.br\/noticias\/wp-json\/wp\/v2\/users\/1"}],"replies":[{"embeddable":true,"href":"https:\/\/franciscanos.org.br\/noticias\/wp-json\/wp\/v2\/comments?post=204915"}],"version-history":[{"count":1,"href":"https:\/\/franciscanos.org.br\/noticias\/wp-json\/wp\/v2\/posts\/204915\/revisions"}],"predecessor-version":[{"id":223927,"href":"https:\/\/franciscanos.org.br\/noticias\/wp-json\/wp\/v2\/posts\/204915\/revisions\/223927"}],"wp:featuredmedia":[{"embeddable":true,"href":"https:\/\/franciscanos.org.br\/noticias\/wp-json\/wp\/v2\/media\/204917"}],"wp:attachment":[{"href":"https:\/\/franciscanos.org.br\/noticias\/wp-json\/wp\/v2\/media?parent=204915"}],"wp:term":[{"taxonomy":"category","embeddable":true,"href":"https:\/\/franciscanos.org.br\/noticias\/wp-json\/wp\/v2\/categories?post=204915"},{"taxonomy":"post_tag","embeddable":true,"href":"https:\/\/franciscanos.org.br\/noticias\/wp-json\/wp\/v2\/tags?post=204915"}],"curies":[{"name":"wp","href":"https:\/\/api.w.org\/{rel}","templated":true}]}}