{"id":204853,"date":"2019-05-20T06:52:30","date_gmt":"2019-05-20T09:52:30","guid":{"rendered":"https:\/\/franciscanos.org.br\/noticias\/?p=204853"},"modified":"2021-07-05T20:09:02","modified_gmt":"2021-07-05T23:09:02","slug":"coral-dos-canarinhos-apresenta-o-concerto-espiritual-em-honra-a-maria","status":"publish","type":"post","link":"https:\/\/franciscanos.org.br\/noticias\/coral-dos-canarinhos-apresenta-o-concerto-espiritual-em-honra-a-maria.html","title":{"rendered":"Coral dos Canarinhos apresenta o Concerto Espiritual em Honra a Maria"},"content":{"rendered":"<p><img loading=\"lazy\" class=\"alignnone size-full wp-image-204854\" src=\"https:\/\/franciscanos.org.br\/noticias\/wp-content\/uploads\/2019\/05\/canarinhos_200519.jpg\" alt=\"\" width=\"890\" height=\"450\" srcset=\"https:\/\/franciscanos.org.br\/noticias\/wp-content\/uploads\/2019\/05\/canarinhos_200519.jpg 890w, https:\/\/franciscanos.org.br\/noticias\/wp-content\/uploads\/2019\/05\/canarinhos_200519-450x228.jpg 450w, https:\/\/franciscanos.org.br\/noticias\/wp-content\/uploads\/2019\/05\/canarinhos_200519-768x388.jpg 768w, https:\/\/franciscanos.org.br\/noticias\/wp-content\/uploads\/2019\/05\/canarinhos_200519-150x76.jpg 150w\" sizes=\"(max-width: 890px) 100vw, 890px\" \/><\/p>\n<p><strong>Petr\u00f3polis (RJ) &#8211;<\/strong> O terceiro concerto dos Canarinhos de Petr\u00f3polis da temporada 2019 j\u00e1 est\u00e1 com ingressos \u00e0 venda. O &#8220;Concerto Espiritual em Honra a Maria&#8221; ter\u00e1 reg\u00eancia do maestro Marco Aur\u00e9lio Lischt. A apresenta\u00e7\u00e3o ser\u00e1, no pr\u00f3ximo dia 25, \u00e0s 19h30, na Igreja do Sagrado Cora\u00e7\u00e3o de Jesus. Os ingressos antecipados custam R$20 e est\u00e3o \u00e0 venda na portaria do Convento do Sagrado e na secretaria do IMCP.<\/p>\n<p>\u201cNeste m\u00eas dedicado a Maria, preparamos um concerto com belas obras dedicadas a nossa m\u00e3e, Virgem Sant\u00edssima! Como nos outros concertos deste ano, esperamos que o p\u00fablico possa vir nos prestigiar e sair do evento com o cora\u00e7\u00e3o e alma preenchidos pelo amor de N. Sra.\u201d, declarou o maestro.<\/p>\n<p><img loading=\"lazy\" class=\"alignleft wp-image-204856 \" src=\"https:\/\/franciscanos.org.br\/noticias\/wp-content\/uploads\/2019\/05\/maria-01-1-318x450.jpg\" alt=\"\" width=\"281\" height=\"398\" srcset=\"https:\/\/franciscanos.org.br\/noticias\/wp-content\/uploads\/2019\/05\/maria-01-1-318x450.jpg 318w, https:\/\/franciscanos.org.br\/noticias\/wp-content\/uploads\/2019\/05\/maria-01-1-768x1085.jpg 768w, https:\/\/franciscanos.org.br\/noticias\/wp-content\/uploads\/2019\/05\/maria-01-1-725x1024.jpg 725w, https:\/\/franciscanos.org.br\/noticias\/wp-content\/uploads\/2019\/05\/maria-01-1-150x212.jpg 150w, https:\/\/franciscanos.org.br\/noticias\/wp-content\/uploads\/2019\/05\/maria-01-1-1200x1696.jpg 1200w, https:\/\/franciscanos.org.br\/noticias\/wp-content\/uploads\/2019\/05\/maria-01-1.jpg 1241w\" sizes=\"(max-width: 281px) 100vw, 281px\" \/>Com composi\u00e7\u00f5es da Idade M\u00e9dia \u00e0 atualidade, o concerto ser\u00e1 dividido em tr\u00eas partes. A abertura da apresenta\u00e7\u00e3o ter\u00e1 \u201cAve Maria\u201d em canto gregoriano. Em seguida, uma composi\u00e7\u00e3o de Tomas Luis de Vittoria ser\u00e1 apresentada. A primeira parte termina com tr\u00eas m\u00fasicas de G.B Pergolesi: \u201cStabat Mater\u201d, \u201cQuis est homo qui non fleret\u201d (duo) e \u201cInflammatus et accensus\u201d (duo).<\/p>\n<p>No repert\u00f3rio da segunda parte teremos \u201cRegina Coeli\u201d, de Gregor Aichinger; \u201cBeata es Virgo Maria\u201d, de Hans Leo Hassler; \u201cVidi Speciosam\u201d, de Felice Anerio; e \u201cAssumpt est Maria\u201d, de Heinrich Isaac.<\/p>\n<p>Na terceira parte, teremos \u201cAve Maria\u201d, de Heitor Villa-Lobos; \u201cA Hymn to the Virgin\u201d, de Benjamin Britten; e \u201cMagnificat\u201d, de Hendrik Andriessen. O encerrramento ser\u00e1 feito com \u201cThe Lord bless you and keep you\u201d, de John Rutter.<\/p>\n<p>Toda renda adquirida com o concerto ser\u00e1 revertida para o restauro do \u00d3rg\u00e3o de Tubos da Igreja e para manuten\u00e7\u00e3o do trabalho realizados pelo Instituto dos Meninos Cantores de Petr\u00f3polis.<\/p>\n<p>Mais informa\u00e7\u00f5es sobre as atividades do Instituto dos Meninos Cantores de Petr\u00f3polis podem ser consultadas pelo telefone (24) 2104-4141, pelo Facebook <a href=\"http:\/\/fb.com\/canarinhosdepetropoli\">http:\/\/fb.com\/canarinhosdepetropoli<\/a>s ou pelo site <a href=\"http:\/\/www.canarinhos.com.br\">www.canarinhos.com.br<\/a>.<\/p>\n<p><strong>Daniela Moreira, assessora de imprensa do Instituto dos Meninos Cantores de Petr\u00f3polis<\/strong><\/p>\n","protected":false},"excerpt":{"rendered":"<p>Coral dos Canarinhos de Petr\u00f3polis<\/p>\n","protected":false},"author":3,"featured_media":204855,"comment_status":"open","ping_status":"open","sticky":false,"template":"","format":"standard","meta":[],"categories":[1],"tags":[1378],"acf":[],"yoast_head":"<!-- This site is optimized with the Yoast SEO plugin v19.2 - https:\/\/yoast.com\/wordpress\/plugins\/seo\/ -->\n<title>Coral dos Canarinhos apresenta o Concerto Espiritual em Honra a Maria - Not\u00edcias - Franciscanos<\/title>\n<meta name=\"robots\" content=\"index, follow, max-snippet:-1, max-image-preview:large, max-video-preview:-1\" \/>\n<link rel=\"canonical\" href=\"https:\/\/franciscanos.org.br\/noticias\/coral-dos-canarinhos-apresenta-o-concerto-espiritual-em-honra-a-maria.html\" \/>\n<meta property=\"og:locale\" content=\"pt_BR\" \/>\n<meta property=\"og:type\" content=\"article\" \/>\n<meta property=\"og:title\" content=\"Coral dos Canarinhos apresenta o Concerto Espiritual em Honra a Maria - Not\u00edcias - Franciscanos\" \/>\n<meta property=\"og:description\" content=\"Coral dos Canarinhos de Petr\u00f3polis\" \/>\n<meta property=\"og:url\" content=\"https:\/\/franciscanos.org.br\/noticias\/coral-dos-canarinhos-apresenta-o-concerto-espiritual-em-honra-a-maria.html\" \/>\n<meta property=\"og:site_name\" content=\"Not\u00edcias - Franciscanos\" \/>\n<meta property=\"article:published_time\" content=\"2019-05-20T09:52:30+00:00\" \/>\n<meta property=\"article:modified_time\" content=\"2021-07-05T23:09:02+00:00\" \/>\n<meta property=\"og:image\" content=\"https:\/\/franciscanos.org.br\/noticias\/wp-content\/uploads\/2019\/05\/canarinhos_200519_1.jpg\" \/>\n\t<meta property=\"og:image:width\" content=\"273\" \/>\n\t<meta property=\"og:image:height\" content=\"181\" \/>\n\t<meta property=\"og:image:type\" content=\"image\/jpeg\" \/>\n<meta name=\"author\" content=\"moacir\" \/>\n<meta name=\"twitter:card\" content=\"summary_large_image\" \/>\n<meta name=\"twitter:label1\" content=\"Escrito por\" \/>\n\t<meta name=\"twitter:data1\" content=\"moacir\" \/>\n\t<meta name=\"twitter:label2\" content=\"Est. tempo de leitura\" \/>\n\t<meta name=\"twitter:data2\" content=\"2 minutos\" \/>\n<script type=\"application\/ld+json\" class=\"yoast-schema-graph\">{\"@context\":\"https:\/\/schema.org\",\"@graph\":[{\"@type\":\"WebSite\",\"@id\":\"https:\/\/franciscanos.org.br\/noticias\/#website\",\"url\":\"https:\/\/franciscanos.org.br\/noticias\/\",\"name\":\"Not\u00edcias - Franciscanos\",\"description\":\"Prov\u00edncia Franciscana da Imaculada Concei\u00e7\u00e3o do Brasil - Ordem dos Frades Menores - OFM\",\"potentialAction\":[{\"@type\":\"SearchAction\",\"target\":{\"@type\":\"EntryPoint\",\"urlTemplate\":\"https:\/\/franciscanos.org.br\/noticias\/?s={search_term_string}\"},\"query-input\":\"required name=search_term_string\"}],\"inLanguage\":\"pt-BR\"},{\"@type\":\"ImageObject\",\"inLanguage\":\"pt-BR\",\"@id\":\"https:\/\/franciscanos.org.br\/noticias\/coral-dos-canarinhos-apresenta-o-concerto-espiritual-em-honra-a-maria.html#primaryimage\",\"url\":\"https:\/\/franciscanos.org.br\/noticias\/wp-content\/uploads\/2019\/05\/canarinhos_200519_1.jpg\",\"contentUrl\":\"https:\/\/franciscanos.org.br\/noticias\/wp-content\/uploads\/2019\/05\/canarinhos_200519_1.jpg\",\"width\":273,\"height\":181},{\"@type\":\"WebPage\",\"@id\":\"https:\/\/franciscanos.org.br\/noticias\/coral-dos-canarinhos-apresenta-o-concerto-espiritual-em-honra-a-maria.html#webpage\",\"url\":\"https:\/\/franciscanos.org.br\/noticias\/coral-dos-canarinhos-apresenta-o-concerto-espiritual-em-honra-a-maria.html\",\"name\":\"Coral dos Canarinhos apresenta o Concerto Espiritual em Honra a Maria - Not\u00edcias - Franciscanos\",\"isPartOf\":{\"@id\":\"https:\/\/franciscanos.org.br\/noticias\/#website\"},\"primaryImageOfPage\":{\"@id\":\"https:\/\/franciscanos.org.br\/noticias\/coral-dos-canarinhos-apresenta-o-concerto-espiritual-em-honra-a-maria.html#primaryimage\"},\"datePublished\":\"2019-05-20T09:52:30+00:00\",\"dateModified\":\"2021-07-05T23:09:02+00:00\",\"author\":{\"@id\":\"https:\/\/franciscanos.org.br\/noticias\/#\/schema\/person\/b5c8cba458c330ccff548b056e95a5d4\"},\"breadcrumb\":{\"@id\":\"https:\/\/franciscanos.org.br\/noticias\/coral-dos-canarinhos-apresenta-o-concerto-espiritual-em-honra-a-maria.html#breadcrumb\"},\"inLanguage\":\"pt-BR\",\"potentialAction\":[{\"@type\":\"ReadAction\",\"target\":[\"https:\/\/franciscanos.org.br\/noticias\/coral-dos-canarinhos-apresenta-o-concerto-espiritual-em-honra-a-maria.html\"]}]},{\"@type\":\"BreadcrumbList\",\"@id\":\"https:\/\/franciscanos.org.br\/noticias\/coral-dos-canarinhos-apresenta-o-concerto-espiritual-em-honra-a-maria.html#breadcrumb\",\"itemListElement\":[{\"@type\":\"ListItem\",\"position\":1,\"name\":\"Home\",\"item\":\"https:\/\/franciscanos.org.br\/noticias\"},{\"@type\":\"ListItem\",\"position\":2,\"name\":\"Coral dos Canarinhos apresenta o Concerto Espiritual em Honra a Maria\"}]},{\"@type\":\"Person\",\"@id\":\"https:\/\/franciscanos.org.br\/noticias\/#\/schema\/person\/b5c8cba458c330ccff548b056e95a5d4\",\"name\":\"moacir\",\"image\":{\"@type\":\"ImageObject\",\"inLanguage\":\"pt-BR\",\"@id\":\"https:\/\/franciscanos.org.br\/noticias\/#\/schema\/person\/image\/\",\"url\":\"https:\/\/secure.gravatar.com\/avatar\/d08aa2ce4c8dd416d4479aa8536fcf64?s=96&d=mm&r=g\",\"contentUrl\":\"https:\/\/secure.gravatar.com\/avatar\/d08aa2ce4c8dd416d4479aa8536fcf64?s=96&d=mm&r=g\",\"caption\":\"moacir\"},\"url\":\"https:\/\/franciscanos.org.br\/noticias\/author\/moacir\"}]}<\/script>\n<!-- \/ Yoast SEO plugin. -->","yoast_head_json":{"title":"Coral dos Canarinhos apresenta o Concerto Espiritual em Honra a Maria - Not\u00edcias - Franciscanos","robots":{"index":"index","follow":"follow","max-snippet":"max-snippet:-1","max-image-preview":"max-image-preview:large","max-video-preview":"max-video-preview:-1"},"canonical":"https:\/\/franciscanos.org.br\/noticias\/coral-dos-canarinhos-apresenta-o-concerto-espiritual-em-honra-a-maria.html","og_locale":"pt_BR","og_type":"article","og_title":"Coral dos Canarinhos apresenta o Concerto Espiritual em Honra a Maria - Not\u00edcias - Franciscanos","og_description":"Coral dos Canarinhos de Petr\u00f3polis","og_url":"https:\/\/franciscanos.org.br\/noticias\/coral-dos-canarinhos-apresenta-o-concerto-espiritual-em-honra-a-maria.html","og_site_name":"Not\u00edcias - Franciscanos","article_published_time":"2019-05-20T09:52:30+00:00","article_modified_time":"2021-07-05T23:09:02+00:00","og_image":[{"width":273,"height":181,"url":"https:\/\/franciscanos.org.br\/noticias\/wp-content\/uploads\/2019\/05\/canarinhos_200519_1.jpg","type":"image\/jpeg"}],"author":"moacir","twitter_card":"summary_large_image","twitter_misc":{"Escrito por":"moacir","Est. tempo de leitura":"2 minutos"},"schema":{"@context":"https:\/\/schema.org","@graph":[{"@type":"WebSite","@id":"https:\/\/franciscanos.org.br\/noticias\/#website","url":"https:\/\/franciscanos.org.br\/noticias\/","name":"Not\u00edcias - Franciscanos","description":"Prov\u00edncia Franciscana da Imaculada Concei\u00e7\u00e3o do Brasil - Ordem dos Frades Menores - OFM","potentialAction":[{"@type":"SearchAction","target":{"@type":"EntryPoint","urlTemplate":"https:\/\/franciscanos.org.br\/noticias\/?s={search_term_string}"},"query-input":"required name=search_term_string"}],"inLanguage":"pt-BR"},{"@type":"ImageObject","inLanguage":"pt-BR","@id":"https:\/\/franciscanos.org.br\/noticias\/coral-dos-canarinhos-apresenta-o-concerto-espiritual-em-honra-a-maria.html#primaryimage","url":"https:\/\/franciscanos.org.br\/noticias\/wp-content\/uploads\/2019\/05\/canarinhos_200519_1.jpg","contentUrl":"https:\/\/franciscanos.org.br\/noticias\/wp-content\/uploads\/2019\/05\/canarinhos_200519_1.jpg","width":273,"height":181},{"@type":"WebPage","@id":"https:\/\/franciscanos.org.br\/noticias\/coral-dos-canarinhos-apresenta-o-concerto-espiritual-em-honra-a-maria.html#webpage","url":"https:\/\/franciscanos.org.br\/noticias\/coral-dos-canarinhos-apresenta-o-concerto-espiritual-em-honra-a-maria.html","name":"Coral dos Canarinhos apresenta o Concerto Espiritual em Honra a Maria - Not\u00edcias - Franciscanos","isPartOf":{"@id":"https:\/\/franciscanos.org.br\/noticias\/#website"},"primaryImageOfPage":{"@id":"https:\/\/franciscanos.org.br\/noticias\/coral-dos-canarinhos-apresenta-o-concerto-espiritual-em-honra-a-maria.html#primaryimage"},"datePublished":"2019-05-20T09:52:30+00:00","dateModified":"2021-07-05T23:09:02+00:00","author":{"@id":"https:\/\/franciscanos.org.br\/noticias\/#\/schema\/person\/b5c8cba458c330ccff548b056e95a5d4"},"breadcrumb":{"@id":"https:\/\/franciscanos.org.br\/noticias\/coral-dos-canarinhos-apresenta-o-concerto-espiritual-em-honra-a-maria.html#breadcrumb"},"inLanguage":"pt-BR","potentialAction":[{"@type":"ReadAction","target":["https:\/\/franciscanos.org.br\/noticias\/coral-dos-canarinhos-apresenta-o-concerto-espiritual-em-honra-a-maria.html"]}]},{"@type":"BreadcrumbList","@id":"https:\/\/franciscanos.org.br\/noticias\/coral-dos-canarinhos-apresenta-o-concerto-espiritual-em-honra-a-maria.html#breadcrumb","itemListElement":[{"@type":"ListItem","position":1,"name":"Home","item":"https:\/\/franciscanos.org.br\/noticias"},{"@type":"ListItem","position":2,"name":"Coral dos Canarinhos apresenta o Concerto Espiritual em Honra a Maria"}]},{"@type":"Person","@id":"https:\/\/franciscanos.org.br\/noticias\/#\/schema\/person\/b5c8cba458c330ccff548b056e95a5d4","name":"moacir","image":{"@type":"ImageObject","inLanguage":"pt-BR","@id":"https:\/\/franciscanos.org.br\/noticias\/#\/schema\/person\/image\/","url":"https:\/\/secure.gravatar.com\/avatar\/d08aa2ce4c8dd416d4479aa8536fcf64?s=96&d=mm&r=g","contentUrl":"https:\/\/secure.gravatar.com\/avatar\/d08aa2ce4c8dd416d4479aa8536fcf64?s=96&d=mm&r=g","caption":"moacir"},"url":"https:\/\/franciscanos.org.br\/noticias\/author\/moacir"}]}},"_links":{"self":[{"href":"https:\/\/franciscanos.org.br\/noticias\/wp-json\/wp\/v2\/posts\/204853"}],"collection":[{"href":"https:\/\/franciscanos.org.br\/noticias\/wp-json\/wp\/v2\/posts"}],"about":[{"href":"https:\/\/franciscanos.org.br\/noticias\/wp-json\/wp\/v2\/types\/post"}],"author":[{"embeddable":true,"href":"https:\/\/franciscanos.org.br\/noticias\/wp-json\/wp\/v2\/users\/3"}],"replies":[{"embeddable":true,"href":"https:\/\/franciscanos.org.br\/noticias\/wp-json\/wp\/v2\/comments?post=204853"}],"version-history":[{"count":1,"href":"https:\/\/franciscanos.org.br\/noticias\/wp-json\/wp\/v2\/posts\/204853\/revisions"}],"predecessor-version":[{"id":232889,"href":"https:\/\/franciscanos.org.br\/noticias\/wp-json\/wp\/v2\/posts\/204853\/revisions\/232889"}],"wp:featuredmedia":[{"embeddable":true,"href":"https:\/\/franciscanos.org.br\/noticias\/wp-json\/wp\/v2\/media\/204855"}],"wp:attachment":[{"href":"https:\/\/franciscanos.org.br\/noticias\/wp-json\/wp\/v2\/media?parent=204853"}],"wp:term":[{"taxonomy":"category","embeddable":true,"href":"https:\/\/franciscanos.org.br\/noticias\/wp-json\/wp\/v2\/categories?post=204853"},{"taxonomy":"post_tag","embeddable":true,"href":"https:\/\/franciscanos.org.br\/noticias\/wp-json\/wp\/v2\/tags?post=204853"}],"curies":[{"name":"wp","href":"https:\/\/api.w.org\/{rel}","templated":true}]}}