{"id":204843,"date":"2019-05-19T13:53:53","date_gmt":"2019-05-19T16:53:53","guid":{"rendered":"https:\/\/franciscanos.org.br\/noticias\/?p=204843"},"modified":"2020-08-05T10:03:02","modified_gmt":"2020-08-05T13:03:02","slug":"papa-como-eu-vos-amei-e-a-novidade-no-mandamento-do-amor","status":"publish","type":"post","link":"https:\/\/franciscanos.org.br\/noticias\/papa-como-eu-vos-amei-e-a-novidade-no-mandamento-do-amor.html","title":{"rendered":"Papa Francisco: \u201cComo eu vos amei\u201d \u00e9 a novidade no mandamento do amor"},"content":{"rendered":"<p><img loading=\"lazy\" class=\"aligncenter wp-image-204844 size-full\" src=\"https:\/\/franciscanos.org.br\/noticias\/wp-content\/uploads\/2019\/05\/reginacolei_190519.jpg\" alt=\"\" width=\"890\" height=\"500\" srcset=\"https:\/\/franciscanos.org.br\/noticias\/wp-content\/uploads\/2019\/05\/reginacolei_190519.jpg 890w, https:\/\/franciscanos.org.br\/noticias\/wp-content\/uploads\/2019\/05\/reginacolei_190519-450x253.jpg 450w, https:\/\/franciscanos.org.br\/noticias\/wp-content\/uploads\/2019\/05\/reginacolei_190519-768x431.jpg 768w, https:\/\/franciscanos.org.br\/noticias\/wp-content\/uploads\/2019\/05\/reginacolei_190519-150x84.jpg 150w\" sizes=\"(max-width: 890px) 100vw, 890px\" \/><\/p>\n<p><strong>Cidade do Vaticano &#8211;<\/strong> &#8220;Como eu vos amei&#8221;: um amor \u201cuniversal, incondicional e sem limites, que encontra seu \u00e1pice na Cruz\u201d. Esta \u00e9 a novidade no mandamento do amor, que Jesus confia aos disc\u00edpulos antes de partir deste mundo. O Evangelho de Jo\u00e3o proposto pela liturgia para este V Domingo de P\u00e1scoa, inspirou a reflex\u00e3o do Papa antes de rezar o Regina Coeli com os milhares de peregrinos de v\u00e1rias partes do mundo presentes na Pra\u00e7a S\u00e3o Pedro, em um domingo (189\/05) chuvoso.<\/p>\n<p>Francisco come\u00e7ou explicando que o Evangelho do dia nos leva at\u00e9 o Cen\u00e1culo, justamente \u201cpara nos fazer escutar algumas das palavras que Jesus dirigiu aos disc\u00edpulos no &#8220;discurso de despedida&#8221;, antes de sua Paix\u00e3o. Depois de ter lavado os p\u00e9s dos Doze, diz a eles: &#8216;Eu vos dou um novo mandamento: amai-vos uns aos outros. Como eu vos amei, assim tamb\u00e9m v\u00f3s deveis amar-vos uns aos outro&#8217;\u201d.<\/p>\n<p><strong>A novidade<\/strong><\/p>\n<p>\u201cEm que sentido Jesus chama esse mandamento de \u2018novo&#8217;?\u201d, pergunta o Papa, recordando que \u201cj\u00e1 no Antigo Testamento Deus havia ordenado aos membros do seu povo para amar o pr\u00f3ximo como a si mesmo\u201d.<\/p>\n<p>E o pr\u00f3prio Jesus &#8211; acrescenta o Santo Padre \u2013 dizia a quem lhe perguntava sobre qual era o maior mandamento da Lei que \u201co primeiro \u00e9 amar a Deus de todo o cora\u00e7\u00e3o e o segundo amar o pr\u00f3ximo como a si mesmo\u201d. Ent\u00e3o, qual \u00e9 a novidade, porque o chama de &#8220;novo mandamento&#8221;?: \u201cO antigo mandamento do amor tornou-se novo, porque foi completado com este acr\u00e9scimo: &#8220;como eu vos amei&#8221;, &#8220;amai-vos como eu vos amei&#8221;. A novidade est\u00e1 toda no amor de Jesus Cristo, aquele com o qual ele deu a vida por n\u00f3s. Trata-se do amor de Deus, universal, incondicional e sem limites, que encontra seu \u00e1pice na Cruz. Naquele momento de extremo rebaixamento, naquele momento de abandono ao Pai, o Filho de Deus mostrou e deu ao mundo a plenitude do amor\u201d.<\/p>\n<p><img loading=\"lazy\" class=\"alignnone size-full wp-image-204847\" src=\"https:\/\/franciscanos.org.br\/noticias\/wp-content\/uploads\/2019\/05\/reginacolei_190519_3.jpg\" alt=\"\" width=\"890\" height=\"500\" srcset=\"https:\/\/franciscanos.org.br\/noticias\/wp-content\/uploads\/2019\/05\/reginacolei_190519_3.jpg 890w, https:\/\/franciscanos.org.br\/noticias\/wp-content\/uploads\/2019\/05\/reginacolei_190519_3-450x253.jpg 450w, https:\/\/franciscanos.org.br\/noticias\/wp-content\/uploads\/2019\/05\/reginacolei_190519_3-768x431.jpg 768w, https:\/\/franciscanos.org.br\/noticias\/wp-content\/uploads\/2019\/05\/reginacolei_190519_3-150x84.jpg 150w\" sizes=\"(max-width: 890px) 100vw, 890px\" \/><\/p>\n<p><strong>Na Paix\u00e3o, o ensinamento do amor total<\/strong><\/p>\n<p>E foi pensando na Paix\u00e3o e na agonia de Cristo, que \u201cos disc\u00edpulos compreenderam o significado daquelas palavras: &#8220;Como eu vos amei, assim tamb\u00e9m v\u00f3s deveis amar-vos uns aos outro.\u201d Jesus nos amou primeiro \u2013 recorda Francisco &#8211; nos amou apesar de nossas fragilidades, nossas limita\u00e7\u00f5es e nossas fraquezas humanas: \u201cFoi Ele quem nos fez dignos de seu amor que n\u00e3o conhece limites e nunca acaba. Ao nos dar o novo mandamento, ele nos pede que nos amemos mutuamente n\u00e3o somente e n\u00e3o tanto com o nosso amor, mas com o seu, que o Esp\u00edrito Santo infunde em nossos cora\u00e7\u00f5es se o invocarmos com f\u00e9. Deste modo &#8211; e somente assim &#8211; podemos nos amar mutuamente n\u00e3o somente como amamos a n\u00f3s mesmos, mas como Ele nos amou, isso \u00e9, imensamente mais\u201d.<\/p>\n<p><strong>Do amor de Cristo na Cruz brota uma for\u00e7a transformadora<\/strong><\/p>\n<p>O amor de Deus por n\u00f3s \u2013 afirmou o Papa \u2013 \u00e9 muito maior do que o amor que n\u00f3s temos por n\u00f3s mesmos. E tendo consci\u00eancia disto, \u201cpodemos espalhar por toda parte a semente do amor que renova as rela\u00e7\u00f5es entre as pessoas e abre horizontes de esperan\u00e7a&#8221;.<\/p>\n<p>\u201cJesus sempre abre horizontes de esperan\u00e7a, o seu amor abre horizontes de esperan\u00e7a\u201d. Um amor, que \u201cnos torna homens novos, irm\u00e3os e irm\u00e3s no Senhor, e faz de n\u00f3s o novo povo de Deus, isto \u00e9, a Igreja, na qual todos s\u00e3o chamados a amar a Cristo e n&#8217;Ele a amar-se mutuamente&#8221;.<\/p>\n<p>\u201cO amor que se manifestou na Cruz de Cristo e que Ele nos chama a viver \u00e9 a \u00fanica for\u00e7a que transforma nosso cora\u00e7\u00e3o de pedra em um cora\u00e7\u00e3o de carne; a \u00fanica for\u00e7a capaz de transformar o nosso cora\u00e7\u00e3o \u00e9 o amor de Jesus, se n\u00f3s tamb\u00e9m amarmos com este amor. E este amor nos torna capazes de amar nossos inimigos e perdoar aqueles que nos ofenderam \u201d.<\/p>\n<p>Sou capaz de perdoar a quem me fez mal? E o Papa faz uma pergunta, para cada um responder em seu cora\u00e7\u00e3o: &#8220;Sou capaz de amar os meus inimigos? Todos temos pessoas, n\u00e3o sei se inimigos, mas que n\u00e3o est\u00e3o de acordo conosco, que est\u00e3o &#8220;do outro lado&#8221;; ou algu\u00e9m tem pessoas que lhe fizeram mal. Eu sou capaz de amar estas pessoas? Aquele homem, aquela mulher que me fizeram mal, que me ofenderam. Sou capaz de perdo\u00e1-los? Cada um responda em seu cora\u00e7\u00e3o&#8221;, ressaltou o Papa.<\/p>\n<p>&#8220;O amor de Jesus &#8211; completou o Papa &#8211; nos faz ver o outro como um atual ou futuro membro da comunidade dos amigos de Jesus; nos estimula ao di\u00e1logo e nos ajuda a escutar-nos e conhecer-nos reciprocamente. O amor nos abre para o outro, tornando-se a base dos relacionamentos humanos. Torna capazes de superar as barreiras das pr\u00f3prias fraquezas e preconceitos.&#8221;<\/p>\n<p>\u201c O amor de Jesus em n\u00f3s cria pontes, ensina novos caminhos, desencadeia o dinamismo da fraternidade.\u201d Que a Virgem Maria nos ajude com sua materna intercess\u00e3o &#8211; foi o pedido do Pont\u00edfice ao concluir &#8211; a receber de seu Filho Jesus o dom do seu mandamento e do Esp\u00edrito Santo a for\u00e7a para pratic\u00e1-lo na vida cotidiana.<\/p>\n<p><strong>Canonesas de la Cruz<\/strong><\/p>\n<p>Ao saudar os peregrinos e os diversos grupos presentes na Pra\u00e7a S\u00e3o Pedro, o Santo Padre dirigiu uma cordial sauda\u00e7\u00e3o aos respons\u00e1veis pela Comunidade de Santo Eg\u00eddio, provenientes de diversos pa\u00edses; aos peregrinos poloneses, em particular os escoteiros, acompanhados pelo Ordin\u00e1rio Militar, vindos no 75\u00ba anivers\u00e1rio da batalha de Montecassino, mas tamb\u00e9m \u00e0s \u201cCanonesas da Cruz, no centen\u00e1rio de sua funda\u00e7\u00e3o\u201d.<\/p>\n<p>A Congrega\u00e7\u00e3o foi fundada em Lima em 1919 por Madre Teresa da Cruz (no s\u00e9culo, Teresa Candamo \u00c1lvarez-Calderon (1875-1953)), com a aprova\u00e7\u00e3o do arcebispo de Lima, Dom Emilio Francisco Lisson Chaves. As \u201cCanonesas de la Cruz\u201d prop\u00f5e ao seu nome a sigla C.d.I.C. Como Instituto Diocesano, foi aprovado em 16 de setembro de 1919. Seu Estatuto, por sua vez, em 1925. O carisma principal \u00e9 a catequeses e a anima\u00e7\u00e3o lit\u00fargica nas par\u00f3quias. As religiosas est\u00e3o presentes na Argentina, Chile, Peru, Venezuela, Alb\u00e2nia, It\u00e1lia. A Casa Geral \u00e9 em Lima.<\/p>\n<p><img loading=\"lazy\" class=\"alignnone size-full wp-image-204845\" src=\"https:\/\/franciscanos.org.br\/noticias\/wp-content\/uploads\/2019\/05\/reginacolei_190519_1.jpg\" alt=\"\" width=\"890\" height=\"500\" srcset=\"https:\/\/franciscanos.org.br\/noticias\/wp-content\/uploads\/2019\/05\/reginacolei_190519_1.jpg 890w, https:\/\/franciscanos.org.br\/noticias\/wp-content\/uploads\/2019\/05\/reginacolei_190519_1-450x253.jpg 450w, https:\/\/franciscanos.org.br\/noticias\/wp-content\/uploads\/2019\/05\/reginacolei_190519_1-768x431.jpg 768w, https:\/\/franciscanos.org.br\/noticias\/wp-content\/uploads\/2019\/05\/reginacolei_190519_1-150x84.jpg 150w\" sizes=\"(max-width: 890px) 100vw, 890px\" \/><\/p>\n","protected":false},"excerpt":{"rendered":"<p>Regila Coeli<\/p>\n","protected":false},"author":3,"featured_media":204846,"comment_status":"open","ping_status":"open","sticky":false,"template":"","format":"standard","meta":[],"categories":[1428],"tags":[55,564],"acf":[],"yoast_head":"<!-- This site is optimized with the Yoast SEO plugin v19.2 - https:\/\/yoast.com\/wordpress\/plugins\/seo\/ -->\n<title>Papa Francisco: \u201cComo eu vos amei\u201d \u00e9 a novidade no mandamento do amor - Not\u00edcias - Franciscanos<\/title>\n<meta name=\"robots\" content=\"index, follow, max-snippet:-1, max-image-preview:large, max-video-preview:-1\" \/>\n<link rel=\"canonical\" href=\"https:\/\/franciscanos.org.br\/noticias\/papa-como-eu-vos-amei-e-a-novidade-no-mandamento-do-amor.html\" \/>\n<meta property=\"og:locale\" content=\"pt_BR\" \/>\n<meta property=\"og:type\" content=\"article\" \/>\n<meta property=\"og:title\" content=\"Papa Francisco: \u201cComo eu vos amei\u201d \u00e9 a novidade no mandamento do amor - Not\u00edcias - Franciscanos\" \/>\n<meta property=\"og:description\" content=\"Regila Coeli\" \/>\n<meta property=\"og:url\" content=\"https:\/\/franciscanos.org.br\/noticias\/papa-como-eu-vos-amei-e-a-novidade-no-mandamento-do-amor.html\" \/>\n<meta property=\"og:site_name\" content=\"Not\u00edcias - Franciscanos\" \/>\n<meta property=\"article:published_time\" content=\"2019-05-19T16:53:53+00:00\" \/>\n<meta property=\"article:modified_time\" content=\"2020-08-05T13:03:02+00:00\" \/>\n<meta property=\"og:image\" content=\"https:\/\/franciscanos.org.br\/noticias\/wp-content\/uploads\/2019\/05\/reginacolei_190519_2.jpg\" \/>\n\t<meta property=\"og:image:width\" content=\"273\" \/>\n\t<meta property=\"og:image:height\" content=\"181\" \/>\n\t<meta property=\"og:image:type\" content=\"image\/jpeg\" \/>\n<meta name=\"author\" content=\"moacir\" \/>\n<meta name=\"twitter:card\" content=\"summary_large_image\" \/>\n<meta name=\"twitter:label1\" content=\"Escrito por\" \/>\n\t<meta name=\"twitter:data1\" content=\"moacir\" \/>\n\t<meta name=\"twitter:label2\" content=\"Est. tempo de leitura\" \/>\n\t<meta name=\"twitter:data2\" content=\"5 minutos\" \/>\n<script type=\"application\/ld+json\" class=\"yoast-schema-graph\">{\"@context\":\"https:\/\/schema.org\",\"@graph\":[{\"@type\":\"WebSite\",\"@id\":\"https:\/\/franciscanos.org.br\/noticias\/#website\",\"url\":\"https:\/\/franciscanos.org.br\/noticias\/\",\"name\":\"Not\u00edcias - Franciscanos\",\"description\":\"Prov\u00edncia Franciscana da Imaculada Concei\u00e7\u00e3o do Brasil - Ordem dos Frades Menores - OFM\",\"potentialAction\":[{\"@type\":\"SearchAction\",\"target\":{\"@type\":\"EntryPoint\",\"urlTemplate\":\"https:\/\/franciscanos.org.br\/noticias\/?s={search_term_string}\"},\"query-input\":\"required name=search_term_string\"}],\"inLanguage\":\"pt-BR\"},{\"@type\":\"ImageObject\",\"inLanguage\":\"pt-BR\",\"@id\":\"https:\/\/franciscanos.org.br\/noticias\/papa-como-eu-vos-amei-e-a-novidade-no-mandamento-do-amor.html#primaryimage\",\"url\":\"https:\/\/franciscanos.org.br\/noticias\/wp-content\/uploads\/2019\/05\/reginacolei_190519_2.jpg\",\"contentUrl\":\"https:\/\/franciscanos.org.br\/noticias\/wp-content\/uploads\/2019\/05\/reginacolei_190519_2.jpg\",\"width\":273,\"height\":181},{\"@type\":\"WebPage\",\"@id\":\"https:\/\/franciscanos.org.br\/noticias\/papa-como-eu-vos-amei-e-a-novidade-no-mandamento-do-amor.html#webpage\",\"url\":\"https:\/\/franciscanos.org.br\/noticias\/papa-como-eu-vos-amei-e-a-novidade-no-mandamento-do-amor.html\",\"name\":\"Papa Francisco: \u201cComo eu vos amei\u201d \u00e9 a novidade no mandamento do amor - Not\u00edcias - Franciscanos\",\"isPartOf\":{\"@id\":\"https:\/\/franciscanos.org.br\/noticias\/#website\"},\"primaryImageOfPage\":{\"@id\":\"https:\/\/franciscanos.org.br\/noticias\/papa-como-eu-vos-amei-e-a-novidade-no-mandamento-do-amor.html#primaryimage\"},\"datePublished\":\"2019-05-19T16:53:53+00:00\",\"dateModified\":\"2020-08-05T13:03:02+00:00\",\"author\":{\"@id\":\"https:\/\/franciscanos.org.br\/noticias\/#\/schema\/person\/b5c8cba458c330ccff548b056e95a5d4\"},\"breadcrumb\":{\"@id\":\"https:\/\/franciscanos.org.br\/noticias\/papa-como-eu-vos-amei-e-a-novidade-no-mandamento-do-amor.html#breadcrumb\"},\"inLanguage\":\"pt-BR\",\"potentialAction\":[{\"@type\":\"ReadAction\",\"target\":[\"https:\/\/franciscanos.org.br\/noticias\/papa-como-eu-vos-amei-e-a-novidade-no-mandamento-do-amor.html\"]}]},{\"@type\":\"BreadcrumbList\",\"@id\":\"https:\/\/franciscanos.org.br\/noticias\/papa-como-eu-vos-amei-e-a-novidade-no-mandamento-do-amor.html#breadcrumb\",\"itemListElement\":[{\"@type\":\"ListItem\",\"position\":1,\"name\":\"Home\",\"item\":\"https:\/\/franciscanos.org.br\/noticias\"},{\"@type\":\"ListItem\",\"position\":2,\"name\":\"Papa Francisco: \u201cComo eu vos amei\u201d \u00e9 a novidade no mandamento do amor\"}]},{\"@type\":\"Person\",\"@id\":\"https:\/\/franciscanos.org.br\/noticias\/#\/schema\/person\/b5c8cba458c330ccff548b056e95a5d4\",\"name\":\"moacir\",\"image\":{\"@type\":\"ImageObject\",\"inLanguage\":\"pt-BR\",\"@id\":\"https:\/\/franciscanos.org.br\/noticias\/#\/schema\/person\/image\/\",\"url\":\"https:\/\/secure.gravatar.com\/avatar\/d08aa2ce4c8dd416d4479aa8536fcf64?s=96&d=mm&r=g\",\"contentUrl\":\"https:\/\/secure.gravatar.com\/avatar\/d08aa2ce4c8dd416d4479aa8536fcf64?s=96&d=mm&r=g\",\"caption\":\"moacir\"},\"url\":\"https:\/\/franciscanos.org.br\/noticias\/author\/moacir\"}]}<\/script>\n<!-- \/ Yoast SEO plugin. -->","yoast_head_json":{"title":"Papa Francisco: \u201cComo eu vos amei\u201d \u00e9 a novidade no mandamento do amor - Not\u00edcias - Franciscanos","robots":{"index":"index","follow":"follow","max-snippet":"max-snippet:-1","max-image-preview":"max-image-preview:large","max-video-preview":"max-video-preview:-1"},"canonical":"https:\/\/franciscanos.org.br\/noticias\/papa-como-eu-vos-amei-e-a-novidade-no-mandamento-do-amor.html","og_locale":"pt_BR","og_type":"article","og_title":"Papa Francisco: \u201cComo eu vos amei\u201d \u00e9 a novidade no mandamento do amor - Not\u00edcias - Franciscanos","og_description":"Regila Coeli","og_url":"https:\/\/franciscanos.org.br\/noticias\/papa-como-eu-vos-amei-e-a-novidade-no-mandamento-do-amor.html","og_site_name":"Not\u00edcias - Franciscanos","article_published_time":"2019-05-19T16:53:53+00:00","article_modified_time":"2020-08-05T13:03:02+00:00","og_image":[{"width":273,"height":181,"url":"https:\/\/franciscanos.org.br\/noticias\/wp-content\/uploads\/2019\/05\/reginacolei_190519_2.jpg","type":"image\/jpeg"}],"author":"moacir","twitter_card":"summary_large_image","twitter_misc":{"Escrito por":"moacir","Est. tempo de leitura":"5 minutos"},"schema":{"@context":"https:\/\/schema.org","@graph":[{"@type":"WebSite","@id":"https:\/\/franciscanos.org.br\/noticias\/#website","url":"https:\/\/franciscanos.org.br\/noticias\/","name":"Not\u00edcias - Franciscanos","description":"Prov\u00edncia Franciscana da Imaculada Concei\u00e7\u00e3o do Brasil - Ordem dos Frades Menores - OFM","potentialAction":[{"@type":"SearchAction","target":{"@type":"EntryPoint","urlTemplate":"https:\/\/franciscanos.org.br\/noticias\/?s={search_term_string}"},"query-input":"required name=search_term_string"}],"inLanguage":"pt-BR"},{"@type":"ImageObject","inLanguage":"pt-BR","@id":"https:\/\/franciscanos.org.br\/noticias\/papa-como-eu-vos-amei-e-a-novidade-no-mandamento-do-amor.html#primaryimage","url":"https:\/\/franciscanos.org.br\/noticias\/wp-content\/uploads\/2019\/05\/reginacolei_190519_2.jpg","contentUrl":"https:\/\/franciscanos.org.br\/noticias\/wp-content\/uploads\/2019\/05\/reginacolei_190519_2.jpg","width":273,"height":181},{"@type":"WebPage","@id":"https:\/\/franciscanos.org.br\/noticias\/papa-como-eu-vos-amei-e-a-novidade-no-mandamento-do-amor.html#webpage","url":"https:\/\/franciscanos.org.br\/noticias\/papa-como-eu-vos-amei-e-a-novidade-no-mandamento-do-amor.html","name":"Papa Francisco: \u201cComo eu vos amei\u201d \u00e9 a novidade no mandamento do amor - Not\u00edcias - Franciscanos","isPartOf":{"@id":"https:\/\/franciscanos.org.br\/noticias\/#website"},"primaryImageOfPage":{"@id":"https:\/\/franciscanos.org.br\/noticias\/papa-como-eu-vos-amei-e-a-novidade-no-mandamento-do-amor.html#primaryimage"},"datePublished":"2019-05-19T16:53:53+00:00","dateModified":"2020-08-05T13:03:02+00:00","author":{"@id":"https:\/\/franciscanos.org.br\/noticias\/#\/schema\/person\/b5c8cba458c330ccff548b056e95a5d4"},"breadcrumb":{"@id":"https:\/\/franciscanos.org.br\/noticias\/papa-como-eu-vos-amei-e-a-novidade-no-mandamento-do-amor.html#breadcrumb"},"inLanguage":"pt-BR","potentialAction":[{"@type":"ReadAction","target":["https:\/\/franciscanos.org.br\/noticias\/papa-como-eu-vos-amei-e-a-novidade-no-mandamento-do-amor.html"]}]},{"@type":"BreadcrumbList","@id":"https:\/\/franciscanos.org.br\/noticias\/papa-como-eu-vos-amei-e-a-novidade-no-mandamento-do-amor.html#breadcrumb","itemListElement":[{"@type":"ListItem","position":1,"name":"Home","item":"https:\/\/franciscanos.org.br\/noticias"},{"@type":"ListItem","position":2,"name":"Papa Francisco: \u201cComo eu vos amei\u201d \u00e9 a novidade no mandamento do amor"}]},{"@type":"Person","@id":"https:\/\/franciscanos.org.br\/noticias\/#\/schema\/person\/b5c8cba458c330ccff548b056e95a5d4","name":"moacir","image":{"@type":"ImageObject","inLanguage":"pt-BR","@id":"https:\/\/franciscanos.org.br\/noticias\/#\/schema\/person\/image\/","url":"https:\/\/secure.gravatar.com\/avatar\/d08aa2ce4c8dd416d4479aa8536fcf64?s=96&d=mm&r=g","contentUrl":"https:\/\/secure.gravatar.com\/avatar\/d08aa2ce4c8dd416d4479aa8536fcf64?s=96&d=mm&r=g","caption":"moacir"},"url":"https:\/\/franciscanos.org.br\/noticias\/author\/moacir"}]}},"_links":{"self":[{"href":"https:\/\/franciscanos.org.br\/noticias\/wp-json\/wp\/v2\/posts\/204843"}],"collection":[{"href":"https:\/\/franciscanos.org.br\/noticias\/wp-json\/wp\/v2\/posts"}],"about":[{"href":"https:\/\/franciscanos.org.br\/noticias\/wp-json\/wp\/v2\/types\/post"}],"author":[{"embeddable":true,"href":"https:\/\/franciscanos.org.br\/noticias\/wp-json\/wp\/v2\/users\/3"}],"replies":[{"embeddable":true,"href":"https:\/\/franciscanos.org.br\/noticias\/wp-json\/wp\/v2\/comments?post=204843"}],"version-history":[{"count":1,"href":"https:\/\/franciscanos.org.br\/noticias\/wp-json\/wp\/v2\/posts\/204843\/revisions"}],"predecessor-version":[{"id":227478,"href":"https:\/\/franciscanos.org.br\/noticias\/wp-json\/wp\/v2\/posts\/204843\/revisions\/227478"}],"wp:featuredmedia":[{"embeddable":true,"href":"https:\/\/franciscanos.org.br\/noticias\/wp-json\/wp\/v2\/media\/204846"}],"wp:attachment":[{"href":"https:\/\/franciscanos.org.br\/noticias\/wp-json\/wp\/v2\/media?parent=204843"}],"wp:term":[{"taxonomy":"category","embeddable":true,"href":"https:\/\/franciscanos.org.br\/noticias\/wp-json\/wp\/v2\/categories?post=204843"},{"taxonomy":"post_tag","embeddable":true,"href":"https:\/\/franciscanos.org.br\/noticias\/wp-json\/wp\/v2\/tags?post=204843"}],"curies":[{"name":"wp","href":"https:\/\/api.w.org\/{rel}","templated":true}]}}